{"id":93626,"date":"2016-09-06T08:41:53","date_gmt":"2016-09-06T06:41:53","guid":{"rendered":"http:\/\/batijournal.com\/?p=93626"},"modified":"2019-07-15T12:22:05","modified_gmt":"2019-07-15T10:22:05","slug":"syndicat-energies-renouvelables-force-de-proposition-autorisation-environnementale-unique","status":"publish","type":"post","link":"https:\/\/batijournal.com\/index.php\/syndicat-energies-renouvelables-force-de-proposition-autorisation-environnementale-unique\/93626\/","title":{"rendered":"Le Syndicat des \u00e9nergies renouvelables force de proposition pour une autorisation environnementale unique"},"content":{"rendered":"<p>Membre du Conseil Sup\u00e9rieur de l\u2019Energie, le Syndicat des \u00e9nergies renouvelables a d\u00e9pos\u00e9 48 amendements sur le projet d\u2019ordonnance et le projet de d\u00e9cret concernant une autorisation environnementale unique. La majorit\u00e9 des amendements du SER ont d\u00e9j\u00e0 \u00e9t\u00e9 adopt\u00e9s par le Conseil Sup\u00e9rieur de l\u2019Energie lors de l\u2019examen du projet d\u2019ordonnance le 30 ao\u00fbt 2016. Ce projet d\u2019ordonnance institue d\u00e9finitivement une autorisation environnementale regroupant jusqu\u2019\u00e0 douze autorisations administratives, destin\u00e9e, notamment pour les \u00e9nergies renouvelables, \u00e0 simplifier et acc\u00e9l\u00e9rer l\u2019instruction des projets et r\u00e9duire le nombre de d\u00e9cisions attaquables. Sur le projet de d\u00e9cret qui sera \u00e9tudi\u00e9 par le Conseil le 13 septembre, le SER d\u00e9fendra les amendements restants dont certains sont fondamentaux pour atteindre l\u2019objectif de simplification recherch\u00e9 par la r\u00e9forme, sur des sujets tels que la tierce-expertise, le droit de r\u00e9clamation apr\u00e8s la mise en service, le d\u00e9lai de caducit\u00e9 de l\u2019autorisation et le d\u00e9lai de recours contentieux.<\/p>\n","protected":false},"excerpt":{"rendered":"<p>Membre du Conseil Sup\u00e9rieur de l\u2019Energie, le Syndicat des \u00e9nergies renouvelables a d\u00e9pos\u00e9 48 amendements sur le projet d\u2019ordonnance et le projet de d\u00e9cret concernant une autorisation environnementale unique. La majorit\u00e9 des amendements du SER ont d\u00e9j\u00e0 \u00e9t\u00e9 adopt\u00e9s par le Conseil Sup\u00e9rieur de l\u2019Energie lors de l\u2019examen du projet d\u2019ordonnance le 30 ao\u00fbt 2016. [&hellip;]<\/p>\n","protected":false},"author":17,"featured_media":93627,"comment_status":"closed","ping_status":"closed","sticky":false,"template":"","format":"standard","meta":{"_et_pb_use_builder":"","_et_pb_old_content":"","_et_gb_content_width":"","footnotes":""},"categories":[6345,6351],"tags":[3152,7142],"class_list":["post-93626","post","type-post","status-publish","format-standard","has-post-thumbnail","hentry","category-economie-marches","category-energie-environnement","tag-energie-renouvelable","tag-legislation"],"yoast_head":"<!-- This site is optimized with the Yoast SEO plugin v27.4 - https:\/\/yoast.com\/product\/yoast-seo-wordpress\/ -->\n<title>Le Syndicat des \u00e9nergies renouvelables force de proposition pour une autorisation environnementale unique<\/title>\n<meta name=\"robots\" content=\"index, follow, max-snippet:-1, max-image-preview:large, max-video-preview:-1\" \/>\n<link rel=\"canonical\" href=\"https:\/\/batijournal.com\/index.php\/syndicat-energies-renouvelables-force-de-proposition-autorisation-environnementale-unique\/93626\/\" \/>\n<meta property=\"og:locale\" content=\"fr_FR\" \/>\n<meta property=\"og:type\" content=\"article\" \/>\n<meta property=\"og:title\" content=\"Le Syndicat des \u00e9nergies renouvelables force de proposition pour une autorisation environnementale unique\" \/>\n<meta property=\"og:description\" content=\"Membre du Conseil Sup\u00e9rieur de l\u2019Energie, le Syndicat des \u00e9nergies renouvelables a d\u00e9pos\u00e9 48 amendements sur le projet d\u2019ordonnance et le projet de d\u00e9cret concernant une autorisation environnementale unique. La majorit\u00e9 des amendements du SER ont d\u00e9j\u00e0 \u00e9t\u00e9 adopt\u00e9s par le Conseil Sup\u00e9rieur de l\u2019Energie lors de l\u2019examen du projet d\u2019ordonnance le 30 ao\u00fbt 2016. [&hellip;]\" \/>\n<meta property=\"og:url\" content=\"https:\/\/batijournal.com\/index.php\/syndicat-energies-renouvelables-force-de-proposition-autorisation-environnementale-unique\/93626\/\" \/>\n<meta property=\"og:site_name\" content=\"Batijournal\" \/>\n<meta property=\"article:published_time\" content=\"2016-09-06T06:41:53+00:00\" \/>\n<meta property=\"article:modified_time\" content=\"2019-07-15T10:22:05+00:00\" \/>\n<meta property=\"og:image\" content=\"https:\/\/batijournal.com\/wp-content\/uploads\/2016\/09\/photovoltaique3.jpg\" \/>\n\t<meta property=\"og:image:width\" content=\"1000\" \/>\n\t<meta property=\"og:image:height\" content=\"485\" \/>\n\t<meta property=\"og:image:type\" content=\"image\/jpeg\" \/>\n<meta name=\"author\" content=\"St\u00e9phane Miget\" \/>\n<meta name=\"twitter:card\" content=\"summary_large_image\" \/>\n<meta name=\"twitter:creator\" content=\"@bati_journal\" \/>\n<meta name=\"twitter:site\" content=\"@bati_journal\" \/>\n<meta name=\"twitter:label1\" content=\"\u00c9crit par\" \/>\n\t<meta name=\"twitter:data1\" content=\"St\u00e9phane Miget\" \/>\n\t<meta name=\"twitter:label2\" content=\"Dur\u00e9e de lecture estim\u00e9e\" \/>\n\t<meta name=\"twitter:data2\" content=\"1 minute\" \/>\n<script type=\"application\/ld+json\" class=\"yoast-schema-graph\">{\"@context\":\"https:\\\/\\\/schema.org\",\"@graph\":[{\"@type\":\"Article\",\"@id\":\"https:\\\/\\\/batijournal.com\\\/index.php\\\/syndicat-energies-renouvelables-force-de-proposition-autorisation-environnementale-unique\\\/93626\\\/#article\",\"isPartOf\":{\"@id\":\"https:\\\/\\\/batijournal.com\\\/index.php\\\/syndicat-energies-renouvelables-force-de-proposition-autorisation-environnementale-unique\\\/93626\\\/\"},\"author\":{\"name\":\"St\u00e9phane Miget\",\"@id\":\"https:\\\/\\\/batijournal.com\\\/#\\\/schema\\\/person\\\/1dc96ec6957aa1ccb25ebe78bb19f100\"},\"headline\":\"Le Syndicat des \u00e9nergies renouvelables force de proposition pour une autorisation environnementale unique\",\"datePublished\":\"2016-09-06T06:41:53+00:00\",\"dateModified\":\"2019-07-15T10:22:05+00:00\",\"mainEntityOfPage\":{\"@id\":\"https:\\\/\\\/batijournal.com\\\/index.php\\\/syndicat-energies-renouvelables-force-de-proposition-autorisation-environnementale-unique\\\/93626\\\/\"},\"wordCount\":186,\"image\":{\"@id\":\"https:\\\/\\\/batijournal.com\\\/index.php\\\/syndicat-energies-renouvelables-force-de-proposition-autorisation-environnementale-unique\\\/93626\\\/#primaryimage\"},\"thumbnailUrl\":\"https:\\\/\\\/batijournal.com\\\/wp-content\\\/uploads\\\/2016\\\/09\\\/photovoltaique3.jpg\",\"keywords\":[\"\u00e9nergie renouvelable\",\"legislation\"],\"articleSection\":[\"\u00c9conomie &amp; March\u00e9s\",\"\u00c9nergie &amp; Environnement\"],\"inLanguage\":\"fr-FR\"},{\"@type\":\"WebPage\",\"@id\":\"https:\\\/\\\/batijournal.com\\\/index.php\\\/syndicat-energies-renouvelables-force-de-proposition-autorisation-environnementale-unique\\\/93626\\\/\",\"url\":\"https:\\\/\\\/batijournal.com\\\/index.php\\\/syndicat-energies-renouvelables-force-de-proposition-autorisation-environnementale-unique\\\/93626\\\/\",\"name\":\"Le Syndicat des \u00e9nergies renouvelables force de proposition pour une autorisation environnementale unique\",\"isPartOf\":{\"@id\":\"https:\\\/\\\/batijournal.com\\\/#website\"},\"primaryImageOfPage\":{\"@id\":\"https:\\\/\\\/batijournal.com\\\/index.php\\\/syndicat-energies-renouvelables-force-de-proposition-autorisation-environnementale-unique\\\/93626\\\/#primaryimage\"},\"image\":{\"@id\":\"https:\\\/\\\/batijournal.com\\\/index.php\\\/syndicat-energies-renouvelables-force-de-proposition-autorisation-environnementale-unique\\\/93626\\\/#primaryimage\"},\"thumbnailUrl\":\"https:\\\/\\\/batijournal.com\\\/wp-content\\\/uploads\\\/2016\\\/09\\\/photovoltaique3.jpg\",\"datePublished\":\"2016-09-06T06:41:53+00:00\",\"dateModified\":\"2019-07-15T10:22:05+00:00\",\"author\":{\"@id\":\"https:\\\/\\\/batijournal.com\\\/#\\\/schema\\\/person\\\/1dc96ec6957aa1ccb25ebe78bb19f100\"},\"breadcrumb\":{\"@id\":\"https:\\\/\\\/batijournal.com\\\/index.php\\\/syndicat-energies-renouvelables-force-de-proposition-autorisation-environnementale-unique\\\/93626\\\/#breadcrumb\"},\"inLanguage\":\"fr-FR\",\"potentialAction\":[{\"@type\":\"ReadAction\",\"target\":[\"https:\\\/\\\/batijournal.com\\\/index.php\\\/syndicat-energies-renouvelables-force-de-proposition-autorisation-environnementale-unique\\\/93626\\\/\"]}]},{\"@type\":\"ImageObject\",\"inLanguage\":\"fr-FR\",\"@id\":\"https:\\\/\\\/batijournal.com\\\/index.php\\\/syndicat-energies-renouvelables-force-de-proposition-autorisation-environnementale-unique\\\/93626\\\/#primaryimage\",\"url\":\"https:\\\/\\\/batijournal.com\\\/wp-content\\\/uploads\\\/2016\\\/09\\\/photovoltaique3.jpg\",\"contentUrl\":\"https:\\\/\\\/batijournal.com\\\/wp-content\\\/uploads\\\/2016\\\/09\\\/photovoltaique3.jpg\",\"width\":1000,\"height\":485},{\"@type\":\"BreadcrumbList\",\"@id\":\"https:\\\/\\\/batijournal.com\\\/index.php\\\/syndicat-energies-renouvelables-force-de-proposition-autorisation-environnementale-unique\\\/93626\\\/#breadcrumb\",\"itemListElement\":[{\"@type\":\"ListItem\",\"position\":1,\"name\":\"Accueil\",\"item\":\"https:\\\/\\\/batijournal.com\\\/\"},{\"@type\":\"ListItem\",\"position\":2,\"name\":\"Actualit\u00e9s\",\"item\":\"https:\\\/\\\/batijournal.com\\\/index.php\\\/category\\\/actualites\\\/\"},{\"@type\":\"ListItem\",\"position\":3,\"name\":\"\u00c9conomie &amp; March\u00e9s\",\"item\":\"https:\\\/\\\/batijournal.com\\\/index.php\\\/category\\\/actualites\\\/economie-marches\\\/\"},{\"@type\":\"ListItem\",\"position\":4,\"name\":\"Le Syndicat des \u00e9nergies renouvelables force de proposition pour une autorisation environnementale unique\"}]},{\"@type\":\"WebSite\",\"@id\":\"https:\\\/\\\/batijournal.com\\\/#website\",\"url\":\"https:\\\/\\\/batijournal.com\\\/\",\"name\":\"Batijournal\",\"description\":\"L&#039;actualit\u00e9 du b\u00e2timent\",\"potentialAction\":[{\"@type\":\"SearchAction\",\"target\":{\"@type\":\"EntryPoint\",\"urlTemplate\":\"https:\\\/\\\/batijournal.com\\\/?s={search_term_string}\"},\"query-input\":{\"@type\":\"PropertyValueSpecification\",\"valueRequired\":true,\"valueName\":\"search_term_string\"}}],\"inLanguage\":\"fr-FR\"},{\"@type\":\"Person\",\"@id\":\"https:\\\/\\\/batijournal.com\\\/#\\\/schema\\\/person\\\/1dc96ec6957aa1ccb25ebe78bb19f100\",\"name\":\"St\u00e9phane Miget\",\"image\":{\"@type\":\"ImageObject\",\"inLanguage\":\"fr-FR\",\"@id\":\"https:\\\/\\\/secure.gravatar.com\\\/avatar\\\/89915563d925342126b8ef0281b93d9d7fc337043e8df017f780908eb9644451?s=96&d=mm&r=g\",\"url\":\"https:\\\/\\\/secure.gravatar.com\\\/avatar\\\/89915563d925342126b8ef0281b93d9d7fc337043e8df017f780908eb9644451?s=96&d=mm&r=g\",\"contentUrl\":\"https:\\\/\\\/secure.gravatar.com\\\/avatar\\\/89915563d925342126b8ef0281b93d9d7fc337043e8df017f780908eb9644451?s=96&d=mm&r=g\",\"caption\":\"St\u00e9phane Miget\"},\"url\":\"https:\\\/\\\/batijournal.com\\\/index.php\\\/author\\\/stephane\\\/\"}]}<\/script>\n<!-- \/ Yoast SEO plugin. -->","yoast_head_json":{"title":"Le Syndicat des \u00e9nergies renouvelables force de proposition pour une autorisation environnementale unique","robots":{"index":"index","follow":"follow","max-snippet":"max-snippet:-1","max-image-preview":"max-image-preview:large","max-video-preview":"max-video-preview:-1"},"canonical":"https:\/\/batijournal.com\/index.php\/syndicat-energies-renouvelables-force-de-proposition-autorisation-environnementale-unique\/93626\/","og_locale":"fr_FR","og_type":"article","og_title":"Le Syndicat des \u00e9nergies renouvelables force de proposition pour une autorisation environnementale unique","og_description":"Membre du Conseil Sup\u00e9rieur de l\u2019Energie, le Syndicat des \u00e9nergies renouvelables a d\u00e9pos\u00e9 48 amendements sur le projet d\u2019ordonnance et le projet de d\u00e9cret concernant une autorisation environnementale unique. La majorit\u00e9 des amendements du SER ont d\u00e9j\u00e0 \u00e9t\u00e9 adopt\u00e9s par le Conseil Sup\u00e9rieur de l\u2019Energie lors de l\u2019examen du projet d\u2019ordonnance le 30 ao\u00fbt 2016. [&hellip;]","og_url":"https:\/\/batijournal.com\/index.php\/syndicat-energies-renouvelables-force-de-proposition-autorisation-environnementale-unique\/93626\/","og_site_name":"Batijournal","article_published_time":"2016-09-06T06:41:53+00:00","article_modified_time":"2019-07-15T10:22:05+00:00","og_image":[{"width":1000,"height":485,"url":"https:\/\/batijournal.com\/wp-content\/uploads\/2016\/09\/photovoltaique3.jpg","type":"image\/jpeg"}],"author":"St\u00e9phane Miget","twitter_card":"summary_large_image","twitter_creator":"@bati_journal","twitter_site":"@bati_journal","twitter_misc":{"\u00c9crit par":"St\u00e9phane Miget","Dur\u00e9e de lecture estim\u00e9e":"1 minute"},"schema":{"@context":"https:\/\/schema.org","@graph":[{"@type":"Article","@id":"https:\/\/batijournal.com\/index.php\/syndicat-energies-renouvelables-force-de-proposition-autorisation-environnementale-unique\/93626\/#article","isPartOf":{"@id":"https:\/\/batijournal.com\/index.php\/syndicat-energies-renouvelables-force-de-proposition-autorisation-environnementale-unique\/93626\/"},"author":{"name":"St\u00e9phane Miget","@id":"https:\/\/batijournal.com\/#\/schema\/person\/1dc96ec6957aa1ccb25ebe78bb19f100"},"headline":"Le Syndicat des \u00e9nergies renouvelables force de proposition pour une autorisation environnementale unique","datePublished":"2016-09-06T06:41:53+00:00","dateModified":"2019-07-15T10:22:05+00:00","mainEntityOfPage":{"@id":"https:\/\/batijournal.com\/index.php\/syndicat-energies-renouvelables-force-de-proposition-autorisation-environnementale-unique\/93626\/"},"wordCount":186,"image":{"@id":"https:\/\/batijournal.com\/index.php\/syndicat-energies-renouvelables-force-de-proposition-autorisation-environnementale-unique\/93626\/#primaryimage"},"thumbnailUrl":"https:\/\/batijournal.com\/wp-content\/uploads\/2016\/09\/photovoltaique3.jpg","keywords":["\u00e9nergie renouvelable","legislation"],"articleSection":["\u00c9conomie &amp; March\u00e9s","\u00c9nergie &amp; Environnement"],"inLanguage":"fr-FR"},{"@type":"WebPage","@id":"https:\/\/batijournal.com\/index.php\/syndicat-energies-renouvelables-force-de-proposition-autorisation-environnementale-unique\/93626\/","url":"https:\/\/batijournal.com\/index.php\/syndicat-energies-renouvelables-force-de-proposition-autorisation-environnementale-unique\/93626\/","name":"Le Syndicat des \u00e9nergies renouvelables force de proposition pour une autorisation environnementale unique","isPartOf":{"@id":"https:\/\/batijournal.com\/#website"},"primaryImageOfPage":{"@id":"https:\/\/batijournal.com\/index.php\/syndicat-energies-renouvelables-force-de-proposition-autorisation-environnementale-unique\/93626\/#primaryimage"},"image":{"@id":"https:\/\/batijournal.com\/index.php\/syndicat-energies-renouvelables-force-de-proposition-autorisation-environnementale-unique\/93626\/#primaryimage"},"thumbnailUrl":"https:\/\/batijournal.com\/wp-content\/uploads\/2016\/09\/photovoltaique3.jpg","datePublished":"2016-09-06T06:41:53+00:00","dateModified":"2019-07-15T10:22:05+00:00","author":{"@id":"https:\/\/batijournal.com\/#\/schema\/person\/1dc96ec6957aa1ccb25ebe78bb19f100"},"breadcrumb":{"@id":"https:\/\/batijournal.com\/index.php\/syndicat-energies-renouvelables-force-de-proposition-autorisation-environnementale-unique\/93626\/#breadcrumb"},"inLanguage":"fr-FR","potentialAction":[{"@type":"ReadAction","target":["https:\/\/batijournal.com\/index.php\/syndicat-energies-renouvelables-force-de-proposition-autorisation-environnementale-unique\/93626\/"]}]},{"@type":"ImageObject","inLanguage":"fr-FR","@id":"https:\/\/batijournal.com\/index.php\/syndicat-energies-renouvelables-force-de-proposition-autorisation-environnementale-unique\/93626\/#primaryimage","url":"https:\/\/batijournal.com\/wp-content\/uploads\/2016\/09\/photovoltaique3.jpg","contentUrl":"https:\/\/batijournal.com\/wp-content\/uploads\/2016\/09\/photovoltaique3.jpg","width":1000,"height":485},{"@type":"BreadcrumbList","@id":"https:\/\/batijournal.com\/index.php\/syndicat-energies-renouvelables-force-de-proposition-autorisation-environnementale-unique\/93626\/#breadcrumb","itemListElement":[{"@type":"ListItem","position":1,"name":"Accueil","item":"https:\/\/batijournal.com\/"},{"@type":"ListItem","position":2,"name":"Actualit\u00e9s","item":"https:\/\/batijournal.com\/index.php\/category\/actualites\/"},{"@type":"ListItem","position":3,"name":"\u00c9conomie &amp; March\u00e9s","item":"https:\/\/batijournal.com\/index.php\/category\/actualites\/economie-marches\/"},{"@type":"ListItem","position":4,"name":"Le Syndicat des \u00e9nergies renouvelables force de proposition pour une autorisation environnementale unique"}]},{"@type":"WebSite","@id":"https:\/\/batijournal.com\/#website","url":"https:\/\/batijournal.com\/","name":"Batijournal","description":"L&#039;actualit\u00e9 du b\u00e2timent","potentialAction":[{"@type":"SearchAction","target":{"@type":"EntryPoint","urlTemplate":"https:\/\/batijournal.com\/?s={search_term_string}"},"query-input":{"@type":"PropertyValueSpecification","valueRequired":true,"valueName":"search_term_string"}}],"inLanguage":"fr-FR"},{"@type":"Person","@id":"https:\/\/batijournal.com\/#\/schema\/person\/1dc96ec6957aa1ccb25ebe78bb19f100","name":"St\u00e9phane Miget","image":{"@type":"ImageObject","inLanguage":"fr-FR","@id":"https:\/\/secure.gravatar.com\/avatar\/89915563d925342126b8ef0281b93d9d7fc337043e8df017f780908eb9644451?s=96&d=mm&r=g","url":"https:\/\/secure.gravatar.com\/avatar\/89915563d925342126b8ef0281b93d9d7fc337043e8df017f780908eb9644451?s=96&d=mm&r=g","contentUrl":"https:\/\/secure.gravatar.com\/avatar\/89915563d925342126b8ef0281b93d9d7fc337043e8df017f780908eb9644451?s=96&d=mm&r=g","caption":"St\u00e9phane Miget"},"url":"https:\/\/batijournal.com\/index.php\/author\/stephane\/"}]}},"_links":{"self":[{"href":"https:\/\/batijournal.com\/index.php\/wp-json\/wp\/v2\/posts\/93626","targetHints":{"allow":["GET"]}}],"collection":[{"href":"https:\/\/batijournal.com\/index.php\/wp-json\/wp\/v2\/posts"}],"about":[{"href":"https:\/\/batijournal.com\/index.php\/wp-json\/wp\/v2\/types\/post"}],"author":[{"embeddable":true,"href":"https:\/\/batijournal.com\/index.php\/wp-json\/wp\/v2\/users\/17"}],"replies":[{"embeddable":true,"href":"https:\/\/batijournal.com\/index.php\/wp-json\/wp\/v2\/comments?post=93626"}],"version-history":[{"count":0,"href":"https:\/\/batijournal.com\/index.php\/wp-json\/wp\/v2\/posts\/93626\/revisions"}],"wp:featuredmedia":[{"embeddable":true,"href":"https:\/\/batijournal.com\/index.php\/wp-json\/wp\/v2\/media\/93627"}],"wp:attachment":[{"href":"https:\/\/batijournal.com\/index.php\/wp-json\/wp\/v2\/media?parent=93626"}],"wp:term":[{"taxonomy":"category","embeddable":true,"href":"https:\/\/batijournal.com\/index.php\/wp-json\/wp\/v2\/categories?post=93626"},{"taxonomy":"post_tag","embeddable":true,"href":"https:\/\/batijournal.com\/index.php\/wp-json\/wp\/v2\/tags?post=93626"}],"curies":[{"name":"wp","href":"https:\/\/api.w.org\/{rel}","templated":true}]}}