{"id":93643,"date":"2016-09-07T08:12:51","date_gmt":"2016-09-07T06:12:51","guid":{"rendered":"http:\/\/batijournal.com\/?p=93643"},"modified":"2019-07-15T12:07:18","modified_gmt":"2019-07-15T10:07:18","slug":"connaissance-conservation-restauration-plafonds-peints-medievaux","status":"publish","type":"post","link":"https:\/\/batijournal.com\/index.php\/connaissance-conservation-restauration-plafonds-peints-medievaux\/93643\/","title":{"rendered":"Connaissance, conservation et restauration des plafonds peints m\u00e9di\u00e9vaux"},"content":{"rendered":"<p>Les plafonds peints m\u00e9di\u00e9vaux sont devenus depuis plusieurs ann\u00e9es un nouveau sujet d\u2019\u00e9tudes pour les historiens d\u2019art, les arch\u00e9ologues du b\u00e2ti et les historiens m\u00e9di\u00e9vistes, livrant iconographies, art de vivre sur une p\u00e9riode o\u00f9 la pierre est plut\u00f4t reine \u00e0 travers l\u2019architecture religieuse ou militaire. Deux jours vont \u00eatre consacr\u00e9s \u00e0 ces approches pluridisciplinaires utilisant les ressources archivistiques, les investigations scientifiques ainsi que toutes les potentialit\u00e9s de l\u2019imagerie scientifique afin de mieux connaitre les mat\u00e9riaux et de pouvoir gr\u00e2ce \u00e0 l\u2019intervention de restaurateurs du patrimoine, mettre en \u0153uvre les moyens de conserver et de restaurer ces \u00ab\u00a0couvertures domestiques\u00a0\u00bb. Une troisi\u00e8me journ\u00e9e de visite et d\u2019examens dans le clo\u00eetre de Fr\u00e9jus, en montrera des applications.<\/p>\n<p>Marseille, 29-30 septembre 2016<br \/>\nFr\u00e9jus, 1er octobre 2016<br \/>\n<a href=\"http:\/\/cicrp.info\/journees-detudes\/plafonds-peints\/\" target=\"_blank\" rel=\"noopener noreferrer\">http:\/\/cicrp.info\/journees-detudes\/plafonds-peints\/<\/a><\/p>\n","protected":false},"excerpt":{"rendered":"<p>Les plafonds peints m\u00e9di\u00e9vaux sont devenus depuis plusieurs ann\u00e9es un nouveau sujet d\u2019\u00e9tudes pour les historiens d\u2019art, les arch\u00e9ologues du b\u00e2ti et les historiens m\u00e9di\u00e9vistes, livrant iconographies, art de vivre sur une p\u00e9riode o\u00f9 la pierre est plut\u00f4t reine \u00e0 travers l\u2019architecture religieuse ou militaire. Deux jours vont \u00eatre consacr\u00e9s \u00e0 ces approches pluridisciplinaires utilisant [&hellip;]<\/p>\n","protected":false},"author":17,"featured_media":93644,"comment_status":"closed","ping_status":"closed","sticky":false,"template":"","format":"standard","meta":{"_et_pb_use_builder":"","_et_pb_old_content":"","_et_gb_content_width":"","footnotes":""},"categories":[6340,6345],"tags":[1308],"class_list":["post-93643","post","type-post","status-publish","format-standard","has-post-thumbnail","hentry","category-architecture-conception","category-economie-marches","tag-restauration"],"yoast_head":"<!-- This site is optimized with the Yoast SEO plugin v27.4 - https:\/\/yoast.com\/product\/yoast-seo-wordpress\/ -->\n<title>Connaissance, conservation et restauration des plafonds peints m\u00e9di\u00e9vaux<\/title>\n<meta name=\"robots\" content=\"index, follow, max-snippet:-1, max-image-preview:large, max-video-preview:-1\" \/>\n<link rel=\"canonical\" href=\"https:\/\/batijournal.com\/index.php\/connaissance-conservation-restauration-plafonds-peints-medievaux\/93643\/\" \/>\n<meta property=\"og:locale\" content=\"fr_FR\" \/>\n<meta property=\"og:type\" content=\"article\" \/>\n<meta property=\"og:title\" content=\"Connaissance, conservation et restauration des plafonds peints m\u00e9di\u00e9vaux\" \/>\n<meta property=\"og:description\" content=\"Les plafonds peints m\u00e9di\u00e9vaux sont devenus depuis plusieurs ann\u00e9es un nouveau sujet d\u2019\u00e9tudes pour les historiens d\u2019art, les arch\u00e9ologues du b\u00e2ti et les historiens m\u00e9di\u00e9vistes, livrant iconographies, art de vivre sur une p\u00e9riode o\u00f9 la pierre est plut\u00f4t reine \u00e0 travers l\u2019architecture religieuse ou militaire. Deux jours vont \u00eatre consacr\u00e9s \u00e0 ces approches pluridisciplinaires utilisant [&hellip;]\" \/>\n<meta property=\"og:url\" content=\"https:\/\/batijournal.com\/index.php\/connaissance-conservation-restauration-plafonds-peints-medievaux\/93643\/\" \/>\n<meta property=\"og:site_name\" content=\"Batijournal\" \/>\n<meta property=\"article:published_time\" content=\"2016-09-07T06:12:51+00:00\" \/>\n<meta property=\"article:modified_time\" content=\"2019-07-15T10:07:18+00:00\" \/>\n<meta property=\"og:image\" content=\"https:\/\/batijournal.com\/wp-content\/uploads\/2016\/09\/plafonds-peints.png\" \/>\n\t<meta property=\"og:image:width\" content=\"350\" \/>\n\t<meta property=\"og:image:height\" content=\"147\" \/>\n\t<meta property=\"og:image:type\" content=\"image\/png\" \/>\n<meta name=\"author\" content=\"St\u00e9phane Miget\" \/>\n<meta name=\"twitter:card\" content=\"summary_large_image\" \/>\n<meta name=\"twitter:creator\" content=\"@bati_journal\" \/>\n<meta name=\"twitter:site\" content=\"@bati_journal\" \/>\n<meta name=\"twitter:label1\" content=\"\u00c9crit par\" \/>\n\t<meta name=\"twitter:data1\" content=\"St\u00e9phane Miget\" \/>\n\t<meta name=\"twitter:label2\" content=\"Dur\u00e9e de lecture estim\u00e9e\" \/>\n\t<meta name=\"twitter:data2\" content=\"1 minute\" \/>\n<script type=\"application\/ld+json\" class=\"yoast-schema-graph\">{\"@context\":\"https:\\\/\\\/schema.org\",\"@graph\":[{\"@type\":\"Article\",\"@id\":\"https:\\\/\\\/batijournal.com\\\/index.php\\\/connaissance-conservation-restauration-plafonds-peints-medievaux\\\/93643\\\/#article\",\"isPartOf\":{\"@id\":\"https:\\\/\\\/batijournal.com\\\/index.php\\\/connaissance-conservation-restauration-plafonds-peints-medievaux\\\/93643\\\/\"},\"author\":{\"name\":\"St\u00e9phane Miget\",\"@id\":\"https:\\\/\\\/batijournal.com\\\/#\\\/schema\\\/person\\\/1dc96ec6957aa1ccb25ebe78bb19f100\"},\"headline\":\"Connaissance, conservation et restauration des plafonds peints m\u00e9di\u00e9vaux\",\"datePublished\":\"2016-09-07T06:12:51+00:00\",\"dateModified\":\"2019-07-15T10:07:18+00:00\",\"mainEntityOfPage\":{\"@id\":\"https:\\\/\\\/batijournal.com\\\/index.php\\\/connaissance-conservation-restauration-plafonds-peints-medievaux\\\/93643\\\/\"},\"wordCount\":156,\"image\":{\"@id\":\"https:\\\/\\\/batijournal.com\\\/index.php\\\/connaissance-conservation-restauration-plafonds-peints-medievaux\\\/93643\\\/#primaryimage\"},\"thumbnailUrl\":\"https:\\\/\\\/batijournal.com\\\/wp-content\\\/uploads\\\/2016\\\/09\\\/plafonds-peints.png\",\"keywords\":[\"restauration\"],\"articleSection\":[\"Architecture &amp; Conception\",\"\u00c9conomie &amp; March\u00e9s\"],\"inLanguage\":\"fr-FR\"},{\"@type\":\"WebPage\",\"@id\":\"https:\\\/\\\/batijournal.com\\\/index.php\\\/connaissance-conservation-restauration-plafonds-peints-medievaux\\\/93643\\\/\",\"url\":\"https:\\\/\\\/batijournal.com\\\/index.php\\\/connaissance-conservation-restauration-plafonds-peints-medievaux\\\/93643\\\/\",\"name\":\"Connaissance, conservation et restauration des plafonds peints m\u00e9di\u00e9vaux\",\"isPartOf\":{\"@id\":\"https:\\\/\\\/batijournal.com\\\/#website\"},\"primaryImageOfPage\":{\"@id\":\"https:\\\/\\\/batijournal.com\\\/index.php\\\/connaissance-conservation-restauration-plafonds-peints-medievaux\\\/93643\\\/#primaryimage\"},\"image\":{\"@id\":\"https:\\\/\\\/batijournal.com\\\/index.php\\\/connaissance-conservation-restauration-plafonds-peints-medievaux\\\/93643\\\/#primaryimage\"},\"thumbnailUrl\":\"https:\\\/\\\/batijournal.com\\\/wp-content\\\/uploads\\\/2016\\\/09\\\/plafonds-peints.png\",\"datePublished\":\"2016-09-07T06:12:51+00:00\",\"dateModified\":\"2019-07-15T10:07:18+00:00\",\"author\":{\"@id\":\"https:\\\/\\\/batijournal.com\\\/#\\\/schema\\\/person\\\/1dc96ec6957aa1ccb25ebe78bb19f100\"},\"breadcrumb\":{\"@id\":\"https:\\\/\\\/batijournal.com\\\/index.php\\\/connaissance-conservation-restauration-plafonds-peints-medievaux\\\/93643\\\/#breadcrumb\"},\"inLanguage\":\"fr-FR\",\"potentialAction\":[{\"@type\":\"ReadAction\",\"target\":[\"https:\\\/\\\/batijournal.com\\\/index.php\\\/connaissance-conservation-restauration-plafonds-peints-medievaux\\\/93643\\\/\"]}]},{\"@type\":\"ImageObject\",\"inLanguage\":\"fr-FR\",\"@id\":\"https:\\\/\\\/batijournal.com\\\/index.php\\\/connaissance-conservation-restauration-plafonds-peints-medievaux\\\/93643\\\/#primaryimage\",\"url\":\"https:\\\/\\\/batijournal.com\\\/wp-content\\\/uploads\\\/2016\\\/09\\\/plafonds-peints.png\",\"contentUrl\":\"https:\\\/\\\/batijournal.com\\\/wp-content\\\/uploads\\\/2016\\\/09\\\/plafonds-peints.png\",\"width\":350,\"height\":147},{\"@type\":\"BreadcrumbList\",\"@id\":\"https:\\\/\\\/batijournal.com\\\/index.php\\\/connaissance-conservation-restauration-plafonds-peints-medievaux\\\/93643\\\/#breadcrumb\",\"itemListElement\":[{\"@type\":\"ListItem\",\"position\":1,\"name\":\"Accueil\",\"item\":\"https:\\\/\\\/batijournal.com\\\/\"},{\"@type\":\"ListItem\",\"position\":2,\"name\":\"Actualit\u00e9s\",\"item\":\"https:\\\/\\\/batijournal.com\\\/index.php\\\/category\\\/actualites\\\/\"},{\"@type\":\"ListItem\",\"position\":3,\"name\":\"Architecture &amp; Conception\",\"item\":\"https:\\\/\\\/batijournal.com\\\/index.php\\\/category\\\/actualites\\\/architecture-conception\\\/\"},{\"@type\":\"ListItem\",\"position\":4,\"name\":\"Connaissance, conservation et restauration des plafonds peints m\u00e9di\u00e9vaux\"}]},{\"@type\":\"WebSite\",\"@id\":\"https:\\\/\\\/batijournal.com\\\/#website\",\"url\":\"https:\\\/\\\/batijournal.com\\\/\",\"name\":\"Batijournal\",\"description\":\"L&#039;actualit\u00e9 du b\u00e2timent\",\"potentialAction\":[{\"@type\":\"SearchAction\",\"target\":{\"@type\":\"EntryPoint\",\"urlTemplate\":\"https:\\\/\\\/batijournal.com\\\/?s={search_term_string}\"},\"query-input\":{\"@type\":\"PropertyValueSpecification\",\"valueRequired\":true,\"valueName\":\"search_term_string\"}}],\"inLanguage\":\"fr-FR\"},{\"@type\":\"Person\",\"@id\":\"https:\\\/\\\/batijournal.com\\\/#\\\/schema\\\/person\\\/1dc96ec6957aa1ccb25ebe78bb19f100\",\"name\":\"St\u00e9phane Miget\",\"image\":{\"@type\":\"ImageObject\",\"inLanguage\":\"fr-FR\",\"@id\":\"https:\\\/\\\/secure.gravatar.com\\\/avatar\\\/89915563d925342126b8ef0281b93d9d7fc337043e8df017f780908eb9644451?s=96&d=mm&r=g\",\"url\":\"https:\\\/\\\/secure.gravatar.com\\\/avatar\\\/89915563d925342126b8ef0281b93d9d7fc337043e8df017f780908eb9644451?s=96&d=mm&r=g\",\"contentUrl\":\"https:\\\/\\\/secure.gravatar.com\\\/avatar\\\/89915563d925342126b8ef0281b93d9d7fc337043e8df017f780908eb9644451?s=96&d=mm&r=g\",\"caption\":\"St\u00e9phane Miget\"},\"url\":\"https:\\\/\\\/batijournal.com\\\/index.php\\\/author\\\/stephane\\\/\"}]}<\/script>\n<!-- \/ Yoast SEO plugin. -->","yoast_head_json":{"title":"Connaissance, conservation et restauration des plafonds peints m\u00e9di\u00e9vaux","robots":{"index":"index","follow":"follow","max-snippet":"max-snippet:-1","max-image-preview":"max-image-preview:large","max-video-preview":"max-video-preview:-1"},"canonical":"https:\/\/batijournal.com\/index.php\/connaissance-conservation-restauration-plafonds-peints-medievaux\/93643\/","og_locale":"fr_FR","og_type":"article","og_title":"Connaissance, conservation et restauration des plafonds peints m\u00e9di\u00e9vaux","og_description":"Les plafonds peints m\u00e9di\u00e9vaux sont devenus depuis plusieurs ann\u00e9es un nouveau sujet d\u2019\u00e9tudes pour les historiens d\u2019art, les arch\u00e9ologues du b\u00e2ti et les historiens m\u00e9di\u00e9vistes, livrant iconographies, art de vivre sur une p\u00e9riode o\u00f9 la pierre est plut\u00f4t reine \u00e0 travers l\u2019architecture religieuse ou militaire. Deux jours vont \u00eatre consacr\u00e9s \u00e0 ces approches pluridisciplinaires utilisant [&hellip;]","og_url":"https:\/\/batijournal.com\/index.php\/connaissance-conservation-restauration-plafonds-peints-medievaux\/93643\/","og_site_name":"Batijournal","article_published_time":"2016-09-07T06:12:51+00:00","article_modified_time":"2019-07-15T10:07:18+00:00","og_image":[{"width":350,"height":147,"url":"https:\/\/batijournal.com\/wp-content\/uploads\/2016\/09\/plafonds-peints.png","type":"image\/png"}],"author":"St\u00e9phane Miget","twitter_card":"summary_large_image","twitter_creator":"@bati_journal","twitter_site":"@bati_journal","twitter_misc":{"\u00c9crit par":"St\u00e9phane Miget","Dur\u00e9e de lecture estim\u00e9e":"1 minute"},"schema":{"@context":"https:\/\/schema.org","@graph":[{"@type":"Article","@id":"https:\/\/batijournal.com\/index.php\/connaissance-conservation-restauration-plafonds-peints-medievaux\/93643\/#article","isPartOf":{"@id":"https:\/\/batijournal.com\/index.php\/connaissance-conservation-restauration-plafonds-peints-medievaux\/93643\/"},"author":{"name":"St\u00e9phane Miget","@id":"https:\/\/batijournal.com\/#\/schema\/person\/1dc96ec6957aa1ccb25ebe78bb19f100"},"headline":"Connaissance, conservation et restauration des plafonds peints m\u00e9di\u00e9vaux","datePublished":"2016-09-07T06:12:51+00:00","dateModified":"2019-07-15T10:07:18+00:00","mainEntityOfPage":{"@id":"https:\/\/batijournal.com\/index.php\/connaissance-conservation-restauration-plafonds-peints-medievaux\/93643\/"},"wordCount":156,"image":{"@id":"https:\/\/batijournal.com\/index.php\/connaissance-conservation-restauration-plafonds-peints-medievaux\/93643\/#primaryimage"},"thumbnailUrl":"https:\/\/batijournal.com\/wp-content\/uploads\/2016\/09\/plafonds-peints.png","keywords":["restauration"],"articleSection":["Architecture &amp; Conception","\u00c9conomie &amp; March\u00e9s"],"inLanguage":"fr-FR"},{"@type":"WebPage","@id":"https:\/\/batijournal.com\/index.php\/connaissance-conservation-restauration-plafonds-peints-medievaux\/93643\/","url":"https:\/\/batijournal.com\/index.php\/connaissance-conservation-restauration-plafonds-peints-medievaux\/93643\/","name":"Connaissance, conservation et restauration des plafonds peints m\u00e9di\u00e9vaux","isPartOf":{"@id":"https:\/\/batijournal.com\/#website"},"primaryImageOfPage":{"@id":"https:\/\/batijournal.com\/index.php\/connaissance-conservation-restauration-plafonds-peints-medievaux\/93643\/#primaryimage"},"image":{"@id":"https:\/\/batijournal.com\/index.php\/connaissance-conservation-restauration-plafonds-peints-medievaux\/93643\/#primaryimage"},"thumbnailUrl":"https:\/\/batijournal.com\/wp-content\/uploads\/2016\/09\/plafonds-peints.png","datePublished":"2016-09-07T06:12:51+00:00","dateModified":"2019-07-15T10:07:18+00:00","author":{"@id":"https:\/\/batijournal.com\/#\/schema\/person\/1dc96ec6957aa1ccb25ebe78bb19f100"},"breadcrumb":{"@id":"https:\/\/batijournal.com\/index.php\/connaissance-conservation-restauration-plafonds-peints-medievaux\/93643\/#breadcrumb"},"inLanguage":"fr-FR","potentialAction":[{"@type":"ReadAction","target":["https:\/\/batijournal.com\/index.php\/connaissance-conservation-restauration-plafonds-peints-medievaux\/93643\/"]}]},{"@type":"ImageObject","inLanguage":"fr-FR","@id":"https:\/\/batijournal.com\/index.php\/connaissance-conservation-restauration-plafonds-peints-medievaux\/93643\/#primaryimage","url":"https:\/\/batijournal.com\/wp-content\/uploads\/2016\/09\/plafonds-peints.png","contentUrl":"https:\/\/batijournal.com\/wp-content\/uploads\/2016\/09\/plafonds-peints.png","width":350,"height":147},{"@type":"BreadcrumbList","@id":"https:\/\/batijournal.com\/index.php\/connaissance-conservation-restauration-plafonds-peints-medievaux\/93643\/#breadcrumb","itemListElement":[{"@type":"ListItem","position":1,"name":"Accueil","item":"https:\/\/batijournal.com\/"},{"@type":"ListItem","position":2,"name":"Actualit\u00e9s","item":"https:\/\/batijournal.com\/index.php\/category\/actualites\/"},{"@type":"ListItem","position":3,"name":"Architecture &amp; Conception","item":"https:\/\/batijournal.com\/index.php\/category\/actualites\/architecture-conception\/"},{"@type":"ListItem","position":4,"name":"Connaissance, conservation et restauration des plafonds peints m\u00e9di\u00e9vaux"}]},{"@type":"WebSite","@id":"https:\/\/batijournal.com\/#website","url":"https:\/\/batijournal.com\/","name":"Batijournal","description":"L&#039;actualit\u00e9 du b\u00e2timent","potentialAction":[{"@type":"SearchAction","target":{"@type":"EntryPoint","urlTemplate":"https:\/\/batijournal.com\/?s={search_term_string}"},"query-input":{"@type":"PropertyValueSpecification","valueRequired":true,"valueName":"search_term_string"}}],"inLanguage":"fr-FR"},{"@type":"Person","@id":"https:\/\/batijournal.com\/#\/schema\/person\/1dc96ec6957aa1ccb25ebe78bb19f100","name":"St\u00e9phane Miget","image":{"@type":"ImageObject","inLanguage":"fr-FR","@id":"https:\/\/secure.gravatar.com\/avatar\/89915563d925342126b8ef0281b93d9d7fc337043e8df017f780908eb9644451?s=96&d=mm&r=g","url":"https:\/\/secure.gravatar.com\/avatar\/89915563d925342126b8ef0281b93d9d7fc337043e8df017f780908eb9644451?s=96&d=mm&r=g","contentUrl":"https:\/\/secure.gravatar.com\/avatar\/89915563d925342126b8ef0281b93d9d7fc337043e8df017f780908eb9644451?s=96&d=mm&r=g","caption":"St\u00e9phane Miget"},"url":"https:\/\/batijournal.com\/index.php\/author\/stephane\/"}]}},"_links":{"self":[{"href":"https:\/\/batijournal.com\/index.php\/wp-json\/wp\/v2\/posts\/93643","targetHints":{"allow":["GET"]}}],"collection":[{"href":"https:\/\/batijournal.com\/index.php\/wp-json\/wp\/v2\/posts"}],"about":[{"href":"https:\/\/batijournal.com\/index.php\/wp-json\/wp\/v2\/types\/post"}],"author":[{"embeddable":true,"href":"https:\/\/batijournal.com\/index.php\/wp-json\/wp\/v2\/users\/17"}],"replies":[{"embeddable":true,"href":"https:\/\/batijournal.com\/index.php\/wp-json\/wp\/v2\/comments?post=93643"}],"version-history":[{"count":0,"href":"https:\/\/batijournal.com\/index.php\/wp-json\/wp\/v2\/posts\/93643\/revisions"}],"wp:featuredmedia":[{"embeddable":true,"href":"https:\/\/batijournal.com\/index.php\/wp-json\/wp\/v2\/media\/93644"}],"wp:attachment":[{"href":"https:\/\/batijournal.com\/index.php\/wp-json\/wp\/v2\/media?parent=93643"}],"wp:term":[{"taxonomy":"category","embeddable":true,"href":"https:\/\/batijournal.com\/index.php\/wp-json\/wp\/v2\/categories?post=93643"},{"taxonomy":"post_tag","embeddable":true,"href":"https:\/\/batijournal.com\/index.php\/wp-json\/wp\/v2\/tags?post=93643"}],"curies":[{"name":"wp","href":"https:\/\/api.w.org\/{rel}","templated":true}]}}