{"id":93665,"date":"2016-09-08T09:45:58","date_gmt":"2016-09-08T07:45:58","guid":{"rendered":"http:\/\/batijournal.com\/?p=93665"},"modified":"2016-09-08T09:45:58","modified_gmt":"2016-09-08T07:45:58","slug":"espace-innovation-aux-journees-nationales-de-lumiere-de-lafe-a-lyon","status":"publish","type":"post","link":"https:\/\/batijournal.com\/index.php\/espace-innovation-aux-journees-nationales-de-lumiere-de-lafe-a-lyon\/93665\/","title":{"rendered":"Espace Innovation aux Journ\u00e9es Nationales de la Lumi\u00e8re de l\u2019AFE \u00e0 Lyon"},"content":{"rendered":"<p><strong>Dans le cadre des Journ\u00e9es Nationales de la Lumi\u00e8re de l\u2019AFE, qui se tiendront \u00e0 Lyon les 12 et 13 septembre 2016, l\u2019Espace Innovation proposera une exposition de solutions innovantes pour l\u2019\u00e9clairage. La lumi\u00e8re et l\u2019\u00e9clairage sont aujourd\u2019hui appr\u00e9hend\u00e9s selon deux voies diff\u00e9rentes, visionnaires ou pragmatiques. Ces deux approches sont compl\u00e9mentaires et l\u2019Espace Innovation, fruit du partenariat entre l\u2019AFE, organisatrice des JNL, et le Cluster Lumi\u00e8re, entend les r\u00e9unir<\/strong>.<\/p>\n<p>D&rsquo;ici 2020, de nouvelles obligations r\u00e9glementaires europ\u00e9ennes et fran\u00e7aises obligeront la ma\u00eetrise d&rsquo;ouvrage publique et priv\u00e9e \u00e0 investir plusieurs millions d&rsquo;euros pour la mise en conformit\u00e9 de leurs ouvrages d&rsquo;\u00e9clairage et des r\u00e9seaux. Investissements obligatoires, solutions de financements et \u00e9conomies d\u2019\u00e9nergies, r\u00e9seaux et transition num\u00e9rique, accessibilit\u00e9, LED, sant\u00e9, efficacit\u00e9 \u00e9nerg\u00e9tique, biodiversit\u00e9&#8230; Autant de sujets sur lesquels les collectivit\u00e9s et ma\u00eetres d\u2019ouvrage doivent trouver des r\u00e9ponses pratiques et applicables sur le terrain. Les Journ\u00e9es Nationales de la Lumi\u00e8re 2016 proposent donc de donner les cl\u00e9s de compr\u00e9hension et des retours d\u2019exp\u00e9rience exploitables afin d\u2019anticiper ces obligations et d\u2019investir durablement.<\/p>\n<p>Des ma\u00eetres d\u2019ouvrage ainsi que des experts du monde m\u00e9dical, de l\u2019\u00e9clairage, de la vie urbaine et du b\u00e2timent ont r\u00e9pondu \u00e0 l\u2019appel de l\u2019AFE et accept\u00e9 de venir t\u00e9moigner des solutions trouv\u00e9es, ou qui restent encore \u00e0 trouver : repr\u00e9sentants de collectivit\u00e9s et de syndicats d\u2019\u00e9nergie (ville de Lyon, syndicats d\u2019\u00e9nergie, Groupe AFE M\u00e9tropoles&#8230;), repr\u00e9sentants de l\u2019Etat et des institutionnels (ADEME, AFNOR, Minist\u00e8res, Institut de la Vision&#8230;.), associations et repr\u00e9sentants de pays \u00e9trangers (CIE- France, Cluster Lumi\u00e8re, LUCI&#8230;), professionnels de l\u2019\u00e9clairage, de l\u2019architecture et du design urbain (fabricants, architectes, concepteurs lumi\u00e8re&#8230;).<br \/>\nDes cas pratiques et des points d\u2019information seront pr\u00e9sent\u00e9s sur les sujets cl\u00e9s : \u00e9clairage public, b\u00e2timents et \u00e9clairage int\u00e9rieur, sant\u00e9, efficacit\u00e9 \u00e9nerg\u00e9tique et environnementale.<\/p>\n<p>Les Journ\u00e9es Nationales de la Lumi\u00e8re de l\u2019AFE s\u2019appuient sur le tissu politique, \u00e9conomique et le savoir-faire de la r\u00e9gion qui les accueille. Tout au long de ces journ\u00e9es, des intervenants viendront mettre en lumi\u00e8re des cas pratiques rh\u00f4nalpins. Afin d\u2019appuyer les cas et retours d\u2019exp\u00e9rience, la pr\u00e9sentation des solutions innovantes (conf\u00e9rences et expositions) est organis\u00e9e en partenariat avec le Cluster lumi\u00e8re.<\/p>\n<p>www.clusterlumiere.com<\/p>\n","protected":false},"excerpt":{"rendered":"<p>Dans le cadre des Journ\u00e9es Nationales de la Lumi\u00e8re de l\u2019AFE, qui se tiendront \u00e0 Lyon les 12 et 13 septembre 2016, l\u2019Espace Innovation proposera une exposition de solutions innovantes pour l\u2019\u00e9clairage. La lumi\u00e8re et l\u2019\u00e9clairage sont aujourd\u2019hui appr\u00e9hend\u00e9s selon deux voies diff\u00e9rentes, visionnaires ou pragmatiques. Ces deux approches sont compl\u00e9mentaires et l\u2019Espace Innovation, fruit [&hellip;]<\/p>\n","protected":false},"author":17,"featured_media":93666,"comment_status":"closed","ping_status":"closed","sticky":false,"template":"","format":"standard","meta":{"_et_pb_use_builder":"","_et_pb_old_content":"","_et_gb_content_width":"","footnotes":""},"categories":[10530],"tags":[1409,3110],"class_list":["post-93665","post","type-post","status-publish","format-standard","has-post-thumbnail","hentry","category-actualites","tag-eclairage","tag-lumiere"],"yoast_head":"<!-- This site is optimized with the Yoast SEO plugin v27.4 - https:\/\/yoast.com\/product\/yoast-seo-wordpress\/ -->\n<title>Espace Innovation aux Journ\u00e9es Nationales de la Lumi\u00e8re de l\u2019AFE \u00e0 Lyon<\/title>\n<meta name=\"robots\" content=\"index, follow, max-snippet:-1, max-image-preview:large, max-video-preview:-1\" \/>\n<link rel=\"canonical\" href=\"https:\/\/batijournal.com\/index.php\/espace-innovation-aux-journees-nationales-de-lumiere-de-lafe-a-lyon\/93665\/\" \/>\n<meta property=\"og:locale\" content=\"fr_FR\" \/>\n<meta property=\"og:type\" content=\"article\" \/>\n<meta property=\"og:title\" content=\"Espace Innovation aux Journ\u00e9es Nationales de la Lumi\u00e8re de l\u2019AFE \u00e0 Lyon\" \/>\n<meta property=\"og:description\" content=\"Dans le cadre des Journ\u00e9es Nationales de la Lumi\u00e8re de l\u2019AFE, qui se tiendront \u00e0 Lyon les 12 et 13 septembre 2016, l\u2019Espace Innovation proposera une exposition de solutions innovantes pour l\u2019\u00e9clairage. La lumi\u00e8re et l\u2019\u00e9clairage sont aujourd\u2019hui appr\u00e9hend\u00e9s selon deux voies diff\u00e9rentes, visionnaires ou pragmatiques. Ces deux approches sont compl\u00e9mentaires et l\u2019Espace Innovation, fruit [&hellip;]\" \/>\n<meta property=\"og:url\" content=\"https:\/\/batijournal.com\/index.php\/espace-innovation-aux-journees-nationales-de-lumiere-de-lafe-a-lyon\/93665\/\" \/>\n<meta property=\"og:site_name\" content=\"Batijournal\" \/>\n<meta property=\"article:published_time\" content=\"2016-09-08T07:45:58+00:00\" \/>\n<meta property=\"og:image\" content=\"https:\/\/batijournal.com\/wp-content\/uploads\/2016\/09\/cluster-lumiere.jpg\" \/>\n\t<meta property=\"og:image:width\" content=\"598\" \/>\n\t<meta property=\"og:image:height\" content=\"206\" \/>\n\t<meta property=\"og:image:type\" content=\"image\/jpeg\" \/>\n<meta name=\"author\" content=\"St\u00e9phane Miget\" \/>\n<meta name=\"twitter:card\" content=\"summary_large_image\" \/>\n<meta name=\"twitter:creator\" content=\"@bati_journal\" \/>\n<meta name=\"twitter:site\" content=\"@bati_journal\" \/>\n<meta name=\"twitter:label1\" content=\"\u00c9crit par\" \/>\n\t<meta name=\"twitter:data1\" content=\"St\u00e9phane Miget\" \/>\n\t<meta name=\"twitter:label2\" content=\"Dur\u00e9e de lecture estim\u00e9e\" \/>\n\t<meta name=\"twitter:data2\" content=\"2 minutes\" \/>\n<script type=\"application\/ld+json\" class=\"yoast-schema-graph\">{\"@context\":\"https:\\\/\\\/schema.org\",\"@graph\":[{\"@type\":\"Article\",\"@id\":\"https:\\\/\\\/batijournal.com\\\/index.php\\\/espace-innovation-aux-journees-nationales-de-lumiere-de-lafe-a-lyon\\\/93665\\\/#article\",\"isPartOf\":{\"@id\":\"https:\\\/\\\/batijournal.com\\\/index.php\\\/espace-innovation-aux-journees-nationales-de-lumiere-de-lafe-a-lyon\\\/93665\\\/\"},\"author\":{\"name\":\"St\u00e9phane Miget\",\"@id\":\"https:\\\/\\\/batijournal.com\\\/#\\\/schema\\\/person\\\/1dc96ec6957aa1ccb25ebe78bb19f100\"},\"headline\":\"Espace Innovation aux Journ\u00e9es Nationales de la Lumi\u00e8re de l\u2019AFE \u00e0 Lyon\",\"datePublished\":\"2016-09-08T07:45:58+00:00\",\"mainEntityOfPage\":{\"@id\":\"https:\\\/\\\/batijournal.com\\\/index.php\\\/espace-innovation-aux-journees-nationales-de-lumiere-de-lafe-a-lyon\\\/93665\\\/\"},\"wordCount\":439,\"image\":{\"@id\":\"https:\\\/\\\/batijournal.com\\\/index.php\\\/espace-innovation-aux-journees-nationales-de-lumiere-de-lafe-a-lyon\\\/93665\\\/#primaryimage\"},\"thumbnailUrl\":\"https:\\\/\\\/batijournal.com\\\/wp-content\\\/uploads\\\/2016\\\/09\\\/cluster-lumiere.jpg\",\"keywords\":[\"\u00e9clairage\",\"lumi\u00e8re\"],\"articleSection\":[\"Actualit\u00e9s\"],\"inLanguage\":\"fr-FR\"},{\"@type\":\"WebPage\",\"@id\":\"https:\\\/\\\/batijournal.com\\\/index.php\\\/espace-innovation-aux-journees-nationales-de-lumiere-de-lafe-a-lyon\\\/93665\\\/\",\"url\":\"https:\\\/\\\/batijournal.com\\\/index.php\\\/espace-innovation-aux-journees-nationales-de-lumiere-de-lafe-a-lyon\\\/93665\\\/\",\"name\":\"Espace Innovation aux Journ\u00e9es Nationales de la Lumi\u00e8re de l\u2019AFE \u00e0 Lyon\",\"isPartOf\":{\"@id\":\"https:\\\/\\\/batijournal.com\\\/#website\"},\"primaryImageOfPage\":{\"@id\":\"https:\\\/\\\/batijournal.com\\\/index.php\\\/espace-innovation-aux-journees-nationales-de-lumiere-de-lafe-a-lyon\\\/93665\\\/#primaryimage\"},\"image\":{\"@id\":\"https:\\\/\\\/batijournal.com\\\/index.php\\\/espace-innovation-aux-journees-nationales-de-lumiere-de-lafe-a-lyon\\\/93665\\\/#primaryimage\"},\"thumbnailUrl\":\"https:\\\/\\\/batijournal.com\\\/wp-content\\\/uploads\\\/2016\\\/09\\\/cluster-lumiere.jpg\",\"datePublished\":\"2016-09-08T07:45:58+00:00\",\"author\":{\"@id\":\"https:\\\/\\\/batijournal.com\\\/#\\\/schema\\\/person\\\/1dc96ec6957aa1ccb25ebe78bb19f100\"},\"breadcrumb\":{\"@id\":\"https:\\\/\\\/batijournal.com\\\/index.php\\\/espace-innovation-aux-journees-nationales-de-lumiere-de-lafe-a-lyon\\\/93665\\\/#breadcrumb\"},\"inLanguage\":\"fr-FR\",\"potentialAction\":[{\"@type\":\"ReadAction\",\"target\":[\"https:\\\/\\\/batijournal.com\\\/index.php\\\/espace-innovation-aux-journees-nationales-de-lumiere-de-lafe-a-lyon\\\/93665\\\/\"]}]},{\"@type\":\"ImageObject\",\"inLanguage\":\"fr-FR\",\"@id\":\"https:\\\/\\\/batijournal.com\\\/index.php\\\/espace-innovation-aux-journees-nationales-de-lumiere-de-lafe-a-lyon\\\/93665\\\/#primaryimage\",\"url\":\"https:\\\/\\\/batijournal.com\\\/wp-content\\\/uploads\\\/2016\\\/09\\\/cluster-lumiere.jpg\",\"contentUrl\":\"https:\\\/\\\/batijournal.com\\\/wp-content\\\/uploads\\\/2016\\\/09\\\/cluster-lumiere.jpg\",\"width\":598,\"height\":206},{\"@type\":\"BreadcrumbList\",\"@id\":\"https:\\\/\\\/batijournal.com\\\/index.php\\\/espace-innovation-aux-journees-nationales-de-lumiere-de-lafe-a-lyon\\\/93665\\\/#breadcrumb\",\"itemListElement\":[{\"@type\":\"ListItem\",\"position\":1,\"name\":\"Accueil\",\"item\":\"https:\\\/\\\/batijournal.com\\\/\"},{\"@type\":\"ListItem\",\"position\":2,\"name\":\"Actualit\u00e9s\",\"item\":\"https:\\\/\\\/batijournal.com\\\/index.php\\\/category\\\/actualites\\\/\"},{\"@type\":\"ListItem\",\"position\":3,\"name\":\"Espace Innovation aux Journ\u00e9es Nationales de la Lumi\u00e8re de l\u2019AFE \u00e0 Lyon\"}]},{\"@type\":\"WebSite\",\"@id\":\"https:\\\/\\\/batijournal.com\\\/#website\",\"url\":\"https:\\\/\\\/batijournal.com\\\/\",\"name\":\"Batijournal\",\"description\":\"L&#039;actualit\u00e9 du b\u00e2timent\",\"potentialAction\":[{\"@type\":\"SearchAction\",\"target\":{\"@type\":\"EntryPoint\",\"urlTemplate\":\"https:\\\/\\\/batijournal.com\\\/?s={search_term_string}\"},\"query-input\":{\"@type\":\"PropertyValueSpecification\",\"valueRequired\":true,\"valueName\":\"search_term_string\"}}],\"inLanguage\":\"fr-FR\"},{\"@type\":\"Person\",\"@id\":\"https:\\\/\\\/batijournal.com\\\/#\\\/schema\\\/person\\\/1dc96ec6957aa1ccb25ebe78bb19f100\",\"name\":\"St\u00e9phane Miget\",\"image\":{\"@type\":\"ImageObject\",\"inLanguage\":\"fr-FR\",\"@id\":\"https:\\\/\\\/secure.gravatar.com\\\/avatar\\\/89915563d925342126b8ef0281b93d9d7fc337043e8df017f780908eb9644451?s=96&d=mm&r=g\",\"url\":\"https:\\\/\\\/secure.gravatar.com\\\/avatar\\\/89915563d925342126b8ef0281b93d9d7fc337043e8df017f780908eb9644451?s=96&d=mm&r=g\",\"contentUrl\":\"https:\\\/\\\/secure.gravatar.com\\\/avatar\\\/89915563d925342126b8ef0281b93d9d7fc337043e8df017f780908eb9644451?s=96&d=mm&r=g\",\"caption\":\"St\u00e9phane Miget\"},\"url\":\"https:\\\/\\\/batijournal.com\\\/index.php\\\/author\\\/stephane\\\/\"}]}<\/script>\n<!-- \/ Yoast SEO plugin. -->","yoast_head_json":{"title":"Espace Innovation aux Journ\u00e9es Nationales de la Lumi\u00e8re de l\u2019AFE \u00e0 Lyon","robots":{"index":"index","follow":"follow","max-snippet":"max-snippet:-1","max-image-preview":"max-image-preview:large","max-video-preview":"max-video-preview:-1"},"canonical":"https:\/\/batijournal.com\/index.php\/espace-innovation-aux-journees-nationales-de-lumiere-de-lafe-a-lyon\/93665\/","og_locale":"fr_FR","og_type":"article","og_title":"Espace Innovation aux Journ\u00e9es Nationales de la Lumi\u00e8re de l\u2019AFE \u00e0 Lyon","og_description":"Dans le cadre des Journ\u00e9es Nationales de la Lumi\u00e8re de l\u2019AFE, qui se tiendront \u00e0 Lyon les 12 et 13 septembre 2016, l\u2019Espace Innovation proposera une exposition de solutions innovantes pour l\u2019\u00e9clairage. La lumi\u00e8re et l\u2019\u00e9clairage sont aujourd\u2019hui appr\u00e9hend\u00e9s selon deux voies diff\u00e9rentes, visionnaires ou pragmatiques. Ces deux approches sont compl\u00e9mentaires et l\u2019Espace Innovation, fruit [&hellip;]","og_url":"https:\/\/batijournal.com\/index.php\/espace-innovation-aux-journees-nationales-de-lumiere-de-lafe-a-lyon\/93665\/","og_site_name":"Batijournal","article_published_time":"2016-09-08T07:45:58+00:00","og_image":[{"width":598,"height":206,"url":"https:\/\/batijournal.com\/wp-content\/uploads\/2016\/09\/cluster-lumiere.jpg","type":"image\/jpeg"}],"author":"St\u00e9phane Miget","twitter_card":"summary_large_image","twitter_creator":"@bati_journal","twitter_site":"@bati_journal","twitter_misc":{"\u00c9crit par":"St\u00e9phane Miget","Dur\u00e9e de lecture estim\u00e9e":"2 minutes"},"schema":{"@context":"https:\/\/schema.org","@graph":[{"@type":"Article","@id":"https:\/\/batijournal.com\/index.php\/espace-innovation-aux-journees-nationales-de-lumiere-de-lafe-a-lyon\/93665\/#article","isPartOf":{"@id":"https:\/\/batijournal.com\/index.php\/espace-innovation-aux-journees-nationales-de-lumiere-de-lafe-a-lyon\/93665\/"},"author":{"name":"St\u00e9phane Miget","@id":"https:\/\/batijournal.com\/#\/schema\/person\/1dc96ec6957aa1ccb25ebe78bb19f100"},"headline":"Espace Innovation aux Journ\u00e9es Nationales de la Lumi\u00e8re de l\u2019AFE \u00e0 Lyon","datePublished":"2016-09-08T07:45:58+00:00","mainEntityOfPage":{"@id":"https:\/\/batijournal.com\/index.php\/espace-innovation-aux-journees-nationales-de-lumiere-de-lafe-a-lyon\/93665\/"},"wordCount":439,"image":{"@id":"https:\/\/batijournal.com\/index.php\/espace-innovation-aux-journees-nationales-de-lumiere-de-lafe-a-lyon\/93665\/#primaryimage"},"thumbnailUrl":"https:\/\/batijournal.com\/wp-content\/uploads\/2016\/09\/cluster-lumiere.jpg","keywords":["\u00e9clairage","lumi\u00e8re"],"articleSection":["Actualit\u00e9s"],"inLanguage":"fr-FR"},{"@type":"WebPage","@id":"https:\/\/batijournal.com\/index.php\/espace-innovation-aux-journees-nationales-de-lumiere-de-lafe-a-lyon\/93665\/","url":"https:\/\/batijournal.com\/index.php\/espace-innovation-aux-journees-nationales-de-lumiere-de-lafe-a-lyon\/93665\/","name":"Espace Innovation aux Journ\u00e9es Nationales de la Lumi\u00e8re de l\u2019AFE \u00e0 Lyon","isPartOf":{"@id":"https:\/\/batijournal.com\/#website"},"primaryImageOfPage":{"@id":"https:\/\/batijournal.com\/index.php\/espace-innovation-aux-journees-nationales-de-lumiere-de-lafe-a-lyon\/93665\/#primaryimage"},"image":{"@id":"https:\/\/batijournal.com\/index.php\/espace-innovation-aux-journees-nationales-de-lumiere-de-lafe-a-lyon\/93665\/#primaryimage"},"thumbnailUrl":"https:\/\/batijournal.com\/wp-content\/uploads\/2016\/09\/cluster-lumiere.jpg","datePublished":"2016-09-08T07:45:58+00:00","author":{"@id":"https:\/\/batijournal.com\/#\/schema\/person\/1dc96ec6957aa1ccb25ebe78bb19f100"},"breadcrumb":{"@id":"https:\/\/batijournal.com\/index.php\/espace-innovation-aux-journees-nationales-de-lumiere-de-lafe-a-lyon\/93665\/#breadcrumb"},"inLanguage":"fr-FR","potentialAction":[{"@type":"ReadAction","target":["https:\/\/batijournal.com\/index.php\/espace-innovation-aux-journees-nationales-de-lumiere-de-lafe-a-lyon\/93665\/"]}]},{"@type":"ImageObject","inLanguage":"fr-FR","@id":"https:\/\/batijournal.com\/index.php\/espace-innovation-aux-journees-nationales-de-lumiere-de-lafe-a-lyon\/93665\/#primaryimage","url":"https:\/\/batijournal.com\/wp-content\/uploads\/2016\/09\/cluster-lumiere.jpg","contentUrl":"https:\/\/batijournal.com\/wp-content\/uploads\/2016\/09\/cluster-lumiere.jpg","width":598,"height":206},{"@type":"BreadcrumbList","@id":"https:\/\/batijournal.com\/index.php\/espace-innovation-aux-journees-nationales-de-lumiere-de-lafe-a-lyon\/93665\/#breadcrumb","itemListElement":[{"@type":"ListItem","position":1,"name":"Accueil","item":"https:\/\/batijournal.com\/"},{"@type":"ListItem","position":2,"name":"Actualit\u00e9s","item":"https:\/\/batijournal.com\/index.php\/category\/actualites\/"},{"@type":"ListItem","position":3,"name":"Espace Innovation aux Journ\u00e9es Nationales de la Lumi\u00e8re de l\u2019AFE \u00e0 Lyon"}]},{"@type":"WebSite","@id":"https:\/\/batijournal.com\/#website","url":"https:\/\/batijournal.com\/","name":"Batijournal","description":"L&#039;actualit\u00e9 du b\u00e2timent","potentialAction":[{"@type":"SearchAction","target":{"@type":"EntryPoint","urlTemplate":"https:\/\/batijournal.com\/?s={search_term_string}"},"query-input":{"@type":"PropertyValueSpecification","valueRequired":true,"valueName":"search_term_string"}}],"inLanguage":"fr-FR"},{"@type":"Person","@id":"https:\/\/batijournal.com\/#\/schema\/person\/1dc96ec6957aa1ccb25ebe78bb19f100","name":"St\u00e9phane Miget","image":{"@type":"ImageObject","inLanguage":"fr-FR","@id":"https:\/\/secure.gravatar.com\/avatar\/89915563d925342126b8ef0281b93d9d7fc337043e8df017f780908eb9644451?s=96&d=mm&r=g","url":"https:\/\/secure.gravatar.com\/avatar\/89915563d925342126b8ef0281b93d9d7fc337043e8df017f780908eb9644451?s=96&d=mm&r=g","contentUrl":"https:\/\/secure.gravatar.com\/avatar\/89915563d925342126b8ef0281b93d9d7fc337043e8df017f780908eb9644451?s=96&d=mm&r=g","caption":"St\u00e9phane Miget"},"url":"https:\/\/batijournal.com\/index.php\/author\/stephane\/"}]}},"_links":{"self":[{"href":"https:\/\/batijournal.com\/index.php\/wp-json\/wp\/v2\/posts\/93665","targetHints":{"allow":["GET"]}}],"collection":[{"href":"https:\/\/batijournal.com\/index.php\/wp-json\/wp\/v2\/posts"}],"about":[{"href":"https:\/\/batijournal.com\/index.php\/wp-json\/wp\/v2\/types\/post"}],"author":[{"embeddable":true,"href":"https:\/\/batijournal.com\/index.php\/wp-json\/wp\/v2\/users\/17"}],"replies":[{"embeddable":true,"href":"https:\/\/batijournal.com\/index.php\/wp-json\/wp\/v2\/comments?post=93665"}],"version-history":[{"count":0,"href":"https:\/\/batijournal.com\/index.php\/wp-json\/wp\/v2\/posts\/93665\/revisions"}],"wp:featuredmedia":[{"embeddable":true,"href":"https:\/\/batijournal.com\/index.php\/wp-json\/wp\/v2\/media\/93666"}],"wp:attachment":[{"href":"https:\/\/batijournal.com\/index.php\/wp-json\/wp\/v2\/media?parent=93665"}],"wp:term":[{"taxonomy":"category","embeddable":true,"href":"https:\/\/batijournal.com\/index.php\/wp-json\/wp\/v2\/categories?post=93665"},{"taxonomy":"post_tag","embeddable":true,"href":"https:\/\/batijournal.com\/index.php\/wp-json\/wp\/v2\/tags?post=93665"}],"curies":[{"name":"wp","href":"https:\/\/api.w.org\/{rel}","templated":true}]}}