{"id":93682,"date":"2016-09-09T12:32:50","date_gmt":"2016-09-09T10:32:50","guid":{"rendered":"http:\/\/batijournal.com\/?p=93682"},"modified":"2019-07-15T11:16:36","modified_gmt":"2019-07-15T09:16:36","slug":"renovation-musee-de-cluny","status":"publish","type":"post","link":"https:\/\/batijournal.com\/index.php\/renovation-musee-de-cluny\/93682\/","title":{"rendered":"R\u00e9novation du mus\u00e9e de Cluny"},"content":{"rendered":"<p>Le mus\u00e9e de Cluny, situ\u00e9 dans le 5\u00e8me arrondissement de Paris, au coeur du Quartier Latin a engag\u00e9 depuis l&rsquo;automne 2015 des travaux de modernisation pour faire face \u00e0 une probl\u00e9matique d&rsquo;accessibilit\u00e9 pour tous et d&rsquo;urgence patrimoniale.<\/p>\n<p>Le projet \u00ab\u00a0Cluny 4\u00a0\u00bb \u00a0se d\u00e9cline en quatre volets :<\/p>\n<p>1 &#8211; restauration des b\u00e2timents : la chapelle de l&rsquo;h\u00f4tel de Cluny en 2015-2016, les thermes gallo-romains en 2016-2017<\/p>\n<p>2 &#8211; construction d&rsquo;un nouvel espace d&rsquo;accueil sur le boulevard Saint-Michel, inaugur\u00e9 au printemps 2018<\/p>\n<p>3 &#8211; refonte des parcours mus\u00e9ographiques dont la premi\u00e8re partie sera ouverte en m\u00eame temps que le nouvel accueil, la seconde partie est pr\u00e9vue pour 2020<\/p>\n<p>4 &#8211; reprise du jardin m\u00e9di\u00e9val et l&rsquo;optimisation de l&rsquo;insertion urbaine \u00e0 l&rsquo;horizon 2020<\/p>\n<p>L&rsquo;architecte Bernard Desmoulin se caract\u00e9rise par une approche discr\u00e8te et respectueuse du b\u00e2ti ancien. Le nouvel accueil respectera l&rsquo;\u00e9chelle des b\u00e2timents environnants. Il cr\u00e9era un dialogue entre les monuments de diff\u00e9rentes \u00e9poques qui accueillent le mus\u00e9e.<\/p>\n<p>Les fa\u00e7ades gris\u00e9es entreront en harmonie avec la couleur des pierres environnantes. L&rsquo;architecte a \u00e9galement manifest\u00e9 sa sensibilit\u00e9 au lieu par la reprise sur l&rsquo;enveloppe externe d&rsquo;un motif gothique de guip\u00fbre, pr\u00e9sent dans l&rsquo;escalier de la chapelle du mus\u00e9e.<\/p>\n<p><strong>D\u00e9couvrez le projet en vid\u00e9o \u00a0\u00a0<\/strong><br \/>\n<iframe loading=\"lazy\" src=\"https:\/\/www.youtube.com\/embed\/sE7uHhcr1LU\" width=\"560\" height=\"315\" frameborder=\"0\" allowfullscreen=\"allowfullscreen\"><\/iframe><\/p>\n<p>Photo :\u00a0By NonOmnisMoriar (Own work) [GFDL (http:\/\/www.gnu.org\/copyleft\/fdl.html) or CC BY-SA 3.0 (http:\/\/creativecommons.org\/licenses\/by-sa\/3.0)], via Wikimedia Commons<\/p>\n","protected":false},"excerpt":{"rendered":"<p>Le mus\u00e9e de Cluny, situ\u00e9 dans le 5\u00e8me arrondissement de Paris, au coeur du Quartier Latin a engag\u00e9 depuis l&rsquo;automne 2015 des travaux de modernisation pour faire face \u00e0 une probl\u00e9matique d&rsquo;accessibilit\u00e9 pour tous et d&rsquo;urgence patrimoniale. Le projet \u00ab\u00a0Cluny 4\u00a0\u00bb \u00a0se d\u00e9cline en quatre volets : 1 &#8211; restauration des b\u00e2timents : la chapelle [&hellip;]<\/p>\n","protected":false},"author":1,"featured_media":93683,"comment_status":"closed","ping_status":"closed","sticky":false,"template":"","format":"standard","meta":{"_et_pb_use_builder":"","_et_pb_old_content":"","_et_gb_content_width":"","footnotes":""},"categories":[6340],"tags":[5508,6015],"class_list":["post-93682","post","type-post","status-publish","format-standard","has-post-thumbnail","hentry","category-architecture-conception","tag-cluny","tag-renovation"],"yoast_head":"<!-- This site is optimized with the Yoast SEO plugin v27.4 - https:\/\/yoast.com\/product\/yoast-seo-wordpress\/ -->\n<title>R\u00e9novation du mus\u00e9e de Cluny<\/title>\n<meta name=\"robots\" content=\"index, follow, max-snippet:-1, max-image-preview:large, max-video-preview:-1\" \/>\n<link rel=\"canonical\" href=\"https:\/\/batijournal.com\/index.php\/renovation-musee-de-cluny\/93682\/\" \/>\n<meta property=\"og:locale\" content=\"fr_FR\" \/>\n<meta property=\"og:type\" content=\"article\" \/>\n<meta property=\"og:title\" content=\"R\u00e9novation du mus\u00e9e de Cluny\" \/>\n<meta property=\"og:description\" content=\"Le mus\u00e9e de Cluny, situ\u00e9 dans le 5\u00e8me arrondissement de Paris, au coeur du Quartier Latin a engag\u00e9 depuis l&rsquo;automne 2015 des travaux de modernisation pour faire face \u00e0 une probl\u00e9matique d&rsquo;accessibilit\u00e9 pour tous et d&rsquo;urgence patrimoniale. Le projet \u00ab\u00a0Cluny 4\u00a0\u00bb \u00a0se d\u00e9cline en quatre volets : 1 &#8211; restauration des b\u00e2timents : la chapelle [&hellip;]\" \/>\n<meta property=\"og:url\" content=\"https:\/\/batijournal.com\/index.php\/renovation-musee-de-cluny\/93682\/\" \/>\n<meta property=\"og:site_name\" content=\"Batijournal\" \/>\n<meta property=\"article:published_time\" content=\"2016-09-09T10:32:50+00:00\" \/>\n<meta property=\"article:modified_time\" content=\"2019-07-15T09:16:36+00:00\" \/>\n<meta property=\"og:image\" content=\"https:\/\/batijournal.com\/wp-content\/uploads\/2016\/09\/Hotel_de_cluny_entrance-671x1024.jpg\" \/>\n\t<meta property=\"og:image:width\" content=\"671\" \/>\n\t<meta property=\"og:image:height\" content=\"1024\" \/>\n\t<meta property=\"og:image:type\" content=\"image\/jpeg\" \/>\n<meta name=\"author\" content=\"Bati-journal\" \/>\n<meta name=\"twitter:card\" content=\"summary_large_image\" \/>\n<meta name=\"twitter:creator\" content=\"@bati_journal\" \/>\n<meta name=\"twitter:site\" content=\"@bati_journal\" \/>\n<meta name=\"twitter:label1\" content=\"\u00c9crit par\" \/>\n\t<meta name=\"twitter:data1\" content=\"Bati-journal\" \/>\n\t<meta name=\"twitter:label2\" content=\"Dur\u00e9e de lecture estim\u00e9e\" \/>\n\t<meta name=\"twitter:data2\" content=\"1 minute\" \/>\n<script type=\"application\/ld+json\" class=\"yoast-schema-graph\">{\"@context\":\"https:\\\/\\\/schema.org\",\"@graph\":[{\"@type\":\"Article\",\"@id\":\"https:\\\/\\\/batijournal.com\\\/index.php\\\/renovation-musee-de-cluny\\\/93682\\\/#article\",\"isPartOf\":{\"@id\":\"https:\\\/\\\/batijournal.com\\\/index.php\\\/renovation-musee-de-cluny\\\/93682\\\/\"},\"author\":{\"name\":\"Bati-journal\",\"@id\":\"https:\\\/\\\/batijournal.com\\\/#\\\/schema\\\/person\\\/6a657e8967569e1b299972574848aa76\"},\"headline\":\"R\u00e9novation du mus\u00e9e de Cluny\",\"datePublished\":\"2016-09-09T10:32:50+00:00\",\"dateModified\":\"2019-07-15T09:16:36+00:00\",\"mainEntityOfPage\":{\"@id\":\"https:\\\/\\\/batijournal.com\\\/index.php\\\/renovation-musee-de-cluny\\\/93682\\\/\"},\"wordCount\":259,\"image\":{\"@id\":\"https:\\\/\\\/batijournal.com\\\/index.php\\\/renovation-musee-de-cluny\\\/93682\\\/#primaryimage\"},\"thumbnailUrl\":\"https:\\\/\\\/batijournal.com\\\/wp-content\\\/uploads\\\/2016\\\/09\\\/Hotel_de_cluny_entrance.jpg\",\"keywords\":[\"Cluny\",\"r\u00e9novation\"],\"articleSection\":[\"Architecture &amp; Conception\"],\"inLanguage\":\"fr-FR\"},{\"@type\":\"WebPage\",\"@id\":\"https:\\\/\\\/batijournal.com\\\/index.php\\\/renovation-musee-de-cluny\\\/93682\\\/\",\"url\":\"https:\\\/\\\/batijournal.com\\\/index.php\\\/renovation-musee-de-cluny\\\/93682\\\/\",\"name\":\"R\u00e9novation du mus\u00e9e de Cluny\",\"isPartOf\":{\"@id\":\"https:\\\/\\\/batijournal.com\\\/#website\"},\"primaryImageOfPage\":{\"@id\":\"https:\\\/\\\/batijournal.com\\\/index.php\\\/renovation-musee-de-cluny\\\/93682\\\/#primaryimage\"},\"image\":{\"@id\":\"https:\\\/\\\/batijournal.com\\\/index.php\\\/renovation-musee-de-cluny\\\/93682\\\/#primaryimage\"},\"thumbnailUrl\":\"https:\\\/\\\/batijournal.com\\\/wp-content\\\/uploads\\\/2016\\\/09\\\/Hotel_de_cluny_entrance.jpg\",\"datePublished\":\"2016-09-09T10:32:50+00:00\",\"dateModified\":\"2019-07-15T09:16:36+00:00\",\"author\":{\"@id\":\"https:\\\/\\\/batijournal.com\\\/#\\\/schema\\\/person\\\/6a657e8967569e1b299972574848aa76\"},\"breadcrumb\":{\"@id\":\"https:\\\/\\\/batijournal.com\\\/index.php\\\/renovation-musee-de-cluny\\\/93682\\\/#breadcrumb\"},\"inLanguage\":\"fr-FR\",\"potentialAction\":[{\"@type\":\"ReadAction\",\"target\":[\"https:\\\/\\\/batijournal.com\\\/index.php\\\/renovation-musee-de-cluny\\\/93682\\\/\"]}]},{\"@type\":\"ImageObject\",\"inLanguage\":\"fr-FR\",\"@id\":\"https:\\\/\\\/batijournal.com\\\/index.php\\\/renovation-musee-de-cluny\\\/93682\\\/#primaryimage\",\"url\":\"https:\\\/\\\/batijournal.com\\\/wp-content\\\/uploads\\\/2016\\\/09\\\/Hotel_de_cluny_entrance.jpg\",\"contentUrl\":\"https:\\\/\\\/batijournal.com\\\/wp-content\\\/uploads\\\/2016\\\/09\\\/Hotel_de_cluny_entrance.jpg\",\"width\":3037,\"height\":4635},{\"@type\":\"BreadcrumbList\",\"@id\":\"https:\\\/\\\/batijournal.com\\\/index.php\\\/renovation-musee-de-cluny\\\/93682\\\/#breadcrumb\",\"itemListElement\":[{\"@type\":\"ListItem\",\"position\":1,\"name\":\"Accueil\",\"item\":\"https:\\\/\\\/batijournal.com\\\/\"},{\"@type\":\"ListItem\",\"position\":2,\"name\":\"Actualit\u00e9s\",\"item\":\"https:\\\/\\\/batijournal.com\\\/index.php\\\/category\\\/actualites\\\/\"},{\"@type\":\"ListItem\",\"position\":3,\"name\":\"Architecture &amp; Conception\",\"item\":\"https:\\\/\\\/batijournal.com\\\/index.php\\\/category\\\/actualites\\\/architecture-conception\\\/\"},{\"@type\":\"ListItem\",\"position\":4,\"name\":\"R\u00e9novation du mus\u00e9e de Cluny\"}]},{\"@type\":\"WebSite\",\"@id\":\"https:\\\/\\\/batijournal.com\\\/#website\",\"url\":\"https:\\\/\\\/batijournal.com\\\/\",\"name\":\"Batijournal\",\"description\":\"L&#039;actualit\u00e9 du b\u00e2timent\",\"potentialAction\":[{\"@type\":\"SearchAction\",\"target\":{\"@type\":\"EntryPoint\",\"urlTemplate\":\"https:\\\/\\\/batijournal.com\\\/?s={search_term_string}\"},\"query-input\":{\"@type\":\"PropertyValueSpecification\",\"valueRequired\":true,\"valueName\":\"search_term_string\"}}],\"inLanguage\":\"fr-FR\"},{\"@type\":\"Person\",\"@id\":\"https:\\\/\\\/batijournal.com\\\/#\\\/schema\\\/person\\\/6a657e8967569e1b299972574848aa76\",\"name\":\"Bati-journal\",\"image\":{\"@type\":\"ImageObject\",\"inLanguage\":\"fr-FR\",\"@id\":\"https:\\\/\\\/secure.gravatar.com\\\/avatar\\\/a64364ea26392f9b4dd47e017ddaec74ff03aefc073b49e492e847201258f777?s=96&d=mm&r=g\",\"url\":\"https:\\\/\\\/secure.gravatar.com\\\/avatar\\\/a64364ea26392f9b4dd47e017ddaec74ff03aefc073b49e492e847201258f777?s=96&d=mm&r=g\",\"contentUrl\":\"https:\\\/\\\/secure.gravatar.com\\\/avatar\\\/a64364ea26392f9b4dd47e017ddaec74ff03aefc073b49e492e847201258f777?s=96&d=mm&r=g\",\"caption\":\"Bati-journal\"},\"url\":\"https:\\\/\\\/batijournal.com\\\/index.php\\\/author\\\/elodie\\\/\"}]}<\/script>\n<!-- \/ Yoast SEO plugin. -->","yoast_head_json":{"title":"R\u00e9novation du mus\u00e9e de Cluny","robots":{"index":"index","follow":"follow","max-snippet":"max-snippet:-1","max-image-preview":"max-image-preview:large","max-video-preview":"max-video-preview:-1"},"canonical":"https:\/\/batijournal.com\/index.php\/renovation-musee-de-cluny\/93682\/","og_locale":"fr_FR","og_type":"article","og_title":"R\u00e9novation du mus\u00e9e de Cluny","og_description":"Le mus\u00e9e de Cluny, situ\u00e9 dans le 5\u00e8me arrondissement de Paris, au coeur du Quartier Latin a engag\u00e9 depuis l&rsquo;automne 2015 des travaux de modernisation pour faire face \u00e0 une probl\u00e9matique d&rsquo;accessibilit\u00e9 pour tous et d&rsquo;urgence patrimoniale. Le projet \u00ab\u00a0Cluny 4\u00a0\u00bb \u00a0se d\u00e9cline en quatre volets : 1 &#8211; restauration des b\u00e2timents : la chapelle [&hellip;]","og_url":"https:\/\/batijournal.com\/index.php\/renovation-musee-de-cluny\/93682\/","og_site_name":"Batijournal","article_published_time":"2016-09-09T10:32:50+00:00","article_modified_time":"2019-07-15T09:16:36+00:00","og_image":[{"width":671,"height":1024,"url":"https:\/\/batijournal.com\/wp-content\/uploads\/2016\/09\/Hotel_de_cluny_entrance-671x1024.jpg","type":"image\/jpeg"}],"author":"Bati-journal","twitter_card":"summary_large_image","twitter_creator":"@bati_journal","twitter_site":"@bati_journal","twitter_misc":{"\u00c9crit par":"Bati-journal","Dur\u00e9e de lecture estim\u00e9e":"1 minute"},"schema":{"@context":"https:\/\/schema.org","@graph":[{"@type":"Article","@id":"https:\/\/batijournal.com\/index.php\/renovation-musee-de-cluny\/93682\/#article","isPartOf":{"@id":"https:\/\/batijournal.com\/index.php\/renovation-musee-de-cluny\/93682\/"},"author":{"name":"Bati-journal","@id":"https:\/\/batijournal.com\/#\/schema\/person\/6a657e8967569e1b299972574848aa76"},"headline":"R\u00e9novation du mus\u00e9e de Cluny","datePublished":"2016-09-09T10:32:50+00:00","dateModified":"2019-07-15T09:16:36+00:00","mainEntityOfPage":{"@id":"https:\/\/batijournal.com\/index.php\/renovation-musee-de-cluny\/93682\/"},"wordCount":259,"image":{"@id":"https:\/\/batijournal.com\/index.php\/renovation-musee-de-cluny\/93682\/#primaryimage"},"thumbnailUrl":"https:\/\/batijournal.com\/wp-content\/uploads\/2016\/09\/Hotel_de_cluny_entrance.jpg","keywords":["Cluny","r\u00e9novation"],"articleSection":["Architecture &amp; Conception"],"inLanguage":"fr-FR"},{"@type":"WebPage","@id":"https:\/\/batijournal.com\/index.php\/renovation-musee-de-cluny\/93682\/","url":"https:\/\/batijournal.com\/index.php\/renovation-musee-de-cluny\/93682\/","name":"R\u00e9novation du mus\u00e9e de Cluny","isPartOf":{"@id":"https:\/\/batijournal.com\/#website"},"primaryImageOfPage":{"@id":"https:\/\/batijournal.com\/index.php\/renovation-musee-de-cluny\/93682\/#primaryimage"},"image":{"@id":"https:\/\/batijournal.com\/index.php\/renovation-musee-de-cluny\/93682\/#primaryimage"},"thumbnailUrl":"https:\/\/batijournal.com\/wp-content\/uploads\/2016\/09\/Hotel_de_cluny_entrance.jpg","datePublished":"2016-09-09T10:32:50+00:00","dateModified":"2019-07-15T09:16:36+00:00","author":{"@id":"https:\/\/batijournal.com\/#\/schema\/person\/6a657e8967569e1b299972574848aa76"},"breadcrumb":{"@id":"https:\/\/batijournal.com\/index.php\/renovation-musee-de-cluny\/93682\/#breadcrumb"},"inLanguage":"fr-FR","potentialAction":[{"@type":"ReadAction","target":["https:\/\/batijournal.com\/index.php\/renovation-musee-de-cluny\/93682\/"]}]},{"@type":"ImageObject","inLanguage":"fr-FR","@id":"https:\/\/batijournal.com\/index.php\/renovation-musee-de-cluny\/93682\/#primaryimage","url":"https:\/\/batijournal.com\/wp-content\/uploads\/2016\/09\/Hotel_de_cluny_entrance.jpg","contentUrl":"https:\/\/batijournal.com\/wp-content\/uploads\/2016\/09\/Hotel_de_cluny_entrance.jpg","width":3037,"height":4635},{"@type":"BreadcrumbList","@id":"https:\/\/batijournal.com\/index.php\/renovation-musee-de-cluny\/93682\/#breadcrumb","itemListElement":[{"@type":"ListItem","position":1,"name":"Accueil","item":"https:\/\/batijournal.com\/"},{"@type":"ListItem","position":2,"name":"Actualit\u00e9s","item":"https:\/\/batijournal.com\/index.php\/category\/actualites\/"},{"@type":"ListItem","position":3,"name":"Architecture &amp; Conception","item":"https:\/\/batijournal.com\/index.php\/category\/actualites\/architecture-conception\/"},{"@type":"ListItem","position":4,"name":"R\u00e9novation du mus\u00e9e de Cluny"}]},{"@type":"WebSite","@id":"https:\/\/batijournal.com\/#website","url":"https:\/\/batijournal.com\/","name":"Batijournal","description":"L&#039;actualit\u00e9 du b\u00e2timent","potentialAction":[{"@type":"SearchAction","target":{"@type":"EntryPoint","urlTemplate":"https:\/\/batijournal.com\/?s={search_term_string}"},"query-input":{"@type":"PropertyValueSpecification","valueRequired":true,"valueName":"search_term_string"}}],"inLanguage":"fr-FR"},{"@type":"Person","@id":"https:\/\/batijournal.com\/#\/schema\/person\/6a657e8967569e1b299972574848aa76","name":"Bati-journal","image":{"@type":"ImageObject","inLanguage":"fr-FR","@id":"https:\/\/secure.gravatar.com\/avatar\/a64364ea26392f9b4dd47e017ddaec74ff03aefc073b49e492e847201258f777?s=96&d=mm&r=g","url":"https:\/\/secure.gravatar.com\/avatar\/a64364ea26392f9b4dd47e017ddaec74ff03aefc073b49e492e847201258f777?s=96&d=mm&r=g","contentUrl":"https:\/\/secure.gravatar.com\/avatar\/a64364ea26392f9b4dd47e017ddaec74ff03aefc073b49e492e847201258f777?s=96&d=mm&r=g","caption":"Bati-journal"},"url":"https:\/\/batijournal.com\/index.php\/author\/elodie\/"}]}},"_links":{"self":[{"href":"https:\/\/batijournal.com\/index.php\/wp-json\/wp\/v2\/posts\/93682","targetHints":{"allow":["GET"]}}],"collection":[{"href":"https:\/\/batijournal.com\/index.php\/wp-json\/wp\/v2\/posts"}],"about":[{"href":"https:\/\/batijournal.com\/index.php\/wp-json\/wp\/v2\/types\/post"}],"author":[{"embeddable":true,"href":"https:\/\/batijournal.com\/index.php\/wp-json\/wp\/v2\/users\/1"}],"replies":[{"embeddable":true,"href":"https:\/\/batijournal.com\/index.php\/wp-json\/wp\/v2\/comments?post=93682"}],"version-history":[{"count":0,"href":"https:\/\/batijournal.com\/index.php\/wp-json\/wp\/v2\/posts\/93682\/revisions"}],"wp:featuredmedia":[{"embeddable":true,"href":"https:\/\/batijournal.com\/index.php\/wp-json\/wp\/v2\/media\/93683"}],"wp:attachment":[{"href":"https:\/\/batijournal.com\/index.php\/wp-json\/wp\/v2\/media?parent=93682"}],"wp:term":[{"taxonomy":"category","embeddable":true,"href":"https:\/\/batijournal.com\/index.php\/wp-json\/wp\/v2\/categories?post=93682"},{"taxonomy":"post_tag","embeddable":true,"href":"https:\/\/batijournal.com\/index.php\/wp-json\/wp\/v2\/tags?post=93682"}],"curies":[{"name":"wp","href":"https:\/\/api.w.org\/{rel}","templated":true}]}}