{"id":93702,"date":"2016-09-13T08:33:01","date_gmt":"2016-09-13T06:33:01","guid":{"rendered":"http:\/\/batijournal.com\/?p=93702"},"modified":"2019-07-15T11:27:50","modified_gmt":"2019-07-15T09:27:50","slug":"groupement-dinteret-public-remettre-candidature-francaise-a-lexposition-universelle-de-2025-rails","status":"publish","type":"post","link":"https:\/\/batijournal.com\/index.php\/groupement-dinteret-public-remettre-candidature-francaise-a-lexposition-universelle-de-2025-rails\/93702\/","title":{"rendered":"Un Groupement d\u2019int\u00e9r\u00eat public pour remettre la candidature fran\u00e7aise \u00e0 l&rsquo;Exposition universelle de 2025 sur les rails"},"content":{"rendered":"<p>Manuel Valls, Premier ministre, a re\u00e7u, en pr\u00e9sence de Jean-Marc Ayrault, ministre des Affaires \u00e9trang\u00e8res et du d\u00e9veloppement international, Audrey Azoulay, ministre de la Culture et de la Communication, et Christian Eckert, secr\u00e9taire d\u2019Etat charg\u00e9 du Budget, l\u2019ensemble des parties prenantes au projet de candidature fran\u00e7aise \u00e0 l&rsquo;organisation de l&rsquo;Exposition universelle de 2025 : Val\u00e9rie P\u00e9cresse, pr\u00e9sidente de la r\u00e9gion Ile-de-France, Patrick Ollier, pr\u00e9sident de la M\u00e9tropole du Grand Paris, Luc Carvounas, s\u00e9nateur-maire d\u2019Alfortville, Jean-Louis Missika, adjoint au Maire de Paris, qui repr\u00e9sentait Anne Hidalgo, Jean-Christophe Fromantin, pr\u00e9sident de l\u2019association EXPOFRANCE 2025. Les entreprises partenaires de l\u2019association \u00e9taient repr\u00e9sent\u00e9es par Augustin de Romanet, pr\u00e9sident directeur g\u00e9n\u00e9ral du groupe ADP, et Dominique Lefebvre, pr\u00e9sident du Conseil d\u2019administration du Cr\u00e9dit agricole.<\/p>\n<p>Sur proposition de Pascal Lamy, d\u00e9l\u00e9gu\u00e9 interminist\u00e9riel charg\u00e9 de la candidature, il a \u00e9t\u00e9 d\u00e9cid\u00e9 de cr\u00e9er un cadre commun pour porter cette candidature. Il s\u2019agira d\u2019un Groupement d\u2019int\u00e9r\u00eat public, r\u00e9unissant aux c\u00f4t\u00e9s de l\u2019Etat l\u2019association ExpoFrance 2025, la Ville de Paris, la R\u00e9gion Ile-de-France et la M\u00e9tropole du Grand Paris. Le cadre de la mobilisation des acteurs \u00e9tant fix\u00e9, le Premier ministre proposera au Pr\u00e9sident de la R\u00e9publique de confirmer la candidature de la France aupr\u00e8s du Bureau International des Expositions. Les membres du futur Groupement d\u2019int\u00e9r\u00eat public travailleront \u00e0 mobiliser tous les atouts : th\u00e8me, organisation spatiale, modalit\u00e9s de choix du site au sein du Grand Paris.<\/p>\n","protected":false},"excerpt":{"rendered":"<p>Manuel Valls, Premier ministre, a re\u00e7u, en pr\u00e9sence de Jean-Marc Ayrault, ministre des Affaires \u00e9trang\u00e8res et du d\u00e9veloppement international, Audrey Azoulay, ministre de la Culture et de la Communication, et Christian Eckert, secr\u00e9taire d\u2019Etat charg\u00e9 du Budget, l\u2019ensemble des parties prenantes au projet de candidature fran\u00e7aise \u00e0 l&rsquo;organisation de l&rsquo;Exposition universelle de 2025 : Val\u00e9rie [&hellip;]<\/p>\n","protected":false},"author":17,"featured_media":93704,"comment_status":"closed","ping_status":"closed","sticky":false,"template":"","format":"standard","meta":{"_et_pb_use_builder":"","_et_pb_old_content":"","_et_gb_content_width":"","footnotes":""},"categories":[6340],"tags":[3561],"class_list":["post-93702","post","type-post","status-publish","format-standard","has-post-thumbnail","hentry","category-architecture-conception","tag-exposition-universelle"],"yoast_head":"<!-- This site is optimized with the Yoast SEO plugin v27.4 - https:\/\/yoast.com\/product\/yoast-seo-wordpress\/ -->\n<title>Un Groupement d\u2019int\u00e9r\u00eat public pour remettre la candidature fran\u00e7aise \u00e0 l&#039;Exposition universelle de 2025 sur les rails<\/title>\n<meta name=\"robots\" content=\"index, follow, max-snippet:-1, max-image-preview:large, max-video-preview:-1\" \/>\n<link rel=\"canonical\" href=\"https:\/\/batijournal.com\/index.php\/groupement-dinteret-public-remettre-candidature-francaise-a-lexposition-universelle-de-2025-rails\/93702\/\" \/>\n<meta property=\"og:locale\" content=\"fr_FR\" \/>\n<meta property=\"og:type\" content=\"article\" \/>\n<meta property=\"og:title\" content=\"Un Groupement d\u2019int\u00e9r\u00eat public pour remettre la candidature fran\u00e7aise \u00e0 l&#039;Exposition universelle de 2025 sur les rails\" \/>\n<meta property=\"og:description\" content=\"Manuel Valls, Premier ministre, a re\u00e7u, en pr\u00e9sence de Jean-Marc Ayrault, ministre des Affaires \u00e9trang\u00e8res et du d\u00e9veloppement international, Audrey Azoulay, ministre de la Culture et de la Communication, et Christian Eckert, secr\u00e9taire d\u2019Etat charg\u00e9 du Budget, l\u2019ensemble des parties prenantes au projet de candidature fran\u00e7aise \u00e0 l&rsquo;organisation de l&rsquo;Exposition universelle de 2025 : Val\u00e9rie [&hellip;]\" \/>\n<meta property=\"og:url\" content=\"https:\/\/batijournal.com\/index.php\/groupement-dinteret-public-remettre-candidature-francaise-a-lexposition-universelle-de-2025-rails\/93702\/\" \/>\n<meta property=\"og:site_name\" content=\"Batijournal\" \/>\n<meta property=\"article:published_time\" content=\"2016-09-13T06:33:01+00:00\" \/>\n<meta property=\"article:modified_time\" content=\"2019-07-15T09:27:50+00:00\" \/>\n<meta property=\"og:image\" content=\"https:\/\/batijournal.com\/wp-content\/uploads\/2016\/09\/expo-universelle-france-2025.jpg\" \/>\n\t<meta property=\"og:image:width\" content=\"588\" \/>\n\t<meta property=\"og:image:height\" content=\"292\" \/>\n\t<meta property=\"og:image:type\" content=\"image\/jpeg\" \/>\n<meta name=\"author\" content=\"St\u00e9phane Miget\" \/>\n<meta name=\"twitter:card\" content=\"summary_large_image\" \/>\n<meta name=\"twitter:creator\" content=\"@bati_journal\" \/>\n<meta name=\"twitter:site\" content=\"@bati_journal\" \/>\n<meta name=\"twitter:label1\" content=\"\u00c9crit par\" \/>\n\t<meta name=\"twitter:data1\" content=\"St\u00e9phane Miget\" \/>\n\t<meta name=\"twitter:label2\" content=\"Dur\u00e9e de lecture estim\u00e9e\" \/>\n\t<meta name=\"twitter:data2\" content=\"1 minute\" \/>\n<script type=\"application\/ld+json\" class=\"yoast-schema-graph\">{\"@context\":\"https:\\\/\\\/schema.org\",\"@graph\":[{\"@type\":\"Article\",\"@id\":\"https:\\\/\\\/batijournal.com\\\/index.php\\\/groupement-dinteret-public-remettre-candidature-francaise-a-lexposition-universelle-de-2025-rails\\\/93702\\\/#article\",\"isPartOf\":{\"@id\":\"https:\\\/\\\/batijournal.com\\\/index.php\\\/groupement-dinteret-public-remettre-candidature-francaise-a-lexposition-universelle-de-2025-rails\\\/93702\\\/\"},\"author\":{\"name\":\"St\u00e9phane Miget\",\"@id\":\"https:\\\/\\\/batijournal.com\\\/#\\\/schema\\\/person\\\/1dc96ec6957aa1ccb25ebe78bb19f100\"},\"headline\":\"Un Groupement d\u2019int\u00e9r\u00eat public pour remettre la candidature fran\u00e7aise \u00e0 l&rsquo;Exposition universelle de 2025 sur les rails\",\"datePublished\":\"2016-09-13T06:33:01+00:00\",\"dateModified\":\"2019-07-15T09:27:50+00:00\",\"mainEntityOfPage\":{\"@id\":\"https:\\\/\\\/batijournal.com\\\/index.php\\\/groupement-dinteret-public-remettre-candidature-francaise-a-lexposition-universelle-de-2025-rails\\\/93702\\\/\"},\"wordCount\":296,\"image\":{\"@id\":\"https:\\\/\\\/batijournal.com\\\/index.php\\\/groupement-dinteret-public-remettre-candidature-francaise-a-lexposition-universelle-de-2025-rails\\\/93702\\\/#primaryimage\"},\"thumbnailUrl\":\"https:\\\/\\\/batijournal.com\\\/wp-content\\\/uploads\\\/2016\\\/09\\\/expo-universelle-france-2025.jpg\",\"keywords\":[\"Exposition universelle\"],\"articleSection\":[\"Architecture &amp; Conception\"],\"inLanguage\":\"fr-FR\"},{\"@type\":\"WebPage\",\"@id\":\"https:\\\/\\\/batijournal.com\\\/index.php\\\/groupement-dinteret-public-remettre-candidature-francaise-a-lexposition-universelle-de-2025-rails\\\/93702\\\/\",\"url\":\"https:\\\/\\\/batijournal.com\\\/index.php\\\/groupement-dinteret-public-remettre-candidature-francaise-a-lexposition-universelle-de-2025-rails\\\/93702\\\/\",\"name\":\"Un Groupement d\u2019int\u00e9r\u00eat public pour remettre la candidature fran\u00e7aise \u00e0 l'Exposition universelle de 2025 sur les rails\",\"isPartOf\":{\"@id\":\"https:\\\/\\\/batijournal.com\\\/#website\"},\"primaryImageOfPage\":{\"@id\":\"https:\\\/\\\/batijournal.com\\\/index.php\\\/groupement-dinteret-public-remettre-candidature-francaise-a-lexposition-universelle-de-2025-rails\\\/93702\\\/#primaryimage\"},\"image\":{\"@id\":\"https:\\\/\\\/batijournal.com\\\/index.php\\\/groupement-dinteret-public-remettre-candidature-francaise-a-lexposition-universelle-de-2025-rails\\\/93702\\\/#primaryimage\"},\"thumbnailUrl\":\"https:\\\/\\\/batijournal.com\\\/wp-content\\\/uploads\\\/2016\\\/09\\\/expo-universelle-france-2025.jpg\",\"datePublished\":\"2016-09-13T06:33:01+00:00\",\"dateModified\":\"2019-07-15T09:27:50+00:00\",\"author\":{\"@id\":\"https:\\\/\\\/batijournal.com\\\/#\\\/schema\\\/person\\\/1dc96ec6957aa1ccb25ebe78bb19f100\"},\"breadcrumb\":{\"@id\":\"https:\\\/\\\/batijournal.com\\\/index.php\\\/groupement-dinteret-public-remettre-candidature-francaise-a-lexposition-universelle-de-2025-rails\\\/93702\\\/#breadcrumb\"},\"inLanguage\":\"fr-FR\",\"potentialAction\":[{\"@type\":\"ReadAction\",\"target\":[\"https:\\\/\\\/batijournal.com\\\/index.php\\\/groupement-dinteret-public-remettre-candidature-francaise-a-lexposition-universelle-de-2025-rails\\\/93702\\\/\"]}]},{\"@type\":\"ImageObject\",\"inLanguage\":\"fr-FR\",\"@id\":\"https:\\\/\\\/batijournal.com\\\/index.php\\\/groupement-dinteret-public-remettre-candidature-francaise-a-lexposition-universelle-de-2025-rails\\\/93702\\\/#primaryimage\",\"url\":\"https:\\\/\\\/batijournal.com\\\/wp-content\\\/uploads\\\/2016\\\/09\\\/expo-universelle-france-2025.jpg\",\"contentUrl\":\"https:\\\/\\\/batijournal.com\\\/wp-content\\\/uploads\\\/2016\\\/09\\\/expo-universelle-france-2025.jpg\",\"width\":588,\"height\":292},{\"@type\":\"BreadcrumbList\",\"@id\":\"https:\\\/\\\/batijournal.com\\\/index.php\\\/groupement-dinteret-public-remettre-candidature-francaise-a-lexposition-universelle-de-2025-rails\\\/93702\\\/#breadcrumb\",\"itemListElement\":[{\"@type\":\"ListItem\",\"position\":1,\"name\":\"Accueil\",\"item\":\"https:\\\/\\\/batijournal.com\\\/\"},{\"@type\":\"ListItem\",\"position\":2,\"name\":\"Actualit\u00e9s\",\"item\":\"https:\\\/\\\/batijournal.com\\\/index.php\\\/category\\\/actualites\\\/\"},{\"@type\":\"ListItem\",\"position\":3,\"name\":\"Architecture &amp; Conception\",\"item\":\"https:\\\/\\\/batijournal.com\\\/index.php\\\/category\\\/actualites\\\/architecture-conception\\\/\"},{\"@type\":\"ListItem\",\"position\":4,\"name\":\"Un Groupement d\u2019int\u00e9r\u00eat public pour remettre la candidature fran\u00e7aise \u00e0 l&rsquo;Exposition universelle de 2025 sur les rails\"}]},{\"@type\":\"WebSite\",\"@id\":\"https:\\\/\\\/batijournal.com\\\/#website\",\"url\":\"https:\\\/\\\/batijournal.com\\\/\",\"name\":\"Batijournal\",\"description\":\"L&#039;actualit\u00e9 du b\u00e2timent\",\"potentialAction\":[{\"@type\":\"SearchAction\",\"target\":{\"@type\":\"EntryPoint\",\"urlTemplate\":\"https:\\\/\\\/batijournal.com\\\/?s={search_term_string}\"},\"query-input\":{\"@type\":\"PropertyValueSpecification\",\"valueRequired\":true,\"valueName\":\"search_term_string\"}}],\"inLanguage\":\"fr-FR\"},{\"@type\":\"Person\",\"@id\":\"https:\\\/\\\/batijournal.com\\\/#\\\/schema\\\/person\\\/1dc96ec6957aa1ccb25ebe78bb19f100\",\"name\":\"St\u00e9phane Miget\",\"image\":{\"@type\":\"ImageObject\",\"inLanguage\":\"fr-FR\",\"@id\":\"https:\\\/\\\/secure.gravatar.com\\\/avatar\\\/89915563d925342126b8ef0281b93d9d7fc337043e8df017f780908eb9644451?s=96&d=mm&r=g\",\"url\":\"https:\\\/\\\/secure.gravatar.com\\\/avatar\\\/89915563d925342126b8ef0281b93d9d7fc337043e8df017f780908eb9644451?s=96&d=mm&r=g\",\"contentUrl\":\"https:\\\/\\\/secure.gravatar.com\\\/avatar\\\/89915563d925342126b8ef0281b93d9d7fc337043e8df017f780908eb9644451?s=96&d=mm&r=g\",\"caption\":\"St\u00e9phane Miget\"},\"url\":\"https:\\\/\\\/batijournal.com\\\/index.php\\\/author\\\/stephane\\\/\"}]}<\/script>\n<!-- \/ Yoast SEO plugin. -->","yoast_head_json":{"title":"Un Groupement d\u2019int\u00e9r\u00eat public pour remettre la candidature fran\u00e7aise \u00e0 l'Exposition universelle de 2025 sur les rails","robots":{"index":"index","follow":"follow","max-snippet":"max-snippet:-1","max-image-preview":"max-image-preview:large","max-video-preview":"max-video-preview:-1"},"canonical":"https:\/\/batijournal.com\/index.php\/groupement-dinteret-public-remettre-candidature-francaise-a-lexposition-universelle-de-2025-rails\/93702\/","og_locale":"fr_FR","og_type":"article","og_title":"Un Groupement d\u2019int\u00e9r\u00eat public pour remettre la candidature fran\u00e7aise \u00e0 l'Exposition universelle de 2025 sur les rails","og_description":"Manuel Valls, Premier ministre, a re\u00e7u, en pr\u00e9sence de Jean-Marc Ayrault, ministre des Affaires \u00e9trang\u00e8res et du d\u00e9veloppement international, Audrey Azoulay, ministre de la Culture et de la Communication, et Christian Eckert, secr\u00e9taire d\u2019Etat charg\u00e9 du Budget, l\u2019ensemble des parties prenantes au projet de candidature fran\u00e7aise \u00e0 l&rsquo;organisation de l&rsquo;Exposition universelle de 2025 : Val\u00e9rie [&hellip;]","og_url":"https:\/\/batijournal.com\/index.php\/groupement-dinteret-public-remettre-candidature-francaise-a-lexposition-universelle-de-2025-rails\/93702\/","og_site_name":"Batijournal","article_published_time":"2016-09-13T06:33:01+00:00","article_modified_time":"2019-07-15T09:27:50+00:00","og_image":[{"width":588,"height":292,"url":"https:\/\/batijournal.com\/wp-content\/uploads\/2016\/09\/expo-universelle-france-2025.jpg","type":"image\/jpeg"}],"author":"St\u00e9phane Miget","twitter_card":"summary_large_image","twitter_creator":"@bati_journal","twitter_site":"@bati_journal","twitter_misc":{"\u00c9crit par":"St\u00e9phane Miget","Dur\u00e9e de lecture estim\u00e9e":"1 minute"},"schema":{"@context":"https:\/\/schema.org","@graph":[{"@type":"Article","@id":"https:\/\/batijournal.com\/index.php\/groupement-dinteret-public-remettre-candidature-francaise-a-lexposition-universelle-de-2025-rails\/93702\/#article","isPartOf":{"@id":"https:\/\/batijournal.com\/index.php\/groupement-dinteret-public-remettre-candidature-francaise-a-lexposition-universelle-de-2025-rails\/93702\/"},"author":{"name":"St\u00e9phane Miget","@id":"https:\/\/batijournal.com\/#\/schema\/person\/1dc96ec6957aa1ccb25ebe78bb19f100"},"headline":"Un Groupement d\u2019int\u00e9r\u00eat public pour remettre la candidature fran\u00e7aise \u00e0 l&rsquo;Exposition universelle de 2025 sur les rails","datePublished":"2016-09-13T06:33:01+00:00","dateModified":"2019-07-15T09:27:50+00:00","mainEntityOfPage":{"@id":"https:\/\/batijournal.com\/index.php\/groupement-dinteret-public-remettre-candidature-francaise-a-lexposition-universelle-de-2025-rails\/93702\/"},"wordCount":296,"image":{"@id":"https:\/\/batijournal.com\/index.php\/groupement-dinteret-public-remettre-candidature-francaise-a-lexposition-universelle-de-2025-rails\/93702\/#primaryimage"},"thumbnailUrl":"https:\/\/batijournal.com\/wp-content\/uploads\/2016\/09\/expo-universelle-france-2025.jpg","keywords":["Exposition universelle"],"articleSection":["Architecture &amp; Conception"],"inLanguage":"fr-FR"},{"@type":"WebPage","@id":"https:\/\/batijournal.com\/index.php\/groupement-dinteret-public-remettre-candidature-francaise-a-lexposition-universelle-de-2025-rails\/93702\/","url":"https:\/\/batijournal.com\/index.php\/groupement-dinteret-public-remettre-candidature-francaise-a-lexposition-universelle-de-2025-rails\/93702\/","name":"Un Groupement d\u2019int\u00e9r\u00eat public pour remettre la candidature fran\u00e7aise \u00e0 l'Exposition universelle de 2025 sur les rails","isPartOf":{"@id":"https:\/\/batijournal.com\/#website"},"primaryImageOfPage":{"@id":"https:\/\/batijournal.com\/index.php\/groupement-dinteret-public-remettre-candidature-francaise-a-lexposition-universelle-de-2025-rails\/93702\/#primaryimage"},"image":{"@id":"https:\/\/batijournal.com\/index.php\/groupement-dinteret-public-remettre-candidature-francaise-a-lexposition-universelle-de-2025-rails\/93702\/#primaryimage"},"thumbnailUrl":"https:\/\/batijournal.com\/wp-content\/uploads\/2016\/09\/expo-universelle-france-2025.jpg","datePublished":"2016-09-13T06:33:01+00:00","dateModified":"2019-07-15T09:27:50+00:00","author":{"@id":"https:\/\/batijournal.com\/#\/schema\/person\/1dc96ec6957aa1ccb25ebe78bb19f100"},"breadcrumb":{"@id":"https:\/\/batijournal.com\/index.php\/groupement-dinteret-public-remettre-candidature-francaise-a-lexposition-universelle-de-2025-rails\/93702\/#breadcrumb"},"inLanguage":"fr-FR","potentialAction":[{"@type":"ReadAction","target":["https:\/\/batijournal.com\/index.php\/groupement-dinteret-public-remettre-candidature-francaise-a-lexposition-universelle-de-2025-rails\/93702\/"]}]},{"@type":"ImageObject","inLanguage":"fr-FR","@id":"https:\/\/batijournal.com\/index.php\/groupement-dinteret-public-remettre-candidature-francaise-a-lexposition-universelle-de-2025-rails\/93702\/#primaryimage","url":"https:\/\/batijournal.com\/wp-content\/uploads\/2016\/09\/expo-universelle-france-2025.jpg","contentUrl":"https:\/\/batijournal.com\/wp-content\/uploads\/2016\/09\/expo-universelle-france-2025.jpg","width":588,"height":292},{"@type":"BreadcrumbList","@id":"https:\/\/batijournal.com\/index.php\/groupement-dinteret-public-remettre-candidature-francaise-a-lexposition-universelle-de-2025-rails\/93702\/#breadcrumb","itemListElement":[{"@type":"ListItem","position":1,"name":"Accueil","item":"https:\/\/batijournal.com\/"},{"@type":"ListItem","position":2,"name":"Actualit\u00e9s","item":"https:\/\/batijournal.com\/index.php\/category\/actualites\/"},{"@type":"ListItem","position":3,"name":"Architecture &amp; Conception","item":"https:\/\/batijournal.com\/index.php\/category\/actualites\/architecture-conception\/"},{"@type":"ListItem","position":4,"name":"Un Groupement d\u2019int\u00e9r\u00eat public pour remettre la candidature fran\u00e7aise \u00e0 l&rsquo;Exposition universelle de 2025 sur les rails"}]},{"@type":"WebSite","@id":"https:\/\/batijournal.com\/#website","url":"https:\/\/batijournal.com\/","name":"Batijournal","description":"L&#039;actualit\u00e9 du b\u00e2timent","potentialAction":[{"@type":"SearchAction","target":{"@type":"EntryPoint","urlTemplate":"https:\/\/batijournal.com\/?s={search_term_string}"},"query-input":{"@type":"PropertyValueSpecification","valueRequired":true,"valueName":"search_term_string"}}],"inLanguage":"fr-FR"},{"@type":"Person","@id":"https:\/\/batijournal.com\/#\/schema\/person\/1dc96ec6957aa1ccb25ebe78bb19f100","name":"St\u00e9phane Miget","image":{"@type":"ImageObject","inLanguage":"fr-FR","@id":"https:\/\/secure.gravatar.com\/avatar\/89915563d925342126b8ef0281b93d9d7fc337043e8df017f780908eb9644451?s=96&d=mm&r=g","url":"https:\/\/secure.gravatar.com\/avatar\/89915563d925342126b8ef0281b93d9d7fc337043e8df017f780908eb9644451?s=96&d=mm&r=g","contentUrl":"https:\/\/secure.gravatar.com\/avatar\/89915563d925342126b8ef0281b93d9d7fc337043e8df017f780908eb9644451?s=96&d=mm&r=g","caption":"St\u00e9phane Miget"},"url":"https:\/\/batijournal.com\/index.php\/author\/stephane\/"}]}},"_links":{"self":[{"href":"https:\/\/batijournal.com\/index.php\/wp-json\/wp\/v2\/posts\/93702","targetHints":{"allow":["GET"]}}],"collection":[{"href":"https:\/\/batijournal.com\/index.php\/wp-json\/wp\/v2\/posts"}],"about":[{"href":"https:\/\/batijournal.com\/index.php\/wp-json\/wp\/v2\/types\/post"}],"author":[{"embeddable":true,"href":"https:\/\/batijournal.com\/index.php\/wp-json\/wp\/v2\/users\/17"}],"replies":[{"embeddable":true,"href":"https:\/\/batijournal.com\/index.php\/wp-json\/wp\/v2\/comments?post=93702"}],"version-history":[{"count":0,"href":"https:\/\/batijournal.com\/index.php\/wp-json\/wp\/v2\/posts\/93702\/revisions"}],"wp:featuredmedia":[{"embeddable":true,"href":"https:\/\/batijournal.com\/index.php\/wp-json\/wp\/v2\/media\/93704"}],"wp:attachment":[{"href":"https:\/\/batijournal.com\/index.php\/wp-json\/wp\/v2\/media?parent=93702"}],"wp:term":[{"taxonomy":"category","embeddable":true,"href":"https:\/\/batijournal.com\/index.php\/wp-json\/wp\/v2\/categories?post=93702"},{"taxonomy":"post_tag","embeddable":true,"href":"https:\/\/batijournal.com\/index.php\/wp-json\/wp\/v2\/tags?post=93702"}],"curies":[{"name":"wp","href":"https:\/\/api.w.org\/{rel}","templated":true}]}}