{"id":93712,"date":"2016-09-14T09:59:20","date_gmt":"2016-09-14T07:59:20","guid":{"rendered":"http:\/\/batijournal.com\/?p=93712"},"modified":"2019-07-15T12:02:09","modified_gmt":"2019-07-15T10:02:09","slug":"375-000-logements-mis-chantier-2016","status":"publish","type":"post","link":"https:\/\/batijournal.com\/index.php\/375-000-logements-mis-chantier-2016\/93712\/","title":{"rendered":"375\u00a0000 logements mis en chantier en 2016"},"content":{"rendered":"<p><strong>Selon la nouvelle note de conjoncture de la FFB, la dynamique de reprise devrait \u00eatre un peu plus importante qu\u2019anticip\u00e9e, \u00e0 1,2\u00a0% hors effet prix contre 0,9\u00a0% pr\u00e9vu en novembre 2015. Toutefois, cette reprise concerne principalement le march\u00e9 du neuf.<\/strong><\/p>\n<p>Plus pr\u00e9cis\u00e9ment, dans un contexte de stabilisation \u00e0 haut niveau de la commande locative sociale, la forte hausse des ventes de logements du secteur priv\u00e9 fait aujourd\u2019hui sentir ses effets. Elles ont progress\u00e9 de 13,3\u00a0% dans l\u2019individuel diffus (Markem\u00e9tron) et de 19,8\u00a0% dans le collectif (ECLN) en 2015, elles s\u2019inscrivent encore en hausse de 14,2\u00a0% en glissement annuel sur sept mois \u00e0 fin juillet 2016 dans l\u2019individuel et de 18\u00a0% sur deux trimestres dans le collectif. Les donn\u00e9es Sit@del2 peinant \u00e0 retracer les cons\u00e9quences de ces \u00e9volutions sur le segment de l\u2019individuel, un \u00ab\u00a0redressement technique\u00a0\u00bb sur la base des ventes pass\u00e9es conduit la FFB \u00e0 pr\u00e9voir qu\u2019environ 375\u00a0000 logements seront mis en chantier en 2016, soit une hausse de 8,6\u00a0%. C\u00f4t\u00e9 non r\u00e9sidentiel neuf, les informations tir\u00e9es de Sit@el2 dessinent, mois apr\u00e8s mois, une reprise plus rapide que pr\u00e9vue. Ainsi, hors locaux agricoles et h\u00f4tellerie, en glissement annuel sur sept mois \u00e0 fin juillet 2016, les surfaces autoris\u00e9es et commenc\u00e9es s\u2019inscrivent respectivement en hausse de 8,5\u00a0% et 3,1%, alors que les pr\u00e9visions FFB de d\u00e9cembre 2015 pour 2016 tablaient sur un recul de 1\u00a0% \u00e0 2\u00a0% des surfaces mises en chantier. En revanche, l\u2019am\u00e9lioration-entretien, qui comptait pour 56\u00a0% de l\u2019activit\u00e9 b\u00e2timent en 2015, reste \u00e0 la tra\u00eene avec une croissance limit\u00e9e \u00e0 1,0\u00a0%.<\/p>\n<p>Pour ancrer v\u00e9ritablement la reprise tout en \u00e9vitant la casse, la FFB souhaite que les banques, assureurs, assureurs-cr\u00e9dit et fournisseurs continuent d\u2019accompagner le secteur. A plus long terme, pour ne pas casser la confiance des investisseurs, il importe d\u2019\u00e9viter tout choc n\u00e9gatif dans le contexte pr\u00e9-pr\u00e9sidentiel de 2017.<\/p>\n","protected":false},"excerpt":{"rendered":"<p>Selon la nouvelle note de conjoncture de la FFB, la dynamique de reprise devrait \u00eatre un peu plus importante qu\u2019anticip\u00e9e, \u00e0 1,2\u00a0% hors effet prix contre 0,9\u00a0% pr\u00e9vu en novembre 2015. Toutefois, cette reprise concerne principalement le march\u00e9 du neuf. Plus pr\u00e9cis\u00e9ment, dans un contexte de stabilisation \u00e0 haut niveau de la commande locative sociale, [&hellip;]<\/p>\n","protected":false},"author":17,"featured_media":93713,"comment_status":"closed","ping_status":"closed","sticky":false,"template":"","format":"standard","meta":{"_et_pb_use_builder":"","_et_pb_old_content":"","_et_gb_content_width":"","footnotes":""},"categories":[10736,6345],"tags":[1339,373],"class_list":["post-93712","post","type-post","status-publish","format-standard","has-post-thumbnail","hentry","category-a-la-une","category-economie-marches","tag-conjoncture","tag-ffb"],"yoast_head":"<!-- This site is optimized with the Yoast SEO plugin v27.4 - https:\/\/yoast.com\/product\/yoast-seo-wordpress\/ -->\n<title>375\u00a0000 logements mis en chantier en 2016<\/title>\n<meta name=\"robots\" content=\"index, follow, max-snippet:-1, max-image-preview:large, max-video-preview:-1\" \/>\n<link rel=\"canonical\" href=\"https:\/\/batijournal.com\/index.php\/375-000-logements-mis-chantier-2016\/93712\/\" \/>\n<meta property=\"og:locale\" content=\"fr_FR\" \/>\n<meta property=\"og:type\" content=\"article\" \/>\n<meta property=\"og:title\" content=\"375\u00a0000 logements mis en chantier en 2016\" \/>\n<meta property=\"og:description\" content=\"Selon la nouvelle note de conjoncture de la FFB, la dynamique de reprise devrait \u00eatre un peu plus importante qu\u2019anticip\u00e9e, \u00e0 1,2\u00a0% hors effet prix contre 0,9\u00a0% pr\u00e9vu en novembre 2015. Toutefois, cette reprise concerne principalement le march\u00e9 du neuf. Plus pr\u00e9cis\u00e9ment, dans un contexte de stabilisation \u00e0 haut niveau de la commande locative sociale, [&hellip;]\" \/>\n<meta property=\"og:url\" content=\"https:\/\/batijournal.com\/index.php\/375-000-logements-mis-chantier-2016\/93712\/\" \/>\n<meta property=\"og:site_name\" content=\"Batijournal\" \/>\n<meta property=\"article:published_time\" content=\"2016-09-14T07:59:20+00:00\" \/>\n<meta property=\"article:modified_time\" content=\"2019-07-15T10:02:09+00:00\" \/>\n<meta property=\"og:image\" content=\"https:\/\/batijournal.com\/wp-content\/uploads\/2016\/09\/construction-reprise.jpg\" \/>\n\t<meta property=\"og:image:width\" content=\"1000\" \/>\n\t<meta property=\"og:image:height\" content=\"598\" \/>\n\t<meta property=\"og:image:type\" content=\"image\/jpeg\" \/>\n<meta name=\"author\" content=\"St\u00e9phane Miget\" \/>\n<meta name=\"twitter:card\" content=\"summary_large_image\" \/>\n<meta name=\"twitter:creator\" content=\"@bati_journal\" \/>\n<meta name=\"twitter:site\" content=\"@bati_journal\" \/>\n<meta name=\"twitter:label1\" content=\"\u00c9crit par\" \/>\n\t<meta name=\"twitter:data1\" content=\"St\u00e9phane Miget\" \/>\n\t<meta name=\"twitter:label2\" content=\"Dur\u00e9e de lecture estim\u00e9e\" \/>\n\t<meta name=\"twitter:data2\" content=\"2 minutes\" \/>\n<script type=\"application\/ld+json\" class=\"yoast-schema-graph\">{\"@context\":\"https:\\\/\\\/schema.org\",\"@graph\":[{\"@type\":\"Article\",\"@id\":\"https:\\\/\\\/batijournal.com\\\/index.php\\\/375-000-logements-mis-chantier-2016\\\/93712\\\/#article\",\"isPartOf\":{\"@id\":\"https:\\\/\\\/batijournal.com\\\/index.php\\\/375-000-logements-mis-chantier-2016\\\/93712\\\/\"},\"author\":{\"name\":\"St\u00e9phane Miget\",\"@id\":\"https:\\\/\\\/batijournal.com\\\/#\\\/schema\\\/person\\\/1dc96ec6957aa1ccb25ebe78bb19f100\"},\"headline\":\"375\u00a0000 logements mis en chantier en 2016\",\"datePublished\":\"2016-09-14T07:59:20+00:00\",\"dateModified\":\"2019-07-15T10:02:09+00:00\",\"mainEntityOfPage\":{\"@id\":\"https:\\\/\\\/batijournal.com\\\/index.php\\\/375-000-logements-mis-chantier-2016\\\/93712\\\/\"},\"wordCount\":316,\"image\":{\"@id\":\"https:\\\/\\\/batijournal.com\\\/index.php\\\/375-000-logements-mis-chantier-2016\\\/93712\\\/#primaryimage\"},\"thumbnailUrl\":\"https:\\\/\\\/batijournal.com\\\/wp-content\\\/uploads\\\/2016\\\/09\\\/construction-reprise.jpg\",\"keywords\":[\"conjoncture\",\"ffb\"],\"articleSection\":[\"A la Une\",\"\u00c9conomie &amp; March\u00e9s\"],\"inLanguage\":\"fr-FR\"},{\"@type\":\"WebPage\",\"@id\":\"https:\\\/\\\/batijournal.com\\\/index.php\\\/375-000-logements-mis-chantier-2016\\\/93712\\\/\",\"url\":\"https:\\\/\\\/batijournal.com\\\/index.php\\\/375-000-logements-mis-chantier-2016\\\/93712\\\/\",\"name\":\"375\u00a0000 logements mis en chantier en 2016\",\"isPartOf\":{\"@id\":\"https:\\\/\\\/batijournal.com\\\/#website\"},\"primaryImageOfPage\":{\"@id\":\"https:\\\/\\\/batijournal.com\\\/index.php\\\/375-000-logements-mis-chantier-2016\\\/93712\\\/#primaryimage\"},\"image\":{\"@id\":\"https:\\\/\\\/batijournal.com\\\/index.php\\\/375-000-logements-mis-chantier-2016\\\/93712\\\/#primaryimage\"},\"thumbnailUrl\":\"https:\\\/\\\/batijournal.com\\\/wp-content\\\/uploads\\\/2016\\\/09\\\/construction-reprise.jpg\",\"datePublished\":\"2016-09-14T07:59:20+00:00\",\"dateModified\":\"2019-07-15T10:02:09+00:00\",\"author\":{\"@id\":\"https:\\\/\\\/batijournal.com\\\/#\\\/schema\\\/person\\\/1dc96ec6957aa1ccb25ebe78bb19f100\"},\"breadcrumb\":{\"@id\":\"https:\\\/\\\/batijournal.com\\\/index.php\\\/375-000-logements-mis-chantier-2016\\\/93712\\\/#breadcrumb\"},\"inLanguage\":\"fr-FR\",\"potentialAction\":[{\"@type\":\"ReadAction\",\"target\":[\"https:\\\/\\\/batijournal.com\\\/index.php\\\/375-000-logements-mis-chantier-2016\\\/93712\\\/\"]}]},{\"@type\":\"ImageObject\",\"inLanguage\":\"fr-FR\",\"@id\":\"https:\\\/\\\/batijournal.com\\\/index.php\\\/375-000-logements-mis-chantier-2016\\\/93712\\\/#primaryimage\",\"url\":\"https:\\\/\\\/batijournal.com\\\/wp-content\\\/uploads\\\/2016\\\/09\\\/construction-reprise.jpg\",\"contentUrl\":\"https:\\\/\\\/batijournal.com\\\/wp-content\\\/uploads\\\/2016\\\/09\\\/construction-reprise.jpg\",\"width\":1000,\"height\":598},{\"@type\":\"BreadcrumbList\",\"@id\":\"https:\\\/\\\/batijournal.com\\\/index.php\\\/375-000-logements-mis-chantier-2016\\\/93712\\\/#breadcrumb\",\"itemListElement\":[{\"@type\":\"ListItem\",\"position\":1,\"name\":\"Accueil\",\"item\":\"https:\\\/\\\/batijournal.com\\\/\"},{\"@type\":\"ListItem\",\"position\":2,\"name\":\"A la Une\",\"item\":\"https:\\\/\\\/batijournal.com\\\/index.php\\\/category\\\/a-la-une\\\/\"},{\"@type\":\"ListItem\",\"position\":3,\"name\":\"375\u00a0000 logements mis en chantier en 2016\"}]},{\"@type\":\"WebSite\",\"@id\":\"https:\\\/\\\/batijournal.com\\\/#website\",\"url\":\"https:\\\/\\\/batijournal.com\\\/\",\"name\":\"Batijournal\",\"description\":\"L&#039;actualit\u00e9 du b\u00e2timent\",\"potentialAction\":[{\"@type\":\"SearchAction\",\"target\":{\"@type\":\"EntryPoint\",\"urlTemplate\":\"https:\\\/\\\/batijournal.com\\\/?s={search_term_string}\"},\"query-input\":{\"@type\":\"PropertyValueSpecification\",\"valueRequired\":true,\"valueName\":\"search_term_string\"}}],\"inLanguage\":\"fr-FR\"},{\"@type\":\"Person\",\"@id\":\"https:\\\/\\\/batijournal.com\\\/#\\\/schema\\\/person\\\/1dc96ec6957aa1ccb25ebe78bb19f100\",\"name\":\"St\u00e9phane Miget\",\"image\":{\"@type\":\"ImageObject\",\"inLanguage\":\"fr-FR\",\"@id\":\"https:\\\/\\\/secure.gravatar.com\\\/avatar\\\/89915563d925342126b8ef0281b93d9d7fc337043e8df017f780908eb9644451?s=96&d=mm&r=g\",\"url\":\"https:\\\/\\\/secure.gravatar.com\\\/avatar\\\/89915563d925342126b8ef0281b93d9d7fc337043e8df017f780908eb9644451?s=96&d=mm&r=g\",\"contentUrl\":\"https:\\\/\\\/secure.gravatar.com\\\/avatar\\\/89915563d925342126b8ef0281b93d9d7fc337043e8df017f780908eb9644451?s=96&d=mm&r=g\",\"caption\":\"St\u00e9phane Miget\"},\"url\":\"https:\\\/\\\/batijournal.com\\\/index.php\\\/author\\\/stephane\\\/\"}]}<\/script>\n<!-- \/ Yoast SEO plugin. -->","yoast_head_json":{"title":"375\u00a0000 logements mis en chantier en 2016","robots":{"index":"index","follow":"follow","max-snippet":"max-snippet:-1","max-image-preview":"max-image-preview:large","max-video-preview":"max-video-preview:-1"},"canonical":"https:\/\/batijournal.com\/index.php\/375-000-logements-mis-chantier-2016\/93712\/","og_locale":"fr_FR","og_type":"article","og_title":"375\u00a0000 logements mis en chantier en 2016","og_description":"Selon la nouvelle note de conjoncture de la FFB, la dynamique de reprise devrait \u00eatre un peu plus importante qu\u2019anticip\u00e9e, \u00e0 1,2\u00a0% hors effet prix contre 0,9\u00a0% pr\u00e9vu en novembre 2015. Toutefois, cette reprise concerne principalement le march\u00e9 du neuf. Plus pr\u00e9cis\u00e9ment, dans un contexte de stabilisation \u00e0 haut niveau de la commande locative sociale, [&hellip;]","og_url":"https:\/\/batijournal.com\/index.php\/375-000-logements-mis-chantier-2016\/93712\/","og_site_name":"Batijournal","article_published_time":"2016-09-14T07:59:20+00:00","article_modified_time":"2019-07-15T10:02:09+00:00","og_image":[{"width":1000,"height":598,"url":"https:\/\/batijournal.com\/wp-content\/uploads\/2016\/09\/construction-reprise.jpg","type":"image\/jpeg"}],"author":"St\u00e9phane Miget","twitter_card":"summary_large_image","twitter_creator":"@bati_journal","twitter_site":"@bati_journal","twitter_misc":{"\u00c9crit par":"St\u00e9phane Miget","Dur\u00e9e de lecture estim\u00e9e":"2 minutes"},"schema":{"@context":"https:\/\/schema.org","@graph":[{"@type":"Article","@id":"https:\/\/batijournal.com\/index.php\/375-000-logements-mis-chantier-2016\/93712\/#article","isPartOf":{"@id":"https:\/\/batijournal.com\/index.php\/375-000-logements-mis-chantier-2016\/93712\/"},"author":{"name":"St\u00e9phane Miget","@id":"https:\/\/batijournal.com\/#\/schema\/person\/1dc96ec6957aa1ccb25ebe78bb19f100"},"headline":"375\u00a0000 logements mis en chantier en 2016","datePublished":"2016-09-14T07:59:20+00:00","dateModified":"2019-07-15T10:02:09+00:00","mainEntityOfPage":{"@id":"https:\/\/batijournal.com\/index.php\/375-000-logements-mis-chantier-2016\/93712\/"},"wordCount":316,"image":{"@id":"https:\/\/batijournal.com\/index.php\/375-000-logements-mis-chantier-2016\/93712\/#primaryimage"},"thumbnailUrl":"https:\/\/batijournal.com\/wp-content\/uploads\/2016\/09\/construction-reprise.jpg","keywords":["conjoncture","ffb"],"articleSection":["A la Une","\u00c9conomie &amp; March\u00e9s"],"inLanguage":"fr-FR"},{"@type":"WebPage","@id":"https:\/\/batijournal.com\/index.php\/375-000-logements-mis-chantier-2016\/93712\/","url":"https:\/\/batijournal.com\/index.php\/375-000-logements-mis-chantier-2016\/93712\/","name":"375\u00a0000 logements mis en chantier en 2016","isPartOf":{"@id":"https:\/\/batijournal.com\/#website"},"primaryImageOfPage":{"@id":"https:\/\/batijournal.com\/index.php\/375-000-logements-mis-chantier-2016\/93712\/#primaryimage"},"image":{"@id":"https:\/\/batijournal.com\/index.php\/375-000-logements-mis-chantier-2016\/93712\/#primaryimage"},"thumbnailUrl":"https:\/\/batijournal.com\/wp-content\/uploads\/2016\/09\/construction-reprise.jpg","datePublished":"2016-09-14T07:59:20+00:00","dateModified":"2019-07-15T10:02:09+00:00","author":{"@id":"https:\/\/batijournal.com\/#\/schema\/person\/1dc96ec6957aa1ccb25ebe78bb19f100"},"breadcrumb":{"@id":"https:\/\/batijournal.com\/index.php\/375-000-logements-mis-chantier-2016\/93712\/#breadcrumb"},"inLanguage":"fr-FR","potentialAction":[{"@type":"ReadAction","target":["https:\/\/batijournal.com\/index.php\/375-000-logements-mis-chantier-2016\/93712\/"]}]},{"@type":"ImageObject","inLanguage":"fr-FR","@id":"https:\/\/batijournal.com\/index.php\/375-000-logements-mis-chantier-2016\/93712\/#primaryimage","url":"https:\/\/batijournal.com\/wp-content\/uploads\/2016\/09\/construction-reprise.jpg","contentUrl":"https:\/\/batijournal.com\/wp-content\/uploads\/2016\/09\/construction-reprise.jpg","width":1000,"height":598},{"@type":"BreadcrumbList","@id":"https:\/\/batijournal.com\/index.php\/375-000-logements-mis-chantier-2016\/93712\/#breadcrumb","itemListElement":[{"@type":"ListItem","position":1,"name":"Accueil","item":"https:\/\/batijournal.com\/"},{"@type":"ListItem","position":2,"name":"A la Une","item":"https:\/\/batijournal.com\/index.php\/category\/a-la-une\/"},{"@type":"ListItem","position":3,"name":"375\u00a0000 logements mis en chantier en 2016"}]},{"@type":"WebSite","@id":"https:\/\/batijournal.com\/#website","url":"https:\/\/batijournal.com\/","name":"Batijournal","description":"L&#039;actualit\u00e9 du b\u00e2timent","potentialAction":[{"@type":"SearchAction","target":{"@type":"EntryPoint","urlTemplate":"https:\/\/batijournal.com\/?s={search_term_string}"},"query-input":{"@type":"PropertyValueSpecification","valueRequired":true,"valueName":"search_term_string"}}],"inLanguage":"fr-FR"},{"@type":"Person","@id":"https:\/\/batijournal.com\/#\/schema\/person\/1dc96ec6957aa1ccb25ebe78bb19f100","name":"St\u00e9phane Miget","image":{"@type":"ImageObject","inLanguage":"fr-FR","@id":"https:\/\/secure.gravatar.com\/avatar\/89915563d925342126b8ef0281b93d9d7fc337043e8df017f780908eb9644451?s=96&d=mm&r=g","url":"https:\/\/secure.gravatar.com\/avatar\/89915563d925342126b8ef0281b93d9d7fc337043e8df017f780908eb9644451?s=96&d=mm&r=g","contentUrl":"https:\/\/secure.gravatar.com\/avatar\/89915563d925342126b8ef0281b93d9d7fc337043e8df017f780908eb9644451?s=96&d=mm&r=g","caption":"St\u00e9phane Miget"},"url":"https:\/\/batijournal.com\/index.php\/author\/stephane\/"}]}},"_links":{"self":[{"href":"https:\/\/batijournal.com\/index.php\/wp-json\/wp\/v2\/posts\/93712","targetHints":{"allow":["GET"]}}],"collection":[{"href":"https:\/\/batijournal.com\/index.php\/wp-json\/wp\/v2\/posts"}],"about":[{"href":"https:\/\/batijournal.com\/index.php\/wp-json\/wp\/v2\/types\/post"}],"author":[{"embeddable":true,"href":"https:\/\/batijournal.com\/index.php\/wp-json\/wp\/v2\/users\/17"}],"replies":[{"embeddable":true,"href":"https:\/\/batijournal.com\/index.php\/wp-json\/wp\/v2\/comments?post=93712"}],"version-history":[{"count":0,"href":"https:\/\/batijournal.com\/index.php\/wp-json\/wp\/v2\/posts\/93712\/revisions"}],"wp:featuredmedia":[{"embeddable":true,"href":"https:\/\/batijournal.com\/index.php\/wp-json\/wp\/v2\/media\/93713"}],"wp:attachment":[{"href":"https:\/\/batijournal.com\/index.php\/wp-json\/wp\/v2\/media?parent=93712"}],"wp:term":[{"taxonomy":"category","embeddable":true,"href":"https:\/\/batijournal.com\/index.php\/wp-json\/wp\/v2\/categories?post=93712"},{"taxonomy":"post_tag","embeddable":true,"href":"https:\/\/batijournal.com\/index.php\/wp-json\/wp\/v2\/tags?post=93712"}],"curies":[{"name":"wp","href":"https:\/\/api.w.org\/{rel}","templated":true}]}}