{"id":93717,"date":"2016-09-15T07:57:57","date_gmt":"2016-09-15T05:57:57","guid":{"rendered":"http:\/\/batijournal.com\/?p=93717"},"modified":"2016-09-15T07:57:57","modified_gmt":"2016-09-15T05:57:57","slug":"1e-festival-de-foret-bois-indre-loire","status":"publish","type":"post","link":"https:\/\/batijournal.com\/index.php\/1e-festival-de-foret-bois-indre-loire\/93717\/","title":{"rendered":"1e Festival de la For\u00eat et du Bois en Indre et Loire"},"content":{"rendered":"<p>Le Ch\u00e2teau de la Bourdaisi\u00e8re \u00e0 Montlouis sur Loire organise en partenariat avec l\u2019ONF, France Bois For\u00eat et avec le soutien d\u2019Arbocentre, la premi\u00e8re \u00e9dition du Festival de la For\u00eat et du Bois. Il se d\u00e9roulera les 29 et 30 octobre prochains de 10h \u00e0 18h. Cet \u00e9v\u00e8nement aura lieu au c\u0153ur du domaine de la Bourdaisi\u00e8re, lieu atypique et innovant, v\u00e9ritable laboratoire des enjeux environnementaux et soci\u00e9taux, en lien avec la nature, illustr\u00e9 par sa ferme exp\u00e9rimentale en agro\u00e9cologie inspir\u00e9e par la permaculture et par son Conservatoire national de la tomate. Cet \u00e9v\u00e8nement s\u2019adresse \u00e0 tous. Il r\u00e9unira des exposants repr\u00e9sentants toutes les fili\u00e8res en amont et en aval jusqu&rsquo;\u00e0 la transformation.<\/p>\n<p><a href=\"https:\/\/www.facebook.com\/labourdaisiere\/?ref=hl\" target=\"_blank\">https:\/\/www.facebook.com\/labourdaisiere\/?ref=hl<\/a><\/p>\n<p>&nbsp;<\/p>\n","protected":false},"excerpt":{"rendered":"<p>Le Ch\u00e2teau de la Bourdaisi\u00e8re \u00e0 Montlouis sur Loire organise en partenariat avec l\u2019ONF, France Bois For\u00eat et avec le soutien d\u2019Arbocentre, la premi\u00e8re \u00e9dition du Festival de la For\u00eat et du Bois. Il se d\u00e9roulera les 29 et 30 octobre prochains de 10h \u00e0 18h. Cet \u00e9v\u00e8nement aura lieu au c\u0153ur du domaine de [&hellip;]<\/p>\n","protected":false},"author":17,"featured_media":93718,"comment_status":"closed","ping_status":"closed","sticky":false,"template":"","format":"standard","meta":{"_et_pb_use_builder":"","_et_pb_old_content":"","_et_gb_content_width":"","footnotes":""},"categories":[9192],"tags":[1017],"class_list":["post-93717","post","type-post","status-publish","format-standard","has-post-thumbnail","hentry","category-evenements","tag-filiere-bois"],"yoast_head":"<!-- This site is optimized with the Yoast SEO plugin v27.4 - https:\/\/yoast.com\/product\/yoast-seo-wordpress\/ -->\n<title>1e Festival de la For\u00eat et du Bois en Indre et Loire<\/title>\n<meta name=\"robots\" content=\"index, follow, max-snippet:-1, max-image-preview:large, max-video-preview:-1\" \/>\n<link rel=\"canonical\" href=\"https:\/\/batijournal.com\/index.php\/1e-festival-de-foret-bois-indre-loire\/93717\/\" \/>\n<meta property=\"og:locale\" content=\"fr_FR\" \/>\n<meta property=\"og:type\" content=\"article\" \/>\n<meta property=\"og:title\" content=\"1e Festival de la For\u00eat et du Bois en Indre et Loire\" \/>\n<meta property=\"og:description\" content=\"Le Ch\u00e2teau de la Bourdaisi\u00e8re \u00e0 Montlouis sur Loire organise en partenariat avec l\u2019ONF, France Bois For\u00eat et avec le soutien d\u2019Arbocentre, la premi\u00e8re \u00e9dition du Festival de la For\u00eat et du Bois. Il se d\u00e9roulera les 29 et 30 octobre prochains de 10h \u00e0 18h. Cet \u00e9v\u00e8nement aura lieu au c\u0153ur du domaine de [&hellip;]\" \/>\n<meta property=\"og:url\" content=\"https:\/\/batijournal.com\/index.php\/1e-festival-de-foret-bois-indre-loire\/93717\/\" \/>\n<meta property=\"og:site_name\" content=\"Batijournal\" \/>\n<meta property=\"article:published_time\" content=\"2016-09-15T05:57:57+00:00\" \/>\n<meta property=\"og:image\" content=\"https:\/\/batijournal.com\/wp-content\/uploads\/2016\/09\/Affiche-Festival-de-la-foret-et-du-bois.jpg\" \/>\n\t<meta property=\"og:image:width\" content=\"538\" \/>\n\t<meta property=\"og:image:height\" content=\"800\" \/>\n\t<meta property=\"og:image:type\" content=\"image\/jpeg\" \/>\n<meta name=\"author\" content=\"St\u00e9phane Miget\" \/>\n<meta name=\"twitter:card\" content=\"summary_large_image\" \/>\n<meta name=\"twitter:creator\" content=\"@bati_journal\" \/>\n<meta name=\"twitter:site\" content=\"@bati_journal\" \/>\n<meta name=\"twitter:label1\" content=\"\u00c9crit par\" \/>\n\t<meta name=\"twitter:data1\" content=\"St\u00e9phane Miget\" \/>\n\t<meta name=\"twitter:label2\" content=\"Dur\u00e9e de lecture estim\u00e9e\" \/>\n\t<meta name=\"twitter:data2\" content=\"1 minute\" \/>\n<script type=\"application\/ld+json\" class=\"yoast-schema-graph\">{\"@context\":\"https:\\\/\\\/schema.org\",\"@graph\":[{\"@type\":\"Article\",\"@id\":\"https:\\\/\\\/batijournal.com\\\/index.php\\\/1e-festival-de-foret-bois-indre-loire\\\/93717\\\/#article\",\"isPartOf\":{\"@id\":\"https:\\\/\\\/batijournal.com\\\/index.php\\\/1e-festival-de-foret-bois-indre-loire\\\/93717\\\/\"},\"author\":{\"name\":\"St\u00e9phane Miget\",\"@id\":\"https:\\\/\\\/batijournal.com\\\/#\\\/schema\\\/person\\\/1dc96ec6957aa1ccb25ebe78bb19f100\"},\"headline\":\"1e Festival de la For\u00eat et du Bois en Indre et Loire\",\"datePublished\":\"2016-09-15T05:57:57+00:00\",\"mainEntityOfPage\":{\"@id\":\"https:\\\/\\\/batijournal.com\\\/index.php\\\/1e-festival-de-foret-bois-indre-loire\\\/93717\\\/\"},\"wordCount\":150,\"image\":{\"@id\":\"https:\\\/\\\/batijournal.com\\\/index.php\\\/1e-festival-de-foret-bois-indre-loire\\\/93717\\\/#primaryimage\"},\"thumbnailUrl\":\"https:\\\/\\\/batijournal.com\\\/wp-content\\\/uploads\\\/2016\\\/09\\\/Affiche-Festival-de-la-foret-et-du-bois.jpg\",\"keywords\":[\"fili\u00e8re bois\"],\"articleSection\":[\"\u00c9v\u00e9nements\"],\"inLanguage\":\"fr-FR\"},{\"@type\":\"WebPage\",\"@id\":\"https:\\\/\\\/batijournal.com\\\/index.php\\\/1e-festival-de-foret-bois-indre-loire\\\/93717\\\/\",\"url\":\"https:\\\/\\\/batijournal.com\\\/index.php\\\/1e-festival-de-foret-bois-indre-loire\\\/93717\\\/\",\"name\":\"1e Festival de la For\u00eat et du Bois en Indre et Loire\",\"isPartOf\":{\"@id\":\"https:\\\/\\\/batijournal.com\\\/#website\"},\"primaryImageOfPage\":{\"@id\":\"https:\\\/\\\/batijournal.com\\\/index.php\\\/1e-festival-de-foret-bois-indre-loire\\\/93717\\\/#primaryimage\"},\"image\":{\"@id\":\"https:\\\/\\\/batijournal.com\\\/index.php\\\/1e-festival-de-foret-bois-indre-loire\\\/93717\\\/#primaryimage\"},\"thumbnailUrl\":\"https:\\\/\\\/batijournal.com\\\/wp-content\\\/uploads\\\/2016\\\/09\\\/Affiche-Festival-de-la-foret-et-du-bois.jpg\",\"datePublished\":\"2016-09-15T05:57:57+00:00\",\"author\":{\"@id\":\"https:\\\/\\\/batijournal.com\\\/#\\\/schema\\\/person\\\/1dc96ec6957aa1ccb25ebe78bb19f100\"},\"breadcrumb\":{\"@id\":\"https:\\\/\\\/batijournal.com\\\/index.php\\\/1e-festival-de-foret-bois-indre-loire\\\/93717\\\/#breadcrumb\"},\"inLanguage\":\"fr-FR\",\"potentialAction\":[{\"@type\":\"ReadAction\",\"target\":[\"https:\\\/\\\/batijournal.com\\\/index.php\\\/1e-festival-de-foret-bois-indre-loire\\\/93717\\\/\"]}]},{\"@type\":\"ImageObject\",\"inLanguage\":\"fr-FR\",\"@id\":\"https:\\\/\\\/batijournal.com\\\/index.php\\\/1e-festival-de-foret-bois-indre-loire\\\/93717\\\/#primaryimage\",\"url\":\"https:\\\/\\\/batijournal.com\\\/wp-content\\\/uploads\\\/2016\\\/09\\\/Affiche-Festival-de-la-foret-et-du-bois.jpg\",\"contentUrl\":\"https:\\\/\\\/batijournal.com\\\/wp-content\\\/uploads\\\/2016\\\/09\\\/Affiche-Festival-de-la-foret-et-du-bois.jpg\",\"width\":538,\"height\":800},{\"@type\":\"BreadcrumbList\",\"@id\":\"https:\\\/\\\/batijournal.com\\\/index.php\\\/1e-festival-de-foret-bois-indre-loire\\\/93717\\\/#breadcrumb\",\"itemListElement\":[{\"@type\":\"ListItem\",\"position\":1,\"name\":\"Accueil\",\"item\":\"https:\\\/\\\/batijournal.com\\\/\"},{\"@type\":\"ListItem\",\"position\":2,\"name\":\"\u00c9v\u00e9nements\",\"item\":\"https:\\\/\\\/batijournal.com\\\/index.php\\\/category\\\/evenements\\\/\"},{\"@type\":\"ListItem\",\"position\":3,\"name\":\"1e Festival de la For\u00eat et du Bois en Indre et Loire\"}]},{\"@type\":\"WebSite\",\"@id\":\"https:\\\/\\\/batijournal.com\\\/#website\",\"url\":\"https:\\\/\\\/batijournal.com\\\/\",\"name\":\"Batijournal\",\"description\":\"L&#039;actualit\u00e9 du b\u00e2timent\",\"potentialAction\":[{\"@type\":\"SearchAction\",\"target\":{\"@type\":\"EntryPoint\",\"urlTemplate\":\"https:\\\/\\\/batijournal.com\\\/?s={search_term_string}\"},\"query-input\":{\"@type\":\"PropertyValueSpecification\",\"valueRequired\":true,\"valueName\":\"search_term_string\"}}],\"inLanguage\":\"fr-FR\"},{\"@type\":\"Person\",\"@id\":\"https:\\\/\\\/batijournal.com\\\/#\\\/schema\\\/person\\\/1dc96ec6957aa1ccb25ebe78bb19f100\",\"name\":\"St\u00e9phane Miget\",\"image\":{\"@type\":\"ImageObject\",\"inLanguage\":\"fr-FR\",\"@id\":\"https:\\\/\\\/secure.gravatar.com\\\/avatar\\\/89915563d925342126b8ef0281b93d9d7fc337043e8df017f780908eb9644451?s=96&d=mm&r=g\",\"url\":\"https:\\\/\\\/secure.gravatar.com\\\/avatar\\\/89915563d925342126b8ef0281b93d9d7fc337043e8df017f780908eb9644451?s=96&d=mm&r=g\",\"contentUrl\":\"https:\\\/\\\/secure.gravatar.com\\\/avatar\\\/89915563d925342126b8ef0281b93d9d7fc337043e8df017f780908eb9644451?s=96&d=mm&r=g\",\"caption\":\"St\u00e9phane Miget\"},\"url\":\"https:\\\/\\\/batijournal.com\\\/index.php\\\/author\\\/stephane\\\/\"}]}<\/script>\n<!-- \/ Yoast SEO plugin. -->","yoast_head_json":{"title":"1e Festival de la For\u00eat et du Bois en Indre et Loire","robots":{"index":"index","follow":"follow","max-snippet":"max-snippet:-1","max-image-preview":"max-image-preview:large","max-video-preview":"max-video-preview:-1"},"canonical":"https:\/\/batijournal.com\/index.php\/1e-festival-de-foret-bois-indre-loire\/93717\/","og_locale":"fr_FR","og_type":"article","og_title":"1e Festival de la For\u00eat et du Bois en Indre et Loire","og_description":"Le Ch\u00e2teau de la Bourdaisi\u00e8re \u00e0 Montlouis sur Loire organise en partenariat avec l\u2019ONF, France Bois For\u00eat et avec le soutien d\u2019Arbocentre, la premi\u00e8re \u00e9dition du Festival de la For\u00eat et du Bois. Il se d\u00e9roulera les 29 et 30 octobre prochains de 10h \u00e0 18h. Cet \u00e9v\u00e8nement aura lieu au c\u0153ur du domaine de [&hellip;]","og_url":"https:\/\/batijournal.com\/index.php\/1e-festival-de-foret-bois-indre-loire\/93717\/","og_site_name":"Batijournal","article_published_time":"2016-09-15T05:57:57+00:00","og_image":[{"width":538,"height":800,"url":"https:\/\/batijournal.com\/wp-content\/uploads\/2016\/09\/Affiche-Festival-de-la-foret-et-du-bois.jpg","type":"image\/jpeg"}],"author":"St\u00e9phane Miget","twitter_card":"summary_large_image","twitter_creator":"@bati_journal","twitter_site":"@bati_journal","twitter_misc":{"\u00c9crit par":"St\u00e9phane Miget","Dur\u00e9e de lecture estim\u00e9e":"1 minute"},"schema":{"@context":"https:\/\/schema.org","@graph":[{"@type":"Article","@id":"https:\/\/batijournal.com\/index.php\/1e-festival-de-foret-bois-indre-loire\/93717\/#article","isPartOf":{"@id":"https:\/\/batijournal.com\/index.php\/1e-festival-de-foret-bois-indre-loire\/93717\/"},"author":{"name":"St\u00e9phane Miget","@id":"https:\/\/batijournal.com\/#\/schema\/person\/1dc96ec6957aa1ccb25ebe78bb19f100"},"headline":"1e Festival de la For\u00eat et du Bois en Indre et Loire","datePublished":"2016-09-15T05:57:57+00:00","mainEntityOfPage":{"@id":"https:\/\/batijournal.com\/index.php\/1e-festival-de-foret-bois-indre-loire\/93717\/"},"wordCount":150,"image":{"@id":"https:\/\/batijournal.com\/index.php\/1e-festival-de-foret-bois-indre-loire\/93717\/#primaryimage"},"thumbnailUrl":"https:\/\/batijournal.com\/wp-content\/uploads\/2016\/09\/Affiche-Festival-de-la-foret-et-du-bois.jpg","keywords":["fili\u00e8re bois"],"articleSection":["\u00c9v\u00e9nements"],"inLanguage":"fr-FR"},{"@type":"WebPage","@id":"https:\/\/batijournal.com\/index.php\/1e-festival-de-foret-bois-indre-loire\/93717\/","url":"https:\/\/batijournal.com\/index.php\/1e-festival-de-foret-bois-indre-loire\/93717\/","name":"1e Festival de la For\u00eat et du Bois en Indre et Loire","isPartOf":{"@id":"https:\/\/batijournal.com\/#website"},"primaryImageOfPage":{"@id":"https:\/\/batijournal.com\/index.php\/1e-festival-de-foret-bois-indre-loire\/93717\/#primaryimage"},"image":{"@id":"https:\/\/batijournal.com\/index.php\/1e-festival-de-foret-bois-indre-loire\/93717\/#primaryimage"},"thumbnailUrl":"https:\/\/batijournal.com\/wp-content\/uploads\/2016\/09\/Affiche-Festival-de-la-foret-et-du-bois.jpg","datePublished":"2016-09-15T05:57:57+00:00","author":{"@id":"https:\/\/batijournal.com\/#\/schema\/person\/1dc96ec6957aa1ccb25ebe78bb19f100"},"breadcrumb":{"@id":"https:\/\/batijournal.com\/index.php\/1e-festival-de-foret-bois-indre-loire\/93717\/#breadcrumb"},"inLanguage":"fr-FR","potentialAction":[{"@type":"ReadAction","target":["https:\/\/batijournal.com\/index.php\/1e-festival-de-foret-bois-indre-loire\/93717\/"]}]},{"@type":"ImageObject","inLanguage":"fr-FR","@id":"https:\/\/batijournal.com\/index.php\/1e-festival-de-foret-bois-indre-loire\/93717\/#primaryimage","url":"https:\/\/batijournal.com\/wp-content\/uploads\/2016\/09\/Affiche-Festival-de-la-foret-et-du-bois.jpg","contentUrl":"https:\/\/batijournal.com\/wp-content\/uploads\/2016\/09\/Affiche-Festival-de-la-foret-et-du-bois.jpg","width":538,"height":800},{"@type":"BreadcrumbList","@id":"https:\/\/batijournal.com\/index.php\/1e-festival-de-foret-bois-indre-loire\/93717\/#breadcrumb","itemListElement":[{"@type":"ListItem","position":1,"name":"Accueil","item":"https:\/\/batijournal.com\/"},{"@type":"ListItem","position":2,"name":"\u00c9v\u00e9nements","item":"https:\/\/batijournal.com\/index.php\/category\/evenements\/"},{"@type":"ListItem","position":3,"name":"1e Festival de la For\u00eat et du Bois en Indre et Loire"}]},{"@type":"WebSite","@id":"https:\/\/batijournal.com\/#website","url":"https:\/\/batijournal.com\/","name":"Batijournal","description":"L&#039;actualit\u00e9 du b\u00e2timent","potentialAction":[{"@type":"SearchAction","target":{"@type":"EntryPoint","urlTemplate":"https:\/\/batijournal.com\/?s={search_term_string}"},"query-input":{"@type":"PropertyValueSpecification","valueRequired":true,"valueName":"search_term_string"}}],"inLanguage":"fr-FR"},{"@type":"Person","@id":"https:\/\/batijournal.com\/#\/schema\/person\/1dc96ec6957aa1ccb25ebe78bb19f100","name":"St\u00e9phane Miget","image":{"@type":"ImageObject","inLanguage":"fr-FR","@id":"https:\/\/secure.gravatar.com\/avatar\/89915563d925342126b8ef0281b93d9d7fc337043e8df017f780908eb9644451?s=96&d=mm&r=g","url":"https:\/\/secure.gravatar.com\/avatar\/89915563d925342126b8ef0281b93d9d7fc337043e8df017f780908eb9644451?s=96&d=mm&r=g","contentUrl":"https:\/\/secure.gravatar.com\/avatar\/89915563d925342126b8ef0281b93d9d7fc337043e8df017f780908eb9644451?s=96&d=mm&r=g","caption":"St\u00e9phane Miget"},"url":"https:\/\/batijournal.com\/index.php\/author\/stephane\/"}]}},"_links":{"self":[{"href":"https:\/\/batijournal.com\/index.php\/wp-json\/wp\/v2\/posts\/93717","targetHints":{"allow":["GET"]}}],"collection":[{"href":"https:\/\/batijournal.com\/index.php\/wp-json\/wp\/v2\/posts"}],"about":[{"href":"https:\/\/batijournal.com\/index.php\/wp-json\/wp\/v2\/types\/post"}],"author":[{"embeddable":true,"href":"https:\/\/batijournal.com\/index.php\/wp-json\/wp\/v2\/users\/17"}],"replies":[{"embeddable":true,"href":"https:\/\/batijournal.com\/index.php\/wp-json\/wp\/v2\/comments?post=93717"}],"version-history":[{"count":0,"href":"https:\/\/batijournal.com\/index.php\/wp-json\/wp\/v2\/posts\/93717\/revisions"}],"wp:featuredmedia":[{"embeddable":true,"href":"https:\/\/batijournal.com\/index.php\/wp-json\/wp\/v2\/media\/93718"}],"wp:attachment":[{"href":"https:\/\/batijournal.com\/index.php\/wp-json\/wp\/v2\/media?parent=93717"}],"wp:term":[{"taxonomy":"category","embeddable":true,"href":"https:\/\/batijournal.com\/index.php\/wp-json\/wp\/v2\/categories?post=93717"},{"taxonomy":"post_tag","embeddable":true,"href":"https:\/\/batijournal.com\/index.php\/wp-json\/wp\/v2\/tags?post=93717"}],"curies":[{"name":"wp","href":"https:\/\/api.w.org\/{rel}","templated":true}]}}