{"id":93719,"date":"2016-09-15T08:25:52","date_gmt":"2016-09-15T06:25:52","guid":{"rendered":"http:\/\/batijournal.com\/?p=93719"},"modified":"2019-07-15T11:27:50","modified_gmt":"2019-07-15T09:27:50","slug":"petits-collectifs-de-rouge-vetus","status":"publish","type":"post","link":"https:\/\/batijournal.com\/index.php\/petits-collectifs-de-rouge-vetus\/93719\/","title":{"rendered":"Petits collectifs tout de rouge v\u00eatus"},"content":{"rendered":"<p>Habitat Nord Deux-S\u00e8vres a lanc\u00e9, en collaboration avec la ville de Cerizay (79), un projet de renouvellement pour le quartier de la Gourre d\u2019Or marqu\u00e9 par un habitat des ann\u00e9es soixante vieillissant. Le cahier des charges, apr\u00e8s d\u00e9molition de l\u2019existant, \u00e9tait de rendre le quartier attractif avec des espaces verts et avec une architecture innovante en \u00e9co-conception et \u00e9co-contruction. Parmi les diff\u00e9rents projets, 15 nouveaux logements collectifs ont \u00e9t\u00e9 livr\u00e9s fin juin, une op\u00e9ration haute-performance Effinergie + RT 2012. Les b\u00e2timents (R+1) group\u00e9s avec des toitures en pente b\u00e9n\u00e9ficient d\u2019une architecture qui, tout en restant traditionnelle, bouscule les codes habituels. 2 000 m2 de couverture en tuile F\u00e9riane rouge y participent pleinement. En reprenant l\u2019esth\u00e9tique des tuiles canal d\u2019antan du grand Sud-Ouest, la tuile de Monier assure l\u2019int\u00e9gration des constructions dans leur environnement. Sa couleur rouge se confond avec les fa\u00e7ades enduites de la m\u00eame couleur et procure ainsi \u00e0 l\u2019ensemble une esth\u00e9tique unique. Son fond courbe prononc\u00e9, son cornet \u00e9vas\u00e9 et la puret\u00e9 des lignes apportent un cachet authentique aux constructions, dans le respect de la tradition architecturale r\u00e9gionale.<\/p>\n","protected":false},"excerpt":{"rendered":"<p>Habitat Nord Deux-S\u00e8vres a lanc\u00e9, en collaboration avec la ville de Cerizay (79), un projet de renouvellement pour le quartier de la Gourre d\u2019Or marqu\u00e9 par un habitat des ann\u00e9es soixante vieillissant. Le cahier des charges, apr\u00e8s d\u00e9molition de l\u2019existant, \u00e9tait de rendre le quartier attractif avec des espaces verts et avec une architecture innovante [&hellip;]<\/p>\n","protected":false},"author":17,"featured_media":93720,"comment_status":"closed","ping_status":"closed","sticky":false,"template":"","format":"standard","meta":{"_et_pb_use_builder":"","_et_pb_old_content":"","_et_gb_content_width":"","footnotes":""},"categories":[6340,10775],"tags":[114,2251,940],"class_list":["post-93719","post","type-post","status-publish","format-standard","has-post-thumbnail","hentry","category-architecture-conception","category-actualites-5facades","tag-couverture-2","tag-monier","tag-tuile"],"yoast_head":"<!-- This site is optimized with the Yoast SEO plugin v27.4 - https:\/\/yoast.com\/product\/yoast-seo-wordpress\/ -->\n<title>Petits collectifs tout de rouge v\u00eatus<\/title>\n<meta name=\"robots\" content=\"index, follow, max-snippet:-1, max-image-preview:large, max-video-preview:-1\" \/>\n<link rel=\"canonical\" href=\"https:\/\/batijournal.com\/index.php\/petits-collectifs-de-rouge-vetus\/93719\/\" \/>\n<meta property=\"og:locale\" content=\"fr_FR\" \/>\n<meta property=\"og:type\" content=\"article\" \/>\n<meta property=\"og:title\" content=\"Petits collectifs tout de rouge v\u00eatus\" \/>\n<meta property=\"og:description\" content=\"Habitat Nord Deux-S\u00e8vres a lanc\u00e9, en collaboration avec la ville de Cerizay (79), un projet de renouvellement pour le quartier de la Gourre d\u2019Or marqu\u00e9 par un habitat des ann\u00e9es soixante vieillissant. Le cahier des charges, apr\u00e8s d\u00e9molition de l\u2019existant, \u00e9tait de rendre le quartier attractif avec des espaces verts et avec une architecture innovante [&hellip;]\" \/>\n<meta property=\"og:url\" content=\"https:\/\/batijournal.com\/index.php\/petits-collectifs-de-rouge-vetus\/93719\/\" \/>\n<meta property=\"og:site_name\" content=\"Batijournal\" \/>\n<meta property=\"article:published_time\" content=\"2016-09-15T06:25:52+00:00\" \/>\n<meta property=\"article:modified_time\" content=\"2019-07-15T09:27:50+00:00\" \/>\n<meta property=\"og:image\" content=\"https:\/\/batijournal.com\/wp-content\/uploads\/2016\/09\/FERIANE-ROUGE-tuiles.jpg\" \/>\n\t<meta property=\"og:image:width\" content=\"1200\" \/>\n\t<meta property=\"og:image:height\" content=\"801\" \/>\n\t<meta property=\"og:image:type\" content=\"image\/jpeg\" \/>\n<meta name=\"author\" content=\"St\u00e9phane Miget\" \/>\n<meta name=\"twitter:card\" content=\"summary_large_image\" \/>\n<meta name=\"twitter:creator\" content=\"@bati_journal\" \/>\n<meta name=\"twitter:site\" content=\"@bati_journal\" \/>\n<meta name=\"twitter:label1\" content=\"\u00c9crit par\" \/>\n\t<meta name=\"twitter:data1\" content=\"St\u00e9phane Miget\" \/>\n\t<meta name=\"twitter:label2\" content=\"Dur\u00e9e de lecture estim\u00e9e\" \/>\n\t<meta name=\"twitter:data2\" content=\"1 minute\" \/>\n<script type=\"application\/ld+json\" class=\"yoast-schema-graph\">{\"@context\":\"https:\\\/\\\/schema.org\",\"@graph\":[{\"@type\":\"Article\",\"@id\":\"https:\\\/\\\/batijournal.com\\\/index.php\\\/petits-collectifs-de-rouge-vetus\\\/93719\\\/#article\",\"isPartOf\":{\"@id\":\"https:\\\/\\\/batijournal.com\\\/index.php\\\/petits-collectifs-de-rouge-vetus\\\/93719\\\/\"},\"author\":{\"name\":\"St\u00e9phane Miget\",\"@id\":\"https:\\\/\\\/batijournal.com\\\/#\\\/schema\\\/person\\\/1dc96ec6957aa1ccb25ebe78bb19f100\"},\"headline\":\"Petits collectifs tout de rouge v\u00eatus\",\"datePublished\":\"2016-09-15T06:25:52+00:00\",\"dateModified\":\"2019-07-15T09:27:50+00:00\",\"mainEntityOfPage\":{\"@id\":\"https:\\\/\\\/batijournal.com\\\/index.php\\\/petits-collectifs-de-rouge-vetus\\\/93719\\\/\"},\"wordCount\":205,\"image\":{\"@id\":\"https:\\\/\\\/batijournal.com\\\/index.php\\\/petits-collectifs-de-rouge-vetus\\\/93719\\\/#primaryimage\"},\"thumbnailUrl\":\"https:\\\/\\\/batijournal.com\\\/wp-content\\\/uploads\\\/2016\\\/09\\\/FERIANE-ROUGE-tuiles.jpg\",\"keywords\":[\"couverture\",\"Monier\",\"tuile\"],\"articleSection\":[\"Architecture &amp; Conception\",\"zz_Actualit\u00e9s - 5fa\u00e7ades\"],\"inLanguage\":\"fr-FR\"},{\"@type\":\"WebPage\",\"@id\":\"https:\\\/\\\/batijournal.com\\\/index.php\\\/petits-collectifs-de-rouge-vetus\\\/93719\\\/\",\"url\":\"https:\\\/\\\/batijournal.com\\\/index.php\\\/petits-collectifs-de-rouge-vetus\\\/93719\\\/\",\"name\":\"Petits collectifs tout de rouge v\u00eatus\",\"isPartOf\":{\"@id\":\"https:\\\/\\\/batijournal.com\\\/#website\"},\"primaryImageOfPage\":{\"@id\":\"https:\\\/\\\/batijournal.com\\\/index.php\\\/petits-collectifs-de-rouge-vetus\\\/93719\\\/#primaryimage\"},\"image\":{\"@id\":\"https:\\\/\\\/batijournal.com\\\/index.php\\\/petits-collectifs-de-rouge-vetus\\\/93719\\\/#primaryimage\"},\"thumbnailUrl\":\"https:\\\/\\\/batijournal.com\\\/wp-content\\\/uploads\\\/2016\\\/09\\\/FERIANE-ROUGE-tuiles.jpg\",\"datePublished\":\"2016-09-15T06:25:52+00:00\",\"dateModified\":\"2019-07-15T09:27:50+00:00\",\"author\":{\"@id\":\"https:\\\/\\\/batijournal.com\\\/#\\\/schema\\\/person\\\/1dc96ec6957aa1ccb25ebe78bb19f100\"},\"breadcrumb\":{\"@id\":\"https:\\\/\\\/batijournal.com\\\/index.php\\\/petits-collectifs-de-rouge-vetus\\\/93719\\\/#breadcrumb\"},\"inLanguage\":\"fr-FR\",\"potentialAction\":[{\"@type\":\"ReadAction\",\"target\":[\"https:\\\/\\\/batijournal.com\\\/index.php\\\/petits-collectifs-de-rouge-vetus\\\/93719\\\/\"]}]},{\"@type\":\"ImageObject\",\"inLanguage\":\"fr-FR\",\"@id\":\"https:\\\/\\\/batijournal.com\\\/index.php\\\/petits-collectifs-de-rouge-vetus\\\/93719\\\/#primaryimage\",\"url\":\"https:\\\/\\\/batijournal.com\\\/wp-content\\\/uploads\\\/2016\\\/09\\\/FERIANE-ROUGE-tuiles.jpg\",\"contentUrl\":\"https:\\\/\\\/batijournal.com\\\/wp-content\\\/uploads\\\/2016\\\/09\\\/FERIANE-ROUGE-tuiles.jpg\",\"width\":1200,\"height\":801},{\"@type\":\"BreadcrumbList\",\"@id\":\"https:\\\/\\\/batijournal.com\\\/index.php\\\/petits-collectifs-de-rouge-vetus\\\/93719\\\/#breadcrumb\",\"itemListElement\":[{\"@type\":\"ListItem\",\"position\":1,\"name\":\"Accueil\",\"item\":\"https:\\\/\\\/batijournal.com\\\/\"},{\"@type\":\"ListItem\",\"position\":2,\"name\":\"Actualit\u00e9s\",\"item\":\"https:\\\/\\\/batijournal.com\\\/index.php\\\/category\\\/actualites\\\/\"},{\"@type\":\"ListItem\",\"position\":3,\"name\":\"Architecture &amp; Conception\",\"item\":\"https:\\\/\\\/batijournal.com\\\/index.php\\\/category\\\/actualites\\\/architecture-conception\\\/\"},{\"@type\":\"ListItem\",\"position\":4,\"name\":\"Petits collectifs tout de rouge v\u00eatus\"}]},{\"@type\":\"WebSite\",\"@id\":\"https:\\\/\\\/batijournal.com\\\/#website\",\"url\":\"https:\\\/\\\/batijournal.com\\\/\",\"name\":\"Batijournal\",\"description\":\"L&#039;actualit\u00e9 du b\u00e2timent\",\"potentialAction\":[{\"@type\":\"SearchAction\",\"target\":{\"@type\":\"EntryPoint\",\"urlTemplate\":\"https:\\\/\\\/batijournal.com\\\/?s={search_term_string}\"},\"query-input\":{\"@type\":\"PropertyValueSpecification\",\"valueRequired\":true,\"valueName\":\"search_term_string\"}}],\"inLanguage\":\"fr-FR\"},{\"@type\":\"Person\",\"@id\":\"https:\\\/\\\/batijournal.com\\\/#\\\/schema\\\/person\\\/1dc96ec6957aa1ccb25ebe78bb19f100\",\"name\":\"St\u00e9phane Miget\",\"image\":{\"@type\":\"ImageObject\",\"inLanguage\":\"fr-FR\",\"@id\":\"https:\\\/\\\/secure.gravatar.com\\\/avatar\\\/89915563d925342126b8ef0281b93d9d7fc337043e8df017f780908eb9644451?s=96&d=mm&r=g\",\"url\":\"https:\\\/\\\/secure.gravatar.com\\\/avatar\\\/89915563d925342126b8ef0281b93d9d7fc337043e8df017f780908eb9644451?s=96&d=mm&r=g\",\"contentUrl\":\"https:\\\/\\\/secure.gravatar.com\\\/avatar\\\/89915563d925342126b8ef0281b93d9d7fc337043e8df017f780908eb9644451?s=96&d=mm&r=g\",\"caption\":\"St\u00e9phane Miget\"},\"url\":\"https:\\\/\\\/batijournal.com\\\/index.php\\\/author\\\/stephane\\\/\"}]}<\/script>\n<!-- \/ Yoast SEO plugin. -->","yoast_head_json":{"title":"Petits collectifs tout de rouge v\u00eatus","robots":{"index":"index","follow":"follow","max-snippet":"max-snippet:-1","max-image-preview":"max-image-preview:large","max-video-preview":"max-video-preview:-1"},"canonical":"https:\/\/batijournal.com\/index.php\/petits-collectifs-de-rouge-vetus\/93719\/","og_locale":"fr_FR","og_type":"article","og_title":"Petits collectifs tout de rouge v\u00eatus","og_description":"Habitat Nord Deux-S\u00e8vres a lanc\u00e9, en collaboration avec la ville de Cerizay (79), un projet de renouvellement pour le quartier de la Gourre d\u2019Or marqu\u00e9 par un habitat des ann\u00e9es soixante vieillissant. Le cahier des charges, apr\u00e8s d\u00e9molition de l\u2019existant, \u00e9tait de rendre le quartier attractif avec des espaces verts et avec une architecture innovante [&hellip;]","og_url":"https:\/\/batijournal.com\/index.php\/petits-collectifs-de-rouge-vetus\/93719\/","og_site_name":"Batijournal","article_published_time":"2016-09-15T06:25:52+00:00","article_modified_time":"2019-07-15T09:27:50+00:00","og_image":[{"width":1200,"height":801,"url":"https:\/\/batijournal.com\/wp-content\/uploads\/2016\/09\/FERIANE-ROUGE-tuiles.jpg","type":"image\/jpeg"}],"author":"St\u00e9phane Miget","twitter_card":"summary_large_image","twitter_creator":"@bati_journal","twitter_site":"@bati_journal","twitter_misc":{"\u00c9crit par":"St\u00e9phane Miget","Dur\u00e9e de lecture estim\u00e9e":"1 minute"},"schema":{"@context":"https:\/\/schema.org","@graph":[{"@type":"Article","@id":"https:\/\/batijournal.com\/index.php\/petits-collectifs-de-rouge-vetus\/93719\/#article","isPartOf":{"@id":"https:\/\/batijournal.com\/index.php\/petits-collectifs-de-rouge-vetus\/93719\/"},"author":{"name":"St\u00e9phane Miget","@id":"https:\/\/batijournal.com\/#\/schema\/person\/1dc96ec6957aa1ccb25ebe78bb19f100"},"headline":"Petits collectifs tout de rouge v\u00eatus","datePublished":"2016-09-15T06:25:52+00:00","dateModified":"2019-07-15T09:27:50+00:00","mainEntityOfPage":{"@id":"https:\/\/batijournal.com\/index.php\/petits-collectifs-de-rouge-vetus\/93719\/"},"wordCount":205,"image":{"@id":"https:\/\/batijournal.com\/index.php\/petits-collectifs-de-rouge-vetus\/93719\/#primaryimage"},"thumbnailUrl":"https:\/\/batijournal.com\/wp-content\/uploads\/2016\/09\/FERIANE-ROUGE-tuiles.jpg","keywords":["couverture","Monier","tuile"],"articleSection":["Architecture &amp; Conception","zz_Actualit\u00e9s - 5fa\u00e7ades"],"inLanguage":"fr-FR"},{"@type":"WebPage","@id":"https:\/\/batijournal.com\/index.php\/petits-collectifs-de-rouge-vetus\/93719\/","url":"https:\/\/batijournal.com\/index.php\/petits-collectifs-de-rouge-vetus\/93719\/","name":"Petits collectifs tout de rouge v\u00eatus","isPartOf":{"@id":"https:\/\/batijournal.com\/#website"},"primaryImageOfPage":{"@id":"https:\/\/batijournal.com\/index.php\/petits-collectifs-de-rouge-vetus\/93719\/#primaryimage"},"image":{"@id":"https:\/\/batijournal.com\/index.php\/petits-collectifs-de-rouge-vetus\/93719\/#primaryimage"},"thumbnailUrl":"https:\/\/batijournal.com\/wp-content\/uploads\/2016\/09\/FERIANE-ROUGE-tuiles.jpg","datePublished":"2016-09-15T06:25:52+00:00","dateModified":"2019-07-15T09:27:50+00:00","author":{"@id":"https:\/\/batijournal.com\/#\/schema\/person\/1dc96ec6957aa1ccb25ebe78bb19f100"},"breadcrumb":{"@id":"https:\/\/batijournal.com\/index.php\/petits-collectifs-de-rouge-vetus\/93719\/#breadcrumb"},"inLanguage":"fr-FR","potentialAction":[{"@type":"ReadAction","target":["https:\/\/batijournal.com\/index.php\/petits-collectifs-de-rouge-vetus\/93719\/"]}]},{"@type":"ImageObject","inLanguage":"fr-FR","@id":"https:\/\/batijournal.com\/index.php\/petits-collectifs-de-rouge-vetus\/93719\/#primaryimage","url":"https:\/\/batijournal.com\/wp-content\/uploads\/2016\/09\/FERIANE-ROUGE-tuiles.jpg","contentUrl":"https:\/\/batijournal.com\/wp-content\/uploads\/2016\/09\/FERIANE-ROUGE-tuiles.jpg","width":1200,"height":801},{"@type":"BreadcrumbList","@id":"https:\/\/batijournal.com\/index.php\/petits-collectifs-de-rouge-vetus\/93719\/#breadcrumb","itemListElement":[{"@type":"ListItem","position":1,"name":"Accueil","item":"https:\/\/batijournal.com\/"},{"@type":"ListItem","position":2,"name":"Actualit\u00e9s","item":"https:\/\/batijournal.com\/index.php\/category\/actualites\/"},{"@type":"ListItem","position":3,"name":"Architecture &amp; Conception","item":"https:\/\/batijournal.com\/index.php\/category\/actualites\/architecture-conception\/"},{"@type":"ListItem","position":4,"name":"Petits collectifs tout de rouge v\u00eatus"}]},{"@type":"WebSite","@id":"https:\/\/batijournal.com\/#website","url":"https:\/\/batijournal.com\/","name":"Batijournal","description":"L&#039;actualit\u00e9 du b\u00e2timent","potentialAction":[{"@type":"SearchAction","target":{"@type":"EntryPoint","urlTemplate":"https:\/\/batijournal.com\/?s={search_term_string}"},"query-input":{"@type":"PropertyValueSpecification","valueRequired":true,"valueName":"search_term_string"}}],"inLanguage":"fr-FR"},{"@type":"Person","@id":"https:\/\/batijournal.com\/#\/schema\/person\/1dc96ec6957aa1ccb25ebe78bb19f100","name":"St\u00e9phane Miget","image":{"@type":"ImageObject","inLanguage":"fr-FR","@id":"https:\/\/secure.gravatar.com\/avatar\/89915563d925342126b8ef0281b93d9d7fc337043e8df017f780908eb9644451?s=96&d=mm&r=g","url":"https:\/\/secure.gravatar.com\/avatar\/89915563d925342126b8ef0281b93d9d7fc337043e8df017f780908eb9644451?s=96&d=mm&r=g","contentUrl":"https:\/\/secure.gravatar.com\/avatar\/89915563d925342126b8ef0281b93d9d7fc337043e8df017f780908eb9644451?s=96&d=mm&r=g","caption":"St\u00e9phane Miget"},"url":"https:\/\/batijournal.com\/index.php\/author\/stephane\/"}]}},"_links":{"self":[{"href":"https:\/\/batijournal.com\/index.php\/wp-json\/wp\/v2\/posts\/93719","targetHints":{"allow":["GET"]}}],"collection":[{"href":"https:\/\/batijournal.com\/index.php\/wp-json\/wp\/v2\/posts"}],"about":[{"href":"https:\/\/batijournal.com\/index.php\/wp-json\/wp\/v2\/types\/post"}],"author":[{"embeddable":true,"href":"https:\/\/batijournal.com\/index.php\/wp-json\/wp\/v2\/users\/17"}],"replies":[{"embeddable":true,"href":"https:\/\/batijournal.com\/index.php\/wp-json\/wp\/v2\/comments?post=93719"}],"version-history":[{"count":0,"href":"https:\/\/batijournal.com\/index.php\/wp-json\/wp\/v2\/posts\/93719\/revisions"}],"wp:featuredmedia":[{"embeddable":true,"href":"https:\/\/batijournal.com\/index.php\/wp-json\/wp\/v2\/media\/93720"}],"wp:attachment":[{"href":"https:\/\/batijournal.com\/index.php\/wp-json\/wp\/v2\/media?parent=93719"}],"wp:term":[{"taxonomy":"category","embeddable":true,"href":"https:\/\/batijournal.com\/index.php\/wp-json\/wp\/v2\/categories?post=93719"},{"taxonomy":"post_tag","embeddable":true,"href":"https:\/\/batijournal.com\/index.php\/wp-json\/wp\/v2\/tags?post=93719"}],"curies":[{"name":"wp","href":"https:\/\/api.w.org\/{rel}","templated":true}]}}