{"id":93732,"date":"2016-09-16T11:32:46","date_gmt":"2016-09-16T09:32:46","guid":{"rendered":"http:\/\/batijournal.com\/?p=93732"},"modified":"2019-07-15T12:04:00","modified_gmt":"2019-07-15T10:04:00","slug":"ffb-se-felicite-de-creation-de-societe-fonciere-solidaire","status":"publish","type":"post","link":"https:\/\/batijournal.com\/index.php\/ffb-se-felicite-de-creation-de-societe-fonciere-solidaire\/93732\/","title":{"rendered":"La FFB se f\u00e9licite de la cr\u00e9ation de la soci\u00e9t\u00e9 Fonci\u00e8re Solidaire"},"content":{"rendered":"<p>Via un communiqu\u00e9, la FFB salue et se f\u00e9licite de la cr\u00e9ation, d\u00e9but 2017, de la Fonci\u00e8re Solidaire qui aura pour vocation d\u2019acc\u00e9l\u00e9rer et de simplifier la mobilisation du foncier public appartenant \u00e0 l\u2019\u00c9tat, aux \u00e9tablissements publics et aux collectivit\u00e9s locales mais aussi priv\u00e9. L\u2019objectif est de construire 55.000 logements d\u2019ici 2021, prioritairement dans les zones tendues, l\u00e0 o\u00f9 le foncier se r\u00e9v\u00e8le le plus on\u00e9reux. L\u2019investissement s\u2019\u00e9l\u00e8verait \u00e0 2 milliards d\u2019euros. Afin de r\u00e9duire les co\u00fbts de sortie, la future Fonci\u00e8re pourra dissocier le foncier du b\u00e2ti au moyen notamment de baux emphyt\u00e9otiques.<\/p>\n<p>Ce nouvel outil s\u2019inscrit dans la volont\u00e9 de d\u00e9velopper plus efficacement l\u2019offre fonci\u00e8re et de continuer \u00e0 soutenir la construction de logements et donc le secteur du b\u00e2timent qui commence, depuis le d\u00e9but de l\u2019ann\u00e9e, \u00e0 retrouver enfin une activit\u00e9 plus vigoureuse. C\u2019est \u00e0 ce prix que le secteur pourra, de nouveau, cr\u00e9er de l\u2019emploi dans les tout prochains mois.<\/p>\n<p>Jacques Chanut, pr\u00e9sident de la FFB, se r\u00e9jouit : \u00ab\u00a0<i>cet outil nouveau compl\u00e8te utilement la gamme des produits existants, l\u00e0 o\u00f9 la demande ressort la plus forte.\u00a0\u00bb<\/i>.<\/p>\n<p>&nbsp;<\/p>\n","protected":false},"excerpt":{"rendered":"<p>Via un communiqu\u00e9, la FFB salue et se f\u00e9licite de la cr\u00e9ation, d\u00e9but 2017, de la Fonci\u00e8re Solidaire qui aura pour vocation d\u2019acc\u00e9l\u00e9rer et de simplifier la mobilisation du foncier public appartenant \u00e0 l\u2019\u00c9tat, aux \u00e9tablissements publics et aux collectivit\u00e9s locales mais aussi priv\u00e9. L\u2019objectif est de construire 55.000 logements d\u2019ici 2021, prioritairement dans les [&hellip;]<\/p>\n","protected":false},"author":17,"featured_media":0,"comment_status":"closed","ping_status":"closed","sticky":false,"template":"","format":"standard","meta":{"_et_pb_use_builder":"","_et_pb_old_content":"","_et_gb_content_width":"","footnotes":""},"categories":[6345],"tags":[373],"class_list":["post-93732","post","type-post","status-publish","format-standard","hentry","category-economie-marches","tag-ffb"],"yoast_head":"<!-- This site is optimized with the Yoast SEO plugin v27.4 - https:\/\/yoast.com\/product\/yoast-seo-wordpress\/ -->\n<title>La FFB se f\u00e9licite de la cr\u00e9ation de la soci\u00e9t\u00e9 Fonci\u00e8re Solidaire<\/title>\n<meta name=\"robots\" content=\"index, follow, max-snippet:-1, max-image-preview:large, max-video-preview:-1\" \/>\n<link rel=\"canonical\" href=\"https:\/\/batijournal.com\/index.php\/ffb-se-felicite-de-creation-de-societe-fonciere-solidaire\/93732\/\" \/>\n<meta property=\"og:locale\" content=\"fr_FR\" \/>\n<meta property=\"og:type\" content=\"article\" \/>\n<meta property=\"og:title\" content=\"La FFB se f\u00e9licite de la cr\u00e9ation de la soci\u00e9t\u00e9 Fonci\u00e8re Solidaire\" \/>\n<meta property=\"og:description\" content=\"Via un communiqu\u00e9, la FFB salue et se f\u00e9licite de la cr\u00e9ation, d\u00e9but 2017, de la Fonci\u00e8re Solidaire qui aura pour vocation d\u2019acc\u00e9l\u00e9rer et de simplifier la mobilisation du foncier public appartenant \u00e0 l\u2019\u00c9tat, aux \u00e9tablissements publics et aux collectivit\u00e9s locales mais aussi priv\u00e9. L\u2019objectif est de construire 55.000 logements d\u2019ici 2021, prioritairement dans les [&hellip;]\" \/>\n<meta property=\"og:url\" content=\"https:\/\/batijournal.com\/index.php\/ffb-se-felicite-de-creation-de-societe-fonciere-solidaire\/93732\/\" \/>\n<meta property=\"og:site_name\" content=\"Batijournal\" \/>\n<meta property=\"article:published_time\" content=\"2016-09-16T09:32:46+00:00\" \/>\n<meta property=\"article:modified_time\" content=\"2019-07-15T10:04:00+00:00\" \/>\n<meta name=\"author\" content=\"St\u00e9phane Miget\" \/>\n<meta name=\"twitter:card\" content=\"summary_large_image\" \/>\n<meta name=\"twitter:creator\" content=\"@bati_journal\" \/>\n<meta name=\"twitter:site\" content=\"@bati_journal\" \/>\n<meta name=\"twitter:label1\" content=\"\u00c9crit par\" \/>\n\t<meta name=\"twitter:data1\" content=\"St\u00e9phane Miget\" \/>\n\t<meta name=\"twitter:label2\" content=\"Dur\u00e9e de lecture estim\u00e9e\" \/>\n\t<meta name=\"twitter:data2\" content=\"1 minute\" \/>\n<script type=\"application\/ld+json\" class=\"yoast-schema-graph\">{\"@context\":\"https:\\\/\\\/schema.org\",\"@graph\":[{\"@type\":\"Article\",\"@id\":\"https:\\\/\\\/batijournal.com\\\/index.php\\\/ffb-se-felicite-de-creation-de-societe-fonciere-solidaire\\\/93732\\\/#article\",\"isPartOf\":{\"@id\":\"https:\\\/\\\/batijournal.com\\\/index.php\\\/ffb-se-felicite-de-creation-de-societe-fonciere-solidaire\\\/93732\\\/\"},\"author\":{\"name\":\"St\u00e9phane Miget\",\"@id\":\"https:\\\/\\\/batijournal.com\\\/#\\\/schema\\\/person\\\/1dc96ec6957aa1ccb25ebe78bb19f100\"},\"headline\":\"La FFB se f\u00e9licite de la cr\u00e9ation de la soci\u00e9t\u00e9 Fonci\u00e8re Solidaire\",\"datePublished\":\"2016-09-16T09:32:46+00:00\",\"dateModified\":\"2019-07-15T10:04:00+00:00\",\"mainEntityOfPage\":{\"@id\":\"https:\\\/\\\/batijournal.com\\\/index.php\\\/ffb-se-felicite-de-creation-de-societe-fonciere-solidaire\\\/93732\\\/\"},\"wordCount\":225,\"keywords\":[\"ffb\"],\"articleSection\":[\"\u00c9conomie &amp; March\u00e9s\"],\"inLanguage\":\"fr-FR\"},{\"@type\":\"WebPage\",\"@id\":\"https:\\\/\\\/batijournal.com\\\/index.php\\\/ffb-se-felicite-de-creation-de-societe-fonciere-solidaire\\\/93732\\\/\",\"url\":\"https:\\\/\\\/batijournal.com\\\/index.php\\\/ffb-se-felicite-de-creation-de-societe-fonciere-solidaire\\\/93732\\\/\",\"name\":\"La FFB se f\u00e9licite de la cr\u00e9ation de la soci\u00e9t\u00e9 Fonci\u00e8re Solidaire\",\"isPartOf\":{\"@id\":\"https:\\\/\\\/batijournal.com\\\/#website\"},\"datePublished\":\"2016-09-16T09:32:46+00:00\",\"dateModified\":\"2019-07-15T10:04:00+00:00\",\"author\":{\"@id\":\"https:\\\/\\\/batijournal.com\\\/#\\\/schema\\\/person\\\/1dc96ec6957aa1ccb25ebe78bb19f100\"},\"breadcrumb\":{\"@id\":\"https:\\\/\\\/batijournal.com\\\/index.php\\\/ffb-se-felicite-de-creation-de-societe-fonciere-solidaire\\\/93732\\\/#breadcrumb\"},\"inLanguage\":\"fr-FR\",\"potentialAction\":[{\"@type\":\"ReadAction\",\"target\":[\"https:\\\/\\\/batijournal.com\\\/index.php\\\/ffb-se-felicite-de-creation-de-societe-fonciere-solidaire\\\/93732\\\/\"]}]},{\"@type\":\"BreadcrumbList\",\"@id\":\"https:\\\/\\\/batijournal.com\\\/index.php\\\/ffb-se-felicite-de-creation-de-societe-fonciere-solidaire\\\/93732\\\/#breadcrumb\",\"itemListElement\":[{\"@type\":\"ListItem\",\"position\":1,\"name\":\"Accueil\",\"item\":\"https:\\\/\\\/batijournal.com\\\/\"},{\"@type\":\"ListItem\",\"position\":2,\"name\":\"Actualit\u00e9s\",\"item\":\"https:\\\/\\\/batijournal.com\\\/index.php\\\/category\\\/actualites\\\/\"},{\"@type\":\"ListItem\",\"position\":3,\"name\":\"\u00c9conomie &amp; March\u00e9s\",\"item\":\"https:\\\/\\\/batijournal.com\\\/index.php\\\/category\\\/actualites\\\/economie-marches\\\/\"},{\"@type\":\"ListItem\",\"position\":4,\"name\":\"La FFB se f\u00e9licite de la cr\u00e9ation de la soci\u00e9t\u00e9 Fonci\u00e8re Solidaire\"}]},{\"@type\":\"WebSite\",\"@id\":\"https:\\\/\\\/batijournal.com\\\/#website\",\"url\":\"https:\\\/\\\/batijournal.com\\\/\",\"name\":\"Batijournal\",\"description\":\"L&#039;actualit\u00e9 du b\u00e2timent\",\"potentialAction\":[{\"@type\":\"SearchAction\",\"target\":{\"@type\":\"EntryPoint\",\"urlTemplate\":\"https:\\\/\\\/batijournal.com\\\/?s={search_term_string}\"},\"query-input\":{\"@type\":\"PropertyValueSpecification\",\"valueRequired\":true,\"valueName\":\"search_term_string\"}}],\"inLanguage\":\"fr-FR\"},{\"@type\":\"Person\",\"@id\":\"https:\\\/\\\/batijournal.com\\\/#\\\/schema\\\/person\\\/1dc96ec6957aa1ccb25ebe78bb19f100\",\"name\":\"St\u00e9phane Miget\",\"image\":{\"@type\":\"ImageObject\",\"inLanguage\":\"fr-FR\",\"@id\":\"https:\\\/\\\/secure.gravatar.com\\\/avatar\\\/89915563d925342126b8ef0281b93d9d7fc337043e8df017f780908eb9644451?s=96&d=mm&r=g\",\"url\":\"https:\\\/\\\/secure.gravatar.com\\\/avatar\\\/89915563d925342126b8ef0281b93d9d7fc337043e8df017f780908eb9644451?s=96&d=mm&r=g\",\"contentUrl\":\"https:\\\/\\\/secure.gravatar.com\\\/avatar\\\/89915563d925342126b8ef0281b93d9d7fc337043e8df017f780908eb9644451?s=96&d=mm&r=g\",\"caption\":\"St\u00e9phane Miget\"},\"url\":\"https:\\\/\\\/batijournal.com\\\/index.php\\\/author\\\/stephane\\\/\"}]}<\/script>\n<!-- \/ Yoast SEO plugin. -->","yoast_head_json":{"title":"La FFB se f\u00e9licite de la cr\u00e9ation de la soci\u00e9t\u00e9 Fonci\u00e8re Solidaire","robots":{"index":"index","follow":"follow","max-snippet":"max-snippet:-1","max-image-preview":"max-image-preview:large","max-video-preview":"max-video-preview:-1"},"canonical":"https:\/\/batijournal.com\/index.php\/ffb-se-felicite-de-creation-de-societe-fonciere-solidaire\/93732\/","og_locale":"fr_FR","og_type":"article","og_title":"La FFB se f\u00e9licite de la cr\u00e9ation de la soci\u00e9t\u00e9 Fonci\u00e8re Solidaire","og_description":"Via un communiqu\u00e9, la FFB salue et se f\u00e9licite de la cr\u00e9ation, d\u00e9but 2017, de la Fonci\u00e8re Solidaire qui aura pour vocation d\u2019acc\u00e9l\u00e9rer et de simplifier la mobilisation du foncier public appartenant \u00e0 l\u2019\u00c9tat, aux \u00e9tablissements publics et aux collectivit\u00e9s locales mais aussi priv\u00e9. L\u2019objectif est de construire 55.000 logements d\u2019ici 2021, prioritairement dans les [&hellip;]","og_url":"https:\/\/batijournal.com\/index.php\/ffb-se-felicite-de-creation-de-societe-fonciere-solidaire\/93732\/","og_site_name":"Batijournal","article_published_time":"2016-09-16T09:32:46+00:00","article_modified_time":"2019-07-15T10:04:00+00:00","author":"St\u00e9phane Miget","twitter_card":"summary_large_image","twitter_creator":"@bati_journal","twitter_site":"@bati_journal","twitter_misc":{"\u00c9crit par":"St\u00e9phane Miget","Dur\u00e9e de lecture estim\u00e9e":"1 minute"},"schema":{"@context":"https:\/\/schema.org","@graph":[{"@type":"Article","@id":"https:\/\/batijournal.com\/index.php\/ffb-se-felicite-de-creation-de-societe-fonciere-solidaire\/93732\/#article","isPartOf":{"@id":"https:\/\/batijournal.com\/index.php\/ffb-se-felicite-de-creation-de-societe-fonciere-solidaire\/93732\/"},"author":{"name":"St\u00e9phane Miget","@id":"https:\/\/batijournal.com\/#\/schema\/person\/1dc96ec6957aa1ccb25ebe78bb19f100"},"headline":"La FFB se f\u00e9licite de la cr\u00e9ation de la soci\u00e9t\u00e9 Fonci\u00e8re Solidaire","datePublished":"2016-09-16T09:32:46+00:00","dateModified":"2019-07-15T10:04:00+00:00","mainEntityOfPage":{"@id":"https:\/\/batijournal.com\/index.php\/ffb-se-felicite-de-creation-de-societe-fonciere-solidaire\/93732\/"},"wordCount":225,"keywords":["ffb"],"articleSection":["\u00c9conomie &amp; March\u00e9s"],"inLanguage":"fr-FR"},{"@type":"WebPage","@id":"https:\/\/batijournal.com\/index.php\/ffb-se-felicite-de-creation-de-societe-fonciere-solidaire\/93732\/","url":"https:\/\/batijournal.com\/index.php\/ffb-se-felicite-de-creation-de-societe-fonciere-solidaire\/93732\/","name":"La FFB se f\u00e9licite de la cr\u00e9ation de la soci\u00e9t\u00e9 Fonci\u00e8re Solidaire","isPartOf":{"@id":"https:\/\/batijournal.com\/#website"},"datePublished":"2016-09-16T09:32:46+00:00","dateModified":"2019-07-15T10:04:00+00:00","author":{"@id":"https:\/\/batijournal.com\/#\/schema\/person\/1dc96ec6957aa1ccb25ebe78bb19f100"},"breadcrumb":{"@id":"https:\/\/batijournal.com\/index.php\/ffb-se-felicite-de-creation-de-societe-fonciere-solidaire\/93732\/#breadcrumb"},"inLanguage":"fr-FR","potentialAction":[{"@type":"ReadAction","target":["https:\/\/batijournal.com\/index.php\/ffb-se-felicite-de-creation-de-societe-fonciere-solidaire\/93732\/"]}]},{"@type":"BreadcrumbList","@id":"https:\/\/batijournal.com\/index.php\/ffb-se-felicite-de-creation-de-societe-fonciere-solidaire\/93732\/#breadcrumb","itemListElement":[{"@type":"ListItem","position":1,"name":"Accueil","item":"https:\/\/batijournal.com\/"},{"@type":"ListItem","position":2,"name":"Actualit\u00e9s","item":"https:\/\/batijournal.com\/index.php\/category\/actualites\/"},{"@type":"ListItem","position":3,"name":"\u00c9conomie &amp; March\u00e9s","item":"https:\/\/batijournal.com\/index.php\/category\/actualites\/economie-marches\/"},{"@type":"ListItem","position":4,"name":"La FFB se f\u00e9licite de la cr\u00e9ation de la soci\u00e9t\u00e9 Fonci\u00e8re Solidaire"}]},{"@type":"WebSite","@id":"https:\/\/batijournal.com\/#website","url":"https:\/\/batijournal.com\/","name":"Batijournal","description":"L&#039;actualit\u00e9 du b\u00e2timent","potentialAction":[{"@type":"SearchAction","target":{"@type":"EntryPoint","urlTemplate":"https:\/\/batijournal.com\/?s={search_term_string}"},"query-input":{"@type":"PropertyValueSpecification","valueRequired":true,"valueName":"search_term_string"}}],"inLanguage":"fr-FR"},{"@type":"Person","@id":"https:\/\/batijournal.com\/#\/schema\/person\/1dc96ec6957aa1ccb25ebe78bb19f100","name":"St\u00e9phane Miget","image":{"@type":"ImageObject","inLanguage":"fr-FR","@id":"https:\/\/secure.gravatar.com\/avatar\/89915563d925342126b8ef0281b93d9d7fc337043e8df017f780908eb9644451?s=96&d=mm&r=g","url":"https:\/\/secure.gravatar.com\/avatar\/89915563d925342126b8ef0281b93d9d7fc337043e8df017f780908eb9644451?s=96&d=mm&r=g","contentUrl":"https:\/\/secure.gravatar.com\/avatar\/89915563d925342126b8ef0281b93d9d7fc337043e8df017f780908eb9644451?s=96&d=mm&r=g","caption":"St\u00e9phane Miget"},"url":"https:\/\/batijournal.com\/index.php\/author\/stephane\/"}]}},"_links":{"self":[{"href":"https:\/\/batijournal.com\/index.php\/wp-json\/wp\/v2\/posts\/93732","targetHints":{"allow":["GET"]}}],"collection":[{"href":"https:\/\/batijournal.com\/index.php\/wp-json\/wp\/v2\/posts"}],"about":[{"href":"https:\/\/batijournal.com\/index.php\/wp-json\/wp\/v2\/types\/post"}],"author":[{"embeddable":true,"href":"https:\/\/batijournal.com\/index.php\/wp-json\/wp\/v2\/users\/17"}],"replies":[{"embeddable":true,"href":"https:\/\/batijournal.com\/index.php\/wp-json\/wp\/v2\/comments?post=93732"}],"version-history":[{"count":0,"href":"https:\/\/batijournal.com\/index.php\/wp-json\/wp\/v2\/posts\/93732\/revisions"}],"wp:attachment":[{"href":"https:\/\/batijournal.com\/index.php\/wp-json\/wp\/v2\/media?parent=93732"}],"wp:term":[{"taxonomy":"category","embeddable":true,"href":"https:\/\/batijournal.com\/index.php\/wp-json\/wp\/v2\/categories?post=93732"},{"taxonomy":"post_tag","embeddable":true,"href":"https:\/\/batijournal.com\/index.php\/wp-json\/wp\/v2\/tags?post=93732"}],"curies":[{"name":"wp","href":"https:\/\/api.w.org\/{rel}","templated":true}]}}