{"id":93736,"date":"2016-09-19T15:44:06","date_gmt":"2016-09-19T13:44:06","guid":{"rendered":"http:\/\/batijournal.com\/?p=93736"},"modified":"2019-07-15T11:16:35","modified_gmt":"2019-07-15T09:16:35","slug":"bilan-journees-patrimoine","status":"publish","type":"post","link":"https:\/\/batijournal.com\/index.php\/bilan-journees-patrimoine\/93736\/","title":{"rendered":"Bilan des journ\u00e9es du patrimoine"},"content":{"rendered":"<p>Le minist\u00e8re de la Culture et de la Communication donne les chiffres : avec plus de 12 millions de visiteurs, les Journ\u00e9es europ\u00e9ennes du patrimoine, qui se sont d\u00e9roul\u00e9es le week-end du des 17 et 18 septembre 2016, ont confirm\u00e9 une nouvelle fois leur succ\u00e8s aupr\u00e8s du public. Pour cette 33\u00e8me \u00e9dition, dont le th\u00e8me \u00e9tait \u00ab Patrimoine et citoyennet\u00e9 \u00bb, les visiteurs se sont rendus toujours aussi nombreux, dans les lieux symboliques de la naissance de la citoyennet\u00e9, dans les sites historiques de sa construction et dans les lieux contemporains de son exercice quotidien.<\/p>\n<p>Avec 17 000 sites ouverts, 26 000 animations et 4 700 ouvertures plus particuli\u00e8rement li\u00e9es au th\u00e8me de cette ann\u00e9e, ce succ\u00e8s illustre la capacit\u00e9 fran\u00e7aise \u00e0 faire corps autour de ce patrimoine vivant, socle de la citoyennet\u00e9, partag\u00e9 par tous, accessible \u00e0 tous. Le patrimoine porte aussi une vision d\u2019avenir, le projet d\u2019un destin collectif.<\/p>\n<p>&nbsp;<\/p>\n","protected":false},"excerpt":{"rendered":"<p>Le minist\u00e8re de la Culture et de la Communication donne les chiffres : avec plus de 12 millions de visiteurs, les Journ\u00e9es europ\u00e9ennes du patrimoine, qui se sont d\u00e9roul\u00e9es le week-end du des 17 et 18 septembre 2016, ont confirm\u00e9 une nouvelle fois leur succ\u00e8s aupr\u00e8s du public. Pour cette 33\u00e8me \u00e9dition, dont le th\u00e8me [&hellip;]<\/p>\n","protected":false},"author":17,"featured_media":93737,"comment_status":"closed","ping_status":"closed","sticky":false,"template":"","format":"standard","meta":{"_et_pb_use_builder":"","_et_pb_old_content":"","_et_gb_content_width":"","footnotes":""},"categories":[6340],"tags":[11369],"class_list":["post-93736","post","type-post","status-publish","format-standard","has-post-thumbnail","hentry","category-architecture-conception","tag-journees-du-patrimoine-2016"],"yoast_head":"<!-- This site is optimized with the Yoast SEO plugin v27.4 - https:\/\/yoast.com\/product\/yoast-seo-wordpress\/ -->\n<title>Bilan des journ\u00e9es du patrimoine<\/title>\n<meta name=\"robots\" content=\"index, follow, max-snippet:-1, max-image-preview:large, max-video-preview:-1\" \/>\n<link rel=\"canonical\" href=\"https:\/\/batijournal.com\/index.php\/bilan-journees-patrimoine\/93736\/\" \/>\n<meta property=\"og:locale\" content=\"fr_FR\" \/>\n<meta property=\"og:type\" content=\"article\" \/>\n<meta property=\"og:title\" content=\"Bilan des journ\u00e9es du patrimoine\" \/>\n<meta property=\"og:description\" content=\"Le minist\u00e8re de la Culture et de la Communication donne les chiffres : avec plus de 12 millions de visiteurs, les Journ\u00e9es europ\u00e9ennes du patrimoine, qui se sont d\u00e9roul\u00e9es le week-end du des 17 et 18 septembre 2016, ont confirm\u00e9 une nouvelle fois leur succ\u00e8s aupr\u00e8s du public. Pour cette 33\u00e8me \u00e9dition, dont le th\u00e8me [&hellip;]\" \/>\n<meta property=\"og:url\" content=\"https:\/\/batijournal.com\/index.php\/bilan-journees-patrimoine\/93736\/\" \/>\n<meta property=\"og:site_name\" content=\"Batijournal\" \/>\n<meta property=\"article:published_time\" content=\"2016-09-19T13:44:06+00:00\" \/>\n<meta property=\"article:modified_time\" content=\"2019-07-15T09:16:35+00:00\" \/>\n<meta property=\"og:image\" content=\"https:\/\/batijournal.com\/wp-content\/uploads\/2016\/09\/journees-du-patrimoine-2016.jpg\" \/>\n\t<meta property=\"og:image:width\" content=\"1000\" \/>\n\t<meta property=\"og:image:height\" content=\"542\" \/>\n\t<meta property=\"og:image:type\" content=\"image\/jpeg\" \/>\n<meta name=\"author\" content=\"St\u00e9phane Miget\" \/>\n<meta name=\"twitter:card\" content=\"summary_large_image\" \/>\n<meta name=\"twitter:creator\" content=\"@bati_journal\" \/>\n<meta name=\"twitter:site\" content=\"@bati_journal\" \/>\n<meta name=\"twitter:label1\" content=\"\u00c9crit par\" \/>\n\t<meta name=\"twitter:data1\" content=\"St\u00e9phane Miget\" \/>\n\t<meta name=\"twitter:label2\" content=\"Dur\u00e9e de lecture estim\u00e9e\" \/>\n\t<meta name=\"twitter:data2\" content=\"1 minute\" \/>\n<script type=\"application\/ld+json\" class=\"yoast-schema-graph\">{\"@context\":\"https:\\\/\\\/schema.org\",\"@graph\":[{\"@type\":\"Article\",\"@id\":\"https:\\\/\\\/batijournal.com\\\/index.php\\\/bilan-journees-patrimoine\\\/93736\\\/#article\",\"isPartOf\":{\"@id\":\"https:\\\/\\\/batijournal.com\\\/index.php\\\/bilan-journees-patrimoine\\\/93736\\\/\"},\"author\":{\"name\":\"St\u00e9phane Miget\",\"@id\":\"https:\\\/\\\/batijournal.com\\\/#\\\/schema\\\/person\\\/1dc96ec6957aa1ccb25ebe78bb19f100\"},\"headline\":\"Bilan des journ\u00e9es du patrimoine\",\"datePublished\":\"2016-09-19T13:44:06+00:00\",\"dateModified\":\"2019-07-15T09:16:35+00:00\",\"mainEntityOfPage\":{\"@id\":\"https:\\\/\\\/batijournal.com\\\/index.php\\\/bilan-journees-patrimoine\\\/93736\\\/\"},\"wordCount\":159,\"image\":{\"@id\":\"https:\\\/\\\/batijournal.com\\\/index.php\\\/bilan-journees-patrimoine\\\/93736\\\/#primaryimage\"},\"thumbnailUrl\":\"https:\\\/\\\/batijournal.com\\\/wp-content\\\/uploads\\\/2016\\\/09\\\/journees-du-patrimoine-2016.jpg\",\"keywords\":[\"journ\u00e9es du patrimoine 2016\"],\"articleSection\":[\"Architecture &amp; Conception\"],\"inLanguage\":\"fr-FR\"},{\"@type\":\"WebPage\",\"@id\":\"https:\\\/\\\/batijournal.com\\\/index.php\\\/bilan-journees-patrimoine\\\/93736\\\/\",\"url\":\"https:\\\/\\\/batijournal.com\\\/index.php\\\/bilan-journees-patrimoine\\\/93736\\\/\",\"name\":\"Bilan des journ\u00e9es du patrimoine\",\"isPartOf\":{\"@id\":\"https:\\\/\\\/batijournal.com\\\/#website\"},\"primaryImageOfPage\":{\"@id\":\"https:\\\/\\\/batijournal.com\\\/index.php\\\/bilan-journees-patrimoine\\\/93736\\\/#primaryimage\"},\"image\":{\"@id\":\"https:\\\/\\\/batijournal.com\\\/index.php\\\/bilan-journees-patrimoine\\\/93736\\\/#primaryimage\"},\"thumbnailUrl\":\"https:\\\/\\\/batijournal.com\\\/wp-content\\\/uploads\\\/2016\\\/09\\\/journees-du-patrimoine-2016.jpg\",\"datePublished\":\"2016-09-19T13:44:06+00:00\",\"dateModified\":\"2019-07-15T09:16:35+00:00\",\"author\":{\"@id\":\"https:\\\/\\\/batijournal.com\\\/#\\\/schema\\\/person\\\/1dc96ec6957aa1ccb25ebe78bb19f100\"},\"breadcrumb\":{\"@id\":\"https:\\\/\\\/batijournal.com\\\/index.php\\\/bilan-journees-patrimoine\\\/93736\\\/#breadcrumb\"},\"inLanguage\":\"fr-FR\",\"potentialAction\":[{\"@type\":\"ReadAction\",\"target\":[\"https:\\\/\\\/batijournal.com\\\/index.php\\\/bilan-journees-patrimoine\\\/93736\\\/\"]}]},{\"@type\":\"ImageObject\",\"inLanguage\":\"fr-FR\",\"@id\":\"https:\\\/\\\/batijournal.com\\\/index.php\\\/bilan-journees-patrimoine\\\/93736\\\/#primaryimage\",\"url\":\"https:\\\/\\\/batijournal.com\\\/wp-content\\\/uploads\\\/2016\\\/09\\\/journees-du-patrimoine-2016.jpg\",\"contentUrl\":\"https:\\\/\\\/batijournal.com\\\/wp-content\\\/uploads\\\/2016\\\/09\\\/journees-du-patrimoine-2016.jpg\",\"width\":1000,\"height\":542,\"caption\":\"journees-europeennes-du-patrimoine\"},{\"@type\":\"BreadcrumbList\",\"@id\":\"https:\\\/\\\/batijournal.com\\\/index.php\\\/bilan-journees-patrimoine\\\/93736\\\/#breadcrumb\",\"itemListElement\":[{\"@type\":\"ListItem\",\"position\":1,\"name\":\"Accueil\",\"item\":\"https:\\\/\\\/batijournal.com\\\/\"},{\"@type\":\"ListItem\",\"position\":2,\"name\":\"Actualit\u00e9s\",\"item\":\"https:\\\/\\\/batijournal.com\\\/index.php\\\/category\\\/actualites\\\/\"},{\"@type\":\"ListItem\",\"position\":3,\"name\":\"Architecture &amp; Conception\",\"item\":\"https:\\\/\\\/batijournal.com\\\/index.php\\\/category\\\/actualites\\\/architecture-conception\\\/\"},{\"@type\":\"ListItem\",\"position\":4,\"name\":\"Bilan des journ\u00e9es du patrimoine\"}]},{\"@type\":\"WebSite\",\"@id\":\"https:\\\/\\\/batijournal.com\\\/#website\",\"url\":\"https:\\\/\\\/batijournal.com\\\/\",\"name\":\"Batijournal\",\"description\":\"L&#039;actualit\u00e9 du b\u00e2timent\",\"potentialAction\":[{\"@type\":\"SearchAction\",\"target\":{\"@type\":\"EntryPoint\",\"urlTemplate\":\"https:\\\/\\\/batijournal.com\\\/?s={search_term_string}\"},\"query-input\":{\"@type\":\"PropertyValueSpecification\",\"valueRequired\":true,\"valueName\":\"search_term_string\"}}],\"inLanguage\":\"fr-FR\"},{\"@type\":\"Person\",\"@id\":\"https:\\\/\\\/batijournal.com\\\/#\\\/schema\\\/person\\\/1dc96ec6957aa1ccb25ebe78bb19f100\",\"name\":\"St\u00e9phane Miget\",\"image\":{\"@type\":\"ImageObject\",\"inLanguage\":\"fr-FR\",\"@id\":\"https:\\\/\\\/secure.gravatar.com\\\/avatar\\\/89915563d925342126b8ef0281b93d9d7fc337043e8df017f780908eb9644451?s=96&d=mm&r=g\",\"url\":\"https:\\\/\\\/secure.gravatar.com\\\/avatar\\\/89915563d925342126b8ef0281b93d9d7fc337043e8df017f780908eb9644451?s=96&d=mm&r=g\",\"contentUrl\":\"https:\\\/\\\/secure.gravatar.com\\\/avatar\\\/89915563d925342126b8ef0281b93d9d7fc337043e8df017f780908eb9644451?s=96&d=mm&r=g\",\"caption\":\"St\u00e9phane Miget\"},\"url\":\"https:\\\/\\\/batijournal.com\\\/index.php\\\/author\\\/stephane\\\/\"}]}<\/script>\n<!-- \/ Yoast SEO plugin. -->","yoast_head_json":{"title":"Bilan des journ\u00e9es du patrimoine","robots":{"index":"index","follow":"follow","max-snippet":"max-snippet:-1","max-image-preview":"max-image-preview:large","max-video-preview":"max-video-preview:-1"},"canonical":"https:\/\/batijournal.com\/index.php\/bilan-journees-patrimoine\/93736\/","og_locale":"fr_FR","og_type":"article","og_title":"Bilan des journ\u00e9es du patrimoine","og_description":"Le minist\u00e8re de la Culture et de la Communication donne les chiffres : avec plus de 12 millions de visiteurs, les Journ\u00e9es europ\u00e9ennes du patrimoine, qui se sont d\u00e9roul\u00e9es le week-end du des 17 et 18 septembre 2016, ont confirm\u00e9 une nouvelle fois leur succ\u00e8s aupr\u00e8s du public. Pour cette 33\u00e8me \u00e9dition, dont le th\u00e8me [&hellip;]","og_url":"https:\/\/batijournal.com\/index.php\/bilan-journees-patrimoine\/93736\/","og_site_name":"Batijournal","article_published_time":"2016-09-19T13:44:06+00:00","article_modified_time":"2019-07-15T09:16:35+00:00","og_image":[{"width":1000,"height":542,"url":"https:\/\/batijournal.com\/wp-content\/uploads\/2016\/09\/journees-du-patrimoine-2016.jpg","type":"image\/jpeg"}],"author":"St\u00e9phane Miget","twitter_card":"summary_large_image","twitter_creator":"@bati_journal","twitter_site":"@bati_journal","twitter_misc":{"\u00c9crit par":"St\u00e9phane Miget","Dur\u00e9e de lecture estim\u00e9e":"1 minute"},"schema":{"@context":"https:\/\/schema.org","@graph":[{"@type":"Article","@id":"https:\/\/batijournal.com\/index.php\/bilan-journees-patrimoine\/93736\/#article","isPartOf":{"@id":"https:\/\/batijournal.com\/index.php\/bilan-journees-patrimoine\/93736\/"},"author":{"name":"St\u00e9phane Miget","@id":"https:\/\/batijournal.com\/#\/schema\/person\/1dc96ec6957aa1ccb25ebe78bb19f100"},"headline":"Bilan des journ\u00e9es du patrimoine","datePublished":"2016-09-19T13:44:06+00:00","dateModified":"2019-07-15T09:16:35+00:00","mainEntityOfPage":{"@id":"https:\/\/batijournal.com\/index.php\/bilan-journees-patrimoine\/93736\/"},"wordCount":159,"image":{"@id":"https:\/\/batijournal.com\/index.php\/bilan-journees-patrimoine\/93736\/#primaryimage"},"thumbnailUrl":"https:\/\/batijournal.com\/wp-content\/uploads\/2016\/09\/journees-du-patrimoine-2016.jpg","keywords":["journ\u00e9es du patrimoine 2016"],"articleSection":["Architecture &amp; Conception"],"inLanguage":"fr-FR"},{"@type":"WebPage","@id":"https:\/\/batijournal.com\/index.php\/bilan-journees-patrimoine\/93736\/","url":"https:\/\/batijournal.com\/index.php\/bilan-journees-patrimoine\/93736\/","name":"Bilan des journ\u00e9es du patrimoine","isPartOf":{"@id":"https:\/\/batijournal.com\/#website"},"primaryImageOfPage":{"@id":"https:\/\/batijournal.com\/index.php\/bilan-journees-patrimoine\/93736\/#primaryimage"},"image":{"@id":"https:\/\/batijournal.com\/index.php\/bilan-journees-patrimoine\/93736\/#primaryimage"},"thumbnailUrl":"https:\/\/batijournal.com\/wp-content\/uploads\/2016\/09\/journees-du-patrimoine-2016.jpg","datePublished":"2016-09-19T13:44:06+00:00","dateModified":"2019-07-15T09:16:35+00:00","author":{"@id":"https:\/\/batijournal.com\/#\/schema\/person\/1dc96ec6957aa1ccb25ebe78bb19f100"},"breadcrumb":{"@id":"https:\/\/batijournal.com\/index.php\/bilan-journees-patrimoine\/93736\/#breadcrumb"},"inLanguage":"fr-FR","potentialAction":[{"@type":"ReadAction","target":["https:\/\/batijournal.com\/index.php\/bilan-journees-patrimoine\/93736\/"]}]},{"@type":"ImageObject","inLanguage":"fr-FR","@id":"https:\/\/batijournal.com\/index.php\/bilan-journees-patrimoine\/93736\/#primaryimage","url":"https:\/\/batijournal.com\/wp-content\/uploads\/2016\/09\/journees-du-patrimoine-2016.jpg","contentUrl":"https:\/\/batijournal.com\/wp-content\/uploads\/2016\/09\/journees-du-patrimoine-2016.jpg","width":1000,"height":542,"caption":"journees-europeennes-du-patrimoine"},{"@type":"BreadcrumbList","@id":"https:\/\/batijournal.com\/index.php\/bilan-journees-patrimoine\/93736\/#breadcrumb","itemListElement":[{"@type":"ListItem","position":1,"name":"Accueil","item":"https:\/\/batijournal.com\/"},{"@type":"ListItem","position":2,"name":"Actualit\u00e9s","item":"https:\/\/batijournal.com\/index.php\/category\/actualites\/"},{"@type":"ListItem","position":3,"name":"Architecture &amp; Conception","item":"https:\/\/batijournal.com\/index.php\/category\/actualites\/architecture-conception\/"},{"@type":"ListItem","position":4,"name":"Bilan des journ\u00e9es du patrimoine"}]},{"@type":"WebSite","@id":"https:\/\/batijournal.com\/#website","url":"https:\/\/batijournal.com\/","name":"Batijournal","description":"L&#039;actualit\u00e9 du b\u00e2timent","potentialAction":[{"@type":"SearchAction","target":{"@type":"EntryPoint","urlTemplate":"https:\/\/batijournal.com\/?s={search_term_string}"},"query-input":{"@type":"PropertyValueSpecification","valueRequired":true,"valueName":"search_term_string"}}],"inLanguage":"fr-FR"},{"@type":"Person","@id":"https:\/\/batijournal.com\/#\/schema\/person\/1dc96ec6957aa1ccb25ebe78bb19f100","name":"St\u00e9phane Miget","image":{"@type":"ImageObject","inLanguage":"fr-FR","@id":"https:\/\/secure.gravatar.com\/avatar\/89915563d925342126b8ef0281b93d9d7fc337043e8df017f780908eb9644451?s=96&d=mm&r=g","url":"https:\/\/secure.gravatar.com\/avatar\/89915563d925342126b8ef0281b93d9d7fc337043e8df017f780908eb9644451?s=96&d=mm&r=g","contentUrl":"https:\/\/secure.gravatar.com\/avatar\/89915563d925342126b8ef0281b93d9d7fc337043e8df017f780908eb9644451?s=96&d=mm&r=g","caption":"St\u00e9phane Miget"},"url":"https:\/\/batijournal.com\/index.php\/author\/stephane\/"}]}},"_links":{"self":[{"href":"https:\/\/batijournal.com\/index.php\/wp-json\/wp\/v2\/posts\/93736","targetHints":{"allow":["GET"]}}],"collection":[{"href":"https:\/\/batijournal.com\/index.php\/wp-json\/wp\/v2\/posts"}],"about":[{"href":"https:\/\/batijournal.com\/index.php\/wp-json\/wp\/v2\/types\/post"}],"author":[{"embeddable":true,"href":"https:\/\/batijournal.com\/index.php\/wp-json\/wp\/v2\/users\/17"}],"replies":[{"embeddable":true,"href":"https:\/\/batijournal.com\/index.php\/wp-json\/wp\/v2\/comments?post=93736"}],"version-history":[{"count":0,"href":"https:\/\/batijournal.com\/index.php\/wp-json\/wp\/v2\/posts\/93736\/revisions"}],"wp:featuredmedia":[{"embeddable":true,"href":"https:\/\/batijournal.com\/index.php\/wp-json\/wp\/v2\/media\/93737"}],"wp:attachment":[{"href":"https:\/\/batijournal.com\/index.php\/wp-json\/wp\/v2\/media?parent=93736"}],"wp:term":[{"taxonomy":"category","embeddable":true,"href":"https:\/\/batijournal.com\/index.php\/wp-json\/wp\/v2\/categories?post=93736"},{"taxonomy":"post_tag","embeddable":true,"href":"https:\/\/batijournal.com\/index.php\/wp-json\/wp\/v2\/tags?post=93736"}],"curies":[{"name":"wp","href":"https:\/\/api.w.org\/{rel}","templated":true}]}}