{"id":93742,"date":"2016-09-20T09:10:29","date_gmt":"2016-09-20T07:10:29","guid":{"rendered":"http:\/\/batijournal.com\/?p=93742"},"modified":"2019-07-15T12:11:04","modified_gmt":"2019-07-15T10:11:04","slug":"plus-de-550-professionnels-reunis-congres-national-batiment-durable","status":"publish","type":"post","link":"https:\/\/batijournal.com\/index.php\/plus-de-550-professionnels-reunis-congres-national-batiment-durable\/93742\/","title":{"rendered":"Plus de 550 professionnels r\u00e9unis pour le Congr\u00e8s national du B\u00e2timent Durable"},"content":{"rendered":"<p><strong>L&rsquo;\u00e9dition marseillaise du Congr\u00e8s national du B\u00e2timent Durable, regroupant pour la premi\u00e8re fois les Universit\u00e9s d\u2019\u00e9t\u00e9 du r\u00e9seau Inter-clusters et les Rencontres nationales du r\u00e9seau BEEP, a accueilli plus de 550 participants venant de l\u2019ensemble du territoire, y compris outre-marin avec une journ\u00e9e d\u00e9di\u00e9e aux climats tropicaux.<\/strong><\/p>\n<p>V\u00e9ritable rencontre des acteurs territoriaux, ces trois jours ont permis de pr\u00e9senter nombre d\u2019initiatives locales et d\u2019asseoir le sujet du confort d\u2019\u00e9t\u00e9 comme incontournable dans le b\u00e2timent, n\u00e9cessitant une approche innovante et des exp\u00e9rimentations.<\/p>\n<p>Cette \u00e9dition consacre le Congr\u00e8s national du B\u00e2timent Durable comme l\u2019\u00e9v\u00e9nement annuel majeur sur le b\u00e2timent durable et confirme la n\u00e9cessit\u00e9 d\u2019agir localement et collectivement pour porter la transition \u00e9nerg\u00e9tique dans le secteur du b\u00e2timent.<\/p>\n<p>Emmanuelle Cosse a salu\u00e9 le dynamisme et la mobilisation locale des territoires.\u00a0Pr\u00e9sente lors de la session d\u2019ouverture, la Ministre du Logement et de l\u2019Habitat Durable a salu\u00e9 la mobilisation collective et locale des territoires. <em>\u00ab Je suis persuad\u00e9e que nous r\u00e9ussirons gr\u00e2ce aux territoires, mais nous avons besoin de multiplier les outils et de nous appuyer sur une ing\u00e9nierie pr\u00e9sente dans tous les territoires \u00bb<\/em>, a-t-elle conclu. Bruno Lechevin, pr\u00e9sident de l\u2019ADEME, Philippe Pelletier, pr\u00e9sident du Plan B\u00e2timent Durable et Florence Rosa, pr\u00e9sidente d\u2019EnvirobatBDM ont ainsi pu t\u00e9moigner du dynamisme des acteurs locaux, mobilis\u00e9s \u00e0 travers les r\u00e9seaux BEEP et Inter-clusters et de l\u2019importance d\u2019engager un travail collectif et collaboratif.<\/p>\n","protected":false},"excerpt":{"rendered":"<p>L&rsquo;\u00e9dition marseillaise du Congr\u00e8s national du B\u00e2timent Durable, regroupant pour la premi\u00e8re fois les Universit\u00e9s d\u2019\u00e9t\u00e9 du r\u00e9seau Inter-clusters et les Rencontres nationales du r\u00e9seau BEEP, a accueilli plus de 550 participants venant de l\u2019ensemble du territoire, y compris outre-marin avec une journ\u00e9e d\u00e9di\u00e9e aux climats tropicaux. V\u00e9ritable rencontre des acteurs territoriaux, ces trois jours [&hellip;]<\/p>\n","protected":false},"author":17,"featured_media":93743,"comment_status":"closed","ping_status":"closed","sticky":false,"template":"","format":"standard","meta":{"_et_pb_use_builder":"","_et_pb_old_content":"","_et_gb_content_width":"","footnotes":""},"categories":[6340],"tags":[4215,2684],"class_list":["post-93742","post","type-post","status-publish","format-standard","has-post-thumbnail","hentry","category-architecture-conception","tag-batiment-durable-2","tag-plan-batiment-durable"],"yoast_head":"<!-- This site is optimized with the Yoast SEO plugin v27.4 - https:\/\/yoast.com\/product\/yoast-seo-wordpress\/ -->\n<title>Plus de 550 professionnels r\u00e9unis pour le Congr\u00e8s national du B\u00e2timent Durable<\/title>\n<meta name=\"robots\" content=\"index, follow, max-snippet:-1, max-image-preview:large, max-video-preview:-1\" \/>\n<link rel=\"canonical\" href=\"https:\/\/batijournal.com\/index.php\/plus-de-550-professionnels-reunis-congres-national-batiment-durable\/93742\/\" \/>\n<meta property=\"og:locale\" content=\"fr_FR\" \/>\n<meta property=\"og:type\" content=\"article\" \/>\n<meta property=\"og:title\" content=\"Plus de 550 professionnels r\u00e9unis pour le Congr\u00e8s national du B\u00e2timent Durable\" \/>\n<meta property=\"og:description\" content=\"L&rsquo;\u00e9dition marseillaise du Congr\u00e8s national du B\u00e2timent Durable, regroupant pour la premi\u00e8re fois les Universit\u00e9s d\u2019\u00e9t\u00e9 du r\u00e9seau Inter-clusters et les Rencontres nationales du r\u00e9seau BEEP, a accueilli plus de 550 participants venant de l\u2019ensemble du territoire, y compris outre-marin avec une journ\u00e9e d\u00e9di\u00e9e aux climats tropicaux. V\u00e9ritable rencontre des acteurs territoriaux, ces trois jours [&hellip;]\" \/>\n<meta property=\"og:url\" content=\"https:\/\/batijournal.com\/index.php\/plus-de-550-professionnels-reunis-congres-national-batiment-durable\/93742\/\" \/>\n<meta property=\"og:site_name\" content=\"Batijournal\" \/>\n<meta property=\"article:published_time\" content=\"2016-09-20T07:10:29+00:00\" \/>\n<meta property=\"article:modified_time\" content=\"2019-07-15T10:11:04+00:00\" \/>\n<meta property=\"og:image\" content=\"https:\/\/batijournal.com\/wp-content\/uploads\/2016\/09\/congres-national-batiment-durable.png\" \/>\n\t<meta property=\"og:image:width\" content=\"900\" \/>\n\t<meta property=\"og:image:height\" content=\"611\" \/>\n\t<meta property=\"og:image:type\" content=\"image\/png\" \/>\n<meta name=\"author\" content=\"St\u00e9phane Miget\" \/>\n<meta name=\"twitter:card\" content=\"summary_large_image\" \/>\n<meta name=\"twitter:creator\" content=\"@bati_journal\" \/>\n<meta name=\"twitter:site\" content=\"@bati_journal\" \/>\n<meta name=\"twitter:label1\" content=\"\u00c9crit par\" \/>\n\t<meta name=\"twitter:data1\" content=\"St\u00e9phane Miget\" \/>\n\t<meta name=\"twitter:label2\" content=\"Dur\u00e9e de lecture estim\u00e9e\" \/>\n\t<meta name=\"twitter:data2\" content=\"1 minute\" \/>\n<script type=\"application\/ld+json\" class=\"yoast-schema-graph\">{\"@context\":\"https:\\\/\\\/schema.org\",\"@graph\":[{\"@type\":\"Article\",\"@id\":\"https:\\\/\\\/batijournal.com\\\/index.php\\\/plus-de-550-professionnels-reunis-congres-national-batiment-durable\\\/93742\\\/#article\",\"isPartOf\":{\"@id\":\"https:\\\/\\\/batijournal.com\\\/index.php\\\/plus-de-550-professionnels-reunis-congres-national-batiment-durable\\\/93742\\\/\"},\"author\":{\"name\":\"St\u00e9phane Miget\",\"@id\":\"https:\\\/\\\/batijournal.com\\\/#\\\/schema\\\/person\\\/1dc96ec6957aa1ccb25ebe78bb19f100\"},\"headline\":\"Plus de 550 professionnels r\u00e9unis pour le Congr\u00e8s national du B\u00e2timent Durable\",\"datePublished\":\"2016-09-20T07:10:29+00:00\",\"dateModified\":\"2019-07-15T10:11:04+00:00\",\"mainEntityOfPage\":{\"@id\":\"https:\\\/\\\/batijournal.com\\\/index.php\\\/plus-de-550-professionnels-reunis-congres-national-batiment-durable\\\/93742\\\/\"},\"wordCount\":285,\"image\":{\"@id\":\"https:\\\/\\\/batijournal.com\\\/index.php\\\/plus-de-550-professionnels-reunis-congres-national-batiment-durable\\\/93742\\\/#primaryimage\"},\"thumbnailUrl\":\"https:\\\/\\\/batijournal.com\\\/wp-content\\\/uploads\\\/2016\\\/09\\\/congres-national-batiment-durable.png\",\"keywords\":[\"B\u00e2timent durable\",\"plan b\u00e2timent durable\"],\"articleSection\":[\"Architecture &amp; Conception\"],\"inLanguage\":\"fr-FR\"},{\"@type\":\"WebPage\",\"@id\":\"https:\\\/\\\/batijournal.com\\\/index.php\\\/plus-de-550-professionnels-reunis-congres-national-batiment-durable\\\/93742\\\/\",\"url\":\"https:\\\/\\\/batijournal.com\\\/index.php\\\/plus-de-550-professionnels-reunis-congres-national-batiment-durable\\\/93742\\\/\",\"name\":\"Plus de 550 professionnels r\u00e9unis pour le Congr\u00e8s national du B\u00e2timent Durable\",\"isPartOf\":{\"@id\":\"https:\\\/\\\/batijournal.com\\\/#website\"},\"primaryImageOfPage\":{\"@id\":\"https:\\\/\\\/batijournal.com\\\/index.php\\\/plus-de-550-professionnels-reunis-congres-national-batiment-durable\\\/93742\\\/#primaryimage\"},\"image\":{\"@id\":\"https:\\\/\\\/batijournal.com\\\/index.php\\\/plus-de-550-professionnels-reunis-congres-national-batiment-durable\\\/93742\\\/#primaryimage\"},\"thumbnailUrl\":\"https:\\\/\\\/batijournal.com\\\/wp-content\\\/uploads\\\/2016\\\/09\\\/congres-national-batiment-durable.png\",\"datePublished\":\"2016-09-20T07:10:29+00:00\",\"dateModified\":\"2019-07-15T10:11:04+00:00\",\"author\":{\"@id\":\"https:\\\/\\\/batijournal.com\\\/#\\\/schema\\\/person\\\/1dc96ec6957aa1ccb25ebe78bb19f100\"},\"breadcrumb\":{\"@id\":\"https:\\\/\\\/batijournal.com\\\/index.php\\\/plus-de-550-professionnels-reunis-congres-national-batiment-durable\\\/93742\\\/#breadcrumb\"},\"inLanguage\":\"fr-FR\",\"potentialAction\":[{\"@type\":\"ReadAction\",\"target\":[\"https:\\\/\\\/batijournal.com\\\/index.php\\\/plus-de-550-professionnels-reunis-congres-national-batiment-durable\\\/93742\\\/\"]}]},{\"@type\":\"ImageObject\",\"inLanguage\":\"fr-FR\",\"@id\":\"https:\\\/\\\/batijournal.com\\\/index.php\\\/plus-de-550-professionnels-reunis-congres-national-batiment-durable\\\/93742\\\/#primaryimage\",\"url\":\"https:\\\/\\\/batijournal.com\\\/wp-content\\\/uploads\\\/2016\\\/09\\\/congres-national-batiment-durable.png\",\"contentUrl\":\"https:\\\/\\\/batijournal.com\\\/wp-content\\\/uploads\\\/2016\\\/09\\\/congres-national-batiment-durable.png\",\"width\":900,\"height\":611},{\"@type\":\"BreadcrumbList\",\"@id\":\"https:\\\/\\\/batijournal.com\\\/index.php\\\/plus-de-550-professionnels-reunis-congres-national-batiment-durable\\\/93742\\\/#breadcrumb\",\"itemListElement\":[{\"@type\":\"ListItem\",\"position\":1,\"name\":\"Accueil\",\"item\":\"https:\\\/\\\/batijournal.com\\\/\"},{\"@type\":\"ListItem\",\"position\":2,\"name\":\"Actualit\u00e9s\",\"item\":\"https:\\\/\\\/batijournal.com\\\/index.php\\\/category\\\/actualites\\\/\"},{\"@type\":\"ListItem\",\"position\":3,\"name\":\"Architecture &amp; Conception\",\"item\":\"https:\\\/\\\/batijournal.com\\\/index.php\\\/category\\\/actualites\\\/architecture-conception\\\/\"},{\"@type\":\"ListItem\",\"position\":4,\"name\":\"Plus de 550 professionnels r\u00e9unis pour le Congr\u00e8s national du B\u00e2timent Durable\"}]},{\"@type\":\"WebSite\",\"@id\":\"https:\\\/\\\/batijournal.com\\\/#website\",\"url\":\"https:\\\/\\\/batijournal.com\\\/\",\"name\":\"Batijournal\",\"description\":\"L&#039;actualit\u00e9 du b\u00e2timent\",\"potentialAction\":[{\"@type\":\"SearchAction\",\"target\":{\"@type\":\"EntryPoint\",\"urlTemplate\":\"https:\\\/\\\/batijournal.com\\\/?s={search_term_string}\"},\"query-input\":{\"@type\":\"PropertyValueSpecification\",\"valueRequired\":true,\"valueName\":\"search_term_string\"}}],\"inLanguage\":\"fr-FR\"},{\"@type\":\"Person\",\"@id\":\"https:\\\/\\\/batijournal.com\\\/#\\\/schema\\\/person\\\/1dc96ec6957aa1ccb25ebe78bb19f100\",\"name\":\"St\u00e9phane Miget\",\"image\":{\"@type\":\"ImageObject\",\"inLanguage\":\"fr-FR\",\"@id\":\"https:\\\/\\\/secure.gravatar.com\\\/avatar\\\/89915563d925342126b8ef0281b93d9d7fc337043e8df017f780908eb9644451?s=96&d=mm&r=g\",\"url\":\"https:\\\/\\\/secure.gravatar.com\\\/avatar\\\/89915563d925342126b8ef0281b93d9d7fc337043e8df017f780908eb9644451?s=96&d=mm&r=g\",\"contentUrl\":\"https:\\\/\\\/secure.gravatar.com\\\/avatar\\\/89915563d925342126b8ef0281b93d9d7fc337043e8df017f780908eb9644451?s=96&d=mm&r=g\",\"caption\":\"St\u00e9phane Miget\"},\"url\":\"https:\\\/\\\/batijournal.com\\\/index.php\\\/author\\\/stephane\\\/\"}]}<\/script>\n<!-- \/ Yoast SEO plugin. -->","yoast_head_json":{"title":"Plus de 550 professionnels r\u00e9unis pour le Congr\u00e8s national du B\u00e2timent Durable","robots":{"index":"index","follow":"follow","max-snippet":"max-snippet:-1","max-image-preview":"max-image-preview:large","max-video-preview":"max-video-preview:-1"},"canonical":"https:\/\/batijournal.com\/index.php\/plus-de-550-professionnels-reunis-congres-national-batiment-durable\/93742\/","og_locale":"fr_FR","og_type":"article","og_title":"Plus de 550 professionnels r\u00e9unis pour le Congr\u00e8s national du B\u00e2timent Durable","og_description":"L&rsquo;\u00e9dition marseillaise du Congr\u00e8s national du B\u00e2timent Durable, regroupant pour la premi\u00e8re fois les Universit\u00e9s d\u2019\u00e9t\u00e9 du r\u00e9seau Inter-clusters et les Rencontres nationales du r\u00e9seau BEEP, a accueilli plus de 550 participants venant de l\u2019ensemble du territoire, y compris outre-marin avec une journ\u00e9e d\u00e9di\u00e9e aux climats tropicaux. V\u00e9ritable rencontre des acteurs territoriaux, ces trois jours [&hellip;]","og_url":"https:\/\/batijournal.com\/index.php\/plus-de-550-professionnels-reunis-congres-national-batiment-durable\/93742\/","og_site_name":"Batijournal","article_published_time":"2016-09-20T07:10:29+00:00","article_modified_time":"2019-07-15T10:11:04+00:00","og_image":[{"width":900,"height":611,"url":"https:\/\/batijournal.com\/wp-content\/uploads\/2016\/09\/congres-national-batiment-durable.png","type":"image\/png"}],"author":"St\u00e9phane Miget","twitter_card":"summary_large_image","twitter_creator":"@bati_journal","twitter_site":"@bati_journal","twitter_misc":{"\u00c9crit par":"St\u00e9phane Miget","Dur\u00e9e de lecture estim\u00e9e":"1 minute"},"schema":{"@context":"https:\/\/schema.org","@graph":[{"@type":"Article","@id":"https:\/\/batijournal.com\/index.php\/plus-de-550-professionnels-reunis-congres-national-batiment-durable\/93742\/#article","isPartOf":{"@id":"https:\/\/batijournal.com\/index.php\/plus-de-550-professionnels-reunis-congres-national-batiment-durable\/93742\/"},"author":{"name":"St\u00e9phane Miget","@id":"https:\/\/batijournal.com\/#\/schema\/person\/1dc96ec6957aa1ccb25ebe78bb19f100"},"headline":"Plus de 550 professionnels r\u00e9unis pour le Congr\u00e8s national du B\u00e2timent Durable","datePublished":"2016-09-20T07:10:29+00:00","dateModified":"2019-07-15T10:11:04+00:00","mainEntityOfPage":{"@id":"https:\/\/batijournal.com\/index.php\/plus-de-550-professionnels-reunis-congres-national-batiment-durable\/93742\/"},"wordCount":285,"image":{"@id":"https:\/\/batijournal.com\/index.php\/plus-de-550-professionnels-reunis-congres-national-batiment-durable\/93742\/#primaryimage"},"thumbnailUrl":"https:\/\/batijournal.com\/wp-content\/uploads\/2016\/09\/congres-national-batiment-durable.png","keywords":["B\u00e2timent durable","plan b\u00e2timent durable"],"articleSection":["Architecture &amp; Conception"],"inLanguage":"fr-FR"},{"@type":"WebPage","@id":"https:\/\/batijournal.com\/index.php\/plus-de-550-professionnels-reunis-congres-national-batiment-durable\/93742\/","url":"https:\/\/batijournal.com\/index.php\/plus-de-550-professionnels-reunis-congres-national-batiment-durable\/93742\/","name":"Plus de 550 professionnels r\u00e9unis pour le Congr\u00e8s national du B\u00e2timent Durable","isPartOf":{"@id":"https:\/\/batijournal.com\/#website"},"primaryImageOfPage":{"@id":"https:\/\/batijournal.com\/index.php\/plus-de-550-professionnels-reunis-congres-national-batiment-durable\/93742\/#primaryimage"},"image":{"@id":"https:\/\/batijournal.com\/index.php\/plus-de-550-professionnels-reunis-congres-national-batiment-durable\/93742\/#primaryimage"},"thumbnailUrl":"https:\/\/batijournal.com\/wp-content\/uploads\/2016\/09\/congres-national-batiment-durable.png","datePublished":"2016-09-20T07:10:29+00:00","dateModified":"2019-07-15T10:11:04+00:00","author":{"@id":"https:\/\/batijournal.com\/#\/schema\/person\/1dc96ec6957aa1ccb25ebe78bb19f100"},"breadcrumb":{"@id":"https:\/\/batijournal.com\/index.php\/plus-de-550-professionnels-reunis-congres-national-batiment-durable\/93742\/#breadcrumb"},"inLanguage":"fr-FR","potentialAction":[{"@type":"ReadAction","target":["https:\/\/batijournal.com\/index.php\/plus-de-550-professionnels-reunis-congres-national-batiment-durable\/93742\/"]}]},{"@type":"ImageObject","inLanguage":"fr-FR","@id":"https:\/\/batijournal.com\/index.php\/plus-de-550-professionnels-reunis-congres-national-batiment-durable\/93742\/#primaryimage","url":"https:\/\/batijournal.com\/wp-content\/uploads\/2016\/09\/congres-national-batiment-durable.png","contentUrl":"https:\/\/batijournal.com\/wp-content\/uploads\/2016\/09\/congres-national-batiment-durable.png","width":900,"height":611},{"@type":"BreadcrumbList","@id":"https:\/\/batijournal.com\/index.php\/plus-de-550-professionnels-reunis-congres-national-batiment-durable\/93742\/#breadcrumb","itemListElement":[{"@type":"ListItem","position":1,"name":"Accueil","item":"https:\/\/batijournal.com\/"},{"@type":"ListItem","position":2,"name":"Actualit\u00e9s","item":"https:\/\/batijournal.com\/index.php\/category\/actualites\/"},{"@type":"ListItem","position":3,"name":"Architecture &amp; Conception","item":"https:\/\/batijournal.com\/index.php\/category\/actualites\/architecture-conception\/"},{"@type":"ListItem","position":4,"name":"Plus de 550 professionnels r\u00e9unis pour le Congr\u00e8s national du B\u00e2timent Durable"}]},{"@type":"WebSite","@id":"https:\/\/batijournal.com\/#website","url":"https:\/\/batijournal.com\/","name":"Batijournal","description":"L&#039;actualit\u00e9 du b\u00e2timent","potentialAction":[{"@type":"SearchAction","target":{"@type":"EntryPoint","urlTemplate":"https:\/\/batijournal.com\/?s={search_term_string}"},"query-input":{"@type":"PropertyValueSpecification","valueRequired":true,"valueName":"search_term_string"}}],"inLanguage":"fr-FR"},{"@type":"Person","@id":"https:\/\/batijournal.com\/#\/schema\/person\/1dc96ec6957aa1ccb25ebe78bb19f100","name":"St\u00e9phane Miget","image":{"@type":"ImageObject","inLanguage":"fr-FR","@id":"https:\/\/secure.gravatar.com\/avatar\/89915563d925342126b8ef0281b93d9d7fc337043e8df017f780908eb9644451?s=96&d=mm&r=g","url":"https:\/\/secure.gravatar.com\/avatar\/89915563d925342126b8ef0281b93d9d7fc337043e8df017f780908eb9644451?s=96&d=mm&r=g","contentUrl":"https:\/\/secure.gravatar.com\/avatar\/89915563d925342126b8ef0281b93d9d7fc337043e8df017f780908eb9644451?s=96&d=mm&r=g","caption":"St\u00e9phane Miget"},"url":"https:\/\/batijournal.com\/index.php\/author\/stephane\/"}]}},"_links":{"self":[{"href":"https:\/\/batijournal.com\/index.php\/wp-json\/wp\/v2\/posts\/93742","targetHints":{"allow":["GET"]}}],"collection":[{"href":"https:\/\/batijournal.com\/index.php\/wp-json\/wp\/v2\/posts"}],"about":[{"href":"https:\/\/batijournal.com\/index.php\/wp-json\/wp\/v2\/types\/post"}],"author":[{"embeddable":true,"href":"https:\/\/batijournal.com\/index.php\/wp-json\/wp\/v2\/users\/17"}],"replies":[{"embeddable":true,"href":"https:\/\/batijournal.com\/index.php\/wp-json\/wp\/v2\/comments?post=93742"}],"version-history":[{"count":0,"href":"https:\/\/batijournal.com\/index.php\/wp-json\/wp\/v2\/posts\/93742\/revisions"}],"wp:featuredmedia":[{"embeddable":true,"href":"https:\/\/batijournal.com\/index.php\/wp-json\/wp\/v2\/media\/93743"}],"wp:attachment":[{"href":"https:\/\/batijournal.com\/index.php\/wp-json\/wp\/v2\/media?parent=93742"}],"wp:term":[{"taxonomy":"category","embeddable":true,"href":"https:\/\/batijournal.com\/index.php\/wp-json\/wp\/v2\/categories?post=93742"},{"taxonomy":"post_tag","embeddable":true,"href":"https:\/\/batijournal.com\/index.php\/wp-json\/wp\/v2\/tags?post=93742"}],"curies":[{"name":"wp","href":"https:\/\/api.w.org\/{rel}","templated":true}]}}