{"id":93768,"date":"2016-09-22T15:16:50","date_gmt":"2016-09-22T13:16:50","guid":{"rendered":"http:\/\/batijournal.com\/?p=93768"},"modified":"2019-07-15T16:36:47","modified_gmt":"2019-07-15T14:36:47","slug":"artisans-louer-cher-vehicule","status":"publish","type":"post","link":"https:\/\/batijournal.com\/index.php\/artisans-louer-cher-vehicule\/93768\/","title":{"rendered":"Les artisans vont louer moins cher un v\u00e9hicule"},"content":{"rendered":"<p>La CAPEB et Europcar France ont conclu un nouveau partenariat afin de proposer aux entreprises artisanales du B\u00e2timent et aux ECO Artisans\u00ae RGE des solutions de location de v\u00e9hicules adapt\u00e9s \u00e0 leurs besoins, \u00e0 des tarifs pr\u00e9f\u00e9rentiels, de 10% \u00e0 25% de remise pour la location de v\u00e9hicules de tourisme et d\u2019utilitaires. Pour plus de praticit\u00e9, une page de r\u00e9servation d\u00e9di\u00e9e aux artisans sera directement accessible sur le site de la CAPEB, en plus de la possibilit\u00e9 de souscrire directement dans l\u2019une des 500 agences Europcar de France Continentale.<\/p>\n<p>Photo : Patrick Li\u00e9bus, Pr\u00e9sident de la CAPEB et Florence Beyaert, Directrice Commerciale et Marketing d\u2019Europcar.<\/p>\n","protected":false},"excerpt":{"rendered":"<p>La CAPEB et Europcar France ont conclu un nouveau partenariat afin de proposer aux entreprises artisanales du B\u00e2timent et aux ECO Artisans\u00ae RGE des solutions de location de v\u00e9hicules adapt\u00e9s \u00e0 leurs besoins, \u00e0 des tarifs pr\u00e9f\u00e9rentiels, de 10% \u00e0 25% de remise pour la location de v\u00e9hicules de tourisme et d\u2019utilitaires. Pour plus de [&hellip;]<\/p>\n","protected":false},"author":17,"featured_media":93769,"comment_status":"closed","ping_status":"closed","sticky":false,"template":"","format":"standard","meta":{"_et_pb_use_builder":"","_et_pb_old_content":"","_et_gb_content_width":"","footnotes":""},"categories":[6362],"tags":[647,3098],"class_list":["post-93768","post","type-post","status-publish","format-standard","has-post-thumbnail","hentry","category-services-equipements","tag-capeb","tag-location"],"yoast_head":"<!-- This site is optimized with the Yoast SEO plugin v27.4 - https:\/\/yoast.com\/product\/yoast-seo-wordpress\/ -->\n<title>Les artisans vont louer moins cher un v\u00e9hicule<\/title>\n<meta name=\"robots\" content=\"index, follow, max-snippet:-1, max-image-preview:large, max-video-preview:-1\" \/>\n<link rel=\"canonical\" href=\"https:\/\/batijournal.com\/index.php\/artisans-louer-cher-vehicule\/93768\/\" \/>\n<meta property=\"og:locale\" content=\"fr_FR\" \/>\n<meta property=\"og:type\" content=\"article\" \/>\n<meta property=\"og:title\" content=\"Les artisans vont louer moins cher un v\u00e9hicule\" \/>\n<meta property=\"og:description\" content=\"La CAPEB et Europcar France ont conclu un nouveau partenariat afin de proposer aux entreprises artisanales du B\u00e2timent et aux ECO Artisans\u00ae RGE des solutions de location de v\u00e9hicules adapt\u00e9s \u00e0 leurs besoins, \u00e0 des tarifs pr\u00e9f\u00e9rentiels, de 10% \u00e0 25% de remise pour la location de v\u00e9hicules de tourisme et d\u2019utilitaires. Pour plus de [&hellip;]\" \/>\n<meta property=\"og:url\" content=\"https:\/\/batijournal.com\/index.php\/artisans-louer-cher-vehicule\/93768\/\" \/>\n<meta property=\"og:site_name\" content=\"Batijournal\" \/>\n<meta property=\"article:published_time\" content=\"2016-09-22T13:16:50+00:00\" \/>\n<meta property=\"article:modified_time\" content=\"2019-07-15T14:36:47+00:00\" \/>\n<meta property=\"og:image\" content=\"https:\/\/batijournal.com\/wp-content\/uploads\/2016\/09\/capeb-europcar.jpg\" \/>\n\t<meta property=\"og:image:width\" content=\"1200\" \/>\n\t<meta property=\"og:image:height\" content=\"868\" \/>\n\t<meta property=\"og:image:type\" content=\"image\/jpeg\" \/>\n<meta name=\"author\" content=\"St\u00e9phane Miget\" \/>\n<meta name=\"twitter:card\" content=\"summary_large_image\" \/>\n<meta name=\"twitter:creator\" content=\"@bati_journal\" \/>\n<meta name=\"twitter:site\" content=\"@bati_journal\" \/>\n<meta name=\"twitter:label1\" content=\"\u00c9crit par\" \/>\n\t<meta name=\"twitter:data1\" content=\"St\u00e9phane Miget\" \/>\n\t<meta name=\"twitter:label2\" content=\"Dur\u00e9e de lecture estim\u00e9e\" \/>\n\t<meta name=\"twitter:data2\" content=\"1 minute\" \/>\n<script type=\"application\/ld+json\" class=\"yoast-schema-graph\">{\"@context\":\"https:\\\/\\\/schema.org\",\"@graph\":[{\"@type\":\"Article\",\"@id\":\"https:\\\/\\\/batijournal.com\\\/index.php\\\/artisans-louer-cher-vehicule\\\/93768\\\/#article\",\"isPartOf\":{\"@id\":\"https:\\\/\\\/batijournal.com\\\/index.php\\\/artisans-louer-cher-vehicule\\\/93768\\\/\"},\"author\":{\"name\":\"St\u00e9phane Miget\",\"@id\":\"https:\\\/\\\/batijournal.com\\\/#\\\/schema\\\/person\\\/1dc96ec6957aa1ccb25ebe78bb19f100\"},\"headline\":\"Les artisans vont louer moins cher un v\u00e9hicule\",\"datePublished\":\"2016-09-22T13:16:50+00:00\",\"dateModified\":\"2019-07-15T14:36:47+00:00\",\"mainEntityOfPage\":{\"@id\":\"https:\\\/\\\/batijournal.com\\\/index.php\\\/artisans-louer-cher-vehicule\\\/93768\\\/\"},\"wordCount\":121,\"image\":{\"@id\":\"https:\\\/\\\/batijournal.com\\\/index.php\\\/artisans-louer-cher-vehicule\\\/93768\\\/#primaryimage\"},\"thumbnailUrl\":\"https:\\\/\\\/batijournal.com\\\/wp-content\\\/uploads\\\/2016\\\/09\\\/capeb-europcar.jpg\",\"keywords\":[\"CAPEB\",\"location\"],\"articleSection\":[\"Divers\"],\"inLanguage\":\"fr-FR\"},{\"@type\":\"WebPage\",\"@id\":\"https:\\\/\\\/batijournal.com\\\/index.php\\\/artisans-louer-cher-vehicule\\\/93768\\\/\",\"url\":\"https:\\\/\\\/batijournal.com\\\/index.php\\\/artisans-louer-cher-vehicule\\\/93768\\\/\",\"name\":\"Les artisans vont louer moins cher un v\u00e9hicule\",\"isPartOf\":{\"@id\":\"https:\\\/\\\/batijournal.com\\\/#website\"},\"primaryImageOfPage\":{\"@id\":\"https:\\\/\\\/batijournal.com\\\/index.php\\\/artisans-louer-cher-vehicule\\\/93768\\\/#primaryimage\"},\"image\":{\"@id\":\"https:\\\/\\\/batijournal.com\\\/index.php\\\/artisans-louer-cher-vehicule\\\/93768\\\/#primaryimage\"},\"thumbnailUrl\":\"https:\\\/\\\/batijournal.com\\\/wp-content\\\/uploads\\\/2016\\\/09\\\/capeb-europcar.jpg\",\"datePublished\":\"2016-09-22T13:16:50+00:00\",\"dateModified\":\"2019-07-15T14:36:47+00:00\",\"author\":{\"@id\":\"https:\\\/\\\/batijournal.com\\\/#\\\/schema\\\/person\\\/1dc96ec6957aa1ccb25ebe78bb19f100\"},\"breadcrumb\":{\"@id\":\"https:\\\/\\\/batijournal.com\\\/index.php\\\/artisans-louer-cher-vehicule\\\/93768\\\/#breadcrumb\"},\"inLanguage\":\"fr-FR\",\"potentialAction\":[{\"@type\":\"ReadAction\",\"target\":[\"https:\\\/\\\/batijournal.com\\\/index.php\\\/artisans-louer-cher-vehicule\\\/93768\\\/\"]}]},{\"@type\":\"ImageObject\",\"inLanguage\":\"fr-FR\",\"@id\":\"https:\\\/\\\/batijournal.com\\\/index.php\\\/artisans-louer-cher-vehicule\\\/93768\\\/#primaryimage\",\"url\":\"https:\\\/\\\/batijournal.com\\\/wp-content\\\/uploads\\\/2016\\\/09\\\/capeb-europcar.jpg\",\"contentUrl\":\"https:\\\/\\\/batijournal.com\\\/wp-content\\\/uploads\\\/2016\\\/09\\\/capeb-europcar.jpg\",\"width\":1200,\"height\":868},{\"@type\":\"BreadcrumbList\",\"@id\":\"https:\\\/\\\/batijournal.com\\\/index.php\\\/artisans-louer-cher-vehicule\\\/93768\\\/#breadcrumb\",\"itemListElement\":[{\"@type\":\"ListItem\",\"position\":1,\"name\":\"Accueil\",\"item\":\"https:\\\/\\\/batijournal.com\\\/\"},{\"@type\":\"ListItem\",\"position\":2,\"name\":\"Actualit\u00e9s\",\"item\":\"https:\\\/\\\/batijournal.com\\\/index.php\\\/category\\\/actualites\\\/\"},{\"@type\":\"ListItem\",\"position\":3,\"name\":\"Divers\",\"item\":\"https:\\\/\\\/batijournal.com\\\/index.php\\\/category\\\/actualites\\\/services-equipements\\\/\"},{\"@type\":\"ListItem\",\"position\":4,\"name\":\"Les artisans vont louer moins cher un v\u00e9hicule\"}]},{\"@type\":\"WebSite\",\"@id\":\"https:\\\/\\\/batijournal.com\\\/#website\",\"url\":\"https:\\\/\\\/batijournal.com\\\/\",\"name\":\"Batijournal\",\"description\":\"L&#039;actualit\u00e9 du b\u00e2timent\",\"potentialAction\":[{\"@type\":\"SearchAction\",\"target\":{\"@type\":\"EntryPoint\",\"urlTemplate\":\"https:\\\/\\\/batijournal.com\\\/?s={search_term_string}\"},\"query-input\":{\"@type\":\"PropertyValueSpecification\",\"valueRequired\":true,\"valueName\":\"search_term_string\"}}],\"inLanguage\":\"fr-FR\"},{\"@type\":\"Person\",\"@id\":\"https:\\\/\\\/batijournal.com\\\/#\\\/schema\\\/person\\\/1dc96ec6957aa1ccb25ebe78bb19f100\",\"name\":\"St\u00e9phane Miget\",\"image\":{\"@type\":\"ImageObject\",\"inLanguage\":\"fr-FR\",\"@id\":\"https:\\\/\\\/secure.gravatar.com\\\/avatar\\\/89915563d925342126b8ef0281b93d9d7fc337043e8df017f780908eb9644451?s=96&d=mm&r=g\",\"url\":\"https:\\\/\\\/secure.gravatar.com\\\/avatar\\\/89915563d925342126b8ef0281b93d9d7fc337043e8df017f780908eb9644451?s=96&d=mm&r=g\",\"contentUrl\":\"https:\\\/\\\/secure.gravatar.com\\\/avatar\\\/89915563d925342126b8ef0281b93d9d7fc337043e8df017f780908eb9644451?s=96&d=mm&r=g\",\"caption\":\"St\u00e9phane Miget\"},\"url\":\"https:\\\/\\\/batijournal.com\\\/index.php\\\/author\\\/stephane\\\/\"}]}<\/script>\n<!-- \/ Yoast SEO plugin. -->","yoast_head_json":{"title":"Les artisans vont louer moins cher un v\u00e9hicule","robots":{"index":"index","follow":"follow","max-snippet":"max-snippet:-1","max-image-preview":"max-image-preview:large","max-video-preview":"max-video-preview:-1"},"canonical":"https:\/\/batijournal.com\/index.php\/artisans-louer-cher-vehicule\/93768\/","og_locale":"fr_FR","og_type":"article","og_title":"Les artisans vont louer moins cher un v\u00e9hicule","og_description":"La CAPEB et Europcar France ont conclu un nouveau partenariat afin de proposer aux entreprises artisanales du B\u00e2timent et aux ECO Artisans\u00ae RGE des solutions de location de v\u00e9hicules adapt\u00e9s \u00e0 leurs besoins, \u00e0 des tarifs pr\u00e9f\u00e9rentiels, de 10% \u00e0 25% de remise pour la location de v\u00e9hicules de tourisme et d\u2019utilitaires. Pour plus de [&hellip;]","og_url":"https:\/\/batijournal.com\/index.php\/artisans-louer-cher-vehicule\/93768\/","og_site_name":"Batijournal","article_published_time":"2016-09-22T13:16:50+00:00","article_modified_time":"2019-07-15T14:36:47+00:00","og_image":[{"width":1200,"height":868,"url":"https:\/\/batijournal.com\/wp-content\/uploads\/2016\/09\/capeb-europcar.jpg","type":"image\/jpeg"}],"author":"St\u00e9phane Miget","twitter_card":"summary_large_image","twitter_creator":"@bati_journal","twitter_site":"@bati_journal","twitter_misc":{"\u00c9crit par":"St\u00e9phane Miget","Dur\u00e9e de lecture estim\u00e9e":"1 minute"},"schema":{"@context":"https:\/\/schema.org","@graph":[{"@type":"Article","@id":"https:\/\/batijournal.com\/index.php\/artisans-louer-cher-vehicule\/93768\/#article","isPartOf":{"@id":"https:\/\/batijournal.com\/index.php\/artisans-louer-cher-vehicule\/93768\/"},"author":{"name":"St\u00e9phane Miget","@id":"https:\/\/batijournal.com\/#\/schema\/person\/1dc96ec6957aa1ccb25ebe78bb19f100"},"headline":"Les artisans vont louer moins cher un v\u00e9hicule","datePublished":"2016-09-22T13:16:50+00:00","dateModified":"2019-07-15T14:36:47+00:00","mainEntityOfPage":{"@id":"https:\/\/batijournal.com\/index.php\/artisans-louer-cher-vehicule\/93768\/"},"wordCount":121,"image":{"@id":"https:\/\/batijournal.com\/index.php\/artisans-louer-cher-vehicule\/93768\/#primaryimage"},"thumbnailUrl":"https:\/\/batijournal.com\/wp-content\/uploads\/2016\/09\/capeb-europcar.jpg","keywords":["CAPEB","location"],"articleSection":["Divers"],"inLanguage":"fr-FR"},{"@type":"WebPage","@id":"https:\/\/batijournal.com\/index.php\/artisans-louer-cher-vehicule\/93768\/","url":"https:\/\/batijournal.com\/index.php\/artisans-louer-cher-vehicule\/93768\/","name":"Les artisans vont louer moins cher un v\u00e9hicule","isPartOf":{"@id":"https:\/\/batijournal.com\/#website"},"primaryImageOfPage":{"@id":"https:\/\/batijournal.com\/index.php\/artisans-louer-cher-vehicule\/93768\/#primaryimage"},"image":{"@id":"https:\/\/batijournal.com\/index.php\/artisans-louer-cher-vehicule\/93768\/#primaryimage"},"thumbnailUrl":"https:\/\/batijournal.com\/wp-content\/uploads\/2016\/09\/capeb-europcar.jpg","datePublished":"2016-09-22T13:16:50+00:00","dateModified":"2019-07-15T14:36:47+00:00","author":{"@id":"https:\/\/batijournal.com\/#\/schema\/person\/1dc96ec6957aa1ccb25ebe78bb19f100"},"breadcrumb":{"@id":"https:\/\/batijournal.com\/index.php\/artisans-louer-cher-vehicule\/93768\/#breadcrumb"},"inLanguage":"fr-FR","potentialAction":[{"@type":"ReadAction","target":["https:\/\/batijournal.com\/index.php\/artisans-louer-cher-vehicule\/93768\/"]}]},{"@type":"ImageObject","inLanguage":"fr-FR","@id":"https:\/\/batijournal.com\/index.php\/artisans-louer-cher-vehicule\/93768\/#primaryimage","url":"https:\/\/batijournal.com\/wp-content\/uploads\/2016\/09\/capeb-europcar.jpg","contentUrl":"https:\/\/batijournal.com\/wp-content\/uploads\/2016\/09\/capeb-europcar.jpg","width":1200,"height":868},{"@type":"BreadcrumbList","@id":"https:\/\/batijournal.com\/index.php\/artisans-louer-cher-vehicule\/93768\/#breadcrumb","itemListElement":[{"@type":"ListItem","position":1,"name":"Accueil","item":"https:\/\/batijournal.com\/"},{"@type":"ListItem","position":2,"name":"Actualit\u00e9s","item":"https:\/\/batijournal.com\/index.php\/category\/actualites\/"},{"@type":"ListItem","position":3,"name":"Divers","item":"https:\/\/batijournal.com\/index.php\/category\/actualites\/services-equipements\/"},{"@type":"ListItem","position":4,"name":"Les artisans vont louer moins cher un v\u00e9hicule"}]},{"@type":"WebSite","@id":"https:\/\/batijournal.com\/#website","url":"https:\/\/batijournal.com\/","name":"Batijournal","description":"L&#039;actualit\u00e9 du b\u00e2timent","potentialAction":[{"@type":"SearchAction","target":{"@type":"EntryPoint","urlTemplate":"https:\/\/batijournal.com\/?s={search_term_string}"},"query-input":{"@type":"PropertyValueSpecification","valueRequired":true,"valueName":"search_term_string"}}],"inLanguage":"fr-FR"},{"@type":"Person","@id":"https:\/\/batijournal.com\/#\/schema\/person\/1dc96ec6957aa1ccb25ebe78bb19f100","name":"St\u00e9phane Miget","image":{"@type":"ImageObject","inLanguage":"fr-FR","@id":"https:\/\/secure.gravatar.com\/avatar\/89915563d925342126b8ef0281b93d9d7fc337043e8df017f780908eb9644451?s=96&d=mm&r=g","url":"https:\/\/secure.gravatar.com\/avatar\/89915563d925342126b8ef0281b93d9d7fc337043e8df017f780908eb9644451?s=96&d=mm&r=g","contentUrl":"https:\/\/secure.gravatar.com\/avatar\/89915563d925342126b8ef0281b93d9d7fc337043e8df017f780908eb9644451?s=96&d=mm&r=g","caption":"St\u00e9phane Miget"},"url":"https:\/\/batijournal.com\/index.php\/author\/stephane\/"}]}},"_links":{"self":[{"href":"https:\/\/batijournal.com\/index.php\/wp-json\/wp\/v2\/posts\/93768","targetHints":{"allow":["GET"]}}],"collection":[{"href":"https:\/\/batijournal.com\/index.php\/wp-json\/wp\/v2\/posts"}],"about":[{"href":"https:\/\/batijournal.com\/index.php\/wp-json\/wp\/v2\/types\/post"}],"author":[{"embeddable":true,"href":"https:\/\/batijournal.com\/index.php\/wp-json\/wp\/v2\/users\/17"}],"replies":[{"embeddable":true,"href":"https:\/\/batijournal.com\/index.php\/wp-json\/wp\/v2\/comments?post=93768"}],"version-history":[{"count":0,"href":"https:\/\/batijournal.com\/index.php\/wp-json\/wp\/v2\/posts\/93768\/revisions"}],"wp:featuredmedia":[{"embeddable":true,"href":"https:\/\/batijournal.com\/index.php\/wp-json\/wp\/v2\/media\/93769"}],"wp:attachment":[{"href":"https:\/\/batijournal.com\/index.php\/wp-json\/wp\/v2\/media?parent=93768"}],"wp:term":[{"taxonomy":"category","embeddable":true,"href":"https:\/\/batijournal.com\/index.php\/wp-json\/wp\/v2\/categories?post=93768"},{"taxonomy":"post_tag","embeddable":true,"href":"https:\/\/batijournal.com\/index.php\/wp-json\/wp\/v2\/tags?post=93768"}],"curies":[{"name":"wp","href":"https:\/\/api.w.org\/{rel}","templated":true}]}}