{"id":93771,"date":"2016-09-23T15:03:01","date_gmt":"2016-09-23T13:03:01","guid":{"rendered":"http:\/\/batijournal.com\/?p=93771"},"modified":"2016-09-23T15:03:01","modified_gmt":"2016-09-23T13:03:01","slug":"capeb-interpelle-gouvernement-a-conforter-reprise-dactivite-tpe-batiment","status":"publish","type":"post","link":"https:\/\/batijournal.com\/index.php\/capeb-interpelle-gouvernement-a-conforter-reprise-dactivite-tpe-batiment\/93771\/","title":{"rendered":"La CAPEB interpelle le Gouvernement \u00e0 conforter la reprise d\u2019activit\u00e9 pour les TPE du B\u00e2timent"},"content":{"rendered":"<p><strong>A l&rsquo;aube de la pr\u00e9sentation du projet de loi de Finances, alors que l\u2019artisanat du B\u00e2timent conna\u00eet des premiers signes de regain de l\u2019activit\u00e9, avec une croissance de 1% en volume sur les deux premiers trimestres 2016, la CAPEB invite le Gouvernement \u00e0 poursuivre et consolider les mesures efficaces existantes : cumul de l\u2019\u00e9co-PTZ et du CITE, maintien du CITE&#8230;<\/strong><\/p>\n<p>Si ind\u00e9niablement la construction neuve semble repartir, c\u2019est loin d\u2019\u00eatre le cas dans le secteur de la r\u00e9novation. Or, ce secteur repr\u00e9sente \u00e0 lui seul plus de 54 % de l\u2019activit\u00e9 du b\u00e2timent en France. Afin de soutenir ce d\u00e9but de dynamique favorable, les mesures envisag\u00e9es par le Gouvernement dans la loi de Finance 2017 se devraient :<\/p>\n<p>&#8211; de maintenir en l\u2019\u00e9tat le dispositif du CITE 2017 d\u2019aides aux travaux, dans les conditions de celui de 2016, tant en ce qui concerne son taux que son champ d\u2019application<\/p>\n<p>&#8211; de ne pas bouleverser, sans concertation et dans la pr\u00e9cipitation, les seuils r\u00e9glementaires applicables aux b\u00e2timents existants. Chercher \u00e0 s\u2019aligner syst\u00e9matiquement sur les plus hauts niveaux europ\u00e9ens dans tous les domaines est, en effet, une erreur majeure, qui ne se justifie pas d\u2019un point de vue technique et conduira \u00e0 bloquer le march\u00e9 des travaux de r\u00e9novation, les particuliers n\u2019ayant pas les moyens dans cette p\u00e9riode de crise d\u2019absorber les surco\u00fbts importants qu\u2019un tel alignement provoquerait.<\/p>\n<p>&#8211; de redynamiser l\u2019\u00e9co pr\u00eat \u00e0 taux z\u00e9ro (\u00e9co-PTZ) en renfor\u00e7ant l\u2019information des m\u00e9nages par une communication de grande ampleur, en rendant effectif l\u2019\u00e9co-PTZ \u00ab Habiter Mieux \u00bb, pour les propri\u00e9taires aux revenus modestes, cr\u00e9\u00e9 par la loi de finances 2016, associ\u00e9 d\u2019un dispositif d\u2019accompagnement et d\u2019incitation des banques \u00e0 le proposer \u00e0 leurs clients. Mais aussi de porter plus loin le pr\u00eat \u00e0 taux z\u00e9ro + (PTZ+) en affinant le zonage au plus pr\u00e8s des besoins des territoires, en laissant une marge aux collectivit\u00e9s territoriales comp\u00e9tentes en mati\u00e8re d\u2019urbanisme afin de pouvoir adapter le dispositif en coh\u00e9rence avec la strat\u00e9gie locale de d\u00e9veloppement du territoire et en r\u00e9ajustant \u00e0 la baisse l\u2019obligation de r\u00e9aliser des travaux d\u2019am\u00e9lioration pour l\u2019acquisition des logements anciens et ainsi renforcer la soutenabilit\u00e9 \u00e9conomique de cette mesure pour les m\u00e9nages.<\/p>\n<p>La CAPEB n\u2019oublie pas le dispositif de TVA, qu\u2019elle consid\u00e8re comme le levier le plus efficace et le plus intelligible pour l\u2019accroissement de l\u2019activit\u00e9 et pour l\u2019am\u00e9lioration du confort de vie des m\u00e9nages. Le taux de TVA est la seule aide directe qui vient r\u00e9duire la facture des m\u00e9nages et augmenter leur pouvoir d\u2019achat. Pour l&rsquo;organisation, le taux de TVA r\u00e9duit de 5,5 % devrait \u00eatre \u00e9tendu aux travaux d\u2019adaptabilit\u00e9 et d\u2019accessibilit\u00e9 des logements \u00e9ligibles au titre du cr\u00e9dit d\u2019imp\u00f4t accord\u00e9 pour les d\u00e9penses d\u2019installation et de remplacement des \u00e9quipements sp\u00e9cialement con\u00e7us pour les personnes \u00e2g\u00e9es et les personnes handicap\u00e9es, seulement 6 % des logements \u00e9tant adapt\u00e9s \u00e0 la perte d\u2019autonomie selon l&rsquo;ANAH.<\/p>\n","protected":false},"excerpt":{"rendered":"<p>A l&rsquo;aube de la pr\u00e9sentation du projet de loi de Finances, alors que l\u2019artisanat du B\u00e2timent conna\u00eet des premiers signes de regain de l\u2019activit\u00e9, avec une croissance de 1% en volume sur les deux premiers trimestres 2016, la CAPEB invite le Gouvernement \u00e0 poursuivre et consolider les mesures efficaces existantes : cumul de l\u2019\u00e9co-PTZ et [&hellip;]<\/p>\n","protected":false},"author":17,"featured_media":86453,"comment_status":"closed","ping_status":"closed","sticky":false,"template":"","format":"standard","meta":{"_et_pb_use_builder":"","_et_pb_old_content":"","_et_gb_content_width":"","footnotes":""},"categories":[6345],"tags":[647,428,1189,1693],"class_list":["post-93771","post","type-post","status-publish","format-standard","has-post-thumbnail","hentry","category-economie-marches","tag-capeb","tag-credit-dimpot","tag-ptz","tag-tva"],"yoast_head":"<!-- This site is optimized with the Yoast SEO plugin v27.4 - https:\/\/yoast.com\/product\/yoast-seo-wordpress\/ -->\n<title>La CAPEB interpelle le Gouvernement \u00e0 conforter la reprise d\u2019activit\u00e9 pour les TPE du B\u00e2timent<\/title>\n<meta name=\"robots\" content=\"index, follow, max-snippet:-1, max-image-preview:large, max-video-preview:-1\" \/>\n<link rel=\"canonical\" href=\"https:\/\/batijournal.com\/index.php\/capeb-interpelle-gouvernement-a-conforter-reprise-dactivite-tpe-batiment\/93771\/\" \/>\n<meta property=\"og:locale\" content=\"fr_FR\" \/>\n<meta property=\"og:type\" content=\"article\" \/>\n<meta property=\"og:title\" content=\"La CAPEB interpelle le Gouvernement \u00e0 conforter la reprise d\u2019activit\u00e9 pour les TPE du B\u00e2timent\" \/>\n<meta property=\"og:description\" content=\"A l&rsquo;aube de la pr\u00e9sentation du projet de loi de Finances, alors que l\u2019artisanat du B\u00e2timent conna\u00eet des premiers signes de regain de l\u2019activit\u00e9, avec une croissance de 1% en volume sur les deux premiers trimestres 2016, la CAPEB invite le Gouvernement \u00e0 poursuivre et consolider les mesures efficaces existantes : cumul de l\u2019\u00e9co-PTZ et [&hellip;]\" \/>\n<meta property=\"og:url\" content=\"https:\/\/batijournal.com\/index.php\/capeb-interpelle-gouvernement-a-conforter-reprise-dactivite-tpe-batiment\/93771\/\" \/>\n<meta property=\"og:site_name\" content=\"Batijournal\" \/>\n<meta property=\"article:published_time\" content=\"2016-09-23T13:03:01+00:00\" \/>\n<meta property=\"og:image\" content=\"https:\/\/batijournal.com\/wp-content\/uploads\/2015\/03\/97273383.jpg\" \/>\n\t<meta property=\"og:image:width\" content=\"600\" \/>\n\t<meta property=\"og:image:height\" content=\"560\" \/>\n\t<meta property=\"og:image:type\" content=\"image\/jpeg\" \/>\n<meta name=\"author\" content=\"St\u00e9phane Miget\" \/>\n<meta name=\"twitter:card\" content=\"summary_large_image\" \/>\n<meta name=\"twitter:creator\" content=\"@bati_journal\" \/>\n<meta name=\"twitter:site\" content=\"@bati_journal\" \/>\n<meta name=\"twitter:label1\" content=\"\u00c9crit par\" \/>\n\t<meta name=\"twitter:data1\" content=\"St\u00e9phane Miget\" \/>\n\t<meta name=\"twitter:label2\" content=\"Dur\u00e9e de lecture estim\u00e9e\" \/>\n\t<meta name=\"twitter:data2\" content=\"3 minutes\" \/>\n<script type=\"application\/ld+json\" class=\"yoast-schema-graph\">{\"@context\":\"https:\\\/\\\/schema.org\",\"@graph\":[{\"@type\":\"Article\",\"@id\":\"https:\\\/\\\/batijournal.com\\\/index.php\\\/capeb-interpelle-gouvernement-a-conforter-reprise-dactivite-tpe-batiment\\\/93771\\\/#article\",\"isPartOf\":{\"@id\":\"https:\\\/\\\/batijournal.com\\\/index.php\\\/capeb-interpelle-gouvernement-a-conforter-reprise-dactivite-tpe-batiment\\\/93771\\\/\"},\"author\":{\"name\":\"St\u00e9phane Miget\",\"@id\":\"https:\\\/\\\/batijournal.com\\\/#\\\/schema\\\/person\\\/1dc96ec6957aa1ccb25ebe78bb19f100\"},\"headline\":\"La CAPEB interpelle le Gouvernement \u00e0 conforter la reprise d\u2019activit\u00e9 pour les TPE du B\u00e2timent\",\"datePublished\":\"2016-09-23T13:03:01+00:00\",\"mainEntityOfPage\":{\"@id\":\"https:\\\/\\\/batijournal.com\\\/index.php\\\/capeb-interpelle-gouvernement-a-conforter-reprise-dactivite-tpe-batiment\\\/93771\\\/\"},\"wordCount\":550,\"image\":{\"@id\":\"https:\\\/\\\/batijournal.com\\\/index.php\\\/capeb-interpelle-gouvernement-a-conforter-reprise-dactivite-tpe-batiment\\\/93771\\\/#primaryimage\"},\"thumbnailUrl\":\"https:\\\/\\\/batijournal.com\\\/wp-content\\\/uploads\\\/2015\\\/03\\\/97273383.jpg\",\"keywords\":[\"CAPEB\",\"cr\u00e9dit d'imp\u00f4t\",\"PTZ\",\"tva\"],\"articleSection\":[\"\u00c9conomie &amp; March\u00e9s\"],\"inLanguage\":\"fr-FR\"},{\"@type\":\"WebPage\",\"@id\":\"https:\\\/\\\/batijournal.com\\\/index.php\\\/capeb-interpelle-gouvernement-a-conforter-reprise-dactivite-tpe-batiment\\\/93771\\\/\",\"url\":\"https:\\\/\\\/batijournal.com\\\/index.php\\\/capeb-interpelle-gouvernement-a-conforter-reprise-dactivite-tpe-batiment\\\/93771\\\/\",\"name\":\"La CAPEB interpelle le Gouvernement \u00e0 conforter la reprise d\u2019activit\u00e9 pour les TPE du B\u00e2timent\",\"isPartOf\":{\"@id\":\"https:\\\/\\\/batijournal.com\\\/#website\"},\"primaryImageOfPage\":{\"@id\":\"https:\\\/\\\/batijournal.com\\\/index.php\\\/capeb-interpelle-gouvernement-a-conforter-reprise-dactivite-tpe-batiment\\\/93771\\\/#primaryimage\"},\"image\":{\"@id\":\"https:\\\/\\\/batijournal.com\\\/index.php\\\/capeb-interpelle-gouvernement-a-conforter-reprise-dactivite-tpe-batiment\\\/93771\\\/#primaryimage\"},\"thumbnailUrl\":\"https:\\\/\\\/batijournal.com\\\/wp-content\\\/uploads\\\/2015\\\/03\\\/97273383.jpg\",\"datePublished\":\"2016-09-23T13:03:01+00:00\",\"author\":{\"@id\":\"https:\\\/\\\/batijournal.com\\\/#\\\/schema\\\/person\\\/1dc96ec6957aa1ccb25ebe78bb19f100\"},\"breadcrumb\":{\"@id\":\"https:\\\/\\\/batijournal.com\\\/index.php\\\/capeb-interpelle-gouvernement-a-conforter-reprise-dactivite-tpe-batiment\\\/93771\\\/#breadcrumb\"},\"inLanguage\":\"fr-FR\",\"potentialAction\":[{\"@type\":\"ReadAction\",\"target\":[\"https:\\\/\\\/batijournal.com\\\/index.php\\\/capeb-interpelle-gouvernement-a-conforter-reprise-dactivite-tpe-batiment\\\/93771\\\/\"]}]},{\"@type\":\"ImageObject\",\"inLanguage\":\"fr-FR\",\"@id\":\"https:\\\/\\\/batijournal.com\\\/index.php\\\/capeb-interpelle-gouvernement-a-conforter-reprise-dactivite-tpe-batiment\\\/93771\\\/#primaryimage\",\"url\":\"https:\\\/\\\/batijournal.com\\\/wp-content\\\/uploads\\\/2015\\\/03\\\/97273383.jpg\",\"contentUrl\":\"https:\\\/\\\/batijournal.com\\\/wp-content\\\/uploads\\\/2015\\\/03\\\/97273383.jpg\",\"width\":600,\"height\":560,\"caption\":\"r\u00e9novation\"},{\"@type\":\"BreadcrumbList\",\"@id\":\"https:\\\/\\\/batijournal.com\\\/index.php\\\/capeb-interpelle-gouvernement-a-conforter-reprise-dactivite-tpe-batiment\\\/93771\\\/#breadcrumb\",\"itemListElement\":[{\"@type\":\"ListItem\",\"position\":1,\"name\":\"Accueil\",\"item\":\"https:\\\/\\\/batijournal.com\\\/\"},{\"@type\":\"ListItem\",\"position\":2,\"name\":\"Actualit\u00e9s\",\"item\":\"https:\\\/\\\/batijournal.com\\\/index.php\\\/category\\\/actualites\\\/\"},{\"@type\":\"ListItem\",\"position\":3,\"name\":\"\u00c9conomie &amp; March\u00e9s\",\"item\":\"https:\\\/\\\/batijournal.com\\\/index.php\\\/category\\\/actualites\\\/economie-marches\\\/\"},{\"@type\":\"ListItem\",\"position\":4,\"name\":\"La CAPEB interpelle le Gouvernement \u00e0 conforter la reprise d\u2019activit\u00e9 pour les TPE du B\u00e2timent\"}]},{\"@type\":\"WebSite\",\"@id\":\"https:\\\/\\\/batijournal.com\\\/#website\",\"url\":\"https:\\\/\\\/batijournal.com\\\/\",\"name\":\"Batijournal\",\"description\":\"L&#039;actualit\u00e9 du b\u00e2timent\",\"potentialAction\":[{\"@type\":\"SearchAction\",\"target\":{\"@type\":\"EntryPoint\",\"urlTemplate\":\"https:\\\/\\\/batijournal.com\\\/?s={search_term_string}\"},\"query-input\":{\"@type\":\"PropertyValueSpecification\",\"valueRequired\":true,\"valueName\":\"search_term_string\"}}],\"inLanguage\":\"fr-FR\"},{\"@type\":\"Person\",\"@id\":\"https:\\\/\\\/batijournal.com\\\/#\\\/schema\\\/person\\\/1dc96ec6957aa1ccb25ebe78bb19f100\",\"name\":\"St\u00e9phane Miget\",\"image\":{\"@type\":\"ImageObject\",\"inLanguage\":\"fr-FR\",\"@id\":\"https:\\\/\\\/secure.gravatar.com\\\/avatar\\\/89915563d925342126b8ef0281b93d9d7fc337043e8df017f780908eb9644451?s=96&d=mm&r=g\",\"url\":\"https:\\\/\\\/secure.gravatar.com\\\/avatar\\\/89915563d925342126b8ef0281b93d9d7fc337043e8df017f780908eb9644451?s=96&d=mm&r=g\",\"contentUrl\":\"https:\\\/\\\/secure.gravatar.com\\\/avatar\\\/89915563d925342126b8ef0281b93d9d7fc337043e8df017f780908eb9644451?s=96&d=mm&r=g\",\"caption\":\"St\u00e9phane Miget\"},\"url\":\"https:\\\/\\\/batijournal.com\\\/index.php\\\/author\\\/stephane\\\/\"}]}<\/script>\n<!-- \/ Yoast SEO plugin. -->","yoast_head_json":{"title":"La CAPEB interpelle le Gouvernement \u00e0 conforter la reprise d\u2019activit\u00e9 pour les TPE du B\u00e2timent","robots":{"index":"index","follow":"follow","max-snippet":"max-snippet:-1","max-image-preview":"max-image-preview:large","max-video-preview":"max-video-preview:-1"},"canonical":"https:\/\/batijournal.com\/index.php\/capeb-interpelle-gouvernement-a-conforter-reprise-dactivite-tpe-batiment\/93771\/","og_locale":"fr_FR","og_type":"article","og_title":"La CAPEB interpelle le Gouvernement \u00e0 conforter la reprise d\u2019activit\u00e9 pour les TPE du B\u00e2timent","og_description":"A l&rsquo;aube de la pr\u00e9sentation du projet de loi de Finances, alors que l\u2019artisanat du B\u00e2timent conna\u00eet des premiers signes de regain de l\u2019activit\u00e9, avec une croissance de 1% en volume sur les deux premiers trimestres 2016, la CAPEB invite le Gouvernement \u00e0 poursuivre et consolider les mesures efficaces existantes : cumul de l\u2019\u00e9co-PTZ et [&hellip;]","og_url":"https:\/\/batijournal.com\/index.php\/capeb-interpelle-gouvernement-a-conforter-reprise-dactivite-tpe-batiment\/93771\/","og_site_name":"Batijournal","article_published_time":"2016-09-23T13:03:01+00:00","og_image":[{"width":600,"height":560,"url":"https:\/\/batijournal.com\/wp-content\/uploads\/2015\/03\/97273383.jpg","type":"image\/jpeg"}],"author":"St\u00e9phane Miget","twitter_card":"summary_large_image","twitter_creator":"@bati_journal","twitter_site":"@bati_journal","twitter_misc":{"\u00c9crit par":"St\u00e9phane Miget","Dur\u00e9e de lecture estim\u00e9e":"3 minutes"},"schema":{"@context":"https:\/\/schema.org","@graph":[{"@type":"Article","@id":"https:\/\/batijournal.com\/index.php\/capeb-interpelle-gouvernement-a-conforter-reprise-dactivite-tpe-batiment\/93771\/#article","isPartOf":{"@id":"https:\/\/batijournal.com\/index.php\/capeb-interpelle-gouvernement-a-conforter-reprise-dactivite-tpe-batiment\/93771\/"},"author":{"name":"St\u00e9phane Miget","@id":"https:\/\/batijournal.com\/#\/schema\/person\/1dc96ec6957aa1ccb25ebe78bb19f100"},"headline":"La CAPEB interpelle le Gouvernement \u00e0 conforter la reprise d\u2019activit\u00e9 pour les TPE du B\u00e2timent","datePublished":"2016-09-23T13:03:01+00:00","mainEntityOfPage":{"@id":"https:\/\/batijournal.com\/index.php\/capeb-interpelle-gouvernement-a-conforter-reprise-dactivite-tpe-batiment\/93771\/"},"wordCount":550,"image":{"@id":"https:\/\/batijournal.com\/index.php\/capeb-interpelle-gouvernement-a-conforter-reprise-dactivite-tpe-batiment\/93771\/#primaryimage"},"thumbnailUrl":"https:\/\/batijournal.com\/wp-content\/uploads\/2015\/03\/97273383.jpg","keywords":["CAPEB","cr\u00e9dit d'imp\u00f4t","PTZ","tva"],"articleSection":["\u00c9conomie &amp; March\u00e9s"],"inLanguage":"fr-FR"},{"@type":"WebPage","@id":"https:\/\/batijournal.com\/index.php\/capeb-interpelle-gouvernement-a-conforter-reprise-dactivite-tpe-batiment\/93771\/","url":"https:\/\/batijournal.com\/index.php\/capeb-interpelle-gouvernement-a-conforter-reprise-dactivite-tpe-batiment\/93771\/","name":"La CAPEB interpelle le Gouvernement \u00e0 conforter la reprise d\u2019activit\u00e9 pour les TPE du B\u00e2timent","isPartOf":{"@id":"https:\/\/batijournal.com\/#website"},"primaryImageOfPage":{"@id":"https:\/\/batijournal.com\/index.php\/capeb-interpelle-gouvernement-a-conforter-reprise-dactivite-tpe-batiment\/93771\/#primaryimage"},"image":{"@id":"https:\/\/batijournal.com\/index.php\/capeb-interpelle-gouvernement-a-conforter-reprise-dactivite-tpe-batiment\/93771\/#primaryimage"},"thumbnailUrl":"https:\/\/batijournal.com\/wp-content\/uploads\/2015\/03\/97273383.jpg","datePublished":"2016-09-23T13:03:01+00:00","author":{"@id":"https:\/\/batijournal.com\/#\/schema\/person\/1dc96ec6957aa1ccb25ebe78bb19f100"},"breadcrumb":{"@id":"https:\/\/batijournal.com\/index.php\/capeb-interpelle-gouvernement-a-conforter-reprise-dactivite-tpe-batiment\/93771\/#breadcrumb"},"inLanguage":"fr-FR","potentialAction":[{"@type":"ReadAction","target":["https:\/\/batijournal.com\/index.php\/capeb-interpelle-gouvernement-a-conforter-reprise-dactivite-tpe-batiment\/93771\/"]}]},{"@type":"ImageObject","inLanguage":"fr-FR","@id":"https:\/\/batijournal.com\/index.php\/capeb-interpelle-gouvernement-a-conforter-reprise-dactivite-tpe-batiment\/93771\/#primaryimage","url":"https:\/\/batijournal.com\/wp-content\/uploads\/2015\/03\/97273383.jpg","contentUrl":"https:\/\/batijournal.com\/wp-content\/uploads\/2015\/03\/97273383.jpg","width":600,"height":560,"caption":"r\u00e9novation"},{"@type":"BreadcrumbList","@id":"https:\/\/batijournal.com\/index.php\/capeb-interpelle-gouvernement-a-conforter-reprise-dactivite-tpe-batiment\/93771\/#breadcrumb","itemListElement":[{"@type":"ListItem","position":1,"name":"Accueil","item":"https:\/\/batijournal.com\/"},{"@type":"ListItem","position":2,"name":"Actualit\u00e9s","item":"https:\/\/batijournal.com\/index.php\/category\/actualites\/"},{"@type":"ListItem","position":3,"name":"\u00c9conomie &amp; March\u00e9s","item":"https:\/\/batijournal.com\/index.php\/category\/actualites\/economie-marches\/"},{"@type":"ListItem","position":4,"name":"La CAPEB interpelle le Gouvernement \u00e0 conforter la reprise d\u2019activit\u00e9 pour les TPE du B\u00e2timent"}]},{"@type":"WebSite","@id":"https:\/\/batijournal.com\/#website","url":"https:\/\/batijournal.com\/","name":"Batijournal","description":"L&#039;actualit\u00e9 du b\u00e2timent","potentialAction":[{"@type":"SearchAction","target":{"@type":"EntryPoint","urlTemplate":"https:\/\/batijournal.com\/?s={search_term_string}"},"query-input":{"@type":"PropertyValueSpecification","valueRequired":true,"valueName":"search_term_string"}}],"inLanguage":"fr-FR"},{"@type":"Person","@id":"https:\/\/batijournal.com\/#\/schema\/person\/1dc96ec6957aa1ccb25ebe78bb19f100","name":"St\u00e9phane Miget","image":{"@type":"ImageObject","inLanguage":"fr-FR","@id":"https:\/\/secure.gravatar.com\/avatar\/89915563d925342126b8ef0281b93d9d7fc337043e8df017f780908eb9644451?s=96&d=mm&r=g","url":"https:\/\/secure.gravatar.com\/avatar\/89915563d925342126b8ef0281b93d9d7fc337043e8df017f780908eb9644451?s=96&d=mm&r=g","contentUrl":"https:\/\/secure.gravatar.com\/avatar\/89915563d925342126b8ef0281b93d9d7fc337043e8df017f780908eb9644451?s=96&d=mm&r=g","caption":"St\u00e9phane Miget"},"url":"https:\/\/batijournal.com\/index.php\/author\/stephane\/"}]}},"_links":{"self":[{"href":"https:\/\/batijournal.com\/index.php\/wp-json\/wp\/v2\/posts\/93771","targetHints":{"allow":["GET"]}}],"collection":[{"href":"https:\/\/batijournal.com\/index.php\/wp-json\/wp\/v2\/posts"}],"about":[{"href":"https:\/\/batijournal.com\/index.php\/wp-json\/wp\/v2\/types\/post"}],"author":[{"embeddable":true,"href":"https:\/\/batijournal.com\/index.php\/wp-json\/wp\/v2\/users\/17"}],"replies":[{"embeddable":true,"href":"https:\/\/batijournal.com\/index.php\/wp-json\/wp\/v2\/comments?post=93771"}],"version-history":[{"count":0,"href":"https:\/\/batijournal.com\/index.php\/wp-json\/wp\/v2\/posts\/93771\/revisions"}],"wp:featuredmedia":[{"embeddable":true,"href":"https:\/\/batijournal.com\/index.php\/wp-json\/wp\/v2\/media\/86453"}],"wp:attachment":[{"href":"https:\/\/batijournal.com\/index.php\/wp-json\/wp\/v2\/media?parent=93771"}],"wp:term":[{"taxonomy":"category","embeddable":true,"href":"https:\/\/batijournal.com\/index.php\/wp-json\/wp\/v2\/categories?post=93771"},{"taxonomy":"post_tag","embeddable":true,"href":"https:\/\/batijournal.com\/index.php\/wp-json\/wp\/v2\/tags?post=93771"}],"curies":[{"name":"wp","href":"https:\/\/api.w.org\/{rel}","templated":true}]}}