{"id":93778,"date":"2016-09-27T08:38:29","date_gmt":"2016-09-27T06:38:29","guid":{"rendered":"http:\/\/batijournal.com\/?p=93778"},"modified":"2019-07-15T12:23:39","modified_gmt":"2019-07-15T10:23:39","slug":"world-green-building-week-2016","status":"publish","type":"post","link":"https:\/\/batijournal.com\/index.php\/world-green-building-week-2016\/93778\/","title":{"rendered":"La World Green Building Week 2016"},"content":{"rendered":"<p>La World Green Building Week se tient cette semaine. Elle met \u00e0 l\u2019honneur : le b\u00e2timent \u00e0 \u00e9nergie positive, la valeur immat\u00e9rielle, le b\u00e2timent connect\u00e9 et toujours la r\u00e9novation ainsi que les grands enjeux de la construction durable que sont qualit\u00e9 de vie, respect de l\u2019environnement, performance \u00e9conomique et management responsable. Durant toute la semaine, l\u2019ensemble des acteurs fran\u00e7ais impliqu\u00e9s dans le cycle de vie des b\u00e2timents (ma\u00eetres d\u2019ouvrage, promoteurs, industriels, institutionnels, exploitants, investisseurs, etc.) organisent diverses manifestations, sur un parcours national et r\u00e9gional. Se sont impliqu\u00e9s cette ann\u00e9e : Certiv\u00e9a, CERQUAL Qualitel Certification, Cerway, Construction 21, DEERNS, l\u2019Ecole des Ponts Paris Tech, ICADE, GECINA, Groupe Moniteur, Poste Immo, Vinci Immobilier Promotion, la RICS.<\/p>\n<div class=\"page\" title=\"Page 4\">\n<div class=\"section\">\n<div class=\"layoutArea\">\n<div class=\"column\">\n<p><a href=\"http:\/\/www.francegbc.fr\" target=\"_blank\" rel=\"noopener noreferrer\">www.francegbc.fr<\/a><\/p>\n<p>&nbsp;<\/p>\n<\/div>\n<\/div>\n<\/div>\n<\/div>\n","protected":false},"excerpt":{"rendered":"<p>La World Green Building Week se tient cette semaine. Elle met \u00e0 l\u2019honneur : le b\u00e2timent \u00e0 \u00e9nergie positive, la valeur immat\u00e9rielle, le b\u00e2timent connect\u00e9 et toujours la r\u00e9novation ainsi que les grands enjeux de la construction durable que sont qualit\u00e9 de vie, respect de l\u2019environnement, performance \u00e9conomique et management responsable. Durant toute la semaine, [&hellip;]<\/p>\n","protected":false},"author":17,"featured_media":92698,"comment_status":"closed","ping_status":"closed","sticky":false,"template":"","format":"standard","meta":{"_et_pb_use_builder":"","_et_pb_old_content":"","_et_gb_content_width":"","footnotes":""},"categories":[6340,6351],"tags":[1083],"class_list":["post-93778","post","type-post","status-publish","format-standard","has-post-thumbnail","hentry","category-architecture-conception","category-energie-environnement","tag-france-gbc"],"yoast_head":"<!-- This site is optimized with the Yoast SEO plugin v27.4 - https:\/\/yoast.com\/product\/yoast-seo-wordpress\/ -->\n<title>La World Green Building Week 2016<\/title>\n<meta name=\"robots\" content=\"index, follow, max-snippet:-1, max-image-preview:large, max-video-preview:-1\" \/>\n<link rel=\"canonical\" href=\"https:\/\/batijournal.com\/index.php\/world-green-building-week-2016\/93778\/\" \/>\n<meta property=\"og:locale\" content=\"fr_FR\" \/>\n<meta property=\"og:type\" content=\"article\" \/>\n<meta property=\"og:title\" content=\"La World Green Building Week 2016\" \/>\n<meta property=\"og:description\" content=\"La World Green Building Week se tient cette semaine. Elle met \u00e0 l\u2019honneur : le b\u00e2timent \u00e0 \u00e9nergie positive, la valeur immat\u00e9rielle, le b\u00e2timent connect\u00e9 et toujours la r\u00e9novation ainsi que les grands enjeux de la construction durable que sont qualit\u00e9 de vie, respect de l\u2019environnement, performance \u00e9conomique et management responsable. Durant toute la semaine, [&hellip;]\" \/>\n<meta property=\"og:url\" content=\"https:\/\/batijournal.com\/index.php\/world-green-building-week-2016\/93778\/\" \/>\n<meta property=\"og:site_name\" content=\"Batijournal\" \/>\n<meta property=\"article:published_time\" content=\"2016-09-27T06:38:29+00:00\" \/>\n<meta property=\"article:modified_time\" content=\"2019-07-15T10:23:39+00:00\" \/>\n<meta property=\"og:image\" content=\"https:\/\/batijournal.com\/wp-content\/uploads\/2016\/05\/world-green-building-week.jpg\" \/>\n\t<meta property=\"og:image:width\" content=\"800\" \/>\n\t<meta property=\"og:image:height\" content=\"435\" \/>\n\t<meta property=\"og:image:type\" content=\"image\/jpeg\" \/>\n<meta name=\"author\" content=\"St\u00e9phane Miget\" \/>\n<meta name=\"twitter:card\" content=\"summary_large_image\" \/>\n<meta name=\"twitter:creator\" content=\"@bati_journal\" \/>\n<meta name=\"twitter:site\" content=\"@bati_journal\" \/>\n<meta name=\"twitter:label1\" content=\"\u00c9crit par\" \/>\n\t<meta name=\"twitter:data1\" content=\"St\u00e9phane Miget\" \/>\n\t<meta name=\"twitter:label2\" content=\"Dur\u00e9e de lecture estim\u00e9e\" \/>\n\t<meta name=\"twitter:data2\" content=\"1 minute\" \/>\n<script type=\"application\/ld+json\" class=\"yoast-schema-graph\">{\"@context\":\"https:\\\/\\\/schema.org\",\"@graph\":[{\"@type\":\"Article\",\"@id\":\"https:\\\/\\\/batijournal.com\\\/index.php\\\/world-green-building-week-2016\\\/93778\\\/#article\",\"isPartOf\":{\"@id\":\"https:\\\/\\\/batijournal.com\\\/index.php\\\/world-green-building-week-2016\\\/93778\\\/\"},\"author\":{\"name\":\"St\u00e9phane Miget\",\"@id\":\"https:\\\/\\\/batijournal.com\\\/#\\\/schema\\\/person\\\/1dc96ec6957aa1ccb25ebe78bb19f100\"},\"headline\":\"La World Green Building Week 2016\",\"datePublished\":\"2016-09-27T06:38:29+00:00\",\"dateModified\":\"2019-07-15T10:23:39+00:00\",\"mainEntityOfPage\":{\"@id\":\"https:\\\/\\\/batijournal.com\\\/index.php\\\/world-green-building-week-2016\\\/93778\\\/\"},\"wordCount\":135,\"image\":{\"@id\":\"https:\\\/\\\/batijournal.com\\\/index.php\\\/world-green-building-week-2016\\\/93778\\\/#primaryimage\"},\"thumbnailUrl\":\"https:\\\/\\\/batijournal.com\\\/wp-content\\\/uploads\\\/2016\\\/05\\\/world-green-building-week.jpg\",\"keywords\":[\"France GBC\"],\"articleSection\":[\"Architecture &amp; Conception\",\"\u00c9nergie &amp; Environnement\"],\"inLanguage\":\"fr-FR\"},{\"@type\":\"WebPage\",\"@id\":\"https:\\\/\\\/batijournal.com\\\/index.php\\\/world-green-building-week-2016\\\/93778\\\/\",\"url\":\"https:\\\/\\\/batijournal.com\\\/index.php\\\/world-green-building-week-2016\\\/93778\\\/\",\"name\":\"La World Green Building Week 2016\",\"isPartOf\":{\"@id\":\"https:\\\/\\\/batijournal.com\\\/#website\"},\"primaryImageOfPage\":{\"@id\":\"https:\\\/\\\/batijournal.com\\\/index.php\\\/world-green-building-week-2016\\\/93778\\\/#primaryimage\"},\"image\":{\"@id\":\"https:\\\/\\\/batijournal.com\\\/index.php\\\/world-green-building-week-2016\\\/93778\\\/#primaryimage\"},\"thumbnailUrl\":\"https:\\\/\\\/batijournal.com\\\/wp-content\\\/uploads\\\/2016\\\/05\\\/world-green-building-week.jpg\",\"datePublished\":\"2016-09-27T06:38:29+00:00\",\"dateModified\":\"2019-07-15T10:23:39+00:00\",\"author\":{\"@id\":\"https:\\\/\\\/batijournal.com\\\/#\\\/schema\\\/person\\\/1dc96ec6957aa1ccb25ebe78bb19f100\"},\"breadcrumb\":{\"@id\":\"https:\\\/\\\/batijournal.com\\\/index.php\\\/world-green-building-week-2016\\\/93778\\\/#breadcrumb\"},\"inLanguage\":\"fr-FR\",\"potentialAction\":[{\"@type\":\"ReadAction\",\"target\":[\"https:\\\/\\\/batijournal.com\\\/index.php\\\/world-green-building-week-2016\\\/93778\\\/\"]}]},{\"@type\":\"ImageObject\",\"inLanguage\":\"fr-FR\",\"@id\":\"https:\\\/\\\/batijournal.com\\\/index.php\\\/world-green-building-week-2016\\\/93778\\\/#primaryimage\",\"url\":\"https:\\\/\\\/batijournal.com\\\/wp-content\\\/uploads\\\/2016\\\/05\\\/world-green-building-week.jpg\",\"contentUrl\":\"https:\\\/\\\/batijournal.com\\\/wp-content\\\/uploads\\\/2016\\\/05\\\/world-green-building-week.jpg\",\"width\":800,\"height\":435,\"caption\":\"world-green-building-week\"},{\"@type\":\"BreadcrumbList\",\"@id\":\"https:\\\/\\\/batijournal.com\\\/index.php\\\/world-green-building-week-2016\\\/93778\\\/#breadcrumb\",\"itemListElement\":[{\"@type\":\"ListItem\",\"position\":1,\"name\":\"Accueil\",\"item\":\"https:\\\/\\\/batijournal.com\\\/\"},{\"@type\":\"ListItem\",\"position\":2,\"name\":\"Actualit\u00e9s\",\"item\":\"https:\\\/\\\/batijournal.com\\\/index.php\\\/category\\\/actualites\\\/\"},{\"@type\":\"ListItem\",\"position\":3,\"name\":\"Architecture &amp; Conception\",\"item\":\"https:\\\/\\\/batijournal.com\\\/index.php\\\/category\\\/actualites\\\/architecture-conception\\\/\"},{\"@type\":\"ListItem\",\"position\":4,\"name\":\"La World Green Building Week 2016\"}]},{\"@type\":\"WebSite\",\"@id\":\"https:\\\/\\\/batijournal.com\\\/#website\",\"url\":\"https:\\\/\\\/batijournal.com\\\/\",\"name\":\"Batijournal\",\"description\":\"L&#039;actualit\u00e9 du b\u00e2timent\",\"potentialAction\":[{\"@type\":\"SearchAction\",\"target\":{\"@type\":\"EntryPoint\",\"urlTemplate\":\"https:\\\/\\\/batijournal.com\\\/?s={search_term_string}\"},\"query-input\":{\"@type\":\"PropertyValueSpecification\",\"valueRequired\":true,\"valueName\":\"search_term_string\"}}],\"inLanguage\":\"fr-FR\"},{\"@type\":\"Person\",\"@id\":\"https:\\\/\\\/batijournal.com\\\/#\\\/schema\\\/person\\\/1dc96ec6957aa1ccb25ebe78bb19f100\",\"name\":\"St\u00e9phane Miget\",\"image\":{\"@type\":\"ImageObject\",\"inLanguage\":\"fr-FR\",\"@id\":\"https:\\\/\\\/secure.gravatar.com\\\/avatar\\\/89915563d925342126b8ef0281b93d9d7fc337043e8df017f780908eb9644451?s=96&d=mm&r=g\",\"url\":\"https:\\\/\\\/secure.gravatar.com\\\/avatar\\\/89915563d925342126b8ef0281b93d9d7fc337043e8df017f780908eb9644451?s=96&d=mm&r=g\",\"contentUrl\":\"https:\\\/\\\/secure.gravatar.com\\\/avatar\\\/89915563d925342126b8ef0281b93d9d7fc337043e8df017f780908eb9644451?s=96&d=mm&r=g\",\"caption\":\"St\u00e9phane Miget\"},\"url\":\"https:\\\/\\\/batijournal.com\\\/index.php\\\/author\\\/stephane\\\/\"}]}<\/script>\n<!-- \/ Yoast SEO plugin. -->","yoast_head_json":{"title":"La World Green Building Week 2016","robots":{"index":"index","follow":"follow","max-snippet":"max-snippet:-1","max-image-preview":"max-image-preview:large","max-video-preview":"max-video-preview:-1"},"canonical":"https:\/\/batijournal.com\/index.php\/world-green-building-week-2016\/93778\/","og_locale":"fr_FR","og_type":"article","og_title":"La World Green Building Week 2016","og_description":"La World Green Building Week se tient cette semaine. Elle met \u00e0 l\u2019honneur : le b\u00e2timent \u00e0 \u00e9nergie positive, la valeur immat\u00e9rielle, le b\u00e2timent connect\u00e9 et toujours la r\u00e9novation ainsi que les grands enjeux de la construction durable que sont qualit\u00e9 de vie, respect de l\u2019environnement, performance \u00e9conomique et management responsable. Durant toute la semaine, [&hellip;]","og_url":"https:\/\/batijournal.com\/index.php\/world-green-building-week-2016\/93778\/","og_site_name":"Batijournal","article_published_time":"2016-09-27T06:38:29+00:00","article_modified_time":"2019-07-15T10:23:39+00:00","og_image":[{"width":800,"height":435,"url":"https:\/\/batijournal.com\/wp-content\/uploads\/2016\/05\/world-green-building-week.jpg","type":"image\/jpeg"}],"author":"St\u00e9phane Miget","twitter_card":"summary_large_image","twitter_creator":"@bati_journal","twitter_site":"@bati_journal","twitter_misc":{"\u00c9crit par":"St\u00e9phane Miget","Dur\u00e9e de lecture estim\u00e9e":"1 minute"},"schema":{"@context":"https:\/\/schema.org","@graph":[{"@type":"Article","@id":"https:\/\/batijournal.com\/index.php\/world-green-building-week-2016\/93778\/#article","isPartOf":{"@id":"https:\/\/batijournal.com\/index.php\/world-green-building-week-2016\/93778\/"},"author":{"name":"St\u00e9phane Miget","@id":"https:\/\/batijournal.com\/#\/schema\/person\/1dc96ec6957aa1ccb25ebe78bb19f100"},"headline":"La World Green Building Week 2016","datePublished":"2016-09-27T06:38:29+00:00","dateModified":"2019-07-15T10:23:39+00:00","mainEntityOfPage":{"@id":"https:\/\/batijournal.com\/index.php\/world-green-building-week-2016\/93778\/"},"wordCount":135,"image":{"@id":"https:\/\/batijournal.com\/index.php\/world-green-building-week-2016\/93778\/#primaryimage"},"thumbnailUrl":"https:\/\/batijournal.com\/wp-content\/uploads\/2016\/05\/world-green-building-week.jpg","keywords":["France GBC"],"articleSection":["Architecture &amp; Conception","\u00c9nergie &amp; Environnement"],"inLanguage":"fr-FR"},{"@type":"WebPage","@id":"https:\/\/batijournal.com\/index.php\/world-green-building-week-2016\/93778\/","url":"https:\/\/batijournal.com\/index.php\/world-green-building-week-2016\/93778\/","name":"La World Green Building Week 2016","isPartOf":{"@id":"https:\/\/batijournal.com\/#website"},"primaryImageOfPage":{"@id":"https:\/\/batijournal.com\/index.php\/world-green-building-week-2016\/93778\/#primaryimage"},"image":{"@id":"https:\/\/batijournal.com\/index.php\/world-green-building-week-2016\/93778\/#primaryimage"},"thumbnailUrl":"https:\/\/batijournal.com\/wp-content\/uploads\/2016\/05\/world-green-building-week.jpg","datePublished":"2016-09-27T06:38:29+00:00","dateModified":"2019-07-15T10:23:39+00:00","author":{"@id":"https:\/\/batijournal.com\/#\/schema\/person\/1dc96ec6957aa1ccb25ebe78bb19f100"},"breadcrumb":{"@id":"https:\/\/batijournal.com\/index.php\/world-green-building-week-2016\/93778\/#breadcrumb"},"inLanguage":"fr-FR","potentialAction":[{"@type":"ReadAction","target":["https:\/\/batijournal.com\/index.php\/world-green-building-week-2016\/93778\/"]}]},{"@type":"ImageObject","inLanguage":"fr-FR","@id":"https:\/\/batijournal.com\/index.php\/world-green-building-week-2016\/93778\/#primaryimage","url":"https:\/\/batijournal.com\/wp-content\/uploads\/2016\/05\/world-green-building-week.jpg","contentUrl":"https:\/\/batijournal.com\/wp-content\/uploads\/2016\/05\/world-green-building-week.jpg","width":800,"height":435,"caption":"world-green-building-week"},{"@type":"BreadcrumbList","@id":"https:\/\/batijournal.com\/index.php\/world-green-building-week-2016\/93778\/#breadcrumb","itemListElement":[{"@type":"ListItem","position":1,"name":"Accueil","item":"https:\/\/batijournal.com\/"},{"@type":"ListItem","position":2,"name":"Actualit\u00e9s","item":"https:\/\/batijournal.com\/index.php\/category\/actualites\/"},{"@type":"ListItem","position":3,"name":"Architecture &amp; Conception","item":"https:\/\/batijournal.com\/index.php\/category\/actualites\/architecture-conception\/"},{"@type":"ListItem","position":4,"name":"La World Green Building Week 2016"}]},{"@type":"WebSite","@id":"https:\/\/batijournal.com\/#website","url":"https:\/\/batijournal.com\/","name":"Batijournal","description":"L&#039;actualit\u00e9 du b\u00e2timent","potentialAction":[{"@type":"SearchAction","target":{"@type":"EntryPoint","urlTemplate":"https:\/\/batijournal.com\/?s={search_term_string}"},"query-input":{"@type":"PropertyValueSpecification","valueRequired":true,"valueName":"search_term_string"}}],"inLanguage":"fr-FR"},{"@type":"Person","@id":"https:\/\/batijournal.com\/#\/schema\/person\/1dc96ec6957aa1ccb25ebe78bb19f100","name":"St\u00e9phane Miget","image":{"@type":"ImageObject","inLanguage":"fr-FR","@id":"https:\/\/secure.gravatar.com\/avatar\/89915563d925342126b8ef0281b93d9d7fc337043e8df017f780908eb9644451?s=96&d=mm&r=g","url":"https:\/\/secure.gravatar.com\/avatar\/89915563d925342126b8ef0281b93d9d7fc337043e8df017f780908eb9644451?s=96&d=mm&r=g","contentUrl":"https:\/\/secure.gravatar.com\/avatar\/89915563d925342126b8ef0281b93d9d7fc337043e8df017f780908eb9644451?s=96&d=mm&r=g","caption":"St\u00e9phane Miget"},"url":"https:\/\/batijournal.com\/index.php\/author\/stephane\/"}]}},"_links":{"self":[{"href":"https:\/\/batijournal.com\/index.php\/wp-json\/wp\/v2\/posts\/93778","targetHints":{"allow":["GET"]}}],"collection":[{"href":"https:\/\/batijournal.com\/index.php\/wp-json\/wp\/v2\/posts"}],"about":[{"href":"https:\/\/batijournal.com\/index.php\/wp-json\/wp\/v2\/types\/post"}],"author":[{"embeddable":true,"href":"https:\/\/batijournal.com\/index.php\/wp-json\/wp\/v2\/users\/17"}],"replies":[{"embeddable":true,"href":"https:\/\/batijournal.com\/index.php\/wp-json\/wp\/v2\/comments?post=93778"}],"version-history":[{"count":0,"href":"https:\/\/batijournal.com\/index.php\/wp-json\/wp\/v2\/posts\/93778\/revisions"}],"wp:featuredmedia":[{"embeddable":true,"href":"https:\/\/batijournal.com\/index.php\/wp-json\/wp\/v2\/media\/92698"}],"wp:attachment":[{"href":"https:\/\/batijournal.com\/index.php\/wp-json\/wp\/v2\/media?parent=93778"}],"wp:term":[{"taxonomy":"category","embeddable":true,"href":"https:\/\/batijournal.com\/index.php\/wp-json\/wp\/v2\/categories?post=93778"},{"taxonomy":"post_tag","embeddable":true,"href":"https:\/\/batijournal.com\/index.php\/wp-json\/wp\/v2\/tags?post=93778"}],"curies":[{"name":"wp","href":"https:\/\/api.w.org\/{rel}","templated":true}]}}