{"id":93795,"date":"2016-09-28T08:00:09","date_gmt":"2016-09-28T06:00:09","guid":{"rendered":"http:\/\/batijournal.com\/?p=93795"},"modified":"2019-07-15T11:16:20","modified_gmt":"2019-07-15T09:16:20","slug":"vaste-quartier-gallo-romain-rennais-mis-a-jour","status":"publish","type":"post","link":"https:\/\/batijournal.com\/index.php\/vaste-quartier-gallo-romain-rennais-mis-a-jour\/93795\/","title":{"rendered":"Un vaste quartier gallo-romain rennais mis \u00e0 jour"},"content":{"rendered":"<p><strong>A Rennes, une fouille de l&rsquo;Inrap, prescrite par la Drac Bretagne sur une surface de 7500 m2 en c\u0153ur de ville, offre l\u2019opportunit\u00e9 d\u2019\u00e9tudier l\u2019\u00e9volution d\u2019un quartier antique dans un secteur jusqu\u2019alors arch\u00e9ologiquement m\u00e9connu : la partie nord de Condate (Rennes), fond\u00e9e vers 10 avant notre \u00e8re. Du Ier au IIIe si\u00e8cle, le secteur est int\u00e9gr\u00e9 \u00e0 la ville romaine, alors en pleine expansion. \u00c1 partir du IVe si\u00e8cle, la physionomie du quartier change et une vaste n\u00e9cropole s\u2019installe peu \u00e0 peu. Quinze arch\u00e9ologues de l\u2019Inrap travaillent sur le terrain jusqu\u2019en avril 2017 \u00e0 d\u00e9m\u00ealer les fils de cette histoire, avant de poursuivre les \u00e9tudes compl\u00e9mentaires au centre de recherches de Cesson-S\u00e9vign\u00e9.<\/strong><\/p>\n<p>Des \u00e9difices, de taille et d\u2019architecture diverses, se succ\u00e8dent le long des rues et t\u00e9moignent de l\u2019\u00e9volution du quartier jusqu\u2019au IIIe si\u00e8cle au moins. Ainsi, au sud de la fouille, les constructions sont r\u00e9alis\u00e9es en mat\u00e9riaux p\u00e9rissables. Les \u00e9l\u00e9vations en torchis reposent sur des poutres en bois, elles-m\u00eames install\u00e9es sur des murets de pierres enterr\u00e9s afin de les prot\u00e9ger des remont\u00e9es d\u2019humidit\u00e9. En revanche, \u00e0 l\u2019angle nord-ouest du site, la fouille a livr\u00e9 les vestiges d\u2019un \u00e9difice de statut plus \u00e9lev\u00e9, certainement la domus d\u2019un riche notable rennais. Elle disposait de plusieurs cours, de sols en b\u00e9ton, d\u2019au moins une pi\u00e8ce avec un syst\u00e8me d&rsquo;hypocauste. Enfin ses murs, r\u00e9alis\u00e9s en blocs de schiste sont mont\u00e9s au mortier de chaux. Le secteur d\u00e9cline sans doute \u00e0 partir de la fin du IIIe si\u00e8cle de notre \u00e8re, ou au d\u00e9but du si\u00e8cle suivant. Certaines constructions, comme les murs de cl\u00f4ture, sont d\u00e9mont\u00e9es afin d\u2019en r\u00e9cup\u00e9rer les mat\u00e9riaux. D\u2019autres, comme la domus, semblent perdurer un peu plus longtemps. Au d\u00e9but du IVe si\u00e8cle s\u2019installe une n\u00e9cropole qui est en partie conserv\u00e9e dans l\u2019emprise de la fouille.<\/p>\n<p><img loading=\"lazy\" decoding=\"async\" class=\"alignleft size-full wp-image-93797\" src=\"https:\/\/batijournal.com\/wp-content\/uploads\/2016\/09\/hypocauste-tombescnicolasmenezinrap.jpg\" alt=\"hypocauste-tombescnicolasmenezinrap\" width=\"1000\" height=\"668\" srcset=\"https:\/\/batijournal.com\/wp-content\/uploads\/2016\/09\/hypocauste-tombescnicolasmenezinrap.jpg 1000w, https:\/\/batijournal.com\/wp-content\/uploads\/2016\/09\/hypocauste-tombescnicolasmenezinrap-150x100.jpg 150w, https:\/\/batijournal.com\/wp-content\/uploads\/2016\/09\/hypocauste-tombescnicolasmenezinrap-300x200.jpg 300w, https:\/\/batijournal.com\/wp-content\/uploads\/2016\/09\/hypocauste-tombescnicolasmenezinrap-768x513.jpg 768w, https:\/\/batijournal.com\/wp-content\/uploads\/2016\/09\/hypocauste-tombescnicolasmenezinrap-600x401.jpg 600w\" sizes=\"(max-width: 1000px) 100vw, 1000px\" \/><br \/>\nFouille en cours d\u2019une salle \u00e0 hypocauste (syst\u00e8me de chauffage par le sol) de la domus.<br \/>\n\u00a9 Nicolas M\u00e9nez, Inrap<\/p>\n<p>&nbsp;<\/p>\n<p>Vue globale : \u00a9 Olivier Laurent, Inrap<\/p>\n","protected":false},"excerpt":{"rendered":"<p>A Rennes, une fouille de l&rsquo;Inrap, prescrite par la Drac Bretagne sur une surface de 7500 m2 en c\u0153ur de ville, offre l\u2019opportunit\u00e9 d\u2019\u00e9tudier l\u2019\u00e9volution d\u2019un quartier antique dans un secteur jusqu\u2019alors arch\u00e9ologiquement m\u00e9connu : la partie nord de Condate (Rennes), fond\u00e9e vers 10 avant notre \u00e8re. Du Ier au IIIe si\u00e8cle, le secteur est [&hellip;]<\/p>\n","protected":false},"author":17,"featured_media":93796,"comment_status":"closed","ping_status":"closed","sticky":false,"template":"","format":"standard","meta":{"_et_pb_use_builder":"","_et_pb_old_content":"","_et_gb_content_width":"","footnotes":""},"categories":[6340],"tags":[6454],"class_list":["post-93795","post","type-post","status-publish","format-standard","has-post-thumbnail","hentry","category-architecture-conception","tag-inrap"],"yoast_head":"<!-- This site is optimized with the Yoast SEO plugin v27.4 - https:\/\/yoast.com\/product\/yoast-seo-wordpress\/ -->\n<title>Un vaste quartier gallo-romain rennais mis \u00e0 jour<\/title>\n<meta name=\"robots\" content=\"index, follow, max-snippet:-1, max-image-preview:large, max-video-preview:-1\" \/>\n<link rel=\"canonical\" href=\"https:\/\/batijournal.com\/index.php\/vaste-quartier-gallo-romain-rennais-mis-a-jour\/93795\/\" \/>\n<meta property=\"og:locale\" content=\"fr_FR\" \/>\n<meta property=\"og:type\" content=\"article\" \/>\n<meta property=\"og:title\" content=\"Un vaste quartier gallo-romain rennais mis \u00e0 jour\" \/>\n<meta property=\"og:description\" content=\"A Rennes, une fouille de l&rsquo;Inrap, prescrite par la Drac Bretagne sur une surface de 7500 m2 en c\u0153ur de ville, offre l\u2019opportunit\u00e9 d\u2019\u00e9tudier l\u2019\u00e9volution d\u2019un quartier antique dans un secteur jusqu\u2019alors arch\u00e9ologiquement m\u00e9connu : la partie nord de Condate (Rennes), fond\u00e9e vers 10 avant notre \u00e8re. Du Ier au IIIe si\u00e8cle, le secteur est [&hellip;]\" \/>\n<meta property=\"og:url\" content=\"https:\/\/batijournal.com\/index.php\/vaste-quartier-gallo-romain-rennais-mis-a-jour\/93795\/\" \/>\n<meta property=\"og:site_name\" content=\"Batijournal\" \/>\n<meta property=\"article:published_time\" content=\"2016-09-28T06:00:09+00:00\" \/>\n<meta property=\"article:modified_time\" content=\"2019-07-15T09:16:20+00:00\" \/>\n<meta property=\"og:image\" content=\"https:\/\/batijournal.com\/wp-content\/uploads\/2016\/09\/visite-batiarmor-hoteldieu.jpg\" \/>\n\t<meta property=\"og:image:width\" content=\"1000\" \/>\n\t<meta property=\"og:image:height\" content=\"668\" \/>\n\t<meta property=\"og:image:type\" content=\"image\/jpeg\" \/>\n<meta name=\"author\" content=\"St\u00e9phane Miget\" \/>\n<meta name=\"twitter:card\" content=\"summary_large_image\" \/>\n<meta name=\"twitter:creator\" content=\"@bati_journal\" \/>\n<meta name=\"twitter:site\" content=\"@bati_journal\" \/>\n<meta name=\"twitter:label1\" content=\"\u00c9crit par\" \/>\n\t<meta name=\"twitter:data1\" content=\"St\u00e9phane Miget\" \/>\n\t<meta name=\"twitter:label2\" content=\"Dur\u00e9e de lecture estim\u00e9e\" \/>\n\t<meta name=\"twitter:data2\" content=\"2 minutes\" \/>\n<script type=\"application\/ld+json\" class=\"yoast-schema-graph\">{\"@context\":\"https:\\\/\\\/schema.org\",\"@graph\":[{\"@type\":\"Article\",\"@id\":\"https:\\\/\\\/batijournal.com\\\/index.php\\\/vaste-quartier-gallo-romain-rennais-mis-a-jour\\\/93795\\\/#article\",\"isPartOf\":{\"@id\":\"https:\\\/\\\/batijournal.com\\\/index.php\\\/vaste-quartier-gallo-romain-rennais-mis-a-jour\\\/93795\\\/\"},\"author\":{\"name\":\"St\u00e9phane Miget\",\"@id\":\"https:\\\/\\\/batijournal.com\\\/#\\\/schema\\\/person\\\/1dc96ec6957aa1ccb25ebe78bb19f100\"},\"headline\":\"Un vaste quartier gallo-romain rennais mis \u00e0 jour\",\"datePublished\":\"2016-09-28T06:00:09+00:00\",\"dateModified\":\"2019-07-15T09:16:20+00:00\",\"mainEntityOfPage\":{\"@id\":\"https:\\\/\\\/batijournal.com\\\/index.php\\\/vaste-quartier-gallo-romain-rennais-mis-a-jour\\\/93795\\\/\"},\"wordCount\":387,\"image\":{\"@id\":\"https:\\\/\\\/batijournal.com\\\/index.php\\\/vaste-quartier-gallo-romain-rennais-mis-a-jour\\\/93795\\\/#primaryimage\"},\"thumbnailUrl\":\"https:\\\/\\\/batijournal.com\\\/wp-content\\\/uploads\\\/2016\\\/09\\\/visite-batiarmor-hoteldieu.jpg\",\"keywords\":[\"inrap\"],\"articleSection\":[\"Architecture &amp; Conception\"],\"inLanguage\":\"fr-FR\"},{\"@type\":\"WebPage\",\"@id\":\"https:\\\/\\\/batijournal.com\\\/index.php\\\/vaste-quartier-gallo-romain-rennais-mis-a-jour\\\/93795\\\/\",\"url\":\"https:\\\/\\\/batijournal.com\\\/index.php\\\/vaste-quartier-gallo-romain-rennais-mis-a-jour\\\/93795\\\/\",\"name\":\"Un vaste quartier gallo-romain rennais mis \u00e0 jour\",\"isPartOf\":{\"@id\":\"https:\\\/\\\/batijournal.com\\\/#website\"},\"primaryImageOfPage\":{\"@id\":\"https:\\\/\\\/batijournal.com\\\/index.php\\\/vaste-quartier-gallo-romain-rennais-mis-a-jour\\\/93795\\\/#primaryimage\"},\"image\":{\"@id\":\"https:\\\/\\\/batijournal.com\\\/index.php\\\/vaste-quartier-gallo-romain-rennais-mis-a-jour\\\/93795\\\/#primaryimage\"},\"thumbnailUrl\":\"https:\\\/\\\/batijournal.com\\\/wp-content\\\/uploads\\\/2016\\\/09\\\/visite-batiarmor-hoteldieu.jpg\",\"datePublished\":\"2016-09-28T06:00:09+00:00\",\"dateModified\":\"2019-07-15T09:16:20+00:00\",\"author\":{\"@id\":\"https:\\\/\\\/batijournal.com\\\/#\\\/schema\\\/person\\\/1dc96ec6957aa1ccb25ebe78bb19f100\"},\"breadcrumb\":{\"@id\":\"https:\\\/\\\/batijournal.com\\\/index.php\\\/vaste-quartier-gallo-romain-rennais-mis-a-jour\\\/93795\\\/#breadcrumb\"},\"inLanguage\":\"fr-FR\",\"potentialAction\":[{\"@type\":\"ReadAction\",\"target\":[\"https:\\\/\\\/batijournal.com\\\/index.php\\\/vaste-quartier-gallo-romain-rennais-mis-a-jour\\\/93795\\\/\"]}]},{\"@type\":\"ImageObject\",\"inLanguage\":\"fr-FR\",\"@id\":\"https:\\\/\\\/batijournal.com\\\/index.php\\\/vaste-quartier-gallo-romain-rennais-mis-a-jour\\\/93795\\\/#primaryimage\",\"url\":\"https:\\\/\\\/batijournal.com\\\/wp-content\\\/uploads\\\/2016\\\/09\\\/visite-batiarmor-hoteldieu.jpg\",\"contentUrl\":\"https:\\\/\\\/batijournal.com\\\/wp-content\\\/uploads\\\/2016\\\/09\\\/visite-batiarmor-hoteldieu.jpg\",\"width\":1000,\"height\":668},{\"@type\":\"BreadcrumbList\",\"@id\":\"https:\\\/\\\/batijournal.com\\\/index.php\\\/vaste-quartier-gallo-romain-rennais-mis-a-jour\\\/93795\\\/#breadcrumb\",\"itemListElement\":[{\"@type\":\"ListItem\",\"position\":1,\"name\":\"Accueil\",\"item\":\"https:\\\/\\\/batijournal.com\\\/\"},{\"@type\":\"ListItem\",\"position\":2,\"name\":\"Actualit\u00e9s\",\"item\":\"https:\\\/\\\/batijournal.com\\\/index.php\\\/category\\\/actualites\\\/\"},{\"@type\":\"ListItem\",\"position\":3,\"name\":\"Architecture &amp; Conception\",\"item\":\"https:\\\/\\\/batijournal.com\\\/index.php\\\/category\\\/actualites\\\/architecture-conception\\\/\"},{\"@type\":\"ListItem\",\"position\":4,\"name\":\"Un vaste quartier gallo-romain rennais mis \u00e0 jour\"}]},{\"@type\":\"WebSite\",\"@id\":\"https:\\\/\\\/batijournal.com\\\/#website\",\"url\":\"https:\\\/\\\/batijournal.com\\\/\",\"name\":\"Batijournal\",\"description\":\"L&#039;actualit\u00e9 du b\u00e2timent\",\"potentialAction\":[{\"@type\":\"SearchAction\",\"target\":{\"@type\":\"EntryPoint\",\"urlTemplate\":\"https:\\\/\\\/batijournal.com\\\/?s={search_term_string}\"},\"query-input\":{\"@type\":\"PropertyValueSpecification\",\"valueRequired\":true,\"valueName\":\"search_term_string\"}}],\"inLanguage\":\"fr-FR\"},{\"@type\":\"Person\",\"@id\":\"https:\\\/\\\/batijournal.com\\\/#\\\/schema\\\/person\\\/1dc96ec6957aa1ccb25ebe78bb19f100\",\"name\":\"St\u00e9phane Miget\",\"image\":{\"@type\":\"ImageObject\",\"inLanguage\":\"fr-FR\",\"@id\":\"https:\\\/\\\/secure.gravatar.com\\\/avatar\\\/89915563d925342126b8ef0281b93d9d7fc337043e8df017f780908eb9644451?s=96&d=mm&r=g\",\"url\":\"https:\\\/\\\/secure.gravatar.com\\\/avatar\\\/89915563d925342126b8ef0281b93d9d7fc337043e8df017f780908eb9644451?s=96&d=mm&r=g\",\"contentUrl\":\"https:\\\/\\\/secure.gravatar.com\\\/avatar\\\/89915563d925342126b8ef0281b93d9d7fc337043e8df017f780908eb9644451?s=96&d=mm&r=g\",\"caption\":\"St\u00e9phane Miget\"},\"url\":\"https:\\\/\\\/batijournal.com\\\/index.php\\\/author\\\/stephane\\\/\"}]}<\/script>\n<!-- \/ Yoast SEO plugin. -->","yoast_head_json":{"title":"Un vaste quartier gallo-romain rennais mis \u00e0 jour","robots":{"index":"index","follow":"follow","max-snippet":"max-snippet:-1","max-image-preview":"max-image-preview:large","max-video-preview":"max-video-preview:-1"},"canonical":"https:\/\/batijournal.com\/index.php\/vaste-quartier-gallo-romain-rennais-mis-a-jour\/93795\/","og_locale":"fr_FR","og_type":"article","og_title":"Un vaste quartier gallo-romain rennais mis \u00e0 jour","og_description":"A Rennes, une fouille de l&rsquo;Inrap, prescrite par la Drac Bretagne sur une surface de 7500 m2 en c\u0153ur de ville, offre l\u2019opportunit\u00e9 d\u2019\u00e9tudier l\u2019\u00e9volution d\u2019un quartier antique dans un secteur jusqu\u2019alors arch\u00e9ologiquement m\u00e9connu : la partie nord de Condate (Rennes), fond\u00e9e vers 10 avant notre \u00e8re. Du Ier au IIIe si\u00e8cle, le secteur est [&hellip;]","og_url":"https:\/\/batijournal.com\/index.php\/vaste-quartier-gallo-romain-rennais-mis-a-jour\/93795\/","og_site_name":"Batijournal","article_published_time":"2016-09-28T06:00:09+00:00","article_modified_time":"2019-07-15T09:16:20+00:00","og_image":[{"width":1000,"height":668,"url":"https:\/\/batijournal.com\/wp-content\/uploads\/2016\/09\/visite-batiarmor-hoteldieu.jpg","type":"image\/jpeg"}],"author":"St\u00e9phane Miget","twitter_card":"summary_large_image","twitter_creator":"@bati_journal","twitter_site":"@bati_journal","twitter_misc":{"\u00c9crit par":"St\u00e9phane Miget","Dur\u00e9e de lecture estim\u00e9e":"2 minutes"},"schema":{"@context":"https:\/\/schema.org","@graph":[{"@type":"Article","@id":"https:\/\/batijournal.com\/index.php\/vaste-quartier-gallo-romain-rennais-mis-a-jour\/93795\/#article","isPartOf":{"@id":"https:\/\/batijournal.com\/index.php\/vaste-quartier-gallo-romain-rennais-mis-a-jour\/93795\/"},"author":{"name":"St\u00e9phane Miget","@id":"https:\/\/batijournal.com\/#\/schema\/person\/1dc96ec6957aa1ccb25ebe78bb19f100"},"headline":"Un vaste quartier gallo-romain rennais mis \u00e0 jour","datePublished":"2016-09-28T06:00:09+00:00","dateModified":"2019-07-15T09:16:20+00:00","mainEntityOfPage":{"@id":"https:\/\/batijournal.com\/index.php\/vaste-quartier-gallo-romain-rennais-mis-a-jour\/93795\/"},"wordCount":387,"image":{"@id":"https:\/\/batijournal.com\/index.php\/vaste-quartier-gallo-romain-rennais-mis-a-jour\/93795\/#primaryimage"},"thumbnailUrl":"https:\/\/batijournal.com\/wp-content\/uploads\/2016\/09\/visite-batiarmor-hoteldieu.jpg","keywords":["inrap"],"articleSection":["Architecture &amp; Conception"],"inLanguage":"fr-FR"},{"@type":"WebPage","@id":"https:\/\/batijournal.com\/index.php\/vaste-quartier-gallo-romain-rennais-mis-a-jour\/93795\/","url":"https:\/\/batijournal.com\/index.php\/vaste-quartier-gallo-romain-rennais-mis-a-jour\/93795\/","name":"Un vaste quartier gallo-romain rennais mis \u00e0 jour","isPartOf":{"@id":"https:\/\/batijournal.com\/#website"},"primaryImageOfPage":{"@id":"https:\/\/batijournal.com\/index.php\/vaste-quartier-gallo-romain-rennais-mis-a-jour\/93795\/#primaryimage"},"image":{"@id":"https:\/\/batijournal.com\/index.php\/vaste-quartier-gallo-romain-rennais-mis-a-jour\/93795\/#primaryimage"},"thumbnailUrl":"https:\/\/batijournal.com\/wp-content\/uploads\/2016\/09\/visite-batiarmor-hoteldieu.jpg","datePublished":"2016-09-28T06:00:09+00:00","dateModified":"2019-07-15T09:16:20+00:00","author":{"@id":"https:\/\/batijournal.com\/#\/schema\/person\/1dc96ec6957aa1ccb25ebe78bb19f100"},"breadcrumb":{"@id":"https:\/\/batijournal.com\/index.php\/vaste-quartier-gallo-romain-rennais-mis-a-jour\/93795\/#breadcrumb"},"inLanguage":"fr-FR","potentialAction":[{"@type":"ReadAction","target":["https:\/\/batijournal.com\/index.php\/vaste-quartier-gallo-romain-rennais-mis-a-jour\/93795\/"]}]},{"@type":"ImageObject","inLanguage":"fr-FR","@id":"https:\/\/batijournal.com\/index.php\/vaste-quartier-gallo-romain-rennais-mis-a-jour\/93795\/#primaryimage","url":"https:\/\/batijournal.com\/wp-content\/uploads\/2016\/09\/visite-batiarmor-hoteldieu.jpg","contentUrl":"https:\/\/batijournal.com\/wp-content\/uploads\/2016\/09\/visite-batiarmor-hoteldieu.jpg","width":1000,"height":668},{"@type":"BreadcrumbList","@id":"https:\/\/batijournal.com\/index.php\/vaste-quartier-gallo-romain-rennais-mis-a-jour\/93795\/#breadcrumb","itemListElement":[{"@type":"ListItem","position":1,"name":"Accueil","item":"https:\/\/batijournal.com\/"},{"@type":"ListItem","position":2,"name":"Actualit\u00e9s","item":"https:\/\/batijournal.com\/index.php\/category\/actualites\/"},{"@type":"ListItem","position":3,"name":"Architecture &amp; Conception","item":"https:\/\/batijournal.com\/index.php\/category\/actualites\/architecture-conception\/"},{"@type":"ListItem","position":4,"name":"Un vaste quartier gallo-romain rennais mis \u00e0 jour"}]},{"@type":"WebSite","@id":"https:\/\/batijournal.com\/#website","url":"https:\/\/batijournal.com\/","name":"Batijournal","description":"L&#039;actualit\u00e9 du b\u00e2timent","potentialAction":[{"@type":"SearchAction","target":{"@type":"EntryPoint","urlTemplate":"https:\/\/batijournal.com\/?s={search_term_string}"},"query-input":{"@type":"PropertyValueSpecification","valueRequired":true,"valueName":"search_term_string"}}],"inLanguage":"fr-FR"},{"@type":"Person","@id":"https:\/\/batijournal.com\/#\/schema\/person\/1dc96ec6957aa1ccb25ebe78bb19f100","name":"St\u00e9phane Miget","image":{"@type":"ImageObject","inLanguage":"fr-FR","@id":"https:\/\/secure.gravatar.com\/avatar\/89915563d925342126b8ef0281b93d9d7fc337043e8df017f780908eb9644451?s=96&d=mm&r=g","url":"https:\/\/secure.gravatar.com\/avatar\/89915563d925342126b8ef0281b93d9d7fc337043e8df017f780908eb9644451?s=96&d=mm&r=g","contentUrl":"https:\/\/secure.gravatar.com\/avatar\/89915563d925342126b8ef0281b93d9d7fc337043e8df017f780908eb9644451?s=96&d=mm&r=g","caption":"St\u00e9phane Miget"},"url":"https:\/\/batijournal.com\/index.php\/author\/stephane\/"}]}},"_links":{"self":[{"href":"https:\/\/batijournal.com\/index.php\/wp-json\/wp\/v2\/posts\/93795","targetHints":{"allow":["GET"]}}],"collection":[{"href":"https:\/\/batijournal.com\/index.php\/wp-json\/wp\/v2\/posts"}],"about":[{"href":"https:\/\/batijournal.com\/index.php\/wp-json\/wp\/v2\/types\/post"}],"author":[{"embeddable":true,"href":"https:\/\/batijournal.com\/index.php\/wp-json\/wp\/v2\/users\/17"}],"replies":[{"embeddable":true,"href":"https:\/\/batijournal.com\/index.php\/wp-json\/wp\/v2\/comments?post=93795"}],"version-history":[{"count":0,"href":"https:\/\/batijournal.com\/index.php\/wp-json\/wp\/v2\/posts\/93795\/revisions"}],"wp:featuredmedia":[{"embeddable":true,"href":"https:\/\/batijournal.com\/index.php\/wp-json\/wp\/v2\/media\/93796"}],"wp:attachment":[{"href":"https:\/\/batijournal.com\/index.php\/wp-json\/wp\/v2\/media?parent=93795"}],"wp:term":[{"taxonomy":"category","embeddable":true,"href":"https:\/\/batijournal.com\/index.php\/wp-json\/wp\/v2\/categories?post=93795"},{"taxonomy":"post_tag","embeddable":true,"href":"https:\/\/batijournal.com\/index.php\/wp-json\/wp\/v2\/tags?post=93795"}],"curies":[{"name":"wp","href":"https:\/\/api.w.org\/{rel}","templated":true}]}}