{"id":93805,"date":"2016-09-30T08:55:21","date_gmt":"2016-09-30T06:55:21","guid":{"rendered":"http:\/\/batijournal.com\/?p=93805"},"modified":"2019-07-15T12:03:59","modified_gmt":"2019-07-15T10:03:59","slug":"jusqua-80-dechets-second-oeuvre-recyclables-surcout","status":"publish","type":"post","link":"https:\/\/batijournal.com\/index.php\/jusqua-80-dechets-second-oeuvre-recyclables-surcout\/93805\/","title":{"rendered":"Jusqu\u2019\u00e0 80 % des d\u00e9chets du second \u0153uvre recyclables sans surco\u00fbt"},"content":{"rendered":"<p><strong>La fili\u00e8re b\u00e2timent g\u00e9n\u00e8re environ 10 millions de tonnes de d\u00e9chets du second \u0153uvre chaque ann\u00e9e, ils sont recycl\u00e9s \u00e0 moins de 35 % en moyenne. Le projet D\u00c9MOCL\u00c8S d\u00e9montre que l\u2019on peut recycler jusqu\u2019\u00e0 80 % des d\u00e9chets du second \u0153uvre sans surco\u00fbt d\u00e8s lors que cette probl\u00e9matique devient l\u2019affaire de tous, depuis la ma\u00eetrise d\u2019ouvrage jusqu\u2019aux industriels du recyclage.<\/strong><\/p>\n<p><strong>M\u00e9langer les d\u00e9chets dans une benne est un frein au recyclage des d\u00e9chets de second \u0153uvre<\/strong><br \/>\n90 % des d\u00e9chets de r\u00e9habilitation sont collect\u00e9s en m\u00e9lange, le plus souvent en benne, ce qui repr\u00e9sente un v\u00e9ritable frein au recyclage des d\u00e9chets du second \u0153uvre car certains d\u00e9chets sont dangereux : \u00e9quipements \u00e9lectriques, tubes fluorescents, lampes \u00e0 \u00e9conomie d\u2019\u00e9nergie, bois trait\u00e9&#8230; autant de d\u00e9chets qui n\u00e9cessitent un traitement sp\u00e9cifique et donc une collecte s\u00e9par\u00e9e. La qualit\u00e9 des d\u00e9chets est d\u00e9grad\u00e9e s\u2019ils sont m\u00e9lang\u00e9s dans une benne, ce qui rend impossible leur recyclage.<\/p>\n<p><strong>Utiliser de contenants d\u00e9di\u00e9s de plus petite taille<\/strong><br \/>\nUne n\u00e9cessaire r\u00e9organisation de la logistique de collecte : il est n\u00e9cessaire de collecter les d\u00e9chets s\u00e9par\u00e9ment dans des contenants adapt\u00e9s. Avec la d\u00e9pose s\u00e9lective, nul tri \u00e0 effectuer : les d\u00e9chets sont mis directement dans les contenants d\u00e9di\u00e9s d\u00e8s leur d\u00e9pose. Ces contenants, plus petits que les bennes, sont plus maniables et transportables depuis le poste de travail des op\u00e9rateurs jusqu\u2019\u00e0 l\u2019aire d\u2019\u00e9vacuation des d\u00e9chets. Un p\u00e9rim\u00e8tre \u00e9conomique constant : la mise en m\u00e9lange des d\u00e9chets dans une benne en pied de chantier entra\u00eene souvent des co\u00fbts suppl\u00e9mentaires indirects de main d\u2019\u0153uvre pour l\u2019entreprise de travaux. L\u2019utilisation de contenants d\u00e9di\u00e9s de plus petite taille au plus pr\u00e8s du lieu de d\u00e9pose permet de limiter les manipulations.<\/p>\n<p><strong>La gestion des d\u00e9chets de chantier, une affaire de tous<\/strong><br \/>\nLa gestion des d\u00e9chets repose sur une responsabilit\u00e9 coll\u00e9giale : cela n\u00e9cessite que les acteurs se coordonnent. Dans les faits, la responsabilit\u00e9 de la gestion des d\u00e9chets p\u00e8se sur les entreprises de travaux alors que sur le plan juridique, il existe une notion de coresponsabilit\u00e9 qui commence d\u00e8s la ma\u00eetrise d\u2019ouvrage. La ma\u00eetrise d\u2019ouvrage est le 1er maillon de la cha\u00eene de responsabilit\u00e9 des d\u00e9chets : elle doit mettre en \u0153uvre, via la ma\u00eetrise d\u2019\u0153uvre, un r\u00e9el pilotage de la gestion des d\u00e9chets et exiger la tra\u00e7abilit\u00e9 des d\u00e9chets. Les entreprises de travaux doivent conna\u00eetre les fili\u00e8res de valorisation et les gestionnaires de d\u00e9chets doivent proposer des services adapt\u00e9s aux caract\u00e9ristiques de chaque chantier et aux objectifs de valorisation des d\u00e9chets.<\/p>\n","protected":false},"excerpt":{"rendered":"<p>La fili\u00e8re b\u00e2timent g\u00e9n\u00e8re environ 10 millions de tonnes de d\u00e9chets du second \u0153uvre chaque ann\u00e9e, ils sont recycl\u00e9s \u00e0 moins de 35 % en moyenne. Le projet D\u00c9MOCL\u00c8S d\u00e9montre que l\u2019on peut recycler jusqu\u2019\u00e0 80 % des d\u00e9chets du second \u0153uvre sans surco\u00fbt d\u00e8s lors que cette probl\u00e9matique devient l\u2019affaire de tous, depuis la [&hellip;]<\/p>\n","protected":false},"author":17,"featured_media":93806,"comment_status":"closed","ping_status":"closed","sticky":false,"template":"","format":"standard","meta":{"_et_pb_use_builder":"","_et_pb_old_content":"","_et_gb_content_width":"","footnotes":""},"categories":[10736,6345,6351],"tags":[1211,726],"class_list":["post-93805","post","type-post","status-publish","format-standard","has-post-thumbnail","hentry","category-a-la-une","category-economie-marches","category-energie-environnement","tag-dechets","tag-recyclage"],"yoast_head":"<!-- This site is optimized with the Yoast SEO plugin v27.4 - https:\/\/yoast.com\/product\/yoast-seo-wordpress\/ -->\n<title>Jusqu\u2019\u00e0 80 % des d\u00e9chets du second \u0153uvre recyclables sans surco\u00fbt<\/title>\n<meta name=\"robots\" content=\"index, follow, max-snippet:-1, max-image-preview:large, max-video-preview:-1\" \/>\n<link rel=\"canonical\" href=\"https:\/\/batijournal.com\/index.php\/jusqua-80-dechets-second-oeuvre-recyclables-surcout\/93805\/\" \/>\n<meta property=\"og:locale\" content=\"fr_FR\" \/>\n<meta property=\"og:type\" content=\"article\" \/>\n<meta property=\"og:title\" content=\"Jusqu\u2019\u00e0 80 % des d\u00e9chets du second \u0153uvre recyclables sans surco\u00fbt\" \/>\n<meta property=\"og:description\" content=\"La fili\u00e8re b\u00e2timent g\u00e9n\u00e8re environ 10 millions de tonnes de d\u00e9chets du second \u0153uvre chaque ann\u00e9e, ils sont recycl\u00e9s \u00e0 moins de 35 % en moyenne. Le projet D\u00c9MOCL\u00c8S d\u00e9montre que l\u2019on peut recycler jusqu\u2019\u00e0 80 % des d\u00e9chets du second \u0153uvre sans surco\u00fbt d\u00e8s lors que cette probl\u00e9matique devient l\u2019affaire de tous, depuis la [&hellip;]\" \/>\n<meta property=\"og:url\" content=\"https:\/\/batijournal.com\/index.php\/jusqua-80-dechets-second-oeuvre-recyclables-surcout\/93805\/\" \/>\n<meta property=\"og:site_name\" content=\"Batijournal\" \/>\n<meta property=\"article:published_time\" content=\"2016-09-30T06:55:21+00:00\" \/>\n<meta property=\"article:modified_time\" content=\"2019-07-15T10:03:59+00:00\" \/>\n<meta property=\"og:image\" content=\"https:\/\/batijournal.com\/wp-content\/uploads\/2016\/09\/dechets-batiment2.jpg\" \/>\n\t<meta property=\"og:image:width\" content=\"965\" \/>\n\t<meta property=\"og:image:height\" content=\"555\" \/>\n\t<meta property=\"og:image:type\" content=\"image\/jpeg\" \/>\n<meta name=\"author\" content=\"St\u00e9phane Miget\" \/>\n<meta name=\"twitter:card\" content=\"summary_large_image\" \/>\n<meta name=\"twitter:creator\" content=\"@bati_journal\" \/>\n<meta name=\"twitter:site\" content=\"@bati_journal\" \/>\n<meta name=\"twitter:label1\" content=\"\u00c9crit par\" \/>\n\t<meta name=\"twitter:data1\" content=\"St\u00e9phane Miget\" \/>\n\t<meta name=\"twitter:label2\" content=\"Dur\u00e9e de lecture estim\u00e9e\" \/>\n\t<meta name=\"twitter:data2\" content=\"2 minutes\" \/>\n<script type=\"application\/ld+json\" class=\"yoast-schema-graph\">{\"@context\":\"https:\\\/\\\/schema.org\",\"@graph\":[{\"@type\":\"Article\",\"@id\":\"https:\\\/\\\/batijournal.com\\\/index.php\\\/jusqua-80-dechets-second-oeuvre-recyclables-surcout\\\/93805\\\/#article\",\"isPartOf\":{\"@id\":\"https:\\\/\\\/batijournal.com\\\/index.php\\\/jusqua-80-dechets-second-oeuvre-recyclables-surcout\\\/93805\\\/\"},\"author\":{\"name\":\"St\u00e9phane Miget\",\"@id\":\"https:\\\/\\\/batijournal.com\\\/#\\\/schema\\\/person\\\/1dc96ec6957aa1ccb25ebe78bb19f100\"},\"headline\":\"Jusqu\u2019\u00e0 80 % des d\u00e9chets du second \u0153uvre recyclables sans surco\u00fbt\",\"datePublished\":\"2016-09-30T06:55:21+00:00\",\"dateModified\":\"2019-07-15T10:03:59+00:00\",\"mainEntityOfPage\":{\"@id\":\"https:\\\/\\\/batijournal.com\\\/index.php\\\/jusqua-80-dechets-second-oeuvre-recyclables-surcout\\\/93805\\\/\"},\"wordCount\":504,\"image\":{\"@id\":\"https:\\\/\\\/batijournal.com\\\/index.php\\\/jusqua-80-dechets-second-oeuvre-recyclables-surcout\\\/93805\\\/#primaryimage\"},\"thumbnailUrl\":\"https:\\\/\\\/batijournal.com\\\/wp-content\\\/uploads\\\/2016\\\/09\\\/dechets-batiment2.jpg\",\"keywords\":[\"d\u00e9chets\",\"recyclage\"],\"articleSection\":[\"A la Une\",\"\u00c9conomie &amp; March\u00e9s\",\"\u00c9nergie &amp; Environnement\"],\"inLanguage\":\"fr-FR\"},{\"@type\":\"WebPage\",\"@id\":\"https:\\\/\\\/batijournal.com\\\/index.php\\\/jusqua-80-dechets-second-oeuvre-recyclables-surcout\\\/93805\\\/\",\"url\":\"https:\\\/\\\/batijournal.com\\\/index.php\\\/jusqua-80-dechets-second-oeuvre-recyclables-surcout\\\/93805\\\/\",\"name\":\"Jusqu\u2019\u00e0 80 % des d\u00e9chets du second \u0153uvre recyclables sans surco\u00fbt\",\"isPartOf\":{\"@id\":\"https:\\\/\\\/batijournal.com\\\/#website\"},\"primaryImageOfPage\":{\"@id\":\"https:\\\/\\\/batijournal.com\\\/index.php\\\/jusqua-80-dechets-second-oeuvre-recyclables-surcout\\\/93805\\\/#primaryimage\"},\"image\":{\"@id\":\"https:\\\/\\\/batijournal.com\\\/index.php\\\/jusqua-80-dechets-second-oeuvre-recyclables-surcout\\\/93805\\\/#primaryimage\"},\"thumbnailUrl\":\"https:\\\/\\\/batijournal.com\\\/wp-content\\\/uploads\\\/2016\\\/09\\\/dechets-batiment2.jpg\",\"datePublished\":\"2016-09-30T06:55:21+00:00\",\"dateModified\":\"2019-07-15T10:03:59+00:00\",\"author\":{\"@id\":\"https:\\\/\\\/batijournal.com\\\/#\\\/schema\\\/person\\\/1dc96ec6957aa1ccb25ebe78bb19f100\"},\"breadcrumb\":{\"@id\":\"https:\\\/\\\/batijournal.com\\\/index.php\\\/jusqua-80-dechets-second-oeuvre-recyclables-surcout\\\/93805\\\/#breadcrumb\"},\"inLanguage\":\"fr-FR\",\"potentialAction\":[{\"@type\":\"ReadAction\",\"target\":[\"https:\\\/\\\/batijournal.com\\\/index.php\\\/jusqua-80-dechets-second-oeuvre-recyclables-surcout\\\/93805\\\/\"]}]},{\"@type\":\"ImageObject\",\"inLanguage\":\"fr-FR\",\"@id\":\"https:\\\/\\\/batijournal.com\\\/index.php\\\/jusqua-80-dechets-second-oeuvre-recyclables-surcout\\\/93805\\\/#primaryimage\",\"url\":\"https:\\\/\\\/batijournal.com\\\/wp-content\\\/uploads\\\/2016\\\/09\\\/dechets-batiment2.jpg\",\"contentUrl\":\"https:\\\/\\\/batijournal.com\\\/wp-content\\\/uploads\\\/2016\\\/09\\\/dechets-batiment2.jpg\",\"width\":965,\"height\":555},{\"@type\":\"BreadcrumbList\",\"@id\":\"https:\\\/\\\/batijournal.com\\\/index.php\\\/jusqua-80-dechets-second-oeuvre-recyclables-surcout\\\/93805\\\/#breadcrumb\",\"itemListElement\":[{\"@type\":\"ListItem\",\"position\":1,\"name\":\"Accueil\",\"item\":\"https:\\\/\\\/batijournal.com\\\/\"},{\"@type\":\"ListItem\",\"position\":2,\"name\":\"Actualit\u00e9s\",\"item\":\"https:\\\/\\\/batijournal.com\\\/index.php\\\/category\\\/actualites\\\/\"},{\"@type\":\"ListItem\",\"position\":3,\"name\":\"\u00c9conomie &amp; March\u00e9s\",\"item\":\"https:\\\/\\\/batijournal.com\\\/index.php\\\/category\\\/actualites\\\/economie-marches\\\/\"},{\"@type\":\"ListItem\",\"position\":4,\"name\":\"Jusqu\u2019\u00e0 80 % des d\u00e9chets du second \u0153uvre recyclables sans surco\u00fbt\"}]},{\"@type\":\"WebSite\",\"@id\":\"https:\\\/\\\/batijournal.com\\\/#website\",\"url\":\"https:\\\/\\\/batijournal.com\\\/\",\"name\":\"Batijournal\",\"description\":\"L&#039;actualit\u00e9 du b\u00e2timent\",\"potentialAction\":[{\"@type\":\"SearchAction\",\"target\":{\"@type\":\"EntryPoint\",\"urlTemplate\":\"https:\\\/\\\/batijournal.com\\\/?s={search_term_string}\"},\"query-input\":{\"@type\":\"PropertyValueSpecification\",\"valueRequired\":true,\"valueName\":\"search_term_string\"}}],\"inLanguage\":\"fr-FR\"},{\"@type\":\"Person\",\"@id\":\"https:\\\/\\\/batijournal.com\\\/#\\\/schema\\\/person\\\/1dc96ec6957aa1ccb25ebe78bb19f100\",\"name\":\"St\u00e9phane Miget\",\"image\":{\"@type\":\"ImageObject\",\"inLanguage\":\"fr-FR\",\"@id\":\"https:\\\/\\\/secure.gravatar.com\\\/avatar\\\/89915563d925342126b8ef0281b93d9d7fc337043e8df017f780908eb9644451?s=96&d=mm&r=g\",\"url\":\"https:\\\/\\\/secure.gravatar.com\\\/avatar\\\/89915563d925342126b8ef0281b93d9d7fc337043e8df017f780908eb9644451?s=96&d=mm&r=g\",\"contentUrl\":\"https:\\\/\\\/secure.gravatar.com\\\/avatar\\\/89915563d925342126b8ef0281b93d9d7fc337043e8df017f780908eb9644451?s=96&d=mm&r=g\",\"caption\":\"St\u00e9phane Miget\"},\"url\":\"https:\\\/\\\/batijournal.com\\\/index.php\\\/author\\\/stephane\\\/\"}]}<\/script>\n<!-- \/ Yoast SEO plugin. -->","yoast_head_json":{"title":"Jusqu\u2019\u00e0 80 % des d\u00e9chets du second \u0153uvre recyclables sans surco\u00fbt","robots":{"index":"index","follow":"follow","max-snippet":"max-snippet:-1","max-image-preview":"max-image-preview:large","max-video-preview":"max-video-preview:-1"},"canonical":"https:\/\/batijournal.com\/index.php\/jusqua-80-dechets-second-oeuvre-recyclables-surcout\/93805\/","og_locale":"fr_FR","og_type":"article","og_title":"Jusqu\u2019\u00e0 80 % des d\u00e9chets du second \u0153uvre recyclables sans surco\u00fbt","og_description":"La fili\u00e8re b\u00e2timent g\u00e9n\u00e8re environ 10 millions de tonnes de d\u00e9chets du second \u0153uvre chaque ann\u00e9e, ils sont recycl\u00e9s \u00e0 moins de 35 % en moyenne. Le projet D\u00c9MOCL\u00c8S d\u00e9montre que l\u2019on peut recycler jusqu\u2019\u00e0 80 % des d\u00e9chets du second \u0153uvre sans surco\u00fbt d\u00e8s lors que cette probl\u00e9matique devient l\u2019affaire de tous, depuis la [&hellip;]","og_url":"https:\/\/batijournal.com\/index.php\/jusqua-80-dechets-second-oeuvre-recyclables-surcout\/93805\/","og_site_name":"Batijournal","article_published_time":"2016-09-30T06:55:21+00:00","article_modified_time":"2019-07-15T10:03:59+00:00","og_image":[{"width":965,"height":555,"url":"https:\/\/batijournal.com\/wp-content\/uploads\/2016\/09\/dechets-batiment2.jpg","type":"image\/jpeg"}],"author":"St\u00e9phane Miget","twitter_card":"summary_large_image","twitter_creator":"@bati_journal","twitter_site":"@bati_journal","twitter_misc":{"\u00c9crit par":"St\u00e9phane Miget","Dur\u00e9e de lecture estim\u00e9e":"2 minutes"},"schema":{"@context":"https:\/\/schema.org","@graph":[{"@type":"Article","@id":"https:\/\/batijournal.com\/index.php\/jusqua-80-dechets-second-oeuvre-recyclables-surcout\/93805\/#article","isPartOf":{"@id":"https:\/\/batijournal.com\/index.php\/jusqua-80-dechets-second-oeuvre-recyclables-surcout\/93805\/"},"author":{"name":"St\u00e9phane Miget","@id":"https:\/\/batijournal.com\/#\/schema\/person\/1dc96ec6957aa1ccb25ebe78bb19f100"},"headline":"Jusqu\u2019\u00e0 80 % des d\u00e9chets du second \u0153uvre recyclables sans surco\u00fbt","datePublished":"2016-09-30T06:55:21+00:00","dateModified":"2019-07-15T10:03:59+00:00","mainEntityOfPage":{"@id":"https:\/\/batijournal.com\/index.php\/jusqua-80-dechets-second-oeuvre-recyclables-surcout\/93805\/"},"wordCount":504,"image":{"@id":"https:\/\/batijournal.com\/index.php\/jusqua-80-dechets-second-oeuvre-recyclables-surcout\/93805\/#primaryimage"},"thumbnailUrl":"https:\/\/batijournal.com\/wp-content\/uploads\/2016\/09\/dechets-batiment2.jpg","keywords":["d\u00e9chets","recyclage"],"articleSection":["A la Une","\u00c9conomie &amp; March\u00e9s","\u00c9nergie &amp; Environnement"],"inLanguage":"fr-FR"},{"@type":"WebPage","@id":"https:\/\/batijournal.com\/index.php\/jusqua-80-dechets-second-oeuvre-recyclables-surcout\/93805\/","url":"https:\/\/batijournal.com\/index.php\/jusqua-80-dechets-second-oeuvre-recyclables-surcout\/93805\/","name":"Jusqu\u2019\u00e0 80 % des d\u00e9chets du second \u0153uvre recyclables sans surco\u00fbt","isPartOf":{"@id":"https:\/\/batijournal.com\/#website"},"primaryImageOfPage":{"@id":"https:\/\/batijournal.com\/index.php\/jusqua-80-dechets-second-oeuvre-recyclables-surcout\/93805\/#primaryimage"},"image":{"@id":"https:\/\/batijournal.com\/index.php\/jusqua-80-dechets-second-oeuvre-recyclables-surcout\/93805\/#primaryimage"},"thumbnailUrl":"https:\/\/batijournal.com\/wp-content\/uploads\/2016\/09\/dechets-batiment2.jpg","datePublished":"2016-09-30T06:55:21+00:00","dateModified":"2019-07-15T10:03:59+00:00","author":{"@id":"https:\/\/batijournal.com\/#\/schema\/person\/1dc96ec6957aa1ccb25ebe78bb19f100"},"breadcrumb":{"@id":"https:\/\/batijournal.com\/index.php\/jusqua-80-dechets-second-oeuvre-recyclables-surcout\/93805\/#breadcrumb"},"inLanguage":"fr-FR","potentialAction":[{"@type":"ReadAction","target":["https:\/\/batijournal.com\/index.php\/jusqua-80-dechets-second-oeuvre-recyclables-surcout\/93805\/"]}]},{"@type":"ImageObject","inLanguage":"fr-FR","@id":"https:\/\/batijournal.com\/index.php\/jusqua-80-dechets-second-oeuvre-recyclables-surcout\/93805\/#primaryimage","url":"https:\/\/batijournal.com\/wp-content\/uploads\/2016\/09\/dechets-batiment2.jpg","contentUrl":"https:\/\/batijournal.com\/wp-content\/uploads\/2016\/09\/dechets-batiment2.jpg","width":965,"height":555},{"@type":"BreadcrumbList","@id":"https:\/\/batijournal.com\/index.php\/jusqua-80-dechets-second-oeuvre-recyclables-surcout\/93805\/#breadcrumb","itemListElement":[{"@type":"ListItem","position":1,"name":"Accueil","item":"https:\/\/batijournal.com\/"},{"@type":"ListItem","position":2,"name":"Actualit\u00e9s","item":"https:\/\/batijournal.com\/index.php\/category\/actualites\/"},{"@type":"ListItem","position":3,"name":"\u00c9conomie &amp; March\u00e9s","item":"https:\/\/batijournal.com\/index.php\/category\/actualites\/economie-marches\/"},{"@type":"ListItem","position":4,"name":"Jusqu\u2019\u00e0 80 % des d\u00e9chets du second \u0153uvre recyclables sans surco\u00fbt"}]},{"@type":"WebSite","@id":"https:\/\/batijournal.com\/#website","url":"https:\/\/batijournal.com\/","name":"Batijournal","description":"L&#039;actualit\u00e9 du b\u00e2timent","potentialAction":[{"@type":"SearchAction","target":{"@type":"EntryPoint","urlTemplate":"https:\/\/batijournal.com\/?s={search_term_string}"},"query-input":{"@type":"PropertyValueSpecification","valueRequired":true,"valueName":"search_term_string"}}],"inLanguage":"fr-FR"},{"@type":"Person","@id":"https:\/\/batijournal.com\/#\/schema\/person\/1dc96ec6957aa1ccb25ebe78bb19f100","name":"St\u00e9phane Miget","image":{"@type":"ImageObject","inLanguage":"fr-FR","@id":"https:\/\/secure.gravatar.com\/avatar\/89915563d925342126b8ef0281b93d9d7fc337043e8df017f780908eb9644451?s=96&d=mm&r=g","url":"https:\/\/secure.gravatar.com\/avatar\/89915563d925342126b8ef0281b93d9d7fc337043e8df017f780908eb9644451?s=96&d=mm&r=g","contentUrl":"https:\/\/secure.gravatar.com\/avatar\/89915563d925342126b8ef0281b93d9d7fc337043e8df017f780908eb9644451?s=96&d=mm&r=g","caption":"St\u00e9phane Miget"},"url":"https:\/\/batijournal.com\/index.php\/author\/stephane\/"}]}},"_links":{"self":[{"href":"https:\/\/batijournal.com\/index.php\/wp-json\/wp\/v2\/posts\/93805","targetHints":{"allow":["GET"]}}],"collection":[{"href":"https:\/\/batijournal.com\/index.php\/wp-json\/wp\/v2\/posts"}],"about":[{"href":"https:\/\/batijournal.com\/index.php\/wp-json\/wp\/v2\/types\/post"}],"author":[{"embeddable":true,"href":"https:\/\/batijournal.com\/index.php\/wp-json\/wp\/v2\/users\/17"}],"replies":[{"embeddable":true,"href":"https:\/\/batijournal.com\/index.php\/wp-json\/wp\/v2\/comments?post=93805"}],"version-history":[{"count":0,"href":"https:\/\/batijournal.com\/index.php\/wp-json\/wp\/v2\/posts\/93805\/revisions"}],"wp:featuredmedia":[{"embeddable":true,"href":"https:\/\/batijournal.com\/index.php\/wp-json\/wp\/v2\/media\/93806"}],"wp:attachment":[{"href":"https:\/\/batijournal.com\/index.php\/wp-json\/wp\/v2\/media?parent=93805"}],"wp:term":[{"taxonomy":"category","embeddable":true,"href":"https:\/\/batijournal.com\/index.php\/wp-json\/wp\/v2\/categories?post=93805"},{"taxonomy":"post_tag","embeddable":true,"href":"https:\/\/batijournal.com\/index.php\/wp-json\/wp\/v2\/tags?post=93805"}],"curies":[{"name":"wp","href":"https:\/\/api.w.org\/{rel}","templated":true}]}}