{"id":93807,"date":"2016-09-30T09:08:15","date_gmt":"2016-09-30T07:08:15","guid":{"rendered":"http:\/\/batijournal.com\/?p=93807"},"modified":"2019-07-15T12:11:03","modified_gmt":"2019-07-15T10:11:03","slug":"hlm-lautonomie-energetique-principales-preoccupations","status":"publish","type":"post","link":"https:\/\/batijournal.com\/index.php\/hlm-lautonomie-energetique-principales-preoccupations\/93807\/","title":{"rendered":"Hlm : l&rsquo;autonomie \u00e9nerg\u00e9tique, une des principales pr\u00e9occupations"},"content":{"rendered":"<p><strong>Construire \u00ab\u00a0l&rsquo;autonomie \u00e9nerg\u00e9tique\u00a0\u00bb du patrimoine Hlm est l&rsquo;une des grandes pistes d&rsquo;innovation pour adapter le parc Hlm aux attentes de la soci\u00e9t\u00e9 fran\u00e7aise. Il fait partie des 45 propositions adopt\u00e9es le jeudi 29 septembre 2016 par les participants au congr\u00e8s HLM 2016.<\/strong><\/p>\n<p>Les travaux de r\u00e9habilitation et d\u2019am\u00e9lioration du parc locatif Hlm sont \u00e9lev\u00e9s et en constante augmentation. Ainsi, en 2006, les organismes Hlm y consacraient 1,8 milliard d\u2019euros sur les 10,1 milliards d\u2019investissement au total. En 2013, avec 3,8 milliards d\u2019euros d\u00e9sormais affect\u00e9s \u00e0 la r\u00e9novation sur 17 milliards d\u2019investissement, le Mouvement Hlm consacre plus de 22 % de son effort financier au profit du parc existant. En termes de performance \u00e9nerg\u00e9tique, les travaux permettent de r\u00e9duire le parc le plus \u00e9nergivore en faisant gagner aux logements au moins trois cat\u00e9gories selon la grille de r\u00e9f\u00e9rence. Concr\u00e8tement, cela signifie la disparition apr\u00e8s travaux des logements class\u00e9s E, F et G. Plus du tiers du parc social se situe d\u00e9j\u00e0 en cat\u00e9gorie A, B ou C, contre seulement 14 % du parc total fran\u00e7ais en 2013. Au travers d\u2019ACTE Hlm 2016-2020 (\u00ab agir pour le climat et la transition \u00e9nerg\u00e9tique \u00bb), le Mouvement Hlm a \u00e9labor\u00e9 une trentaine de propositions engageantes, rendues publiques \u00e0 l\u2019occasion du Congr\u00e8s de Montpellier, en septembre 2015. avec 11 millions de locataires et 80 000 salari\u00e9s, le Mouvement Hlm a la capacit\u00e9 d\u2019impulser une \u00e9volution des pratiques \u00e0 grande \u00e9chelle. Beaucoup d\u2019initiatives sont aujourd\u2019hui prises par les organismes Hlm pour diffuser aupr\u00e8s des habitants et de leurs salari\u00e9s cette \u00e9volution n\u00e9cessaire de nos pratiques collectives.<\/p>\n","protected":false},"excerpt":{"rendered":"<p>Construire \u00ab\u00a0l&rsquo;autonomie \u00e9nerg\u00e9tique\u00a0\u00bb du patrimoine Hlm est l&rsquo;une des grandes pistes d&rsquo;innovation pour adapter le parc Hlm aux attentes de la soci\u00e9t\u00e9 fran\u00e7aise. Il fait partie des 45 propositions adopt\u00e9es le jeudi 29 septembre 2016 par les participants au congr\u00e8s HLM 2016. Les travaux de r\u00e9habilitation et d\u2019am\u00e9lioration du parc locatif Hlm sont \u00e9lev\u00e9s et [&hellip;]<\/p>\n","protected":false},"author":17,"featured_media":87954,"comment_status":"closed","ping_status":"closed","sticky":false,"template":"","format":"standard","meta":{"_et_pb_use_builder":"","_et_pb_old_content":"","_et_gb_content_width":"","footnotes":""},"categories":[6340],"tags":[1290,1601],"class_list":["post-93807","post","type-post","status-publish","format-standard","has-post-thumbnail","hentry","category-architecture-conception","tag-hlm","tag-logement-social"],"yoast_head":"<!-- This site is optimized with the Yoast SEO plugin v27.4 - https:\/\/yoast.com\/product\/yoast-seo-wordpress\/ -->\n<title>Hlm : l&#039;autonomie \u00e9nerg\u00e9tique, une des principales pr\u00e9occupations<\/title>\n<meta name=\"robots\" content=\"index, follow, max-snippet:-1, max-image-preview:large, max-video-preview:-1\" \/>\n<link rel=\"canonical\" href=\"https:\/\/batijournal.com\/index.php\/hlm-lautonomie-energetique-principales-preoccupations\/93807\/\" \/>\n<meta property=\"og:locale\" content=\"fr_FR\" \/>\n<meta property=\"og:type\" content=\"article\" \/>\n<meta property=\"og:title\" content=\"Hlm : l&#039;autonomie \u00e9nerg\u00e9tique, une des principales pr\u00e9occupations\" \/>\n<meta property=\"og:description\" content=\"Construire \u00ab\u00a0l&rsquo;autonomie \u00e9nerg\u00e9tique\u00a0\u00bb du patrimoine Hlm est l&rsquo;une des grandes pistes d&rsquo;innovation pour adapter le parc Hlm aux attentes de la soci\u00e9t\u00e9 fran\u00e7aise. Il fait partie des 45 propositions adopt\u00e9es le jeudi 29 septembre 2016 par les participants au congr\u00e8s HLM 2016. Les travaux de r\u00e9habilitation et d\u2019am\u00e9lioration du parc locatif Hlm sont \u00e9lev\u00e9s et [&hellip;]\" \/>\n<meta property=\"og:url\" content=\"https:\/\/batijournal.com\/index.php\/hlm-lautonomie-energetique-principales-preoccupations\/93807\/\" \/>\n<meta property=\"og:site_name\" content=\"Batijournal\" \/>\n<meta property=\"article:published_time\" content=\"2016-09-30T07:08:15+00:00\" \/>\n<meta property=\"article:modified_time\" content=\"2019-07-15T10:11:03+00:00\" \/>\n<meta property=\"og:image\" content=\"https:\/\/batijournal.com\/wp-content\/uploads\/2015\/06\/mouvement-hlm.jpg\" \/>\n\t<meta property=\"og:image:width\" content=\"1000\" \/>\n\t<meta property=\"og:image:height\" content=\"593\" \/>\n\t<meta property=\"og:image:type\" content=\"image\/jpeg\" \/>\n<meta name=\"author\" content=\"St\u00e9phane Miget\" \/>\n<meta name=\"twitter:card\" content=\"summary_large_image\" \/>\n<meta name=\"twitter:creator\" content=\"@bati_journal\" \/>\n<meta name=\"twitter:site\" content=\"@bati_journal\" \/>\n<meta name=\"twitter:label1\" content=\"\u00c9crit par\" \/>\n\t<meta name=\"twitter:data1\" content=\"St\u00e9phane Miget\" \/>\n\t<meta name=\"twitter:label2\" content=\"Dur\u00e9e de lecture estim\u00e9e\" \/>\n\t<meta name=\"twitter:data2\" content=\"1 minute\" \/>\n<script type=\"application\/ld+json\" class=\"yoast-schema-graph\">{\"@context\":\"https:\\\/\\\/schema.org\",\"@graph\":[{\"@type\":\"Article\",\"@id\":\"https:\\\/\\\/batijournal.com\\\/index.php\\\/hlm-lautonomie-energetique-principales-preoccupations\\\/93807\\\/#article\",\"isPartOf\":{\"@id\":\"https:\\\/\\\/batijournal.com\\\/index.php\\\/hlm-lautonomie-energetique-principales-preoccupations\\\/93807\\\/\"},\"author\":{\"name\":\"St\u00e9phane Miget\",\"@id\":\"https:\\\/\\\/batijournal.com\\\/#\\\/schema\\\/person\\\/1dc96ec6957aa1ccb25ebe78bb19f100\"},\"headline\":\"Hlm : l&rsquo;autonomie \u00e9nerg\u00e9tique, une des principales pr\u00e9occupations\",\"datePublished\":\"2016-09-30T07:08:15+00:00\",\"dateModified\":\"2019-07-15T10:11:03+00:00\",\"mainEntityOfPage\":{\"@id\":\"https:\\\/\\\/batijournal.com\\\/index.php\\\/hlm-lautonomie-energetique-principales-preoccupations\\\/93807\\\/\"},\"wordCount\":287,\"image\":{\"@id\":\"https:\\\/\\\/batijournal.com\\\/index.php\\\/hlm-lautonomie-energetique-principales-preoccupations\\\/93807\\\/#primaryimage\"},\"thumbnailUrl\":\"https:\\\/\\\/batijournal.com\\\/wp-content\\\/uploads\\\/2015\\\/06\\\/mouvement-hlm.jpg\",\"keywords\":[\"HLM\",\"logement social\"],\"articleSection\":[\"Architecture &amp; Conception\"],\"inLanguage\":\"fr-FR\"},{\"@type\":\"WebPage\",\"@id\":\"https:\\\/\\\/batijournal.com\\\/index.php\\\/hlm-lautonomie-energetique-principales-preoccupations\\\/93807\\\/\",\"url\":\"https:\\\/\\\/batijournal.com\\\/index.php\\\/hlm-lautonomie-energetique-principales-preoccupations\\\/93807\\\/\",\"name\":\"Hlm : l'autonomie \u00e9nerg\u00e9tique, une des principales pr\u00e9occupations\",\"isPartOf\":{\"@id\":\"https:\\\/\\\/batijournal.com\\\/#website\"},\"primaryImageOfPage\":{\"@id\":\"https:\\\/\\\/batijournal.com\\\/index.php\\\/hlm-lautonomie-energetique-principales-preoccupations\\\/93807\\\/#primaryimage\"},\"image\":{\"@id\":\"https:\\\/\\\/batijournal.com\\\/index.php\\\/hlm-lautonomie-energetique-principales-preoccupations\\\/93807\\\/#primaryimage\"},\"thumbnailUrl\":\"https:\\\/\\\/batijournal.com\\\/wp-content\\\/uploads\\\/2015\\\/06\\\/mouvement-hlm.jpg\",\"datePublished\":\"2016-09-30T07:08:15+00:00\",\"dateModified\":\"2019-07-15T10:11:03+00:00\",\"author\":{\"@id\":\"https:\\\/\\\/batijournal.com\\\/#\\\/schema\\\/person\\\/1dc96ec6957aa1ccb25ebe78bb19f100\"},\"breadcrumb\":{\"@id\":\"https:\\\/\\\/batijournal.com\\\/index.php\\\/hlm-lautonomie-energetique-principales-preoccupations\\\/93807\\\/#breadcrumb\"},\"inLanguage\":\"fr-FR\",\"potentialAction\":[{\"@type\":\"ReadAction\",\"target\":[\"https:\\\/\\\/batijournal.com\\\/index.php\\\/hlm-lautonomie-energetique-principales-preoccupations\\\/93807\\\/\"]}]},{\"@type\":\"ImageObject\",\"inLanguage\":\"fr-FR\",\"@id\":\"https:\\\/\\\/batijournal.com\\\/index.php\\\/hlm-lautonomie-energetique-principales-preoccupations\\\/93807\\\/#primaryimage\",\"url\":\"https:\\\/\\\/batijournal.com\\\/wp-content\\\/uploads\\\/2015\\\/06\\\/mouvement-hlm.jpg\",\"contentUrl\":\"https:\\\/\\\/batijournal.com\\\/wp-content\\\/uploads\\\/2015\\\/06\\\/mouvement-hlm.jpg\",\"width\":1000,\"height\":593,\"caption\":\"Offices Publics de l Habitat\"},{\"@type\":\"BreadcrumbList\",\"@id\":\"https:\\\/\\\/batijournal.com\\\/index.php\\\/hlm-lautonomie-energetique-principales-preoccupations\\\/93807\\\/#breadcrumb\",\"itemListElement\":[{\"@type\":\"ListItem\",\"position\":1,\"name\":\"Accueil\",\"item\":\"https:\\\/\\\/batijournal.com\\\/\"},{\"@type\":\"ListItem\",\"position\":2,\"name\":\"Actualit\u00e9s\",\"item\":\"https:\\\/\\\/batijournal.com\\\/index.php\\\/category\\\/actualites\\\/\"},{\"@type\":\"ListItem\",\"position\":3,\"name\":\"Architecture &amp; Conception\",\"item\":\"https:\\\/\\\/batijournal.com\\\/index.php\\\/category\\\/actualites\\\/architecture-conception\\\/\"},{\"@type\":\"ListItem\",\"position\":4,\"name\":\"Hlm : l&rsquo;autonomie \u00e9nerg\u00e9tique, une des principales pr\u00e9occupations\"}]},{\"@type\":\"WebSite\",\"@id\":\"https:\\\/\\\/batijournal.com\\\/#website\",\"url\":\"https:\\\/\\\/batijournal.com\\\/\",\"name\":\"Batijournal\",\"description\":\"L&#039;actualit\u00e9 du b\u00e2timent\",\"potentialAction\":[{\"@type\":\"SearchAction\",\"target\":{\"@type\":\"EntryPoint\",\"urlTemplate\":\"https:\\\/\\\/batijournal.com\\\/?s={search_term_string}\"},\"query-input\":{\"@type\":\"PropertyValueSpecification\",\"valueRequired\":true,\"valueName\":\"search_term_string\"}}],\"inLanguage\":\"fr-FR\"},{\"@type\":\"Person\",\"@id\":\"https:\\\/\\\/batijournal.com\\\/#\\\/schema\\\/person\\\/1dc96ec6957aa1ccb25ebe78bb19f100\",\"name\":\"St\u00e9phane Miget\",\"image\":{\"@type\":\"ImageObject\",\"inLanguage\":\"fr-FR\",\"@id\":\"https:\\\/\\\/secure.gravatar.com\\\/avatar\\\/89915563d925342126b8ef0281b93d9d7fc337043e8df017f780908eb9644451?s=96&d=mm&r=g\",\"url\":\"https:\\\/\\\/secure.gravatar.com\\\/avatar\\\/89915563d925342126b8ef0281b93d9d7fc337043e8df017f780908eb9644451?s=96&d=mm&r=g\",\"contentUrl\":\"https:\\\/\\\/secure.gravatar.com\\\/avatar\\\/89915563d925342126b8ef0281b93d9d7fc337043e8df017f780908eb9644451?s=96&d=mm&r=g\",\"caption\":\"St\u00e9phane Miget\"},\"url\":\"https:\\\/\\\/batijournal.com\\\/index.php\\\/author\\\/stephane\\\/\"}]}<\/script>\n<!-- \/ Yoast SEO plugin. -->","yoast_head_json":{"title":"Hlm : l'autonomie \u00e9nerg\u00e9tique, une des principales pr\u00e9occupations","robots":{"index":"index","follow":"follow","max-snippet":"max-snippet:-1","max-image-preview":"max-image-preview:large","max-video-preview":"max-video-preview:-1"},"canonical":"https:\/\/batijournal.com\/index.php\/hlm-lautonomie-energetique-principales-preoccupations\/93807\/","og_locale":"fr_FR","og_type":"article","og_title":"Hlm : l'autonomie \u00e9nerg\u00e9tique, une des principales pr\u00e9occupations","og_description":"Construire \u00ab\u00a0l&rsquo;autonomie \u00e9nerg\u00e9tique\u00a0\u00bb du patrimoine Hlm est l&rsquo;une des grandes pistes d&rsquo;innovation pour adapter le parc Hlm aux attentes de la soci\u00e9t\u00e9 fran\u00e7aise. Il fait partie des 45 propositions adopt\u00e9es le jeudi 29 septembre 2016 par les participants au congr\u00e8s HLM 2016. Les travaux de r\u00e9habilitation et d\u2019am\u00e9lioration du parc locatif Hlm sont \u00e9lev\u00e9s et [&hellip;]","og_url":"https:\/\/batijournal.com\/index.php\/hlm-lautonomie-energetique-principales-preoccupations\/93807\/","og_site_name":"Batijournal","article_published_time":"2016-09-30T07:08:15+00:00","article_modified_time":"2019-07-15T10:11:03+00:00","og_image":[{"width":1000,"height":593,"url":"https:\/\/batijournal.com\/wp-content\/uploads\/2015\/06\/mouvement-hlm.jpg","type":"image\/jpeg"}],"author":"St\u00e9phane Miget","twitter_card":"summary_large_image","twitter_creator":"@bati_journal","twitter_site":"@bati_journal","twitter_misc":{"\u00c9crit par":"St\u00e9phane Miget","Dur\u00e9e de lecture estim\u00e9e":"1 minute"},"schema":{"@context":"https:\/\/schema.org","@graph":[{"@type":"Article","@id":"https:\/\/batijournal.com\/index.php\/hlm-lautonomie-energetique-principales-preoccupations\/93807\/#article","isPartOf":{"@id":"https:\/\/batijournal.com\/index.php\/hlm-lautonomie-energetique-principales-preoccupations\/93807\/"},"author":{"name":"St\u00e9phane Miget","@id":"https:\/\/batijournal.com\/#\/schema\/person\/1dc96ec6957aa1ccb25ebe78bb19f100"},"headline":"Hlm : l&rsquo;autonomie \u00e9nerg\u00e9tique, une des principales pr\u00e9occupations","datePublished":"2016-09-30T07:08:15+00:00","dateModified":"2019-07-15T10:11:03+00:00","mainEntityOfPage":{"@id":"https:\/\/batijournal.com\/index.php\/hlm-lautonomie-energetique-principales-preoccupations\/93807\/"},"wordCount":287,"image":{"@id":"https:\/\/batijournal.com\/index.php\/hlm-lautonomie-energetique-principales-preoccupations\/93807\/#primaryimage"},"thumbnailUrl":"https:\/\/batijournal.com\/wp-content\/uploads\/2015\/06\/mouvement-hlm.jpg","keywords":["HLM","logement social"],"articleSection":["Architecture &amp; Conception"],"inLanguage":"fr-FR"},{"@type":"WebPage","@id":"https:\/\/batijournal.com\/index.php\/hlm-lautonomie-energetique-principales-preoccupations\/93807\/","url":"https:\/\/batijournal.com\/index.php\/hlm-lautonomie-energetique-principales-preoccupations\/93807\/","name":"Hlm : l'autonomie \u00e9nerg\u00e9tique, une des principales pr\u00e9occupations","isPartOf":{"@id":"https:\/\/batijournal.com\/#website"},"primaryImageOfPage":{"@id":"https:\/\/batijournal.com\/index.php\/hlm-lautonomie-energetique-principales-preoccupations\/93807\/#primaryimage"},"image":{"@id":"https:\/\/batijournal.com\/index.php\/hlm-lautonomie-energetique-principales-preoccupations\/93807\/#primaryimage"},"thumbnailUrl":"https:\/\/batijournal.com\/wp-content\/uploads\/2015\/06\/mouvement-hlm.jpg","datePublished":"2016-09-30T07:08:15+00:00","dateModified":"2019-07-15T10:11:03+00:00","author":{"@id":"https:\/\/batijournal.com\/#\/schema\/person\/1dc96ec6957aa1ccb25ebe78bb19f100"},"breadcrumb":{"@id":"https:\/\/batijournal.com\/index.php\/hlm-lautonomie-energetique-principales-preoccupations\/93807\/#breadcrumb"},"inLanguage":"fr-FR","potentialAction":[{"@type":"ReadAction","target":["https:\/\/batijournal.com\/index.php\/hlm-lautonomie-energetique-principales-preoccupations\/93807\/"]}]},{"@type":"ImageObject","inLanguage":"fr-FR","@id":"https:\/\/batijournal.com\/index.php\/hlm-lautonomie-energetique-principales-preoccupations\/93807\/#primaryimage","url":"https:\/\/batijournal.com\/wp-content\/uploads\/2015\/06\/mouvement-hlm.jpg","contentUrl":"https:\/\/batijournal.com\/wp-content\/uploads\/2015\/06\/mouvement-hlm.jpg","width":1000,"height":593,"caption":"Offices Publics de l Habitat"},{"@type":"BreadcrumbList","@id":"https:\/\/batijournal.com\/index.php\/hlm-lautonomie-energetique-principales-preoccupations\/93807\/#breadcrumb","itemListElement":[{"@type":"ListItem","position":1,"name":"Accueil","item":"https:\/\/batijournal.com\/"},{"@type":"ListItem","position":2,"name":"Actualit\u00e9s","item":"https:\/\/batijournal.com\/index.php\/category\/actualites\/"},{"@type":"ListItem","position":3,"name":"Architecture &amp; Conception","item":"https:\/\/batijournal.com\/index.php\/category\/actualites\/architecture-conception\/"},{"@type":"ListItem","position":4,"name":"Hlm : l&rsquo;autonomie \u00e9nerg\u00e9tique, une des principales pr\u00e9occupations"}]},{"@type":"WebSite","@id":"https:\/\/batijournal.com\/#website","url":"https:\/\/batijournal.com\/","name":"Batijournal","description":"L&#039;actualit\u00e9 du b\u00e2timent","potentialAction":[{"@type":"SearchAction","target":{"@type":"EntryPoint","urlTemplate":"https:\/\/batijournal.com\/?s={search_term_string}"},"query-input":{"@type":"PropertyValueSpecification","valueRequired":true,"valueName":"search_term_string"}}],"inLanguage":"fr-FR"},{"@type":"Person","@id":"https:\/\/batijournal.com\/#\/schema\/person\/1dc96ec6957aa1ccb25ebe78bb19f100","name":"St\u00e9phane Miget","image":{"@type":"ImageObject","inLanguage":"fr-FR","@id":"https:\/\/secure.gravatar.com\/avatar\/89915563d925342126b8ef0281b93d9d7fc337043e8df017f780908eb9644451?s=96&d=mm&r=g","url":"https:\/\/secure.gravatar.com\/avatar\/89915563d925342126b8ef0281b93d9d7fc337043e8df017f780908eb9644451?s=96&d=mm&r=g","contentUrl":"https:\/\/secure.gravatar.com\/avatar\/89915563d925342126b8ef0281b93d9d7fc337043e8df017f780908eb9644451?s=96&d=mm&r=g","caption":"St\u00e9phane Miget"},"url":"https:\/\/batijournal.com\/index.php\/author\/stephane\/"}]}},"_links":{"self":[{"href":"https:\/\/batijournal.com\/index.php\/wp-json\/wp\/v2\/posts\/93807","targetHints":{"allow":["GET"]}}],"collection":[{"href":"https:\/\/batijournal.com\/index.php\/wp-json\/wp\/v2\/posts"}],"about":[{"href":"https:\/\/batijournal.com\/index.php\/wp-json\/wp\/v2\/types\/post"}],"author":[{"embeddable":true,"href":"https:\/\/batijournal.com\/index.php\/wp-json\/wp\/v2\/users\/17"}],"replies":[{"embeddable":true,"href":"https:\/\/batijournal.com\/index.php\/wp-json\/wp\/v2\/comments?post=93807"}],"version-history":[{"count":0,"href":"https:\/\/batijournal.com\/index.php\/wp-json\/wp\/v2\/posts\/93807\/revisions"}],"wp:featuredmedia":[{"embeddable":true,"href":"https:\/\/batijournal.com\/index.php\/wp-json\/wp\/v2\/media\/87954"}],"wp:attachment":[{"href":"https:\/\/batijournal.com\/index.php\/wp-json\/wp\/v2\/media?parent=93807"}],"wp:term":[{"taxonomy":"category","embeddable":true,"href":"https:\/\/batijournal.com\/index.php\/wp-json\/wp\/v2\/categories?post=93807"},{"taxonomy":"post_tag","embeddable":true,"href":"https:\/\/batijournal.com\/index.php\/wp-json\/wp\/v2\/tags?post=93807"}],"curies":[{"name":"wp","href":"https:\/\/api.w.org\/{rel}","templated":true}]}}