{"id":93812,"date":"2016-09-30T10:29:50","date_gmt":"2016-09-30T08:29:50","guid":{"rendered":"http:\/\/batijournal.com\/?p=93812"},"modified":"2019-07-15T11:16:20","modified_gmt":"2019-07-15T09:16:20","slug":"patrimoine-a-fete-budget-de-culture-2017","status":"publish","type":"post","link":"https:\/\/batijournal.com\/index.php\/patrimoine-a-fete-budget-de-culture-2017\/93812\/","title":{"rendered":"Le patrimoine \u00e0 la f\u00eate du budget de la culture 2017"},"content":{"rendered":"<p><strong>Le budget 2017 de la culture est en augmentation de 5,5 %, il s\u2019\u00e9l\u00e8ve \u00e0 plus de 3,6 milliards d\u2019euros, un montant qui repr\u00e9sente 1,1 % du budget de l\u2019Etat. Le minist\u00e8re va renforcer les sch\u00e9mas directeurs patrimoniaux engag\u00e9s ces derni\u00e8res ann\u00e9es, \u00e0 l\u2019instar de celui du Grand-Palais ou du mus\u00e9e de Cluny. Des chantiers majeurs de monuments historiques vont \u00eatre poursuivis : restauration du pont-transbordeur du Martrou \u00e0 Rochefort ou de l\u2019amphith\u00e9\u00e2tre romain de N\u00eemes. Des op\u00e9rations nouvelles seront lanc\u00e9es comme la restauration du clocher roman de l\u2019\u00e9glise abbatiale de Beaulieu-l\u00e8s-Loches et celle de la Villa Laurens \u00e0 Agde.<\/strong><\/p>\n<p>Les cr\u00e9dits consacr\u00e9s aux monuments historiques s\u2019\u00e9l\u00e8veront en 2017 \u00e0 359 M\u20ac, ceux consacr\u00e9s aux mus\u00e9es s\u2019\u00e9l\u00e8veront \u00e0 366 M\u20ac. Les cr\u00e9dits destin\u00e9s aux op\u00e9rations en r\u00e9gions, qui repr\u00e9sentent environ 70 % de l\u2019effort de l\u2019\u00c9tat en faveur des monuments historiques et soutiennent directement, avec les contributions des collectivit\u00e9s territoriales et des propri\u00e9taires publics et priv\u00e9s, la protection et la restauration du patrimoine fran\u00e7ais sont en augmentation avec 236 M\u20ac.<\/p>\n<p>Le Centre des monuments nationaux b\u00e9n\u00e9ficiera d\u2019une augmentation de 1,5 M\u20ac de sa subvention pour charges de service public et de la cr\u00e9ation de 36 emplois, pour conforter son intervention et la s\u00e9curisation de l\u2019ouverture au public des 90 monuments qui lui sont confi\u00e9s par l\u2019\u00c9tat, r\u00e9partis sur tout le territoire. Les travaux de restauration des parties hautes de la Sainte-Chapelle du ch\u00e2teau de Vincennes et du ch\u00e2teau de Voltaire \u00e0 Ferney-Voltaire seront poursuivis. Seront \u00e9galement engag\u00e9s, en 2017, les travaux de restauration et d\u2019am\u00e9nagement de l\u2019h\u00f4tel de la Marine, \u00e0 Paris, qui ont pour objectif d\u2019y d\u00e9velopper un projet autour de la gastronomie et de permettre l\u2019ouverture au public, en 2020. Des chantiers seront poursuivis comme la restauration de la fl\u00e8che de la cath\u00e9drale Notre-Dame de Paris, du f\u00fbt du Phare de Cordouan, de la Mosqu\u00e9e de Tsingoni \u00e0 Mayotte ou des remparts de Saumur.<\/p>\n<p>Le budget 2017 permettra de poursuivre la d\u00e9marche des sch\u00e9mas directeurs engag\u00e9e pour la conservation durable et la mise en valeur des grands monuments nationaux et mus\u00e9es situ\u00e9s en leur sein. L\u2019am\u00e9lioration de l\u2019accueil du public dans les institutions patrimoniales et la mise en place de nouveaux modes de m\u00e9diation a \u00e9t\u00e9 depuis 2012 au c\u0153ur des priorit\u00e9s, pour assurer la conservation, l\u2019accessibilit\u00e9 et la qualit\u00e9 de visite des grands mus\u00e9es et monuments. Sur les cinq derni\u00e8res ann\u00e9es, l\u2019engagement financier en faveur du Ch\u00e2teau de Versailles s\u2019\u00e9l\u00e8ve \u00e0 pr\u00e8s de 110 M\u20ac sur la p\u00e9riode 2012 \u00e0 2017. En 2017, 19 M\u20ac permettront de mener \u00e0 bien la deuxi\u00e8me phase du sch\u00e9ma directeur comprenant notamment la mise en s\u00e9curit\u00e9 du corps central du ch\u00e2teau et la r\u00e9habilitation du ch\u00e2teau d\u2019eau. De m\u00eame, se poursuivront les sch\u00e9mas directeurs des ch\u00e2teaux de Compi\u00e8gne, de Fontainebleau et d\u2019\u00c9couen. Les travaux de restauration des fa\u00e7ades ext\u00e9rieures se poursuivront au ch\u00e2teau de Saint-Germain-en-Laye. Enfin, 10 M\u20ac seront consacr\u00e9s aux travaux dans le cadre de la premi\u00e8re phase du sch\u00e9ma directeur de restauration du Grand Palais \u00e0 Paris.<\/p>\n<p>Le minist\u00e8re poursuivra sa politique en faveur de la connaissance, de la pr\u00e9servation et de la mise en valeur de l\u2019architecture du XXe si\u00e8cle ainsi que ses actions pour la d\u00e9mocratisation de l\u2019acc\u00e8s \u00e0 la culture architecturale r\u00e9alis\u00e9es gr\u00e2ce \u00e0 l\u2019animation et au soutien apport\u00e9s aux diff\u00e9rents r\u00e9seaux et acteurs.<\/p>\n<p>En mati\u00e8re d\u2019arch\u00e9ologie, plusieurs projets ont pu \u00eatre lanc\u00e9s en r\u00e9gion depuis 2012 gr\u00e2ce \u00e0 la participation financi\u00e8re du minist\u00e8re de la Culture, \u00e0 l\u2019instar du Centre d\u2019\u00e9tudes et d\u2019arch\u00e9ologie \u00e0 Metz et du Centre d\u2019art pari\u00e9tal \u00e0 Lascaux (4 M\u20ac). Les efforts de l\u2019\u00c9tat ont \u00e9galement port\u00e9 sur l\u2019encouragement aux fouilles et prospection arch\u00e9ologiques et sur la valorisation de la recherche. La budg\u00e9tisation de la redevance d\u2019arch\u00e9ologie pr\u00e9ventive \u00e0 compter de 2016 (\u00e0 hauteur de 118 M\u20ac) a par ailleurs permis une s\u00e9curisation sans pr\u00e9c\u00e9dent du financement de l\u2019arch\u00e9ologie pr\u00e9ventive, y compris pour les collectivit\u00e9s territoriales. Le fonds national pour l\u2019arch\u00e9ologie pr\u00e9ventive est dot\u00e9 de 35 M\u20ac pour participer au financement des fouilles li\u00e9es \u00e0 des am\u00e9nagements d\u2019int\u00e9r\u00eat g\u00e9n\u00e9ral.<\/p>\n","protected":false},"excerpt":{"rendered":"<p>Le budget 2017 de la culture est en augmentation de 5,5 %, il s\u2019\u00e9l\u00e8ve \u00e0 plus de 3,6 milliards d\u2019euros, un montant qui repr\u00e9sente 1,1 % du budget de l\u2019Etat. Le minist\u00e8re va renforcer les sch\u00e9mas directeurs patrimoniaux engag\u00e9s ces derni\u00e8res ann\u00e9es, \u00e0 l\u2019instar de celui du Grand-Palais ou du mus\u00e9e de Cluny. Des chantiers [&hellip;]<\/p>\n","protected":false},"author":17,"featured_media":93814,"comment_status":"closed","ping_status":"closed","sticky":false,"template":"","format":"standard","meta":{"_et_pb_use_builder":"","_et_pb_old_content":"","_et_gb_content_width":"","footnotes":""},"categories":[6340],"tags":[7314,6004,4474,3640],"class_list":["post-93812","post","type-post","status-publish","format-standard","has-post-thumbnail","hentry","category-architecture-conception","tag-budget","tag-ministere-de-la-culture","tag-monuments-historiques","tag-musee"],"yoast_head":"<!-- This site is optimized with the Yoast SEO plugin v27.4 - https:\/\/yoast.com\/product\/yoast-seo-wordpress\/ -->\n<title>Le patrimoine \u00e0 la f\u00eate du budget de la culture 2017<\/title>\n<meta name=\"robots\" content=\"index, follow, max-snippet:-1, max-image-preview:large, max-video-preview:-1\" \/>\n<link rel=\"canonical\" href=\"https:\/\/batijournal.com\/index.php\/patrimoine-a-fete-budget-de-culture-2017\/93812\/\" \/>\n<meta property=\"og:locale\" content=\"fr_FR\" \/>\n<meta property=\"og:type\" content=\"article\" \/>\n<meta property=\"og:title\" content=\"Le patrimoine \u00e0 la f\u00eate du budget de la culture 2017\" \/>\n<meta property=\"og:description\" content=\"Le budget 2017 de la culture est en augmentation de 5,5 %, il s\u2019\u00e9l\u00e8ve \u00e0 plus de 3,6 milliards d\u2019euros, un montant qui repr\u00e9sente 1,1 % du budget de l\u2019Etat. Le minist\u00e8re va renforcer les sch\u00e9mas directeurs patrimoniaux engag\u00e9s ces derni\u00e8res ann\u00e9es, \u00e0 l\u2019instar de celui du Grand-Palais ou du mus\u00e9e de Cluny. Des chantiers [&hellip;]\" \/>\n<meta property=\"og:url\" content=\"https:\/\/batijournal.com\/index.php\/patrimoine-a-fete-budget-de-culture-2017\/93812\/\" \/>\n<meta property=\"og:site_name\" content=\"Batijournal\" \/>\n<meta property=\"article:published_time\" content=\"2016-09-30T08:29:50+00:00\" \/>\n<meta property=\"article:modified_time\" content=\"2019-07-15T09:16:20+00:00\" \/>\n<meta property=\"og:image\" content=\"https:\/\/batijournal.com\/wp-content\/uploads\/2016\/09\/patrimoine-2017.jpg\" \/>\n\t<meta property=\"og:image:width\" content=\"1000\" \/>\n\t<meta property=\"og:image:height\" content=\"691\" \/>\n\t<meta property=\"og:image:type\" content=\"image\/jpeg\" \/>\n<meta name=\"author\" content=\"St\u00e9phane Miget\" \/>\n<meta name=\"twitter:card\" content=\"summary_large_image\" \/>\n<meta name=\"twitter:creator\" content=\"@bati_journal\" \/>\n<meta name=\"twitter:site\" content=\"@bati_journal\" \/>\n<meta name=\"twitter:label1\" content=\"\u00c9crit par\" \/>\n\t<meta name=\"twitter:data1\" content=\"St\u00e9phane Miget\" \/>\n\t<meta name=\"twitter:label2\" content=\"Dur\u00e9e de lecture estim\u00e9e\" \/>\n\t<meta name=\"twitter:data2\" content=\"4 minutes\" \/>\n<script type=\"application\/ld+json\" class=\"yoast-schema-graph\">{\"@context\":\"https:\\\/\\\/schema.org\",\"@graph\":[{\"@type\":\"Article\",\"@id\":\"https:\\\/\\\/batijournal.com\\\/index.php\\\/patrimoine-a-fete-budget-de-culture-2017\\\/93812\\\/#article\",\"isPartOf\":{\"@id\":\"https:\\\/\\\/batijournal.com\\\/index.php\\\/patrimoine-a-fete-budget-de-culture-2017\\\/93812\\\/\"},\"author\":{\"name\":\"St\u00e9phane Miget\",\"@id\":\"https:\\\/\\\/batijournal.com\\\/#\\\/schema\\\/person\\\/1dc96ec6957aa1ccb25ebe78bb19f100\"},\"headline\":\"Le patrimoine \u00e0 la f\u00eate du budget de la culture 2017\",\"datePublished\":\"2016-09-30T08:29:50+00:00\",\"dateModified\":\"2019-07-15T09:16:20+00:00\",\"mainEntityOfPage\":{\"@id\":\"https:\\\/\\\/batijournal.com\\\/index.php\\\/patrimoine-a-fete-budget-de-culture-2017\\\/93812\\\/\"},\"wordCount\":777,\"image\":{\"@id\":\"https:\\\/\\\/batijournal.com\\\/index.php\\\/patrimoine-a-fete-budget-de-culture-2017\\\/93812\\\/#primaryimage\"},\"thumbnailUrl\":\"https:\\\/\\\/batijournal.com\\\/wp-content\\\/uploads\\\/2016\\\/09\\\/patrimoine-2017.jpg\",\"keywords\":[\"budget\",\"minist\u00e8re de la culture\",\"monuments historiques\",\"mus\u00e9e\"],\"articleSection\":[\"Architecture &amp; Conception\"],\"inLanguage\":\"fr-FR\"},{\"@type\":\"WebPage\",\"@id\":\"https:\\\/\\\/batijournal.com\\\/index.php\\\/patrimoine-a-fete-budget-de-culture-2017\\\/93812\\\/\",\"url\":\"https:\\\/\\\/batijournal.com\\\/index.php\\\/patrimoine-a-fete-budget-de-culture-2017\\\/93812\\\/\",\"name\":\"Le patrimoine \u00e0 la f\u00eate du budget de la culture 2017\",\"isPartOf\":{\"@id\":\"https:\\\/\\\/batijournal.com\\\/#website\"},\"primaryImageOfPage\":{\"@id\":\"https:\\\/\\\/batijournal.com\\\/index.php\\\/patrimoine-a-fete-budget-de-culture-2017\\\/93812\\\/#primaryimage\"},\"image\":{\"@id\":\"https:\\\/\\\/batijournal.com\\\/index.php\\\/patrimoine-a-fete-budget-de-culture-2017\\\/93812\\\/#primaryimage\"},\"thumbnailUrl\":\"https:\\\/\\\/batijournal.com\\\/wp-content\\\/uploads\\\/2016\\\/09\\\/patrimoine-2017.jpg\",\"datePublished\":\"2016-09-30T08:29:50+00:00\",\"dateModified\":\"2019-07-15T09:16:20+00:00\",\"author\":{\"@id\":\"https:\\\/\\\/batijournal.com\\\/#\\\/schema\\\/person\\\/1dc96ec6957aa1ccb25ebe78bb19f100\"},\"breadcrumb\":{\"@id\":\"https:\\\/\\\/batijournal.com\\\/index.php\\\/patrimoine-a-fete-budget-de-culture-2017\\\/93812\\\/#breadcrumb\"},\"inLanguage\":\"fr-FR\",\"potentialAction\":[{\"@type\":\"ReadAction\",\"target\":[\"https:\\\/\\\/batijournal.com\\\/index.php\\\/patrimoine-a-fete-budget-de-culture-2017\\\/93812\\\/\"]}]},{\"@type\":\"ImageObject\",\"inLanguage\":\"fr-FR\",\"@id\":\"https:\\\/\\\/batijournal.com\\\/index.php\\\/patrimoine-a-fete-budget-de-culture-2017\\\/93812\\\/#primaryimage\",\"url\":\"https:\\\/\\\/batijournal.com\\\/wp-content\\\/uploads\\\/2016\\\/09\\\/patrimoine-2017.jpg\",\"contentUrl\":\"https:\\\/\\\/batijournal.com\\\/wp-content\\\/uploads\\\/2016\\\/09\\\/patrimoine-2017.jpg\",\"width\":1000,\"height\":691,\"caption\":\"chiffres-de-la-culture-2018\"},{\"@type\":\"BreadcrumbList\",\"@id\":\"https:\\\/\\\/batijournal.com\\\/index.php\\\/patrimoine-a-fete-budget-de-culture-2017\\\/93812\\\/#breadcrumb\",\"itemListElement\":[{\"@type\":\"ListItem\",\"position\":1,\"name\":\"Accueil\",\"item\":\"https:\\\/\\\/batijournal.com\\\/\"},{\"@type\":\"ListItem\",\"position\":2,\"name\":\"Actualit\u00e9s\",\"item\":\"https:\\\/\\\/batijournal.com\\\/index.php\\\/category\\\/actualites\\\/\"},{\"@type\":\"ListItem\",\"position\":3,\"name\":\"Architecture &amp; Conception\",\"item\":\"https:\\\/\\\/batijournal.com\\\/index.php\\\/category\\\/actualites\\\/architecture-conception\\\/\"},{\"@type\":\"ListItem\",\"position\":4,\"name\":\"Le patrimoine \u00e0 la f\u00eate du budget de la culture 2017\"}]},{\"@type\":\"WebSite\",\"@id\":\"https:\\\/\\\/batijournal.com\\\/#website\",\"url\":\"https:\\\/\\\/batijournal.com\\\/\",\"name\":\"Batijournal\",\"description\":\"L&#039;actualit\u00e9 du b\u00e2timent\",\"potentialAction\":[{\"@type\":\"SearchAction\",\"target\":{\"@type\":\"EntryPoint\",\"urlTemplate\":\"https:\\\/\\\/batijournal.com\\\/?s={search_term_string}\"},\"query-input\":{\"@type\":\"PropertyValueSpecification\",\"valueRequired\":true,\"valueName\":\"search_term_string\"}}],\"inLanguage\":\"fr-FR\"},{\"@type\":\"Person\",\"@id\":\"https:\\\/\\\/batijournal.com\\\/#\\\/schema\\\/person\\\/1dc96ec6957aa1ccb25ebe78bb19f100\",\"name\":\"St\u00e9phane Miget\",\"image\":{\"@type\":\"ImageObject\",\"inLanguage\":\"fr-FR\",\"@id\":\"https:\\\/\\\/secure.gravatar.com\\\/avatar\\\/89915563d925342126b8ef0281b93d9d7fc337043e8df017f780908eb9644451?s=96&d=mm&r=g\",\"url\":\"https:\\\/\\\/secure.gravatar.com\\\/avatar\\\/89915563d925342126b8ef0281b93d9d7fc337043e8df017f780908eb9644451?s=96&d=mm&r=g\",\"contentUrl\":\"https:\\\/\\\/secure.gravatar.com\\\/avatar\\\/89915563d925342126b8ef0281b93d9d7fc337043e8df017f780908eb9644451?s=96&d=mm&r=g\",\"caption\":\"St\u00e9phane Miget\"},\"url\":\"https:\\\/\\\/batijournal.com\\\/index.php\\\/author\\\/stephane\\\/\"}]}<\/script>\n<!-- \/ Yoast SEO plugin. -->","yoast_head_json":{"title":"Le patrimoine \u00e0 la f\u00eate du budget de la culture 2017","robots":{"index":"index","follow":"follow","max-snippet":"max-snippet:-1","max-image-preview":"max-image-preview:large","max-video-preview":"max-video-preview:-1"},"canonical":"https:\/\/batijournal.com\/index.php\/patrimoine-a-fete-budget-de-culture-2017\/93812\/","og_locale":"fr_FR","og_type":"article","og_title":"Le patrimoine \u00e0 la f\u00eate du budget de la culture 2017","og_description":"Le budget 2017 de la culture est en augmentation de 5,5 %, il s\u2019\u00e9l\u00e8ve \u00e0 plus de 3,6 milliards d\u2019euros, un montant qui repr\u00e9sente 1,1 % du budget de l\u2019Etat. Le minist\u00e8re va renforcer les sch\u00e9mas directeurs patrimoniaux engag\u00e9s ces derni\u00e8res ann\u00e9es, \u00e0 l\u2019instar de celui du Grand-Palais ou du mus\u00e9e de Cluny. Des chantiers [&hellip;]","og_url":"https:\/\/batijournal.com\/index.php\/patrimoine-a-fete-budget-de-culture-2017\/93812\/","og_site_name":"Batijournal","article_published_time":"2016-09-30T08:29:50+00:00","article_modified_time":"2019-07-15T09:16:20+00:00","og_image":[{"width":1000,"height":691,"url":"https:\/\/batijournal.com\/wp-content\/uploads\/2016\/09\/patrimoine-2017.jpg","type":"image\/jpeg"}],"author":"St\u00e9phane Miget","twitter_card":"summary_large_image","twitter_creator":"@bati_journal","twitter_site":"@bati_journal","twitter_misc":{"\u00c9crit par":"St\u00e9phane Miget","Dur\u00e9e de lecture estim\u00e9e":"4 minutes"},"schema":{"@context":"https:\/\/schema.org","@graph":[{"@type":"Article","@id":"https:\/\/batijournal.com\/index.php\/patrimoine-a-fete-budget-de-culture-2017\/93812\/#article","isPartOf":{"@id":"https:\/\/batijournal.com\/index.php\/patrimoine-a-fete-budget-de-culture-2017\/93812\/"},"author":{"name":"St\u00e9phane Miget","@id":"https:\/\/batijournal.com\/#\/schema\/person\/1dc96ec6957aa1ccb25ebe78bb19f100"},"headline":"Le patrimoine \u00e0 la f\u00eate du budget de la culture 2017","datePublished":"2016-09-30T08:29:50+00:00","dateModified":"2019-07-15T09:16:20+00:00","mainEntityOfPage":{"@id":"https:\/\/batijournal.com\/index.php\/patrimoine-a-fete-budget-de-culture-2017\/93812\/"},"wordCount":777,"image":{"@id":"https:\/\/batijournal.com\/index.php\/patrimoine-a-fete-budget-de-culture-2017\/93812\/#primaryimage"},"thumbnailUrl":"https:\/\/batijournal.com\/wp-content\/uploads\/2016\/09\/patrimoine-2017.jpg","keywords":["budget","minist\u00e8re de la culture","monuments historiques","mus\u00e9e"],"articleSection":["Architecture &amp; Conception"],"inLanguage":"fr-FR"},{"@type":"WebPage","@id":"https:\/\/batijournal.com\/index.php\/patrimoine-a-fete-budget-de-culture-2017\/93812\/","url":"https:\/\/batijournal.com\/index.php\/patrimoine-a-fete-budget-de-culture-2017\/93812\/","name":"Le patrimoine \u00e0 la f\u00eate du budget de la culture 2017","isPartOf":{"@id":"https:\/\/batijournal.com\/#website"},"primaryImageOfPage":{"@id":"https:\/\/batijournal.com\/index.php\/patrimoine-a-fete-budget-de-culture-2017\/93812\/#primaryimage"},"image":{"@id":"https:\/\/batijournal.com\/index.php\/patrimoine-a-fete-budget-de-culture-2017\/93812\/#primaryimage"},"thumbnailUrl":"https:\/\/batijournal.com\/wp-content\/uploads\/2016\/09\/patrimoine-2017.jpg","datePublished":"2016-09-30T08:29:50+00:00","dateModified":"2019-07-15T09:16:20+00:00","author":{"@id":"https:\/\/batijournal.com\/#\/schema\/person\/1dc96ec6957aa1ccb25ebe78bb19f100"},"breadcrumb":{"@id":"https:\/\/batijournal.com\/index.php\/patrimoine-a-fete-budget-de-culture-2017\/93812\/#breadcrumb"},"inLanguage":"fr-FR","potentialAction":[{"@type":"ReadAction","target":["https:\/\/batijournal.com\/index.php\/patrimoine-a-fete-budget-de-culture-2017\/93812\/"]}]},{"@type":"ImageObject","inLanguage":"fr-FR","@id":"https:\/\/batijournal.com\/index.php\/patrimoine-a-fete-budget-de-culture-2017\/93812\/#primaryimage","url":"https:\/\/batijournal.com\/wp-content\/uploads\/2016\/09\/patrimoine-2017.jpg","contentUrl":"https:\/\/batijournal.com\/wp-content\/uploads\/2016\/09\/patrimoine-2017.jpg","width":1000,"height":691,"caption":"chiffres-de-la-culture-2018"},{"@type":"BreadcrumbList","@id":"https:\/\/batijournal.com\/index.php\/patrimoine-a-fete-budget-de-culture-2017\/93812\/#breadcrumb","itemListElement":[{"@type":"ListItem","position":1,"name":"Accueil","item":"https:\/\/batijournal.com\/"},{"@type":"ListItem","position":2,"name":"Actualit\u00e9s","item":"https:\/\/batijournal.com\/index.php\/category\/actualites\/"},{"@type":"ListItem","position":3,"name":"Architecture &amp; Conception","item":"https:\/\/batijournal.com\/index.php\/category\/actualites\/architecture-conception\/"},{"@type":"ListItem","position":4,"name":"Le patrimoine \u00e0 la f\u00eate du budget de la culture 2017"}]},{"@type":"WebSite","@id":"https:\/\/batijournal.com\/#website","url":"https:\/\/batijournal.com\/","name":"Batijournal","description":"L&#039;actualit\u00e9 du b\u00e2timent","potentialAction":[{"@type":"SearchAction","target":{"@type":"EntryPoint","urlTemplate":"https:\/\/batijournal.com\/?s={search_term_string}"},"query-input":{"@type":"PropertyValueSpecification","valueRequired":true,"valueName":"search_term_string"}}],"inLanguage":"fr-FR"},{"@type":"Person","@id":"https:\/\/batijournal.com\/#\/schema\/person\/1dc96ec6957aa1ccb25ebe78bb19f100","name":"St\u00e9phane Miget","image":{"@type":"ImageObject","inLanguage":"fr-FR","@id":"https:\/\/secure.gravatar.com\/avatar\/89915563d925342126b8ef0281b93d9d7fc337043e8df017f780908eb9644451?s=96&d=mm&r=g","url":"https:\/\/secure.gravatar.com\/avatar\/89915563d925342126b8ef0281b93d9d7fc337043e8df017f780908eb9644451?s=96&d=mm&r=g","contentUrl":"https:\/\/secure.gravatar.com\/avatar\/89915563d925342126b8ef0281b93d9d7fc337043e8df017f780908eb9644451?s=96&d=mm&r=g","caption":"St\u00e9phane Miget"},"url":"https:\/\/batijournal.com\/index.php\/author\/stephane\/"}]}},"_links":{"self":[{"href":"https:\/\/batijournal.com\/index.php\/wp-json\/wp\/v2\/posts\/93812","targetHints":{"allow":["GET"]}}],"collection":[{"href":"https:\/\/batijournal.com\/index.php\/wp-json\/wp\/v2\/posts"}],"about":[{"href":"https:\/\/batijournal.com\/index.php\/wp-json\/wp\/v2\/types\/post"}],"author":[{"embeddable":true,"href":"https:\/\/batijournal.com\/index.php\/wp-json\/wp\/v2\/users\/17"}],"replies":[{"embeddable":true,"href":"https:\/\/batijournal.com\/index.php\/wp-json\/wp\/v2\/comments?post=93812"}],"version-history":[{"count":0,"href":"https:\/\/batijournal.com\/index.php\/wp-json\/wp\/v2\/posts\/93812\/revisions"}],"wp:featuredmedia":[{"embeddable":true,"href":"https:\/\/batijournal.com\/index.php\/wp-json\/wp\/v2\/media\/93814"}],"wp:attachment":[{"href":"https:\/\/batijournal.com\/index.php\/wp-json\/wp\/v2\/media?parent=93812"}],"wp:term":[{"taxonomy":"category","embeddable":true,"href":"https:\/\/batijournal.com\/index.php\/wp-json\/wp\/v2\/categories?post=93812"},{"taxonomy":"post_tag","embeddable":true,"href":"https:\/\/batijournal.com\/index.php\/wp-json\/wp\/v2\/tags?post=93812"}],"curies":[{"name":"wp","href":"https:\/\/api.w.org\/{rel}","templated":true}]}}