{"id":93878,"date":"2016-10-04T07:56:50","date_gmt":"2016-10-04T05:56:50","guid":{"rendered":"http:\/\/batijournal.com\/?p=93878"},"modified":"2019-07-15T12:08:47","modified_gmt":"2019-07-15T10:08:47","slug":"decret-precise-travaux-dadaptation-logement-faits-aux-frais-locataire","status":"publish","type":"post","link":"https:\/\/batijournal.com\/index.php\/decret-precise-travaux-dadaptation-logement-faits-aux-frais-locataire\/93878\/","title":{"rendered":"Un d\u00e9cret pr\u00e9cise les travaux d&rsquo;adaptation du logement faits aux frais du locataire"},"content":{"rendered":"<p>Un d\u00e9cret du 30 septembre 2016 donne la liste et les modalit\u00e9s de mise en \u0153uvre de certains travaux d&rsquo;adaptation du logement aux personnes en situation de handicap ou de perte d&rsquo;autonomie r\u00e9alis\u00e9s aux frais du locataire. Les articles 6 et 7 de la loi n\u00b0 89-462 du 6 juillet 1989 tendant \u00e0 am\u00e9liorer les rapports locatifs pr\u00e9cisent que le bailleur ne peut s&rsquo;opposer aux travaux r\u00e9alis\u00e9s par le locataire lorsque ceux-ci constituent des am\u00e9nagements du logement. En revanche, lorsque ces travaux constituent une transformation du logement, l&rsquo;accord \u00e9crit du bailleur est n\u00e9cessaire. A d\u00e9faut de cet accord, le bailleur peut exiger du locataire une remise en l&rsquo;\u00e9tat aux frais du locataire \u00e0 son d\u00e9part des lieux. La loi n\u00b0 2015-1776 du 28 d\u00e9cembre 2015 relative \u00e0 l&rsquo;adaptation de la soci\u00e9t\u00e9 au vieillissement vient introduire un r\u00e9gime d\u00e9rogatoire d&rsquo;autorisation tacite du bailleur lorsque des travaux de transformation permettant l&rsquo;adaptation du logement aux personnes en perte d&rsquo;autonomie ou en situation de handicap sont r\u00e9alis\u00e9es par le locataire et \u00e0 ses frais. Ces travaux font l&rsquo;objet d&rsquo;une demande \u00e9crite du locataire par lettre recommand\u00e9e avec demande d&rsquo;avis de r\u00e9ception aupr\u00e8s du bailleur. L&rsquo;absence de r\u00e9ponse dans un d\u00e9lai de quatre mois \u00e0 compter de la date de r\u00e9ception de la demande vaut d\u00e9cision d&rsquo;acceptation. Dans cette hypoth\u00e8se, au d\u00e9part du locataire, le bailleur ne pourra pas exiger la remise en l&rsquo;\u00e9tat des lieux. Le d\u00e9cret fixe la liste des travaux concern\u00e9s ainsi que les modalit\u00e9s de mise en \u0153uvre.<br \/>\n<a href=\"http:\/\/www.legifrance.gouv.fr\/eli\/decret\/2016\/9\/29\/LHAL1604780D\/jo\/texte\" target=\"_blank\" rel=\"noopener noreferrer\">Voir le d\u00e9cret&#8230;<\/a><\/p>\n","protected":false},"excerpt":{"rendered":"<p>Un d\u00e9cret du 30 septembre 2016 donne la liste et les modalit\u00e9s de mise en \u0153uvre de certains travaux d&rsquo;adaptation du logement aux personnes en situation de handicap ou de perte d&rsquo;autonomie r\u00e9alis\u00e9s aux frais du locataire. Les articles 6 et 7 de la loi n\u00b0 89-462 du 6 juillet 1989 tendant \u00e0 am\u00e9liorer les [&hellip;]<\/p>\n","protected":false},"author":17,"featured_media":91217,"comment_status":"closed","ping_status":"closed","sticky":false,"template":"","format":"standard","meta":{"_et_pb_use_builder":"","_et_pb_old_content":"","_et_gb_content_width":"","footnotes":""},"categories":[10530,6345],"tags":[],"class_list":["post-93878","post","type-post","status-publish","format-standard","has-post-thumbnail","hentry","category-actualites","category-economie-marches"],"yoast_head":"<!-- This site is optimized with the Yoast SEO plugin v27.4 - https:\/\/yoast.com\/product\/yoast-seo-wordpress\/ -->\n<title>Un d\u00e9cret pr\u00e9cise les travaux d&#039;adaptation du logement faits aux frais du locataire<\/title>\n<meta name=\"robots\" content=\"index, follow, max-snippet:-1, max-image-preview:large, max-video-preview:-1\" \/>\n<link rel=\"canonical\" href=\"https:\/\/batijournal.com\/index.php\/decret-precise-travaux-dadaptation-logement-faits-aux-frais-locataire\/93878\/\" \/>\n<meta property=\"og:locale\" content=\"fr_FR\" \/>\n<meta property=\"og:type\" content=\"article\" \/>\n<meta property=\"og:title\" content=\"Un d\u00e9cret pr\u00e9cise les travaux d&#039;adaptation du logement faits aux frais du locataire\" \/>\n<meta property=\"og:description\" content=\"Un d\u00e9cret du 30 septembre 2016 donne la liste et les modalit\u00e9s de mise en \u0153uvre de certains travaux d&rsquo;adaptation du logement aux personnes en situation de handicap ou de perte d&rsquo;autonomie r\u00e9alis\u00e9s aux frais du locataire. Les articles 6 et 7 de la loi n\u00b0 89-462 du 6 juillet 1989 tendant \u00e0 am\u00e9liorer les [&hellip;]\" \/>\n<meta property=\"og:url\" content=\"https:\/\/batijournal.com\/index.php\/decret-precise-travaux-dadaptation-logement-faits-aux-frais-locataire\/93878\/\" \/>\n<meta property=\"og:site_name\" content=\"Batijournal\" \/>\n<meta property=\"article:published_time\" content=\"2016-10-04T05:56:50+00:00\" \/>\n<meta property=\"article:modified_time\" content=\"2019-07-15T10:08:47+00:00\" \/>\n<meta property=\"og:image\" content=\"https:\/\/batijournal.com\/wp-content\/uploads\/2016\/01\/accessibilite.jpg\" \/>\n\t<meta property=\"og:image:width\" content=\"2500\" \/>\n\t<meta property=\"og:image:height\" content=\"1250\" \/>\n\t<meta property=\"og:image:type\" content=\"image\/jpeg\" \/>\n<meta name=\"author\" content=\"St\u00e9phane Miget\" \/>\n<meta name=\"twitter:card\" content=\"summary_large_image\" \/>\n<meta name=\"twitter:creator\" content=\"@bati_journal\" \/>\n<meta name=\"twitter:site\" content=\"@bati_journal\" \/>\n<meta name=\"twitter:label1\" content=\"\u00c9crit par\" \/>\n\t<meta name=\"twitter:data1\" content=\"St\u00e9phane Miget\" \/>\n\t<meta name=\"twitter:label2\" content=\"Dur\u00e9e de lecture estim\u00e9e\" \/>\n\t<meta name=\"twitter:data2\" content=\"1 minute\" \/>\n<script type=\"application\/ld+json\" class=\"yoast-schema-graph\">{\"@context\":\"https:\\\/\\\/schema.org\",\"@graph\":[{\"@type\":\"Article\",\"@id\":\"https:\\\/\\\/batijournal.com\\\/index.php\\\/decret-precise-travaux-dadaptation-logement-faits-aux-frais-locataire\\\/93878\\\/#article\",\"isPartOf\":{\"@id\":\"https:\\\/\\\/batijournal.com\\\/index.php\\\/decret-precise-travaux-dadaptation-logement-faits-aux-frais-locataire\\\/93878\\\/\"},\"author\":{\"name\":\"St\u00e9phane Miget\",\"@id\":\"https:\\\/\\\/batijournal.com\\\/#\\\/schema\\\/person\\\/1dc96ec6957aa1ccb25ebe78bb19f100\"},\"headline\":\"Un d\u00e9cret pr\u00e9cise les travaux d&rsquo;adaptation du logement faits aux frais du locataire\",\"datePublished\":\"2016-10-04T05:56:50+00:00\",\"dateModified\":\"2019-07-15T10:08:47+00:00\",\"mainEntityOfPage\":{\"@id\":\"https:\\\/\\\/batijournal.com\\\/index.php\\\/decret-precise-travaux-dadaptation-logement-faits-aux-frais-locataire\\\/93878\\\/\"},\"wordCount\":299,\"image\":{\"@id\":\"https:\\\/\\\/batijournal.com\\\/index.php\\\/decret-precise-travaux-dadaptation-logement-faits-aux-frais-locataire\\\/93878\\\/#primaryimage\"},\"thumbnailUrl\":\"https:\\\/\\\/batijournal.com\\\/wp-content\\\/uploads\\\/2016\\\/01\\\/accessibilite.jpg\",\"articleSection\":[\"Actualit\u00e9s\",\"\u00c9conomie &amp; March\u00e9s\"],\"inLanguage\":\"fr-FR\"},{\"@type\":\"WebPage\",\"@id\":\"https:\\\/\\\/batijournal.com\\\/index.php\\\/decret-precise-travaux-dadaptation-logement-faits-aux-frais-locataire\\\/93878\\\/\",\"url\":\"https:\\\/\\\/batijournal.com\\\/index.php\\\/decret-precise-travaux-dadaptation-logement-faits-aux-frais-locataire\\\/93878\\\/\",\"name\":\"Un d\u00e9cret pr\u00e9cise les travaux d'adaptation du logement faits aux frais du locataire\",\"isPartOf\":{\"@id\":\"https:\\\/\\\/batijournal.com\\\/#website\"},\"primaryImageOfPage\":{\"@id\":\"https:\\\/\\\/batijournal.com\\\/index.php\\\/decret-precise-travaux-dadaptation-logement-faits-aux-frais-locataire\\\/93878\\\/#primaryimage\"},\"image\":{\"@id\":\"https:\\\/\\\/batijournal.com\\\/index.php\\\/decret-precise-travaux-dadaptation-logement-faits-aux-frais-locataire\\\/93878\\\/#primaryimage\"},\"thumbnailUrl\":\"https:\\\/\\\/batijournal.com\\\/wp-content\\\/uploads\\\/2016\\\/01\\\/accessibilite.jpg\",\"datePublished\":\"2016-10-04T05:56:50+00:00\",\"dateModified\":\"2019-07-15T10:08:47+00:00\",\"author\":{\"@id\":\"https:\\\/\\\/batijournal.com\\\/#\\\/schema\\\/person\\\/1dc96ec6957aa1ccb25ebe78bb19f100\"},\"breadcrumb\":{\"@id\":\"https:\\\/\\\/batijournal.com\\\/index.php\\\/decret-precise-travaux-dadaptation-logement-faits-aux-frais-locataire\\\/93878\\\/#breadcrumb\"},\"inLanguage\":\"fr-FR\",\"potentialAction\":[{\"@type\":\"ReadAction\",\"target\":[\"https:\\\/\\\/batijournal.com\\\/index.php\\\/decret-precise-travaux-dadaptation-logement-faits-aux-frais-locataire\\\/93878\\\/\"]}]},{\"@type\":\"ImageObject\",\"inLanguage\":\"fr-FR\",\"@id\":\"https:\\\/\\\/batijournal.com\\\/index.php\\\/decret-precise-travaux-dadaptation-logement-faits-aux-frais-locataire\\\/93878\\\/#primaryimage\",\"url\":\"https:\\\/\\\/batijournal.com\\\/wp-content\\\/uploads\\\/2016\\\/01\\\/accessibilite.jpg\",\"contentUrl\":\"https:\\\/\\\/batijournal.com\\\/wp-content\\\/uploads\\\/2016\\\/01\\\/accessibilite.jpg\",\"width\":2500,\"height\":1250},{\"@type\":\"BreadcrumbList\",\"@id\":\"https:\\\/\\\/batijournal.com\\\/index.php\\\/decret-precise-travaux-dadaptation-logement-faits-aux-frais-locataire\\\/93878\\\/#breadcrumb\",\"itemListElement\":[{\"@type\":\"ListItem\",\"position\":1,\"name\":\"Accueil\",\"item\":\"https:\\\/\\\/batijournal.com\\\/\"},{\"@type\":\"ListItem\",\"position\":2,\"name\":\"Actualit\u00e9s\",\"item\":\"https:\\\/\\\/batijournal.com\\\/index.php\\\/category\\\/actualites\\\/\"},{\"@type\":\"ListItem\",\"position\":3,\"name\":\"\u00c9conomie &amp; March\u00e9s\",\"item\":\"https:\\\/\\\/batijournal.com\\\/index.php\\\/category\\\/actualites\\\/economie-marches\\\/\"},{\"@type\":\"ListItem\",\"position\":4,\"name\":\"Un d\u00e9cret pr\u00e9cise les travaux d&rsquo;adaptation du logement faits aux frais du locataire\"}]},{\"@type\":\"WebSite\",\"@id\":\"https:\\\/\\\/batijournal.com\\\/#website\",\"url\":\"https:\\\/\\\/batijournal.com\\\/\",\"name\":\"Batijournal\",\"description\":\"L&#039;actualit\u00e9 du b\u00e2timent\",\"potentialAction\":[{\"@type\":\"SearchAction\",\"target\":{\"@type\":\"EntryPoint\",\"urlTemplate\":\"https:\\\/\\\/batijournal.com\\\/?s={search_term_string}\"},\"query-input\":{\"@type\":\"PropertyValueSpecification\",\"valueRequired\":true,\"valueName\":\"search_term_string\"}}],\"inLanguage\":\"fr-FR\"},{\"@type\":\"Person\",\"@id\":\"https:\\\/\\\/batijournal.com\\\/#\\\/schema\\\/person\\\/1dc96ec6957aa1ccb25ebe78bb19f100\",\"name\":\"St\u00e9phane Miget\",\"image\":{\"@type\":\"ImageObject\",\"inLanguage\":\"fr-FR\",\"@id\":\"https:\\\/\\\/secure.gravatar.com\\\/avatar\\\/89915563d925342126b8ef0281b93d9d7fc337043e8df017f780908eb9644451?s=96&d=mm&r=g\",\"url\":\"https:\\\/\\\/secure.gravatar.com\\\/avatar\\\/89915563d925342126b8ef0281b93d9d7fc337043e8df017f780908eb9644451?s=96&d=mm&r=g\",\"contentUrl\":\"https:\\\/\\\/secure.gravatar.com\\\/avatar\\\/89915563d925342126b8ef0281b93d9d7fc337043e8df017f780908eb9644451?s=96&d=mm&r=g\",\"caption\":\"St\u00e9phane Miget\"},\"url\":\"https:\\\/\\\/batijournal.com\\\/index.php\\\/author\\\/stephane\\\/\"}]}<\/script>\n<!-- \/ Yoast SEO plugin. -->","yoast_head_json":{"title":"Un d\u00e9cret pr\u00e9cise les travaux d'adaptation du logement faits aux frais du locataire","robots":{"index":"index","follow":"follow","max-snippet":"max-snippet:-1","max-image-preview":"max-image-preview:large","max-video-preview":"max-video-preview:-1"},"canonical":"https:\/\/batijournal.com\/index.php\/decret-precise-travaux-dadaptation-logement-faits-aux-frais-locataire\/93878\/","og_locale":"fr_FR","og_type":"article","og_title":"Un d\u00e9cret pr\u00e9cise les travaux d'adaptation du logement faits aux frais du locataire","og_description":"Un d\u00e9cret du 30 septembre 2016 donne la liste et les modalit\u00e9s de mise en \u0153uvre de certains travaux d&rsquo;adaptation du logement aux personnes en situation de handicap ou de perte d&rsquo;autonomie r\u00e9alis\u00e9s aux frais du locataire. Les articles 6 et 7 de la loi n\u00b0 89-462 du 6 juillet 1989 tendant \u00e0 am\u00e9liorer les [&hellip;]","og_url":"https:\/\/batijournal.com\/index.php\/decret-precise-travaux-dadaptation-logement-faits-aux-frais-locataire\/93878\/","og_site_name":"Batijournal","article_published_time":"2016-10-04T05:56:50+00:00","article_modified_time":"2019-07-15T10:08:47+00:00","og_image":[{"width":2500,"height":1250,"url":"https:\/\/batijournal.com\/wp-content\/uploads\/2016\/01\/accessibilite.jpg","type":"image\/jpeg"}],"author":"St\u00e9phane Miget","twitter_card":"summary_large_image","twitter_creator":"@bati_journal","twitter_site":"@bati_journal","twitter_misc":{"\u00c9crit par":"St\u00e9phane Miget","Dur\u00e9e de lecture estim\u00e9e":"1 minute"},"schema":{"@context":"https:\/\/schema.org","@graph":[{"@type":"Article","@id":"https:\/\/batijournal.com\/index.php\/decret-precise-travaux-dadaptation-logement-faits-aux-frais-locataire\/93878\/#article","isPartOf":{"@id":"https:\/\/batijournal.com\/index.php\/decret-precise-travaux-dadaptation-logement-faits-aux-frais-locataire\/93878\/"},"author":{"name":"St\u00e9phane Miget","@id":"https:\/\/batijournal.com\/#\/schema\/person\/1dc96ec6957aa1ccb25ebe78bb19f100"},"headline":"Un d\u00e9cret pr\u00e9cise les travaux d&rsquo;adaptation du logement faits aux frais du locataire","datePublished":"2016-10-04T05:56:50+00:00","dateModified":"2019-07-15T10:08:47+00:00","mainEntityOfPage":{"@id":"https:\/\/batijournal.com\/index.php\/decret-precise-travaux-dadaptation-logement-faits-aux-frais-locataire\/93878\/"},"wordCount":299,"image":{"@id":"https:\/\/batijournal.com\/index.php\/decret-precise-travaux-dadaptation-logement-faits-aux-frais-locataire\/93878\/#primaryimage"},"thumbnailUrl":"https:\/\/batijournal.com\/wp-content\/uploads\/2016\/01\/accessibilite.jpg","articleSection":["Actualit\u00e9s","\u00c9conomie &amp; March\u00e9s"],"inLanguage":"fr-FR"},{"@type":"WebPage","@id":"https:\/\/batijournal.com\/index.php\/decret-precise-travaux-dadaptation-logement-faits-aux-frais-locataire\/93878\/","url":"https:\/\/batijournal.com\/index.php\/decret-precise-travaux-dadaptation-logement-faits-aux-frais-locataire\/93878\/","name":"Un d\u00e9cret pr\u00e9cise les travaux d'adaptation du logement faits aux frais du locataire","isPartOf":{"@id":"https:\/\/batijournal.com\/#website"},"primaryImageOfPage":{"@id":"https:\/\/batijournal.com\/index.php\/decret-precise-travaux-dadaptation-logement-faits-aux-frais-locataire\/93878\/#primaryimage"},"image":{"@id":"https:\/\/batijournal.com\/index.php\/decret-precise-travaux-dadaptation-logement-faits-aux-frais-locataire\/93878\/#primaryimage"},"thumbnailUrl":"https:\/\/batijournal.com\/wp-content\/uploads\/2016\/01\/accessibilite.jpg","datePublished":"2016-10-04T05:56:50+00:00","dateModified":"2019-07-15T10:08:47+00:00","author":{"@id":"https:\/\/batijournal.com\/#\/schema\/person\/1dc96ec6957aa1ccb25ebe78bb19f100"},"breadcrumb":{"@id":"https:\/\/batijournal.com\/index.php\/decret-precise-travaux-dadaptation-logement-faits-aux-frais-locataire\/93878\/#breadcrumb"},"inLanguage":"fr-FR","potentialAction":[{"@type":"ReadAction","target":["https:\/\/batijournal.com\/index.php\/decret-precise-travaux-dadaptation-logement-faits-aux-frais-locataire\/93878\/"]}]},{"@type":"ImageObject","inLanguage":"fr-FR","@id":"https:\/\/batijournal.com\/index.php\/decret-precise-travaux-dadaptation-logement-faits-aux-frais-locataire\/93878\/#primaryimage","url":"https:\/\/batijournal.com\/wp-content\/uploads\/2016\/01\/accessibilite.jpg","contentUrl":"https:\/\/batijournal.com\/wp-content\/uploads\/2016\/01\/accessibilite.jpg","width":2500,"height":1250},{"@type":"BreadcrumbList","@id":"https:\/\/batijournal.com\/index.php\/decret-precise-travaux-dadaptation-logement-faits-aux-frais-locataire\/93878\/#breadcrumb","itemListElement":[{"@type":"ListItem","position":1,"name":"Accueil","item":"https:\/\/batijournal.com\/"},{"@type":"ListItem","position":2,"name":"Actualit\u00e9s","item":"https:\/\/batijournal.com\/index.php\/category\/actualites\/"},{"@type":"ListItem","position":3,"name":"\u00c9conomie &amp; March\u00e9s","item":"https:\/\/batijournal.com\/index.php\/category\/actualites\/economie-marches\/"},{"@type":"ListItem","position":4,"name":"Un d\u00e9cret pr\u00e9cise les travaux d&rsquo;adaptation du logement faits aux frais du locataire"}]},{"@type":"WebSite","@id":"https:\/\/batijournal.com\/#website","url":"https:\/\/batijournal.com\/","name":"Batijournal","description":"L&#039;actualit\u00e9 du b\u00e2timent","potentialAction":[{"@type":"SearchAction","target":{"@type":"EntryPoint","urlTemplate":"https:\/\/batijournal.com\/?s={search_term_string}"},"query-input":{"@type":"PropertyValueSpecification","valueRequired":true,"valueName":"search_term_string"}}],"inLanguage":"fr-FR"},{"@type":"Person","@id":"https:\/\/batijournal.com\/#\/schema\/person\/1dc96ec6957aa1ccb25ebe78bb19f100","name":"St\u00e9phane Miget","image":{"@type":"ImageObject","inLanguage":"fr-FR","@id":"https:\/\/secure.gravatar.com\/avatar\/89915563d925342126b8ef0281b93d9d7fc337043e8df017f780908eb9644451?s=96&d=mm&r=g","url":"https:\/\/secure.gravatar.com\/avatar\/89915563d925342126b8ef0281b93d9d7fc337043e8df017f780908eb9644451?s=96&d=mm&r=g","contentUrl":"https:\/\/secure.gravatar.com\/avatar\/89915563d925342126b8ef0281b93d9d7fc337043e8df017f780908eb9644451?s=96&d=mm&r=g","caption":"St\u00e9phane Miget"},"url":"https:\/\/batijournal.com\/index.php\/author\/stephane\/"}]}},"_links":{"self":[{"href":"https:\/\/batijournal.com\/index.php\/wp-json\/wp\/v2\/posts\/93878","targetHints":{"allow":["GET"]}}],"collection":[{"href":"https:\/\/batijournal.com\/index.php\/wp-json\/wp\/v2\/posts"}],"about":[{"href":"https:\/\/batijournal.com\/index.php\/wp-json\/wp\/v2\/types\/post"}],"author":[{"embeddable":true,"href":"https:\/\/batijournal.com\/index.php\/wp-json\/wp\/v2\/users\/17"}],"replies":[{"embeddable":true,"href":"https:\/\/batijournal.com\/index.php\/wp-json\/wp\/v2\/comments?post=93878"}],"version-history":[{"count":0,"href":"https:\/\/batijournal.com\/index.php\/wp-json\/wp\/v2\/posts\/93878\/revisions"}],"wp:featuredmedia":[{"embeddable":true,"href":"https:\/\/batijournal.com\/index.php\/wp-json\/wp\/v2\/media\/91217"}],"wp:attachment":[{"href":"https:\/\/batijournal.com\/index.php\/wp-json\/wp\/v2\/media?parent=93878"}],"wp:term":[{"taxonomy":"category","embeddable":true,"href":"https:\/\/batijournal.com\/index.php\/wp-json\/wp\/v2\/categories?post=93878"},{"taxonomy":"post_tag","embeddable":true,"href":"https:\/\/batijournal.com\/index.php\/wp-json\/wp\/v2\/tags?post=93878"}],"curies":[{"name":"wp","href":"https:\/\/api.w.org\/{rel}","templated":true}]}}