{"id":93897,"date":"2016-10-04T15:26:10","date_gmt":"2016-10-04T13:26:10","guid":{"rendered":"http:\/\/batijournal.com\/?p=93897"},"modified":"2019-07-15T12:23:39","modified_gmt":"2019-07-15T10:23:39","slug":"changement-climatique-laccord-de-paris-entrera-vigueur-novembre-2016","status":"publish","type":"post","link":"https:\/\/batijournal.com\/index.php\/changement-climatique-laccord-de-paris-entrera-vigueur-novembre-2016\/93897\/","title":{"rendered":"Changement climatique : l&rsquo;accord de Paris entrera en vigueur en novembre 2016"},"content":{"rendered":"<p><strong>L\u2019accord de Paris sur la lutte contre le changement climatique entrera bien en vigueur en novembre\u00a0prochain, gr\u00e2ce\u00a0au Parlement europ\u00e9en qui a d\u00e9cid\u00e9 de sa ratification par l\u2019Union europ\u00e9enne dans un vote historique le 4 octobre 2016.\u00a0<\/strong><\/p>\n<p>L\u2019UE se joindra aux \u00c9tats-Unis, \u00e0 la Chine et \u00e0 l\u2019Inde, autres acteurs mondiaux et principaux \u00e9metteurs de gaz \u00e0 effet de serre, \u00a0pour la Conf\u00e9rence sur les changements climatiques COP 22 qui aura lieu \u00e0 Marrakech du 7 au 18 novembre 2016. Le Parlement a donn\u00e9 son consentement \u00e0 la ratification par l\u2019UE de l\u2019accord par 610 voix en faveur, 38 contre, avec 31 abstentions.\u00a0Les ratifications repr\u00e9sentant au moins 55 parties et 55% des \u00e9missions mondiales sont n\u00e9cessaires pour que l\u2019accord entre en vigueur.\u00a0 C&rsquo;est le premier accord climatique mondial universel et juridiquement contraignant jamais conclu.<\/p>\n","protected":false},"excerpt":{"rendered":"<p>L\u2019accord de Paris sur la lutte contre le changement climatique entrera bien en vigueur en novembre\u00a0prochain, gr\u00e2ce\u00a0au Parlement europ\u00e9en qui a d\u00e9cid\u00e9 de sa ratification par l\u2019Union europ\u00e9enne dans un vote historique le 4 octobre 2016.\u00a0 L\u2019UE se joindra aux \u00c9tats-Unis, \u00e0 la Chine et \u00e0 l\u2019Inde, autres acteurs mondiaux et principaux \u00e9metteurs de gaz [&hellip;]<\/p>\n","protected":false},"author":17,"featured_media":93898,"comment_status":"closed","ping_status":"closed","sticky":false,"template":"","format":"standard","meta":{"_et_pb_use_builder":"","_et_pb_old_content":"","_et_gb_content_width":"","footnotes":""},"categories":[6351],"tags":[10914,11640,8251],"class_list":["post-93897","post","type-post","status-publish","format-standard","has-post-thumbnail","hentry","category-energie-environnement","tag-cop21","tag-cop22","tag-rechauffement-climatique"],"yoast_head":"<!-- This site is optimized with the Yoast SEO plugin v27.4 - https:\/\/yoast.com\/product\/yoast-seo-wordpress\/ -->\n<title>Changement climatique : l&#039;accord de Paris entrera en vigueur en novembre 2016<\/title>\n<meta name=\"robots\" content=\"index, follow, max-snippet:-1, max-image-preview:large, max-video-preview:-1\" \/>\n<link rel=\"canonical\" href=\"https:\/\/batijournal.com\/index.php\/changement-climatique-laccord-de-paris-entrera-vigueur-novembre-2016\/93897\/\" \/>\n<meta property=\"og:locale\" content=\"fr_FR\" \/>\n<meta property=\"og:type\" content=\"article\" \/>\n<meta property=\"og:title\" content=\"Changement climatique : l&#039;accord de Paris entrera en vigueur en novembre 2016\" \/>\n<meta property=\"og:description\" content=\"L\u2019accord de Paris sur la lutte contre le changement climatique entrera bien en vigueur en novembre\u00a0prochain, gr\u00e2ce\u00a0au Parlement europ\u00e9en qui a d\u00e9cid\u00e9 de sa ratification par l\u2019Union europ\u00e9enne dans un vote historique le 4 octobre 2016.\u00a0 L\u2019UE se joindra aux \u00c9tats-Unis, \u00e0 la Chine et \u00e0 l\u2019Inde, autres acteurs mondiaux et principaux \u00e9metteurs de gaz [&hellip;]\" \/>\n<meta property=\"og:url\" content=\"https:\/\/batijournal.com\/index.php\/changement-climatique-laccord-de-paris-entrera-vigueur-novembre-2016\/93897\/\" \/>\n<meta property=\"og:site_name\" content=\"Batijournal\" \/>\n<meta property=\"article:published_time\" content=\"2016-10-04T13:26:10+00:00\" \/>\n<meta property=\"article:modified_time\" content=\"2019-07-15T10:23:39+00:00\" \/>\n<meta property=\"og:image\" content=\"https:\/\/batijournal.com\/wp-content\/uploads\/2016\/10\/ratification-accord-paris-cop21-cop22.jpg\" \/>\n\t<meta property=\"og:image:width\" content=\"1024\" \/>\n\t<meta property=\"og:image:height\" content=\"685\" \/>\n\t<meta property=\"og:image:type\" content=\"image\/jpeg\" \/>\n<meta name=\"author\" content=\"St\u00e9phane Miget\" \/>\n<meta name=\"twitter:card\" content=\"summary_large_image\" \/>\n<meta name=\"twitter:creator\" content=\"@bati_journal\" \/>\n<meta name=\"twitter:site\" content=\"@bati_journal\" \/>\n<meta name=\"twitter:label1\" content=\"\u00c9crit par\" \/>\n\t<meta name=\"twitter:data1\" content=\"St\u00e9phane Miget\" \/>\n\t<meta name=\"twitter:label2\" content=\"Dur\u00e9e de lecture estim\u00e9e\" \/>\n\t<meta name=\"twitter:data2\" content=\"1 minute\" \/>\n<script type=\"application\/ld+json\" class=\"yoast-schema-graph\">{\"@context\":\"https:\\\/\\\/schema.org\",\"@graph\":[{\"@type\":\"Article\",\"@id\":\"https:\\\/\\\/batijournal.com\\\/index.php\\\/changement-climatique-laccord-de-paris-entrera-vigueur-novembre-2016\\\/93897\\\/#article\",\"isPartOf\":{\"@id\":\"https:\\\/\\\/batijournal.com\\\/index.php\\\/changement-climatique-laccord-de-paris-entrera-vigueur-novembre-2016\\\/93897\\\/\"},\"author\":{\"name\":\"St\u00e9phane Miget\",\"@id\":\"https:\\\/\\\/batijournal.com\\\/#\\\/schema\\\/person\\\/1dc96ec6957aa1ccb25ebe78bb19f100\"},\"headline\":\"Changement climatique : l&rsquo;accord de Paris entrera en vigueur en novembre 2016\",\"datePublished\":\"2016-10-04T13:26:10+00:00\",\"dateModified\":\"2019-07-15T10:23:39+00:00\",\"mainEntityOfPage\":{\"@id\":\"https:\\\/\\\/batijournal.com\\\/index.php\\\/changement-climatique-laccord-de-paris-entrera-vigueur-novembre-2016\\\/93897\\\/\"},\"wordCount\":146,\"image\":{\"@id\":\"https:\\\/\\\/batijournal.com\\\/index.php\\\/changement-climatique-laccord-de-paris-entrera-vigueur-novembre-2016\\\/93897\\\/#primaryimage\"},\"thumbnailUrl\":\"https:\\\/\\\/batijournal.com\\\/wp-content\\\/uploads\\\/2016\\\/10\\\/ratification-accord-paris-cop21-cop22.jpg\",\"keywords\":[\"cop21\",\"cop22\",\"rechauffement climatique\"],\"articleSection\":[\"\u00c9nergie &amp; Environnement\"],\"inLanguage\":\"fr-FR\"},{\"@type\":\"WebPage\",\"@id\":\"https:\\\/\\\/batijournal.com\\\/index.php\\\/changement-climatique-laccord-de-paris-entrera-vigueur-novembre-2016\\\/93897\\\/\",\"url\":\"https:\\\/\\\/batijournal.com\\\/index.php\\\/changement-climatique-laccord-de-paris-entrera-vigueur-novembre-2016\\\/93897\\\/\",\"name\":\"Changement climatique : l'accord de Paris entrera en vigueur en novembre 2016\",\"isPartOf\":{\"@id\":\"https:\\\/\\\/batijournal.com\\\/#website\"},\"primaryImageOfPage\":{\"@id\":\"https:\\\/\\\/batijournal.com\\\/index.php\\\/changement-climatique-laccord-de-paris-entrera-vigueur-novembre-2016\\\/93897\\\/#primaryimage\"},\"image\":{\"@id\":\"https:\\\/\\\/batijournal.com\\\/index.php\\\/changement-climatique-laccord-de-paris-entrera-vigueur-novembre-2016\\\/93897\\\/#primaryimage\"},\"thumbnailUrl\":\"https:\\\/\\\/batijournal.com\\\/wp-content\\\/uploads\\\/2016\\\/10\\\/ratification-accord-paris-cop21-cop22.jpg\",\"datePublished\":\"2016-10-04T13:26:10+00:00\",\"dateModified\":\"2019-07-15T10:23:39+00:00\",\"author\":{\"@id\":\"https:\\\/\\\/batijournal.com\\\/#\\\/schema\\\/person\\\/1dc96ec6957aa1ccb25ebe78bb19f100\"},\"breadcrumb\":{\"@id\":\"https:\\\/\\\/batijournal.com\\\/index.php\\\/changement-climatique-laccord-de-paris-entrera-vigueur-novembre-2016\\\/93897\\\/#breadcrumb\"},\"inLanguage\":\"fr-FR\",\"potentialAction\":[{\"@type\":\"ReadAction\",\"target\":[\"https:\\\/\\\/batijournal.com\\\/index.php\\\/changement-climatique-laccord-de-paris-entrera-vigueur-novembre-2016\\\/93897\\\/\"]}]},{\"@type\":\"ImageObject\",\"inLanguage\":\"fr-FR\",\"@id\":\"https:\\\/\\\/batijournal.com\\\/index.php\\\/changement-climatique-laccord-de-paris-entrera-vigueur-novembre-2016\\\/93897\\\/#primaryimage\",\"url\":\"https:\\\/\\\/batijournal.com\\\/wp-content\\\/uploads\\\/2016\\\/10\\\/ratification-accord-paris-cop21-cop22.jpg\",\"contentUrl\":\"https:\\\/\\\/batijournal.com\\\/wp-content\\\/uploads\\\/2016\\\/10\\\/ratification-accord-paris-cop21-cop22.jpg\",\"width\":1024,\"height\":685},{\"@type\":\"BreadcrumbList\",\"@id\":\"https:\\\/\\\/batijournal.com\\\/index.php\\\/changement-climatique-laccord-de-paris-entrera-vigueur-novembre-2016\\\/93897\\\/#breadcrumb\",\"itemListElement\":[{\"@type\":\"ListItem\",\"position\":1,\"name\":\"Accueil\",\"item\":\"https:\\\/\\\/batijournal.com\\\/\"},{\"@type\":\"ListItem\",\"position\":2,\"name\":\"Actualit\u00e9s\",\"item\":\"https:\\\/\\\/batijournal.com\\\/index.php\\\/category\\\/actualites\\\/\"},{\"@type\":\"ListItem\",\"position\":3,\"name\":\"\u00c9nergie &amp; Environnement\",\"item\":\"https:\\\/\\\/batijournal.com\\\/index.php\\\/category\\\/actualites\\\/energie-environnement\\\/\"},{\"@type\":\"ListItem\",\"position\":4,\"name\":\"Changement climatique : l&rsquo;accord de Paris entrera en vigueur en novembre 2016\"}]},{\"@type\":\"WebSite\",\"@id\":\"https:\\\/\\\/batijournal.com\\\/#website\",\"url\":\"https:\\\/\\\/batijournal.com\\\/\",\"name\":\"Batijournal\",\"description\":\"L&#039;actualit\u00e9 du b\u00e2timent\",\"potentialAction\":[{\"@type\":\"SearchAction\",\"target\":{\"@type\":\"EntryPoint\",\"urlTemplate\":\"https:\\\/\\\/batijournal.com\\\/?s={search_term_string}\"},\"query-input\":{\"@type\":\"PropertyValueSpecification\",\"valueRequired\":true,\"valueName\":\"search_term_string\"}}],\"inLanguage\":\"fr-FR\"},{\"@type\":\"Person\",\"@id\":\"https:\\\/\\\/batijournal.com\\\/#\\\/schema\\\/person\\\/1dc96ec6957aa1ccb25ebe78bb19f100\",\"name\":\"St\u00e9phane Miget\",\"image\":{\"@type\":\"ImageObject\",\"inLanguage\":\"fr-FR\",\"@id\":\"https:\\\/\\\/secure.gravatar.com\\\/avatar\\\/89915563d925342126b8ef0281b93d9d7fc337043e8df017f780908eb9644451?s=96&d=mm&r=g\",\"url\":\"https:\\\/\\\/secure.gravatar.com\\\/avatar\\\/89915563d925342126b8ef0281b93d9d7fc337043e8df017f780908eb9644451?s=96&d=mm&r=g\",\"contentUrl\":\"https:\\\/\\\/secure.gravatar.com\\\/avatar\\\/89915563d925342126b8ef0281b93d9d7fc337043e8df017f780908eb9644451?s=96&d=mm&r=g\",\"caption\":\"St\u00e9phane Miget\"},\"url\":\"https:\\\/\\\/batijournal.com\\\/index.php\\\/author\\\/stephane\\\/\"}]}<\/script>\n<!-- \/ Yoast SEO plugin. -->","yoast_head_json":{"title":"Changement climatique : l'accord de Paris entrera en vigueur en novembre 2016","robots":{"index":"index","follow":"follow","max-snippet":"max-snippet:-1","max-image-preview":"max-image-preview:large","max-video-preview":"max-video-preview:-1"},"canonical":"https:\/\/batijournal.com\/index.php\/changement-climatique-laccord-de-paris-entrera-vigueur-novembre-2016\/93897\/","og_locale":"fr_FR","og_type":"article","og_title":"Changement climatique : l'accord de Paris entrera en vigueur en novembre 2016","og_description":"L\u2019accord de Paris sur la lutte contre le changement climatique entrera bien en vigueur en novembre\u00a0prochain, gr\u00e2ce\u00a0au Parlement europ\u00e9en qui a d\u00e9cid\u00e9 de sa ratification par l\u2019Union europ\u00e9enne dans un vote historique le 4 octobre 2016.\u00a0 L\u2019UE se joindra aux \u00c9tats-Unis, \u00e0 la Chine et \u00e0 l\u2019Inde, autres acteurs mondiaux et principaux \u00e9metteurs de gaz [&hellip;]","og_url":"https:\/\/batijournal.com\/index.php\/changement-climatique-laccord-de-paris-entrera-vigueur-novembre-2016\/93897\/","og_site_name":"Batijournal","article_published_time":"2016-10-04T13:26:10+00:00","article_modified_time":"2019-07-15T10:23:39+00:00","og_image":[{"width":1024,"height":685,"url":"https:\/\/batijournal.com\/wp-content\/uploads\/2016\/10\/ratification-accord-paris-cop21-cop22.jpg","type":"image\/jpeg"}],"author":"St\u00e9phane Miget","twitter_card":"summary_large_image","twitter_creator":"@bati_journal","twitter_site":"@bati_journal","twitter_misc":{"\u00c9crit par":"St\u00e9phane Miget","Dur\u00e9e de lecture estim\u00e9e":"1 minute"},"schema":{"@context":"https:\/\/schema.org","@graph":[{"@type":"Article","@id":"https:\/\/batijournal.com\/index.php\/changement-climatique-laccord-de-paris-entrera-vigueur-novembre-2016\/93897\/#article","isPartOf":{"@id":"https:\/\/batijournal.com\/index.php\/changement-climatique-laccord-de-paris-entrera-vigueur-novembre-2016\/93897\/"},"author":{"name":"St\u00e9phane Miget","@id":"https:\/\/batijournal.com\/#\/schema\/person\/1dc96ec6957aa1ccb25ebe78bb19f100"},"headline":"Changement climatique : l&rsquo;accord de Paris entrera en vigueur en novembre 2016","datePublished":"2016-10-04T13:26:10+00:00","dateModified":"2019-07-15T10:23:39+00:00","mainEntityOfPage":{"@id":"https:\/\/batijournal.com\/index.php\/changement-climatique-laccord-de-paris-entrera-vigueur-novembre-2016\/93897\/"},"wordCount":146,"image":{"@id":"https:\/\/batijournal.com\/index.php\/changement-climatique-laccord-de-paris-entrera-vigueur-novembre-2016\/93897\/#primaryimage"},"thumbnailUrl":"https:\/\/batijournal.com\/wp-content\/uploads\/2016\/10\/ratification-accord-paris-cop21-cop22.jpg","keywords":["cop21","cop22","rechauffement climatique"],"articleSection":["\u00c9nergie &amp; Environnement"],"inLanguage":"fr-FR"},{"@type":"WebPage","@id":"https:\/\/batijournal.com\/index.php\/changement-climatique-laccord-de-paris-entrera-vigueur-novembre-2016\/93897\/","url":"https:\/\/batijournal.com\/index.php\/changement-climatique-laccord-de-paris-entrera-vigueur-novembre-2016\/93897\/","name":"Changement climatique : l'accord de Paris entrera en vigueur en novembre 2016","isPartOf":{"@id":"https:\/\/batijournal.com\/#website"},"primaryImageOfPage":{"@id":"https:\/\/batijournal.com\/index.php\/changement-climatique-laccord-de-paris-entrera-vigueur-novembre-2016\/93897\/#primaryimage"},"image":{"@id":"https:\/\/batijournal.com\/index.php\/changement-climatique-laccord-de-paris-entrera-vigueur-novembre-2016\/93897\/#primaryimage"},"thumbnailUrl":"https:\/\/batijournal.com\/wp-content\/uploads\/2016\/10\/ratification-accord-paris-cop21-cop22.jpg","datePublished":"2016-10-04T13:26:10+00:00","dateModified":"2019-07-15T10:23:39+00:00","author":{"@id":"https:\/\/batijournal.com\/#\/schema\/person\/1dc96ec6957aa1ccb25ebe78bb19f100"},"breadcrumb":{"@id":"https:\/\/batijournal.com\/index.php\/changement-climatique-laccord-de-paris-entrera-vigueur-novembre-2016\/93897\/#breadcrumb"},"inLanguage":"fr-FR","potentialAction":[{"@type":"ReadAction","target":["https:\/\/batijournal.com\/index.php\/changement-climatique-laccord-de-paris-entrera-vigueur-novembre-2016\/93897\/"]}]},{"@type":"ImageObject","inLanguage":"fr-FR","@id":"https:\/\/batijournal.com\/index.php\/changement-climatique-laccord-de-paris-entrera-vigueur-novembre-2016\/93897\/#primaryimage","url":"https:\/\/batijournal.com\/wp-content\/uploads\/2016\/10\/ratification-accord-paris-cop21-cop22.jpg","contentUrl":"https:\/\/batijournal.com\/wp-content\/uploads\/2016\/10\/ratification-accord-paris-cop21-cop22.jpg","width":1024,"height":685},{"@type":"BreadcrumbList","@id":"https:\/\/batijournal.com\/index.php\/changement-climatique-laccord-de-paris-entrera-vigueur-novembre-2016\/93897\/#breadcrumb","itemListElement":[{"@type":"ListItem","position":1,"name":"Accueil","item":"https:\/\/batijournal.com\/"},{"@type":"ListItem","position":2,"name":"Actualit\u00e9s","item":"https:\/\/batijournal.com\/index.php\/category\/actualites\/"},{"@type":"ListItem","position":3,"name":"\u00c9nergie &amp; Environnement","item":"https:\/\/batijournal.com\/index.php\/category\/actualites\/energie-environnement\/"},{"@type":"ListItem","position":4,"name":"Changement climatique : l&rsquo;accord de Paris entrera en vigueur en novembre 2016"}]},{"@type":"WebSite","@id":"https:\/\/batijournal.com\/#website","url":"https:\/\/batijournal.com\/","name":"Batijournal","description":"L&#039;actualit\u00e9 du b\u00e2timent","potentialAction":[{"@type":"SearchAction","target":{"@type":"EntryPoint","urlTemplate":"https:\/\/batijournal.com\/?s={search_term_string}"},"query-input":{"@type":"PropertyValueSpecification","valueRequired":true,"valueName":"search_term_string"}}],"inLanguage":"fr-FR"},{"@type":"Person","@id":"https:\/\/batijournal.com\/#\/schema\/person\/1dc96ec6957aa1ccb25ebe78bb19f100","name":"St\u00e9phane Miget","image":{"@type":"ImageObject","inLanguage":"fr-FR","@id":"https:\/\/secure.gravatar.com\/avatar\/89915563d925342126b8ef0281b93d9d7fc337043e8df017f780908eb9644451?s=96&d=mm&r=g","url":"https:\/\/secure.gravatar.com\/avatar\/89915563d925342126b8ef0281b93d9d7fc337043e8df017f780908eb9644451?s=96&d=mm&r=g","contentUrl":"https:\/\/secure.gravatar.com\/avatar\/89915563d925342126b8ef0281b93d9d7fc337043e8df017f780908eb9644451?s=96&d=mm&r=g","caption":"St\u00e9phane Miget"},"url":"https:\/\/batijournal.com\/index.php\/author\/stephane\/"}]}},"_links":{"self":[{"href":"https:\/\/batijournal.com\/index.php\/wp-json\/wp\/v2\/posts\/93897","targetHints":{"allow":["GET"]}}],"collection":[{"href":"https:\/\/batijournal.com\/index.php\/wp-json\/wp\/v2\/posts"}],"about":[{"href":"https:\/\/batijournal.com\/index.php\/wp-json\/wp\/v2\/types\/post"}],"author":[{"embeddable":true,"href":"https:\/\/batijournal.com\/index.php\/wp-json\/wp\/v2\/users\/17"}],"replies":[{"embeddable":true,"href":"https:\/\/batijournal.com\/index.php\/wp-json\/wp\/v2\/comments?post=93897"}],"version-history":[{"count":0,"href":"https:\/\/batijournal.com\/index.php\/wp-json\/wp\/v2\/posts\/93897\/revisions"}],"wp:featuredmedia":[{"embeddable":true,"href":"https:\/\/batijournal.com\/index.php\/wp-json\/wp\/v2\/media\/93898"}],"wp:attachment":[{"href":"https:\/\/batijournal.com\/index.php\/wp-json\/wp\/v2\/media?parent=93897"}],"wp:term":[{"taxonomy":"category","embeddable":true,"href":"https:\/\/batijournal.com\/index.php\/wp-json\/wp\/v2\/categories?post=93897"},{"taxonomy":"post_tag","embeddable":true,"href":"https:\/\/batijournal.com\/index.php\/wp-json\/wp\/v2\/tags?post=93897"}],"curies":[{"name":"wp","href":"https:\/\/api.w.org\/{rel}","templated":true}]}}