{"id":93902,"date":"2016-10-05T11:23:21","date_gmt":"2016-10-05T09:23:21","guid":{"rendered":"http:\/\/batijournal.com\/?p=93902"},"modified":"2019-07-15T11:16:19","modified_gmt":"2019-07-15T09:16:19","slug":"gare-de-vitry-archeologie-autour-grand-paris-express","status":"publish","type":"post","link":"https:\/\/batijournal.com\/index.php\/gare-de-vitry-archeologie-autour-grand-paris-express\/93902\/","title":{"rendered":"En gare de Vitry : arch\u00e9ologie autour du Grand Paris Express"},"content":{"rendered":"<p><strong>\u00c0 Vitry-sur-Seine, une \u00e9quipe d\u2019arch\u00e9ologues de l\u2019Inrap fouille, sur prescription de la Drac \u00cele-de-France, un vaste site \u00e0 l\u2019emplacement de la future gare de Vitry sur la ligne 15 du m\u00e9tro. Des vestiges dat\u00e9s de l\u2019Antiquit\u00e9 \u00e0 la p\u00e9riode contemporaine ont \u00e9t\u00e9 rep\u00e9r\u00e9s sur le site de 4 400 m2. La fouille porte d\u00e9sormais sur la n\u00e9cropole de la fin de l\u2019Antiquit\u00e9 et du haut Moyen \u00c2ge, l\u2019occupation m\u00e9di\u00e9vale et enfin, sur les structures de l\u2019\u00e9poque moderne.<\/strong><\/p>\n<p>L\u2019op\u00e9ration s\u2019articule autour de trois th\u00e8mes. Sur le terrain s\u2019\u00e9levait une maison bourgeoise du XVIIe si\u00e8cle, la \u00ab maison des Lierres \u00bb. Les arch\u00e9ologues s\u2019attachent \u00e0 reconna\u00eetre ses am\u00e9nagements paysag\u00e9s et hydrauliques. Y figure notamment un judicieux syst\u00e8me de distribution d\u2019eau, compos\u00e9 de puits et robinet, caract\u00e9ristique du g\u00e9nie hydraulique de cette p\u00e9riode. Sous la cour de la maison des Lierres, les arch\u00e9ologues recherchent des caves afin de comprendre l\u2019occupation du Moyen \u00c2ge tardif. Enfin, la fouille porte sur un ensemble fun\u00e9raire rarement observ\u00e9 en Ile de France : des s\u00e9pultures en coffre de pierre, en coffre de tuiles antiques, en bois ou encore en sarcophage de pl\u00e2tre. Cette diversit\u00e9 t\u00e9moigne de l\u2019\u00e9volution des pratiques fun\u00e9raires entre les IVe et VIIIe si\u00e8cles.<\/p>\n<p>La fouille de Vitry-sur-Seine est la deuxi\u00e8me op\u00e9ration men\u00e9e par l\u2019Inrap dans le cadre du march\u00e9 public pass\u00e9 avec la SGP. Elle a d\u00e9but\u00e9 le 29 ao\u00fbt et s\u2019ach\u00e8vera \u00e0 la fin du mois de novembre, laissant place \u00e0 la poursuite des travaux du Grand Paris express. Les r\u00e9sultats scientifiques de cette fouille compl\u00e8teront nos connaissances sur le territoire francilien. En associant l\u2019\u00c9tat et les collectivit\u00e9s territoriales, ce savoir sera restitu\u00e9 aux habitants d\u2019aujourd\u2019hui.<\/p>\n<p><img loading=\"lazy\" decoding=\"async\" class=\"alignleft size-full wp-image-93904\" src=\"https:\/\/batijournal.com\/wp-content\/uploads\/2016\/10\/fouilles-grand-paris-2.jpg\" alt=\"fouilles-grand-paris-2\" width=\"1920\" height=\"1080\" srcset=\"https:\/\/batijournal.com\/wp-content\/uploads\/2016\/10\/fouilles-grand-paris-2.jpg 1920w, https:\/\/batijournal.com\/wp-content\/uploads\/2016\/10\/fouilles-grand-paris-2-150x84.jpg 150w, https:\/\/batijournal.com\/wp-content\/uploads\/2016\/10\/fouilles-grand-paris-2-300x169.jpg 300w, https:\/\/batijournal.com\/wp-content\/uploads\/2016\/10\/fouilles-grand-paris-2-768x432.jpg 768w, https:\/\/batijournal.com\/wp-content\/uploads\/2016\/10\/fouilles-grand-paris-2-1024x576.jpg 1024w, https:\/\/batijournal.com\/wp-content\/uploads\/2016\/10\/fouilles-grand-paris-2-600x338.jpg 600w\" sizes=\"(max-width: 1920px) 100vw, 1920px\" \/><\/p>\n<p>Photos :\u00a0Mahaut Tyrrell, Inrap<\/p>\n<p>&nbsp;<\/p>\n","protected":false},"excerpt":{"rendered":"<p>\u00c0 Vitry-sur-Seine, une \u00e9quipe d\u2019arch\u00e9ologues de l\u2019Inrap fouille, sur prescription de la Drac \u00cele-de-France, un vaste site \u00e0 l\u2019emplacement de la future gare de Vitry sur la ligne 15 du m\u00e9tro. Des vestiges dat\u00e9s de l\u2019Antiquit\u00e9 \u00e0 la p\u00e9riode contemporaine ont \u00e9t\u00e9 rep\u00e9r\u00e9s sur le site de 4 400 m2. La fouille porte d\u00e9sormais sur [&hellip;]<\/p>\n","protected":false},"author":17,"featured_media":93903,"comment_status":"closed","ping_status":"closed","sticky":false,"template":"","format":"standard","meta":{"_et_pb_use_builder":"","_et_pb_old_content":"","_et_gb_content_width":"","footnotes":""},"categories":[6340],"tags":[4922,6454],"class_list":["post-93902","post","type-post","status-publish","format-standard","has-post-thumbnail","hentry","category-architecture-conception","tag-grand-paris","tag-inrap"],"yoast_head":"<!-- This site is optimized with the Yoast SEO plugin v27.4 - https:\/\/yoast.com\/product\/yoast-seo-wordpress\/ -->\n<title>En gare de Vitry : arch\u00e9ologie autour du Grand Paris Express<\/title>\n<meta name=\"robots\" content=\"index, follow, max-snippet:-1, max-image-preview:large, max-video-preview:-1\" \/>\n<link rel=\"canonical\" href=\"https:\/\/batijournal.com\/index.php\/gare-de-vitry-archeologie-autour-grand-paris-express\/93902\/\" \/>\n<meta property=\"og:locale\" content=\"fr_FR\" \/>\n<meta property=\"og:type\" content=\"article\" \/>\n<meta property=\"og:title\" content=\"En gare de Vitry : arch\u00e9ologie autour du Grand Paris Express\" \/>\n<meta property=\"og:description\" content=\"\u00c0 Vitry-sur-Seine, une \u00e9quipe d\u2019arch\u00e9ologues de l\u2019Inrap fouille, sur prescription de la Drac \u00cele-de-France, un vaste site \u00e0 l\u2019emplacement de la future gare de Vitry sur la ligne 15 du m\u00e9tro. Des vestiges dat\u00e9s de l\u2019Antiquit\u00e9 \u00e0 la p\u00e9riode contemporaine ont \u00e9t\u00e9 rep\u00e9r\u00e9s sur le site de 4 400 m2. La fouille porte d\u00e9sormais sur [&hellip;]\" \/>\n<meta property=\"og:url\" content=\"https:\/\/batijournal.com\/index.php\/gare-de-vitry-archeologie-autour-grand-paris-express\/93902\/\" \/>\n<meta property=\"og:site_name\" content=\"Batijournal\" \/>\n<meta property=\"article:published_time\" content=\"2016-10-05T09:23:21+00:00\" \/>\n<meta property=\"article:modified_time\" content=\"2019-07-15T09:16:19+00:00\" \/>\n<meta property=\"og:image\" content=\"https:\/\/batijournal.com\/wp-content\/uploads\/2016\/10\/fouilles-grand-paris-1.jpg\" \/>\n\t<meta property=\"og:image:width\" content=\"1920\" \/>\n\t<meta property=\"og:image:height\" content=\"1080\" \/>\n\t<meta property=\"og:image:type\" content=\"image\/jpeg\" \/>\n<meta name=\"author\" content=\"St\u00e9phane Miget\" \/>\n<meta name=\"twitter:card\" content=\"summary_large_image\" \/>\n<meta name=\"twitter:creator\" content=\"@bati_journal\" \/>\n<meta name=\"twitter:site\" content=\"@bati_journal\" \/>\n<meta name=\"twitter:label1\" content=\"\u00c9crit par\" \/>\n\t<meta name=\"twitter:data1\" content=\"St\u00e9phane Miget\" \/>\n\t<meta name=\"twitter:label2\" content=\"Dur\u00e9e de lecture estim\u00e9e\" \/>\n\t<meta name=\"twitter:data2\" content=\"2 minutes\" \/>\n<script type=\"application\/ld+json\" class=\"yoast-schema-graph\">{\"@context\":\"https:\\\/\\\/schema.org\",\"@graph\":[{\"@type\":\"Article\",\"@id\":\"https:\\\/\\\/batijournal.com\\\/index.php\\\/gare-de-vitry-archeologie-autour-grand-paris-express\\\/93902\\\/#article\",\"isPartOf\":{\"@id\":\"https:\\\/\\\/batijournal.com\\\/index.php\\\/gare-de-vitry-archeologie-autour-grand-paris-express\\\/93902\\\/\"},\"author\":{\"name\":\"St\u00e9phane Miget\",\"@id\":\"https:\\\/\\\/batijournal.com\\\/#\\\/schema\\\/person\\\/1dc96ec6957aa1ccb25ebe78bb19f100\"},\"headline\":\"En gare de Vitry : arch\u00e9ologie autour du Grand Paris Express\",\"datePublished\":\"2016-10-05T09:23:21+00:00\",\"dateModified\":\"2019-07-15T09:16:19+00:00\",\"mainEntityOfPage\":{\"@id\":\"https:\\\/\\\/batijournal.com\\\/index.php\\\/gare-de-vitry-archeologie-autour-grand-paris-express\\\/93902\\\/\"},\"wordCount\":332,\"image\":{\"@id\":\"https:\\\/\\\/batijournal.com\\\/index.php\\\/gare-de-vitry-archeologie-autour-grand-paris-express\\\/93902\\\/#primaryimage\"},\"thumbnailUrl\":\"https:\\\/\\\/batijournal.com\\\/wp-content\\\/uploads\\\/2016\\\/10\\\/fouilles-grand-paris-1.jpg\",\"keywords\":[\"grand paris\",\"inrap\"],\"articleSection\":[\"Architecture &amp; Conception\"],\"inLanguage\":\"fr-FR\"},{\"@type\":\"WebPage\",\"@id\":\"https:\\\/\\\/batijournal.com\\\/index.php\\\/gare-de-vitry-archeologie-autour-grand-paris-express\\\/93902\\\/\",\"url\":\"https:\\\/\\\/batijournal.com\\\/index.php\\\/gare-de-vitry-archeologie-autour-grand-paris-express\\\/93902\\\/\",\"name\":\"En gare de Vitry : arch\u00e9ologie autour du Grand Paris Express\",\"isPartOf\":{\"@id\":\"https:\\\/\\\/batijournal.com\\\/#website\"},\"primaryImageOfPage\":{\"@id\":\"https:\\\/\\\/batijournal.com\\\/index.php\\\/gare-de-vitry-archeologie-autour-grand-paris-express\\\/93902\\\/#primaryimage\"},\"image\":{\"@id\":\"https:\\\/\\\/batijournal.com\\\/index.php\\\/gare-de-vitry-archeologie-autour-grand-paris-express\\\/93902\\\/#primaryimage\"},\"thumbnailUrl\":\"https:\\\/\\\/batijournal.com\\\/wp-content\\\/uploads\\\/2016\\\/10\\\/fouilles-grand-paris-1.jpg\",\"datePublished\":\"2016-10-05T09:23:21+00:00\",\"dateModified\":\"2019-07-15T09:16:19+00:00\",\"author\":{\"@id\":\"https:\\\/\\\/batijournal.com\\\/#\\\/schema\\\/person\\\/1dc96ec6957aa1ccb25ebe78bb19f100\"},\"breadcrumb\":{\"@id\":\"https:\\\/\\\/batijournal.com\\\/index.php\\\/gare-de-vitry-archeologie-autour-grand-paris-express\\\/93902\\\/#breadcrumb\"},\"inLanguage\":\"fr-FR\",\"potentialAction\":[{\"@type\":\"ReadAction\",\"target\":[\"https:\\\/\\\/batijournal.com\\\/index.php\\\/gare-de-vitry-archeologie-autour-grand-paris-express\\\/93902\\\/\"]}]},{\"@type\":\"ImageObject\",\"inLanguage\":\"fr-FR\",\"@id\":\"https:\\\/\\\/batijournal.com\\\/index.php\\\/gare-de-vitry-archeologie-autour-grand-paris-express\\\/93902\\\/#primaryimage\",\"url\":\"https:\\\/\\\/batijournal.com\\\/wp-content\\\/uploads\\\/2016\\\/10\\\/fouilles-grand-paris-1.jpg\",\"contentUrl\":\"https:\\\/\\\/batijournal.com\\\/wp-content\\\/uploads\\\/2016\\\/10\\\/fouilles-grand-paris-1.jpg\",\"width\":1920,\"height\":1080},{\"@type\":\"BreadcrumbList\",\"@id\":\"https:\\\/\\\/batijournal.com\\\/index.php\\\/gare-de-vitry-archeologie-autour-grand-paris-express\\\/93902\\\/#breadcrumb\",\"itemListElement\":[{\"@type\":\"ListItem\",\"position\":1,\"name\":\"Accueil\",\"item\":\"https:\\\/\\\/batijournal.com\\\/\"},{\"@type\":\"ListItem\",\"position\":2,\"name\":\"Actualit\u00e9s\",\"item\":\"https:\\\/\\\/batijournal.com\\\/index.php\\\/category\\\/actualites\\\/\"},{\"@type\":\"ListItem\",\"position\":3,\"name\":\"Architecture &amp; Conception\",\"item\":\"https:\\\/\\\/batijournal.com\\\/index.php\\\/category\\\/actualites\\\/architecture-conception\\\/\"},{\"@type\":\"ListItem\",\"position\":4,\"name\":\"En gare de Vitry : arch\u00e9ologie autour du Grand Paris Express\"}]},{\"@type\":\"WebSite\",\"@id\":\"https:\\\/\\\/batijournal.com\\\/#website\",\"url\":\"https:\\\/\\\/batijournal.com\\\/\",\"name\":\"Batijournal\",\"description\":\"L&#039;actualit\u00e9 du b\u00e2timent\",\"potentialAction\":[{\"@type\":\"SearchAction\",\"target\":{\"@type\":\"EntryPoint\",\"urlTemplate\":\"https:\\\/\\\/batijournal.com\\\/?s={search_term_string}\"},\"query-input\":{\"@type\":\"PropertyValueSpecification\",\"valueRequired\":true,\"valueName\":\"search_term_string\"}}],\"inLanguage\":\"fr-FR\"},{\"@type\":\"Person\",\"@id\":\"https:\\\/\\\/batijournal.com\\\/#\\\/schema\\\/person\\\/1dc96ec6957aa1ccb25ebe78bb19f100\",\"name\":\"St\u00e9phane Miget\",\"image\":{\"@type\":\"ImageObject\",\"inLanguage\":\"fr-FR\",\"@id\":\"https:\\\/\\\/secure.gravatar.com\\\/avatar\\\/89915563d925342126b8ef0281b93d9d7fc337043e8df017f780908eb9644451?s=96&d=mm&r=g\",\"url\":\"https:\\\/\\\/secure.gravatar.com\\\/avatar\\\/89915563d925342126b8ef0281b93d9d7fc337043e8df017f780908eb9644451?s=96&d=mm&r=g\",\"contentUrl\":\"https:\\\/\\\/secure.gravatar.com\\\/avatar\\\/89915563d925342126b8ef0281b93d9d7fc337043e8df017f780908eb9644451?s=96&d=mm&r=g\",\"caption\":\"St\u00e9phane Miget\"},\"url\":\"https:\\\/\\\/batijournal.com\\\/index.php\\\/author\\\/stephane\\\/\"}]}<\/script>\n<!-- \/ Yoast SEO plugin. -->","yoast_head_json":{"title":"En gare de Vitry : arch\u00e9ologie autour du Grand Paris Express","robots":{"index":"index","follow":"follow","max-snippet":"max-snippet:-1","max-image-preview":"max-image-preview:large","max-video-preview":"max-video-preview:-1"},"canonical":"https:\/\/batijournal.com\/index.php\/gare-de-vitry-archeologie-autour-grand-paris-express\/93902\/","og_locale":"fr_FR","og_type":"article","og_title":"En gare de Vitry : arch\u00e9ologie autour du Grand Paris Express","og_description":"\u00c0 Vitry-sur-Seine, une \u00e9quipe d\u2019arch\u00e9ologues de l\u2019Inrap fouille, sur prescription de la Drac \u00cele-de-France, un vaste site \u00e0 l\u2019emplacement de la future gare de Vitry sur la ligne 15 du m\u00e9tro. Des vestiges dat\u00e9s de l\u2019Antiquit\u00e9 \u00e0 la p\u00e9riode contemporaine ont \u00e9t\u00e9 rep\u00e9r\u00e9s sur le site de 4 400 m2. La fouille porte d\u00e9sormais sur [&hellip;]","og_url":"https:\/\/batijournal.com\/index.php\/gare-de-vitry-archeologie-autour-grand-paris-express\/93902\/","og_site_name":"Batijournal","article_published_time":"2016-10-05T09:23:21+00:00","article_modified_time":"2019-07-15T09:16:19+00:00","og_image":[{"width":1920,"height":1080,"url":"https:\/\/batijournal.com\/wp-content\/uploads\/2016\/10\/fouilles-grand-paris-1.jpg","type":"image\/jpeg"}],"author":"St\u00e9phane Miget","twitter_card":"summary_large_image","twitter_creator":"@bati_journal","twitter_site":"@bati_journal","twitter_misc":{"\u00c9crit par":"St\u00e9phane Miget","Dur\u00e9e de lecture estim\u00e9e":"2 minutes"},"schema":{"@context":"https:\/\/schema.org","@graph":[{"@type":"Article","@id":"https:\/\/batijournal.com\/index.php\/gare-de-vitry-archeologie-autour-grand-paris-express\/93902\/#article","isPartOf":{"@id":"https:\/\/batijournal.com\/index.php\/gare-de-vitry-archeologie-autour-grand-paris-express\/93902\/"},"author":{"name":"St\u00e9phane Miget","@id":"https:\/\/batijournal.com\/#\/schema\/person\/1dc96ec6957aa1ccb25ebe78bb19f100"},"headline":"En gare de Vitry : arch\u00e9ologie autour du Grand Paris Express","datePublished":"2016-10-05T09:23:21+00:00","dateModified":"2019-07-15T09:16:19+00:00","mainEntityOfPage":{"@id":"https:\/\/batijournal.com\/index.php\/gare-de-vitry-archeologie-autour-grand-paris-express\/93902\/"},"wordCount":332,"image":{"@id":"https:\/\/batijournal.com\/index.php\/gare-de-vitry-archeologie-autour-grand-paris-express\/93902\/#primaryimage"},"thumbnailUrl":"https:\/\/batijournal.com\/wp-content\/uploads\/2016\/10\/fouilles-grand-paris-1.jpg","keywords":["grand paris","inrap"],"articleSection":["Architecture &amp; Conception"],"inLanguage":"fr-FR"},{"@type":"WebPage","@id":"https:\/\/batijournal.com\/index.php\/gare-de-vitry-archeologie-autour-grand-paris-express\/93902\/","url":"https:\/\/batijournal.com\/index.php\/gare-de-vitry-archeologie-autour-grand-paris-express\/93902\/","name":"En gare de Vitry : arch\u00e9ologie autour du Grand Paris Express","isPartOf":{"@id":"https:\/\/batijournal.com\/#website"},"primaryImageOfPage":{"@id":"https:\/\/batijournal.com\/index.php\/gare-de-vitry-archeologie-autour-grand-paris-express\/93902\/#primaryimage"},"image":{"@id":"https:\/\/batijournal.com\/index.php\/gare-de-vitry-archeologie-autour-grand-paris-express\/93902\/#primaryimage"},"thumbnailUrl":"https:\/\/batijournal.com\/wp-content\/uploads\/2016\/10\/fouilles-grand-paris-1.jpg","datePublished":"2016-10-05T09:23:21+00:00","dateModified":"2019-07-15T09:16:19+00:00","author":{"@id":"https:\/\/batijournal.com\/#\/schema\/person\/1dc96ec6957aa1ccb25ebe78bb19f100"},"breadcrumb":{"@id":"https:\/\/batijournal.com\/index.php\/gare-de-vitry-archeologie-autour-grand-paris-express\/93902\/#breadcrumb"},"inLanguage":"fr-FR","potentialAction":[{"@type":"ReadAction","target":["https:\/\/batijournal.com\/index.php\/gare-de-vitry-archeologie-autour-grand-paris-express\/93902\/"]}]},{"@type":"ImageObject","inLanguage":"fr-FR","@id":"https:\/\/batijournal.com\/index.php\/gare-de-vitry-archeologie-autour-grand-paris-express\/93902\/#primaryimage","url":"https:\/\/batijournal.com\/wp-content\/uploads\/2016\/10\/fouilles-grand-paris-1.jpg","contentUrl":"https:\/\/batijournal.com\/wp-content\/uploads\/2016\/10\/fouilles-grand-paris-1.jpg","width":1920,"height":1080},{"@type":"BreadcrumbList","@id":"https:\/\/batijournal.com\/index.php\/gare-de-vitry-archeologie-autour-grand-paris-express\/93902\/#breadcrumb","itemListElement":[{"@type":"ListItem","position":1,"name":"Accueil","item":"https:\/\/batijournal.com\/"},{"@type":"ListItem","position":2,"name":"Actualit\u00e9s","item":"https:\/\/batijournal.com\/index.php\/category\/actualites\/"},{"@type":"ListItem","position":3,"name":"Architecture &amp; Conception","item":"https:\/\/batijournal.com\/index.php\/category\/actualites\/architecture-conception\/"},{"@type":"ListItem","position":4,"name":"En gare de Vitry : arch\u00e9ologie autour du Grand Paris Express"}]},{"@type":"WebSite","@id":"https:\/\/batijournal.com\/#website","url":"https:\/\/batijournal.com\/","name":"Batijournal","description":"L&#039;actualit\u00e9 du b\u00e2timent","potentialAction":[{"@type":"SearchAction","target":{"@type":"EntryPoint","urlTemplate":"https:\/\/batijournal.com\/?s={search_term_string}"},"query-input":{"@type":"PropertyValueSpecification","valueRequired":true,"valueName":"search_term_string"}}],"inLanguage":"fr-FR"},{"@type":"Person","@id":"https:\/\/batijournal.com\/#\/schema\/person\/1dc96ec6957aa1ccb25ebe78bb19f100","name":"St\u00e9phane Miget","image":{"@type":"ImageObject","inLanguage":"fr-FR","@id":"https:\/\/secure.gravatar.com\/avatar\/89915563d925342126b8ef0281b93d9d7fc337043e8df017f780908eb9644451?s=96&d=mm&r=g","url":"https:\/\/secure.gravatar.com\/avatar\/89915563d925342126b8ef0281b93d9d7fc337043e8df017f780908eb9644451?s=96&d=mm&r=g","contentUrl":"https:\/\/secure.gravatar.com\/avatar\/89915563d925342126b8ef0281b93d9d7fc337043e8df017f780908eb9644451?s=96&d=mm&r=g","caption":"St\u00e9phane Miget"},"url":"https:\/\/batijournal.com\/index.php\/author\/stephane\/"}]}},"_links":{"self":[{"href":"https:\/\/batijournal.com\/index.php\/wp-json\/wp\/v2\/posts\/93902","targetHints":{"allow":["GET"]}}],"collection":[{"href":"https:\/\/batijournal.com\/index.php\/wp-json\/wp\/v2\/posts"}],"about":[{"href":"https:\/\/batijournal.com\/index.php\/wp-json\/wp\/v2\/types\/post"}],"author":[{"embeddable":true,"href":"https:\/\/batijournal.com\/index.php\/wp-json\/wp\/v2\/users\/17"}],"replies":[{"embeddable":true,"href":"https:\/\/batijournal.com\/index.php\/wp-json\/wp\/v2\/comments?post=93902"}],"version-history":[{"count":0,"href":"https:\/\/batijournal.com\/index.php\/wp-json\/wp\/v2\/posts\/93902\/revisions"}],"wp:featuredmedia":[{"embeddable":true,"href":"https:\/\/batijournal.com\/index.php\/wp-json\/wp\/v2\/media\/93903"}],"wp:attachment":[{"href":"https:\/\/batijournal.com\/index.php\/wp-json\/wp\/v2\/media?parent=93902"}],"wp:term":[{"taxonomy":"category","embeddable":true,"href":"https:\/\/batijournal.com\/index.php\/wp-json\/wp\/v2\/categories?post=93902"},{"taxonomy":"post_tag","embeddable":true,"href":"https:\/\/batijournal.com\/index.php\/wp-json\/wp\/v2\/tags?post=93902"}],"curies":[{"name":"wp","href":"https:\/\/api.w.org\/{rel}","templated":true}]}}