{"id":93997,"date":"2016-10-17T18:13:26","date_gmt":"2016-10-17T16:13:26","guid":{"rendered":"http:\/\/batijournal.com\/?p=93997"},"modified":"2016-10-17T18:15:08","modified_gmt":"2016-10-17T16:15:08","slug":"demarrage-premieres-journees-nationales-de-larchitecture","status":"publish","type":"post","link":"https:\/\/batijournal.com\/index.php\/demarrage-premieres-journees-nationales-de-larchitecture\/93997\/","title":{"rendered":"Bon d\u00e9marrage des premi\u00e8res Journ\u00e9es nationales de l\u2019architecture"},"content":{"rendered":"<p>Les premi\u00e8res Journ\u00e9es nationales de l\u2019architecture ont propos\u00e9 368 initiatives partout en France de vendredi 14 octobre \u00e0 dimanche 16 octobre 2016. Gr\u00e2ce \u00e0 l\u2019engagement et au dynamisme des acteurs du secteur, elles ont \u00a0confirm\u00e9 l\u2019int\u00e9r\u00eat du public pour l\u2019architecture selon le minist\u00e8re qui ne publie pas de chiffres.\u00a0Audrey Azoulay, Ministre de la Culture, salue les partenaires de l\u2019op\u00e9ration, ainsi que l\u2019ensemble des acteurs publics, priv\u00e9s ou associatifs, qui ont su apporter un \u00e9lan dynamique \u00e0 la premi\u00e8re \u00e9dition de ce nouvel \u00e9v\u00e9nement culturel national, qui s\u2019inscrit dans la Strat\u00e9gie nationale pour l\u2019architecture (SNA) et dans le prolongement des dispositions en faveur de l\u2019architecture adopt\u00e9es dans la loi relative \u00e0 la libert\u00e9 de cr\u00e9ation, \u00e0 l\u2019architecture et au patrimoine du 8 juillet 2016.<\/p>\n<p><a class=\"\" href=\"http:\/\/journeesarchitecture.culturecommunication.gouv.fr\/\">http:\/\/journeesarchitecture.culturecommunication.gouv.fr\/<\/a><\/p>\n","protected":false},"excerpt":{"rendered":"<p>Les premi\u00e8res Journ\u00e9es nationales de l\u2019architecture ont propos\u00e9 368 initiatives partout en France de vendredi 14 octobre \u00e0 dimanche 16 octobre 2016. Gr\u00e2ce \u00e0 l\u2019engagement et au dynamisme des acteurs du secteur, elles ont \u00a0confirm\u00e9 l\u2019int\u00e9r\u00eat du public pour l\u2019architecture selon le minist\u00e8re qui ne publie pas de chiffres.\u00a0Audrey Azoulay, Ministre de la Culture, salue [&hellip;]<\/p>\n","protected":false},"author":17,"featured_media":93998,"comment_status":"closed","ping_status":"closed","sticky":false,"template":"","format":"standard","meta":{"_et_pb_use_builder":"","_et_pb_old_content":"","_et_gb_content_width":"","footnotes":""},"categories":[6340],"tags":[4242],"class_list":["post-93997","post","type-post","status-publish","format-standard","has-post-thumbnail","hentry","category-architecture-conception","tag-journees-de-larchitecture"],"yoast_head":"<!-- This site is optimized with the Yoast SEO plugin v27.4 - https:\/\/yoast.com\/product\/yoast-seo-wordpress\/ -->\n<title>Bon d\u00e9marrage des premi\u00e8res Journ\u00e9es nationales de l\u2019architecture<\/title>\n<meta name=\"robots\" content=\"index, follow, max-snippet:-1, max-image-preview:large, max-video-preview:-1\" \/>\n<link rel=\"canonical\" href=\"https:\/\/batijournal.com\/index.php\/demarrage-premieres-journees-nationales-de-larchitecture\/93997\/\" \/>\n<meta property=\"og:locale\" content=\"fr_FR\" \/>\n<meta property=\"og:type\" content=\"article\" \/>\n<meta property=\"og:title\" content=\"Bon d\u00e9marrage des premi\u00e8res Journ\u00e9es nationales de l\u2019architecture\" \/>\n<meta property=\"og:description\" content=\"Les premi\u00e8res Journ\u00e9es nationales de l\u2019architecture ont propos\u00e9 368 initiatives partout en France de vendredi 14 octobre \u00e0 dimanche 16 octobre 2016. Gr\u00e2ce \u00e0 l\u2019engagement et au dynamisme des acteurs du secteur, elles ont \u00a0confirm\u00e9 l\u2019int\u00e9r\u00eat du public pour l\u2019architecture selon le minist\u00e8re qui ne publie pas de chiffres.\u00a0Audrey Azoulay, Ministre de la Culture, salue [&hellip;]\" \/>\n<meta property=\"og:url\" content=\"https:\/\/batijournal.com\/index.php\/demarrage-premieres-journees-nationales-de-larchitecture\/93997\/\" \/>\n<meta property=\"og:site_name\" content=\"Batijournal\" \/>\n<meta property=\"article:published_time\" content=\"2016-10-17T16:13:26+00:00\" \/>\n<meta property=\"article:modified_time\" content=\"2016-10-17T16:15:08+00:00\" \/>\n<meta property=\"og:image\" content=\"https:\/\/batijournal.com\/wp-content\/uploads\/2016\/10\/Les-journees-nationales-de-l_architecture.jpg\" \/>\n\t<meta property=\"og:image:width\" content=\"928\" \/>\n\t<meta property=\"og:image:height\" content=\"397\" \/>\n\t<meta property=\"og:image:type\" content=\"image\/jpeg\" \/>\n<meta name=\"author\" content=\"St\u00e9phane Miget\" \/>\n<meta name=\"twitter:card\" content=\"summary_large_image\" \/>\n<meta name=\"twitter:creator\" content=\"@bati_journal\" \/>\n<meta name=\"twitter:site\" content=\"@bati_journal\" \/>\n<meta name=\"twitter:label1\" content=\"\u00c9crit par\" \/>\n\t<meta name=\"twitter:data1\" content=\"St\u00e9phane Miget\" \/>\n\t<meta name=\"twitter:label2\" content=\"Dur\u00e9e de lecture estim\u00e9e\" \/>\n\t<meta name=\"twitter:data2\" content=\"1 minute\" \/>\n<script type=\"application\/ld+json\" class=\"yoast-schema-graph\">{\"@context\":\"https:\\\/\\\/schema.org\",\"@graph\":[{\"@type\":\"Article\",\"@id\":\"https:\\\/\\\/batijournal.com\\\/index.php\\\/demarrage-premieres-journees-nationales-de-larchitecture\\\/93997\\\/#article\",\"isPartOf\":{\"@id\":\"https:\\\/\\\/batijournal.com\\\/index.php\\\/demarrage-premieres-journees-nationales-de-larchitecture\\\/93997\\\/\"},\"author\":{\"name\":\"St\u00e9phane Miget\",\"@id\":\"https:\\\/\\\/batijournal.com\\\/#\\\/schema\\\/person\\\/1dc96ec6957aa1ccb25ebe78bb19f100\"},\"headline\":\"Bon d\u00e9marrage des premi\u00e8res Journ\u00e9es nationales de l\u2019architecture\",\"datePublished\":\"2016-10-17T16:13:26+00:00\",\"dateModified\":\"2016-10-17T16:15:08+00:00\",\"mainEntityOfPage\":{\"@id\":\"https:\\\/\\\/batijournal.com\\\/index.php\\\/demarrage-premieres-journees-nationales-de-larchitecture\\\/93997\\\/\"},\"wordCount\":153,\"image\":{\"@id\":\"https:\\\/\\\/batijournal.com\\\/index.php\\\/demarrage-premieres-journees-nationales-de-larchitecture\\\/93997\\\/#primaryimage\"},\"thumbnailUrl\":\"https:\\\/\\\/batijournal.com\\\/wp-content\\\/uploads\\\/2016\\\/10\\\/Les-journees-nationales-de-l_architecture.jpg\",\"keywords\":[\"Journ\u00e9es de l'architecture\"],\"articleSection\":[\"Architecture &amp; Conception\"],\"inLanguage\":\"fr-FR\"},{\"@type\":\"WebPage\",\"@id\":\"https:\\\/\\\/batijournal.com\\\/index.php\\\/demarrage-premieres-journees-nationales-de-larchitecture\\\/93997\\\/\",\"url\":\"https:\\\/\\\/batijournal.com\\\/index.php\\\/demarrage-premieres-journees-nationales-de-larchitecture\\\/93997\\\/\",\"name\":\"Bon d\u00e9marrage des premi\u00e8res Journ\u00e9es nationales de l\u2019architecture\",\"isPartOf\":{\"@id\":\"https:\\\/\\\/batijournal.com\\\/#website\"},\"primaryImageOfPage\":{\"@id\":\"https:\\\/\\\/batijournal.com\\\/index.php\\\/demarrage-premieres-journees-nationales-de-larchitecture\\\/93997\\\/#primaryimage\"},\"image\":{\"@id\":\"https:\\\/\\\/batijournal.com\\\/index.php\\\/demarrage-premieres-journees-nationales-de-larchitecture\\\/93997\\\/#primaryimage\"},\"thumbnailUrl\":\"https:\\\/\\\/batijournal.com\\\/wp-content\\\/uploads\\\/2016\\\/10\\\/Les-journees-nationales-de-l_architecture.jpg\",\"datePublished\":\"2016-10-17T16:13:26+00:00\",\"dateModified\":\"2016-10-17T16:15:08+00:00\",\"author\":{\"@id\":\"https:\\\/\\\/batijournal.com\\\/#\\\/schema\\\/person\\\/1dc96ec6957aa1ccb25ebe78bb19f100\"},\"breadcrumb\":{\"@id\":\"https:\\\/\\\/batijournal.com\\\/index.php\\\/demarrage-premieres-journees-nationales-de-larchitecture\\\/93997\\\/#breadcrumb\"},\"inLanguage\":\"fr-FR\",\"potentialAction\":[{\"@type\":\"ReadAction\",\"target\":[\"https:\\\/\\\/batijournal.com\\\/index.php\\\/demarrage-premieres-journees-nationales-de-larchitecture\\\/93997\\\/\"]}]},{\"@type\":\"ImageObject\",\"inLanguage\":\"fr-FR\",\"@id\":\"https:\\\/\\\/batijournal.com\\\/index.php\\\/demarrage-premieres-journees-nationales-de-larchitecture\\\/93997\\\/#primaryimage\",\"url\":\"https:\\\/\\\/batijournal.com\\\/wp-content\\\/uploads\\\/2016\\\/10\\\/Les-journees-nationales-de-l_architecture.jpg\",\"contentUrl\":\"https:\\\/\\\/batijournal.com\\\/wp-content\\\/uploads\\\/2016\\\/10\\\/Les-journees-nationales-de-l_architecture.jpg\",\"width\":928,\"height\":397},{\"@type\":\"BreadcrumbList\",\"@id\":\"https:\\\/\\\/batijournal.com\\\/index.php\\\/demarrage-premieres-journees-nationales-de-larchitecture\\\/93997\\\/#breadcrumb\",\"itemListElement\":[{\"@type\":\"ListItem\",\"position\":1,\"name\":\"Accueil\",\"item\":\"https:\\\/\\\/batijournal.com\\\/\"},{\"@type\":\"ListItem\",\"position\":2,\"name\":\"Actualit\u00e9s\",\"item\":\"https:\\\/\\\/batijournal.com\\\/index.php\\\/category\\\/actualites\\\/\"},{\"@type\":\"ListItem\",\"position\":3,\"name\":\"Architecture &amp; Conception\",\"item\":\"https:\\\/\\\/batijournal.com\\\/index.php\\\/category\\\/actualites\\\/architecture-conception\\\/\"},{\"@type\":\"ListItem\",\"position\":4,\"name\":\"Bon d\u00e9marrage des premi\u00e8res Journ\u00e9es nationales de l\u2019architecture\"}]},{\"@type\":\"WebSite\",\"@id\":\"https:\\\/\\\/batijournal.com\\\/#website\",\"url\":\"https:\\\/\\\/batijournal.com\\\/\",\"name\":\"Batijournal\",\"description\":\"L&#039;actualit\u00e9 du b\u00e2timent\",\"potentialAction\":[{\"@type\":\"SearchAction\",\"target\":{\"@type\":\"EntryPoint\",\"urlTemplate\":\"https:\\\/\\\/batijournal.com\\\/?s={search_term_string}\"},\"query-input\":{\"@type\":\"PropertyValueSpecification\",\"valueRequired\":true,\"valueName\":\"search_term_string\"}}],\"inLanguage\":\"fr-FR\"},{\"@type\":\"Person\",\"@id\":\"https:\\\/\\\/batijournal.com\\\/#\\\/schema\\\/person\\\/1dc96ec6957aa1ccb25ebe78bb19f100\",\"name\":\"St\u00e9phane Miget\",\"image\":{\"@type\":\"ImageObject\",\"inLanguage\":\"fr-FR\",\"@id\":\"https:\\\/\\\/secure.gravatar.com\\\/avatar\\\/89915563d925342126b8ef0281b93d9d7fc337043e8df017f780908eb9644451?s=96&d=mm&r=g\",\"url\":\"https:\\\/\\\/secure.gravatar.com\\\/avatar\\\/89915563d925342126b8ef0281b93d9d7fc337043e8df017f780908eb9644451?s=96&d=mm&r=g\",\"contentUrl\":\"https:\\\/\\\/secure.gravatar.com\\\/avatar\\\/89915563d925342126b8ef0281b93d9d7fc337043e8df017f780908eb9644451?s=96&d=mm&r=g\",\"caption\":\"St\u00e9phane Miget\"},\"url\":\"https:\\\/\\\/batijournal.com\\\/index.php\\\/author\\\/stephane\\\/\"}]}<\/script>\n<!-- \/ Yoast SEO plugin. -->","yoast_head_json":{"title":"Bon d\u00e9marrage des premi\u00e8res Journ\u00e9es nationales de l\u2019architecture","robots":{"index":"index","follow":"follow","max-snippet":"max-snippet:-1","max-image-preview":"max-image-preview:large","max-video-preview":"max-video-preview:-1"},"canonical":"https:\/\/batijournal.com\/index.php\/demarrage-premieres-journees-nationales-de-larchitecture\/93997\/","og_locale":"fr_FR","og_type":"article","og_title":"Bon d\u00e9marrage des premi\u00e8res Journ\u00e9es nationales de l\u2019architecture","og_description":"Les premi\u00e8res Journ\u00e9es nationales de l\u2019architecture ont propos\u00e9 368 initiatives partout en France de vendredi 14 octobre \u00e0 dimanche 16 octobre 2016. Gr\u00e2ce \u00e0 l\u2019engagement et au dynamisme des acteurs du secteur, elles ont \u00a0confirm\u00e9 l\u2019int\u00e9r\u00eat du public pour l\u2019architecture selon le minist\u00e8re qui ne publie pas de chiffres.\u00a0Audrey Azoulay, Ministre de la Culture, salue [&hellip;]","og_url":"https:\/\/batijournal.com\/index.php\/demarrage-premieres-journees-nationales-de-larchitecture\/93997\/","og_site_name":"Batijournal","article_published_time":"2016-10-17T16:13:26+00:00","article_modified_time":"2016-10-17T16:15:08+00:00","og_image":[{"width":928,"height":397,"url":"https:\/\/batijournal.com\/wp-content\/uploads\/2016\/10\/Les-journees-nationales-de-l_architecture.jpg","type":"image\/jpeg"}],"author":"St\u00e9phane Miget","twitter_card":"summary_large_image","twitter_creator":"@bati_journal","twitter_site":"@bati_journal","twitter_misc":{"\u00c9crit par":"St\u00e9phane Miget","Dur\u00e9e de lecture estim\u00e9e":"1 minute"},"schema":{"@context":"https:\/\/schema.org","@graph":[{"@type":"Article","@id":"https:\/\/batijournal.com\/index.php\/demarrage-premieres-journees-nationales-de-larchitecture\/93997\/#article","isPartOf":{"@id":"https:\/\/batijournal.com\/index.php\/demarrage-premieres-journees-nationales-de-larchitecture\/93997\/"},"author":{"name":"St\u00e9phane Miget","@id":"https:\/\/batijournal.com\/#\/schema\/person\/1dc96ec6957aa1ccb25ebe78bb19f100"},"headline":"Bon d\u00e9marrage des premi\u00e8res Journ\u00e9es nationales de l\u2019architecture","datePublished":"2016-10-17T16:13:26+00:00","dateModified":"2016-10-17T16:15:08+00:00","mainEntityOfPage":{"@id":"https:\/\/batijournal.com\/index.php\/demarrage-premieres-journees-nationales-de-larchitecture\/93997\/"},"wordCount":153,"image":{"@id":"https:\/\/batijournal.com\/index.php\/demarrage-premieres-journees-nationales-de-larchitecture\/93997\/#primaryimage"},"thumbnailUrl":"https:\/\/batijournal.com\/wp-content\/uploads\/2016\/10\/Les-journees-nationales-de-l_architecture.jpg","keywords":["Journ\u00e9es de l'architecture"],"articleSection":["Architecture &amp; Conception"],"inLanguage":"fr-FR"},{"@type":"WebPage","@id":"https:\/\/batijournal.com\/index.php\/demarrage-premieres-journees-nationales-de-larchitecture\/93997\/","url":"https:\/\/batijournal.com\/index.php\/demarrage-premieres-journees-nationales-de-larchitecture\/93997\/","name":"Bon d\u00e9marrage des premi\u00e8res Journ\u00e9es nationales de l\u2019architecture","isPartOf":{"@id":"https:\/\/batijournal.com\/#website"},"primaryImageOfPage":{"@id":"https:\/\/batijournal.com\/index.php\/demarrage-premieres-journees-nationales-de-larchitecture\/93997\/#primaryimage"},"image":{"@id":"https:\/\/batijournal.com\/index.php\/demarrage-premieres-journees-nationales-de-larchitecture\/93997\/#primaryimage"},"thumbnailUrl":"https:\/\/batijournal.com\/wp-content\/uploads\/2016\/10\/Les-journees-nationales-de-l_architecture.jpg","datePublished":"2016-10-17T16:13:26+00:00","dateModified":"2016-10-17T16:15:08+00:00","author":{"@id":"https:\/\/batijournal.com\/#\/schema\/person\/1dc96ec6957aa1ccb25ebe78bb19f100"},"breadcrumb":{"@id":"https:\/\/batijournal.com\/index.php\/demarrage-premieres-journees-nationales-de-larchitecture\/93997\/#breadcrumb"},"inLanguage":"fr-FR","potentialAction":[{"@type":"ReadAction","target":["https:\/\/batijournal.com\/index.php\/demarrage-premieres-journees-nationales-de-larchitecture\/93997\/"]}]},{"@type":"ImageObject","inLanguage":"fr-FR","@id":"https:\/\/batijournal.com\/index.php\/demarrage-premieres-journees-nationales-de-larchitecture\/93997\/#primaryimage","url":"https:\/\/batijournal.com\/wp-content\/uploads\/2016\/10\/Les-journees-nationales-de-l_architecture.jpg","contentUrl":"https:\/\/batijournal.com\/wp-content\/uploads\/2016\/10\/Les-journees-nationales-de-l_architecture.jpg","width":928,"height":397},{"@type":"BreadcrumbList","@id":"https:\/\/batijournal.com\/index.php\/demarrage-premieres-journees-nationales-de-larchitecture\/93997\/#breadcrumb","itemListElement":[{"@type":"ListItem","position":1,"name":"Accueil","item":"https:\/\/batijournal.com\/"},{"@type":"ListItem","position":2,"name":"Actualit\u00e9s","item":"https:\/\/batijournal.com\/index.php\/category\/actualites\/"},{"@type":"ListItem","position":3,"name":"Architecture &amp; Conception","item":"https:\/\/batijournal.com\/index.php\/category\/actualites\/architecture-conception\/"},{"@type":"ListItem","position":4,"name":"Bon d\u00e9marrage des premi\u00e8res Journ\u00e9es nationales de l\u2019architecture"}]},{"@type":"WebSite","@id":"https:\/\/batijournal.com\/#website","url":"https:\/\/batijournal.com\/","name":"Batijournal","description":"L&#039;actualit\u00e9 du b\u00e2timent","potentialAction":[{"@type":"SearchAction","target":{"@type":"EntryPoint","urlTemplate":"https:\/\/batijournal.com\/?s={search_term_string}"},"query-input":{"@type":"PropertyValueSpecification","valueRequired":true,"valueName":"search_term_string"}}],"inLanguage":"fr-FR"},{"@type":"Person","@id":"https:\/\/batijournal.com\/#\/schema\/person\/1dc96ec6957aa1ccb25ebe78bb19f100","name":"St\u00e9phane Miget","image":{"@type":"ImageObject","inLanguage":"fr-FR","@id":"https:\/\/secure.gravatar.com\/avatar\/89915563d925342126b8ef0281b93d9d7fc337043e8df017f780908eb9644451?s=96&d=mm&r=g","url":"https:\/\/secure.gravatar.com\/avatar\/89915563d925342126b8ef0281b93d9d7fc337043e8df017f780908eb9644451?s=96&d=mm&r=g","contentUrl":"https:\/\/secure.gravatar.com\/avatar\/89915563d925342126b8ef0281b93d9d7fc337043e8df017f780908eb9644451?s=96&d=mm&r=g","caption":"St\u00e9phane Miget"},"url":"https:\/\/batijournal.com\/index.php\/author\/stephane\/"}]}},"_links":{"self":[{"href":"https:\/\/batijournal.com\/index.php\/wp-json\/wp\/v2\/posts\/93997","targetHints":{"allow":["GET"]}}],"collection":[{"href":"https:\/\/batijournal.com\/index.php\/wp-json\/wp\/v2\/posts"}],"about":[{"href":"https:\/\/batijournal.com\/index.php\/wp-json\/wp\/v2\/types\/post"}],"author":[{"embeddable":true,"href":"https:\/\/batijournal.com\/index.php\/wp-json\/wp\/v2\/users\/17"}],"replies":[{"embeddable":true,"href":"https:\/\/batijournal.com\/index.php\/wp-json\/wp\/v2\/comments?post=93997"}],"version-history":[{"count":0,"href":"https:\/\/batijournal.com\/index.php\/wp-json\/wp\/v2\/posts\/93997\/revisions"}],"wp:featuredmedia":[{"embeddable":true,"href":"https:\/\/batijournal.com\/index.php\/wp-json\/wp\/v2\/media\/93998"}],"wp:attachment":[{"href":"https:\/\/batijournal.com\/index.php\/wp-json\/wp\/v2\/media?parent=93997"}],"wp:term":[{"taxonomy":"category","embeddable":true,"href":"https:\/\/batijournal.com\/index.php\/wp-json\/wp\/v2\/categories?post=93997"},{"taxonomy":"post_tag","embeddable":true,"href":"https:\/\/batijournal.com\/index.php\/wp-json\/wp\/v2\/tags?post=93997"}],"curies":[{"name":"wp","href":"https:\/\/api.w.org\/{rel}","templated":true}]}}