{"id":93999,"date":"2016-10-18T09:35:55","date_gmt":"2016-10-18T07:35:55","guid":{"rendered":"http:\/\/batijournal.com\/?p=93999"},"modified":"2019-07-15T12:23:39","modified_gmt":"2019-07-15T10:23:39","slug":"consultation-publique-programme-national-de-foret-bois","status":"publish","type":"post","link":"https:\/\/batijournal.com\/index.php\/consultation-publique-programme-national-de-foret-bois\/93999\/","title":{"rendered":"Consultation publique sur le programme national de la for\u00eat et du bois"},"content":{"rendered":"<p>St\u00e9phane LE FOLL, ministre de l&rsquo;Agriculture, a ouvert\u00a0la consultation du public sur le programme national de la for\u00eat et du bois (PNFB). Le PNFB, introduit par la Loi d&rsquo;avenir pour l&rsquo;agriculture, l&rsquo;alimentation et la for\u00eat du 13 octobre 2014, fixe les orientations de la politique foresti\u00e8re, en for\u00eat publique et priv\u00e9e, en m\u00e9tropole et en outre-mer, pour une p\u00e9riode de dix ans.<\/p>\n<p>Il se fixe 4 objectifs :<\/p>\n<ul>\n<li>Cr\u00e9er de la valeur en France, en mobilisant durablement la ressource<\/li>\n<li>R\u00e9pondre aux attentes des citoyens et s\u2019int\u00e9grer aux projets de territoires<\/li>\n<li>Conjuguer att\u00e9nuation et adaptation des for\u00eats au changement climatique<\/li>\n<li>D\u00e9velopper des synergies entre for\u00eat et industrie<\/li>\n<\/ul>\n<p>Le Conseil sup\u00e9rieur de la for\u00eat et du bois (CSFB) ainsi que l\u2019Autorit\u00e9 environnementale se sont prononc\u00e9es sur le projet de PNFB. Un m\u00e9moire en r\u00e9ponse aux observations de l\u2019Autorit\u00e9 environnementale est \u00e9galement joint au dossier soumis \u00e0 la consultation du public.<\/p>\n<p><em><a title=\"http:\/\/agriculture.gouv.fr\/consultation-du-public-sur-le-projet-de-programme-national-de-la-foret-et-du-bois (Nouvelle fen\u00eatre)\" href=\"http:\/\/agriculture.gouv.fr\/consultation-du-public-sur-le-projet-de-programme-national-de-la-foret-et-du-bois\" target=\"_blank\" rel=\"noopener noreferrer\">http:\/\/agriculture.gouv.fr\/consultation-du-public-sur-le-projet-de-programme-national-de-la-foret-et-du-bois<\/a><\/em><\/p>\n<p>&nbsp;<\/p>\n","protected":false},"excerpt":{"rendered":"<p>St\u00e9phane LE FOLL, ministre de l&rsquo;Agriculture, a ouvert\u00a0la consultation du public sur le programme national de la for\u00eat et du bois (PNFB). Le PNFB, introduit par la Loi d&rsquo;avenir pour l&rsquo;agriculture, l&rsquo;alimentation et la for\u00eat du 13 octobre 2014, fixe les orientations de la politique foresti\u00e8re, en for\u00eat publique et priv\u00e9e, en m\u00e9tropole et en [&hellip;]<\/p>\n","protected":false},"author":17,"featured_media":91549,"comment_status":"closed","ping_status":"closed","sticky":false,"template":"","format":"standard","meta":{"_et_pb_use_builder":"","_et_pb_old_content":"","_et_gb_content_width":"","footnotes":""},"categories":[6351],"tags":[1017,772],"class_list":["post-93999","post","type-post","status-publish","format-standard","has-post-thumbnail","hentry","category-energie-environnement","tag-filiere-bois","tag-foret"],"yoast_head":"<!-- This site is optimized with the Yoast SEO plugin v27.4 - https:\/\/yoast.com\/product\/yoast-seo-wordpress\/ -->\n<title>Consultation publique sur le programme national de la for\u00eat et du bois<\/title>\n<meta name=\"robots\" content=\"index, follow, max-snippet:-1, max-image-preview:large, max-video-preview:-1\" \/>\n<link rel=\"canonical\" href=\"https:\/\/batijournal.com\/index.php\/consultation-publique-programme-national-de-foret-bois\/93999\/\" \/>\n<meta property=\"og:locale\" content=\"fr_FR\" \/>\n<meta property=\"og:type\" content=\"article\" \/>\n<meta property=\"og:title\" content=\"Consultation publique sur le programme national de la for\u00eat et du bois\" \/>\n<meta property=\"og:description\" content=\"St\u00e9phane LE FOLL, ministre de l&rsquo;Agriculture, a ouvert\u00a0la consultation du public sur le programme national de la for\u00eat et du bois (PNFB). Le PNFB, introduit par la Loi d&rsquo;avenir pour l&rsquo;agriculture, l&rsquo;alimentation et la for\u00eat du 13 octobre 2014, fixe les orientations de la politique foresti\u00e8re, en for\u00eat publique et priv\u00e9e, en m\u00e9tropole et en [&hellip;]\" \/>\n<meta property=\"og:url\" content=\"https:\/\/batijournal.com\/index.php\/consultation-publique-programme-national-de-foret-bois\/93999\/\" \/>\n<meta property=\"og:site_name\" content=\"Batijournal\" \/>\n<meta property=\"article:published_time\" content=\"2016-10-18T07:35:55+00:00\" \/>\n<meta property=\"article:modified_time\" content=\"2019-07-15T10:23:39+00:00\" \/>\n<meta property=\"og:image\" content=\"https:\/\/batijournal.com\/wp-content\/uploads\/2016\/02\/foret.jpg\" \/>\n\t<meta property=\"og:image:width\" content=\"1024\" \/>\n\t<meta property=\"og:image:height\" content=\"683\" \/>\n\t<meta property=\"og:image:type\" content=\"image\/jpeg\" \/>\n<meta name=\"author\" content=\"St\u00e9phane Miget\" \/>\n<meta name=\"twitter:card\" content=\"summary_large_image\" \/>\n<meta name=\"twitter:creator\" content=\"@bati_journal\" \/>\n<meta name=\"twitter:site\" content=\"@bati_journal\" \/>\n<meta name=\"twitter:label1\" content=\"\u00c9crit par\" \/>\n\t<meta name=\"twitter:data1\" content=\"St\u00e9phane Miget\" \/>\n\t<meta name=\"twitter:label2\" content=\"Dur\u00e9e de lecture estim\u00e9e\" \/>\n\t<meta name=\"twitter:data2\" content=\"1 minute\" \/>\n<script type=\"application\/ld+json\" class=\"yoast-schema-graph\">{\"@context\":\"https:\\\/\\\/schema.org\",\"@graph\":[{\"@type\":\"Article\",\"@id\":\"https:\\\/\\\/batijournal.com\\\/index.php\\\/consultation-publique-programme-national-de-foret-bois\\\/93999\\\/#article\",\"isPartOf\":{\"@id\":\"https:\\\/\\\/batijournal.com\\\/index.php\\\/consultation-publique-programme-national-de-foret-bois\\\/93999\\\/\"},\"author\":{\"name\":\"St\u00e9phane Miget\",\"@id\":\"https:\\\/\\\/batijournal.com\\\/#\\\/schema\\\/person\\\/1dc96ec6957aa1ccb25ebe78bb19f100\"},\"headline\":\"Consultation publique sur le programme national de la for\u00eat et du bois\",\"datePublished\":\"2016-10-18T07:35:55+00:00\",\"dateModified\":\"2019-07-15T10:23:39+00:00\",\"mainEntityOfPage\":{\"@id\":\"https:\\\/\\\/batijournal.com\\\/index.php\\\/consultation-publique-programme-national-de-foret-bois\\\/93999\\\/\"},\"wordCount\":190,\"image\":{\"@id\":\"https:\\\/\\\/batijournal.com\\\/index.php\\\/consultation-publique-programme-national-de-foret-bois\\\/93999\\\/#primaryimage\"},\"thumbnailUrl\":\"https:\\\/\\\/batijournal.com\\\/wp-content\\\/uploads\\\/2016\\\/02\\\/foret.jpg\",\"keywords\":[\"fili\u00e8re bois\",\"for\u00eat\"],\"articleSection\":[\"\u00c9nergie &amp; Environnement\"],\"inLanguage\":\"fr-FR\"},{\"@type\":\"WebPage\",\"@id\":\"https:\\\/\\\/batijournal.com\\\/index.php\\\/consultation-publique-programme-national-de-foret-bois\\\/93999\\\/\",\"url\":\"https:\\\/\\\/batijournal.com\\\/index.php\\\/consultation-publique-programme-national-de-foret-bois\\\/93999\\\/\",\"name\":\"Consultation publique sur le programme national de la for\u00eat et du bois\",\"isPartOf\":{\"@id\":\"https:\\\/\\\/batijournal.com\\\/#website\"},\"primaryImageOfPage\":{\"@id\":\"https:\\\/\\\/batijournal.com\\\/index.php\\\/consultation-publique-programme-national-de-foret-bois\\\/93999\\\/#primaryimage\"},\"image\":{\"@id\":\"https:\\\/\\\/batijournal.com\\\/index.php\\\/consultation-publique-programme-national-de-foret-bois\\\/93999\\\/#primaryimage\"},\"thumbnailUrl\":\"https:\\\/\\\/batijournal.com\\\/wp-content\\\/uploads\\\/2016\\\/02\\\/foret.jpg\",\"datePublished\":\"2016-10-18T07:35:55+00:00\",\"dateModified\":\"2019-07-15T10:23:39+00:00\",\"author\":{\"@id\":\"https:\\\/\\\/batijournal.com\\\/#\\\/schema\\\/person\\\/1dc96ec6957aa1ccb25ebe78bb19f100\"},\"breadcrumb\":{\"@id\":\"https:\\\/\\\/batijournal.com\\\/index.php\\\/consultation-publique-programme-national-de-foret-bois\\\/93999\\\/#breadcrumb\"},\"inLanguage\":\"fr-FR\",\"potentialAction\":[{\"@type\":\"ReadAction\",\"target\":[\"https:\\\/\\\/batijournal.com\\\/index.php\\\/consultation-publique-programme-national-de-foret-bois\\\/93999\\\/\"]}]},{\"@type\":\"ImageObject\",\"inLanguage\":\"fr-FR\",\"@id\":\"https:\\\/\\\/batijournal.com\\\/index.php\\\/consultation-publique-programme-national-de-foret-bois\\\/93999\\\/#primaryimage\",\"url\":\"https:\\\/\\\/batijournal.com\\\/wp-content\\\/uploads\\\/2016\\\/02\\\/foret.jpg\",\"contentUrl\":\"https:\\\/\\\/batijournal.com\\\/wp-content\\\/uploads\\\/2016\\\/02\\\/foret.jpg\",\"width\":1024,\"height\":683,\"caption\":\"premier-conseil-superieur-de-foret-et-du-bois-de-2018\"},{\"@type\":\"BreadcrumbList\",\"@id\":\"https:\\\/\\\/batijournal.com\\\/index.php\\\/consultation-publique-programme-national-de-foret-bois\\\/93999\\\/#breadcrumb\",\"itemListElement\":[{\"@type\":\"ListItem\",\"position\":1,\"name\":\"Accueil\",\"item\":\"https:\\\/\\\/batijournal.com\\\/\"},{\"@type\":\"ListItem\",\"position\":2,\"name\":\"Actualit\u00e9s\",\"item\":\"https:\\\/\\\/batijournal.com\\\/index.php\\\/category\\\/actualites\\\/\"},{\"@type\":\"ListItem\",\"position\":3,\"name\":\"\u00c9nergie &amp; Environnement\",\"item\":\"https:\\\/\\\/batijournal.com\\\/index.php\\\/category\\\/actualites\\\/energie-environnement\\\/\"},{\"@type\":\"ListItem\",\"position\":4,\"name\":\"Consultation publique sur le programme national de la for\u00eat et du bois\"}]},{\"@type\":\"WebSite\",\"@id\":\"https:\\\/\\\/batijournal.com\\\/#website\",\"url\":\"https:\\\/\\\/batijournal.com\\\/\",\"name\":\"Batijournal\",\"description\":\"L&#039;actualit\u00e9 du b\u00e2timent\",\"potentialAction\":[{\"@type\":\"SearchAction\",\"target\":{\"@type\":\"EntryPoint\",\"urlTemplate\":\"https:\\\/\\\/batijournal.com\\\/?s={search_term_string}\"},\"query-input\":{\"@type\":\"PropertyValueSpecification\",\"valueRequired\":true,\"valueName\":\"search_term_string\"}}],\"inLanguage\":\"fr-FR\"},{\"@type\":\"Person\",\"@id\":\"https:\\\/\\\/batijournal.com\\\/#\\\/schema\\\/person\\\/1dc96ec6957aa1ccb25ebe78bb19f100\",\"name\":\"St\u00e9phane Miget\",\"image\":{\"@type\":\"ImageObject\",\"inLanguage\":\"fr-FR\",\"@id\":\"https:\\\/\\\/secure.gravatar.com\\\/avatar\\\/89915563d925342126b8ef0281b93d9d7fc337043e8df017f780908eb9644451?s=96&d=mm&r=g\",\"url\":\"https:\\\/\\\/secure.gravatar.com\\\/avatar\\\/89915563d925342126b8ef0281b93d9d7fc337043e8df017f780908eb9644451?s=96&d=mm&r=g\",\"contentUrl\":\"https:\\\/\\\/secure.gravatar.com\\\/avatar\\\/89915563d925342126b8ef0281b93d9d7fc337043e8df017f780908eb9644451?s=96&d=mm&r=g\",\"caption\":\"St\u00e9phane Miget\"},\"url\":\"https:\\\/\\\/batijournal.com\\\/index.php\\\/author\\\/stephane\\\/\"}]}<\/script>\n<!-- \/ Yoast SEO plugin. -->","yoast_head_json":{"title":"Consultation publique sur le programme national de la for\u00eat et du bois","robots":{"index":"index","follow":"follow","max-snippet":"max-snippet:-1","max-image-preview":"max-image-preview:large","max-video-preview":"max-video-preview:-1"},"canonical":"https:\/\/batijournal.com\/index.php\/consultation-publique-programme-national-de-foret-bois\/93999\/","og_locale":"fr_FR","og_type":"article","og_title":"Consultation publique sur le programme national de la for\u00eat et du bois","og_description":"St\u00e9phane LE FOLL, ministre de l&rsquo;Agriculture, a ouvert\u00a0la consultation du public sur le programme national de la for\u00eat et du bois (PNFB). Le PNFB, introduit par la Loi d&rsquo;avenir pour l&rsquo;agriculture, l&rsquo;alimentation et la for\u00eat du 13 octobre 2014, fixe les orientations de la politique foresti\u00e8re, en for\u00eat publique et priv\u00e9e, en m\u00e9tropole et en [&hellip;]","og_url":"https:\/\/batijournal.com\/index.php\/consultation-publique-programme-national-de-foret-bois\/93999\/","og_site_name":"Batijournal","article_published_time":"2016-10-18T07:35:55+00:00","article_modified_time":"2019-07-15T10:23:39+00:00","og_image":[{"width":1024,"height":683,"url":"https:\/\/batijournal.com\/wp-content\/uploads\/2016\/02\/foret.jpg","type":"image\/jpeg"}],"author":"St\u00e9phane Miget","twitter_card":"summary_large_image","twitter_creator":"@bati_journal","twitter_site":"@bati_journal","twitter_misc":{"\u00c9crit par":"St\u00e9phane Miget","Dur\u00e9e de lecture estim\u00e9e":"1 minute"},"schema":{"@context":"https:\/\/schema.org","@graph":[{"@type":"Article","@id":"https:\/\/batijournal.com\/index.php\/consultation-publique-programme-national-de-foret-bois\/93999\/#article","isPartOf":{"@id":"https:\/\/batijournal.com\/index.php\/consultation-publique-programme-national-de-foret-bois\/93999\/"},"author":{"name":"St\u00e9phane Miget","@id":"https:\/\/batijournal.com\/#\/schema\/person\/1dc96ec6957aa1ccb25ebe78bb19f100"},"headline":"Consultation publique sur le programme national de la for\u00eat et du bois","datePublished":"2016-10-18T07:35:55+00:00","dateModified":"2019-07-15T10:23:39+00:00","mainEntityOfPage":{"@id":"https:\/\/batijournal.com\/index.php\/consultation-publique-programme-national-de-foret-bois\/93999\/"},"wordCount":190,"image":{"@id":"https:\/\/batijournal.com\/index.php\/consultation-publique-programme-national-de-foret-bois\/93999\/#primaryimage"},"thumbnailUrl":"https:\/\/batijournal.com\/wp-content\/uploads\/2016\/02\/foret.jpg","keywords":["fili\u00e8re bois","for\u00eat"],"articleSection":["\u00c9nergie &amp; Environnement"],"inLanguage":"fr-FR"},{"@type":"WebPage","@id":"https:\/\/batijournal.com\/index.php\/consultation-publique-programme-national-de-foret-bois\/93999\/","url":"https:\/\/batijournal.com\/index.php\/consultation-publique-programme-national-de-foret-bois\/93999\/","name":"Consultation publique sur le programme national de la for\u00eat et du bois","isPartOf":{"@id":"https:\/\/batijournal.com\/#website"},"primaryImageOfPage":{"@id":"https:\/\/batijournal.com\/index.php\/consultation-publique-programme-national-de-foret-bois\/93999\/#primaryimage"},"image":{"@id":"https:\/\/batijournal.com\/index.php\/consultation-publique-programme-national-de-foret-bois\/93999\/#primaryimage"},"thumbnailUrl":"https:\/\/batijournal.com\/wp-content\/uploads\/2016\/02\/foret.jpg","datePublished":"2016-10-18T07:35:55+00:00","dateModified":"2019-07-15T10:23:39+00:00","author":{"@id":"https:\/\/batijournal.com\/#\/schema\/person\/1dc96ec6957aa1ccb25ebe78bb19f100"},"breadcrumb":{"@id":"https:\/\/batijournal.com\/index.php\/consultation-publique-programme-national-de-foret-bois\/93999\/#breadcrumb"},"inLanguage":"fr-FR","potentialAction":[{"@type":"ReadAction","target":["https:\/\/batijournal.com\/index.php\/consultation-publique-programme-national-de-foret-bois\/93999\/"]}]},{"@type":"ImageObject","inLanguage":"fr-FR","@id":"https:\/\/batijournal.com\/index.php\/consultation-publique-programme-national-de-foret-bois\/93999\/#primaryimage","url":"https:\/\/batijournal.com\/wp-content\/uploads\/2016\/02\/foret.jpg","contentUrl":"https:\/\/batijournal.com\/wp-content\/uploads\/2016\/02\/foret.jpg","width":1024,"height":683,"caption":"premier-conseil-superieur-de-foret-et-du-bois-de-2018"},{"@type":"BreadcrumbList","@id":"https:\/\/batijournal.com\/index.php\/consultation-publique-programme-national-de-foret-bois\/93999\/#breadcrumb","itemListElement":[{"@type":"ListItem","position":1,"name":"Accueil","item":"https:\/\/batijournal.com\/"},{"@type":"ListItem","position":2,"name":"Actualit\u00e9s","item":"https:\/\/batijournal.com\/index.php\/category\/actualites\/"},{"@type":"ListItem","position":3,"name":"\u00c9nergie &amp; Environnement","item":"https:\/\/batijournal.com\/index.php\/category\/actualites\/energie-environnement\/"},{"@type":"ListItem","position":4,"name":"Consultation publique sur le programme national de la for\u00eat et du bois"}]},{"@type":"WebSite","@id":"https:\/\/batijournal.com\/#website","url":"https:\/\/batijournal.com\/","name":"Batijournal","description":"L&#039;actualit\u00e9 du b\u00e2timent","potentialAction":[{"@type":"SearchAction","target":{"@type":"EntryPoint","urlTemplate":"https:\/\/batijournal.com\/?s={search_term_string}"},"query-input":{"@type":"PropertyValueSpecification","valueRequired":true,"valueName":"search_term_string"}}],"inLanguage":"fr-FR"},{"@type":"Person","@id":"https:\/\/batijournal.com\/#\/schema\/person\/1dc96ec6957aa1ccb25ebe78bb19f100","name":"St\u00e9phane Miget","image":{"@type":"ImageObject","inLanguage":"fr-FR","@id":"https:\/\/secure.gravatar.com\/avatar\/89915563d925342126b8ef0281b93d9d7fc337043e8df017f780908eb9644451?s=96&d=mm&r=g","url":"https:\/\/secure.gravatar.com\/avatar\/89915563d925342126b8ef0281b93d9d7fc337043e8df017f780908eb9644451?s=96&d=mm&r=g","contentUrl":"https:\/\/secure.gravatar.com\/avatar\/89915563d925342126b8ef0281b93d9d7fc337043e8df017f780908eb9644451?s=96&d=mm&r=g","caption":"St\u00e9phane Miget"},"url":"https:\/\/batijournal.com\/index.php\/author\/stephane\/"}]}},"_links":{"self":[{"href":"https:\/\/batijournal.com\/index.php\/wp-json\/wp\/v2\/posts\/93999","targetHints":{"allow":["GET"]}}],"collection":[{"href":"https:\/\/batijournal.com\/index.php\/wp-json\/wp\/v2\/posts"}],"about":[{"href":"https:\/\/batijournal.com\/index.php\/wp-json\/wp\/v2\/types\/post"}],"author":[{"embeddable":true,"href":"https:\/\/batijournal.com\/index.php\/wp-json\/wp\/v2\/users\/17"}],"replies":[{"embeddable":true,"href":"https:\/\/batijournal.com\/index.php\/wp-json\/wp\/v2\/comments?post=93999"}],"version-history":[{"count":0,"href":"https:\/\/batijournal.com\/index.php\/wp-json\/wp\/v2\/posts\/93999\/revisions"}],"wp:featuredmedia":[{"embeddable":true,"href":"https:\/\/batijournal.com\/index.php\/wp-json\/wp\/v2\/media\/91549"}],"wp:attachment":[{"href":"https:\/\/batijournal.com\/index.php\/wp-json\/wp\/v2\/media?parent=93999"}],"wp:term":[{"taxonomy":"category","embeddable":true,"href":"https:\/\/batijournal.com\/index.php\/wp-json\/wp\/v2\/categories?post=93999"},{"taxonomy":"post_tag","embeddable":true,"href":"https:\/\/batijournal.com\/index.php\/wp-json\/wp\/v2\/tags?post=93999"}],"curies":[{"name":"wp","href":"https:\/\/api.w.org\/{rel}","templated":true}]}}