{"id":94022,"date":"2016-10-19T12:46:31","date_gmt":"2016-10-19T10:46:31","guid":{"rendered":"http:\/\/batijournal.com\/?p=94022"},"modified":"2019-07-15T12:02:09","modified_gmt":"2019-07-15T10:02:09","slug":"croissance-saccelere-entreprises-artisanales-batiment","status":"publish","type":"post","link":"https:\/\/batijournal.com\/index.php\/croissance-saccelere-entreprises-artisanales-batiment\/94022\/","title":{"rendered":"La croissance s\u2019acc\u00e9l\u00e8re pour les entreprises artisanales du B\u00e2timent"},"content":{"rendered":"<p>[et_pb_section admin_label=\u00a0\u00bbsection\u00a0\u00bb][et_pb_row admin_label=\u00a0\u00bbrow\u00a0\u00bb][et_pb_column type=\u00a0\u00bb1_4&Prime;][\/et_pb_column][et_pb_column type=\u00a0\u00bb3_4&Prime;][et_pb_text admin_label=\u00a0\u00bbTexte\u00a0\u00bb background_layout=\u00a0\u00bblight\u00a0\u00bb text_orientation=\u00a0\u00bbleft\u00a0\u00bb use_border_color=\u00a0\u00bboff\u00a0\u00bb border_color=\u00a0\u00bb#ffffff\u00a0\u00bb border_style=\u00a0\u00bbsolid\u00a0\u00bb]<\/p>\n<p><strong>La Capeb\u00a0annonce une consolidation de l\u2019activit\u00e9 au 3<sup>e<\/sup>\u00a0trimestre 2016, qui enregistre m\u00eame une progression globale de 2%. Un regain d\u2019activit\u00e9 qui s\u2019intensifie depuis le d\u00e9but de l\u2019ann\u00e9e, port\u00e9 par le march\u00e9 de la construction neuve, qui passe de +1,5% \u00e0 +2% et +3% sur les trois premiers trimestres. Si l\u2019activit\u00e9 s\u2019am\u00e9liore, l\u2019emploi dans l\u2019artisanat du b\u00e2timent continue de baisser (-0,2% sur un an), toutefois une stabilisation de l\u2019effectif peut \u00eatre envisag\u00e9e pour la fin 2016.<\/strong><\/p>\n<p><strong>3<\/strong><strong><sup>e<\/sup><\/strong><strong>\u00a0trimestre 2016\u00a0: de meilleures perspectives se dessinent<\/strong><\/p>\n<p>La tendance positive constat\u00e9e sur les deux pr\u00e9c\u00e9dents trimestres se confirme au troisi\u00e8me trimestre 2016, avec de surcro\u00eet une acc\u00e9l\u00e9ration de l\u2019activit\u00e9 globale qui passe de +1 \u00e0 +2%, boost\u00e9e par un march\u00e9 de la construction neuve qui reprend progressivement des couleurs +3% (contre -5% au 3T2015). La croissance mod\u00e9r\u00e9e de l\u2019activit\u00e9 d\u2019entretien-am\u00e9lioration participe elle aussi \u00e0 l\u2019am\u00e9lioration de la situation du secteur avec +1% (contre \u20131% au 3T2015).<\/p>\n<p>[\/et_pb_text][\/et_pb_column][\/et_pb_row][et_pb_row admin_label=\u00a0\u00bbLigne\u00a0\u00bb][et_pb_column type=\u00a0\u00bb2_3&Prime;][et_pb_text admin_label=\u00a0\u00bbTexte\u00a0\u00bb background_layout=\u00a0\u00bblight\u00a0\u00bb text_orientation=\u00a0\u00bbleft\u00a0\u00bb text_font_size=\u00a0\u00bb20&Prime; use_border_color=\u00a0\u00bboff\u00a0\u00bb border_color=\u00a0\u00bb#ffffff\u00a0\u00bb border_style=\u00a0\u00bbsolid\u00a0\u00bb header_font=\u00a0\u00bb|on|on||\u00a0\u00bb text_font=\u00a0\u00bb|on|on||\u00a0\u00bb text_text_color=\u00a0\u00bb#a0a0a0&Prime;]<\/p>\n<p><b><i>\u00ab\u00a0C\u2019est en travaillant en bonne intelligence avec l\u2019ensemble des acteurs du secteur du B\u00e2timent en France et en tra\u00e7ant une feuille de route claire et coh\u00e9rente que nous pourrons consolider ce regain de l\u2019activit\u00e9 sur l\u2019ensemble du territoire national. Les d\u00e9cideurs politiques doivent inscrire dans la dur\u00e9e les dispositifs tels que l\u2019EcoPTZ, le CITE, la TVA \u00e0 taux r\u00e9duit, qui permettent de g\u00e9n\u00e9rer de l\u2019activit\u00e9 en construction comme en r\u00e9novation. Les acteurs financiers ont aussi leur r\u00f4le \u00e0 jouer pour soutenir les besoins en tr\u00e9sorerie des chefs d\u2019entreprise artisanales.\u00a0\u00bb Patrick Li\u00e9bus, Pr\u00e9sident de la CAPEB<\/i><\/b><\/p>\n<p>[\/et_pb_text][\/et_pb_column][et_pb_column type=\u00a0\u00bb1_3&Prime;][\/et_pb_column][\/et_pb_row][et_pb_row admin_label=\u00a0\u00bbrow\u00a0\u00bb][et_pb_column type=\u00a0\u00bb1_4&Prime;][\/et_pb_column][et_pb_column type=\u00a0\u00bb3_4&Prime;][et_pb_text admin_label=\u00a0\u00bbTexte\u00a0\u00bb background_layout=\u00a0\u00bblight\u00a0\u00bb text_orientation=\u00a0\u00bbleft\u00a0\u00bb use_border_color=\u00a0\u00bboff\u00a0\u00bb border_color=\u00a0\u00bb#ffffff\u00a0\u00bb border_style=\u00a0\u00bbsolid\u00a0\u00bb]<\/p>\n<p><strong>La construction neuve comme premier levier de croissance<\/strong><\/p>\n<p>Alors que les signaux pour l\u2019immobilier se font plus positifs, le nombre de permis de construire de logements d\u00e9pos\u00e9s sur 12 mois cumul\u00e9s connait une croissance \u00e0 deux chiffres, \u00e0 +11,4%. Emport\u00e9es par ce mouvement vertueux, les mises en chantier connaissent une hausse significative de 7,7%, soit 363\u00a0500 logements neufs commenc\u00e9s en cumul sur 12 mois. Ces chiffres sont autant de marqueurs laissant pr\u00e9sager d\u2019une reprise soutenue de la construction neuve dans les prochains mois.<\/p>\n<p>La dynamique d\u2019accompagnement des travaux enclench\u00e9e ses derni\u00e8res ann\u00e9es porte ses premiers fruits, les aides aux travaux ainsi que le dispositif Pinel ont permis de soutenir la demande des m\u00e9nages et des investisseurs.<\/p>\n<p><strong>L\u2019entretien-r\u00e9novation en lente progression<\/strong><\/p>\n<p>L\u2019activit\u00e9 en entretien-r\u00e9novation poursuit sa timide progression au troisi\u00e8me trimestre (+1%), avec une croissance de 1,5% des travaux de performance \u00e9nerg\u00e9tique qui b\u00e9n\u00e9ficient de maintien et\/ou du renforcement des dispositifs d\u2019aide en faveur des \u00e9conomies d\u2019\u00e9nergie.<\/p>\n<p>Principalement gr\u00e2ce \u00e0 des taux d\u2019int\u00e9r\u00eat historiquement bas, 839\u00a0000 ventes de logements anciens ont \u00e9t\u00e9 enregistr\u00e9es en juillet 2016 sur les 12 derniers mois et repr\u00e9sentent un accroissement de 15% sur un an.<\/p>\n<p>[\/et_pb_text][\/et_pb_column][\/et_pb_row][et_pb_row admin_label=\u00a0\u00bbLigne\u00a0\u00bb][et_pb_column type=\u00a0\u00bb2_3&Prime;][et_pb_text admin_label=\u00a0\u00bbTexte\u00a0\u00bb background_layout=\u00a0\u00bblight\u00a0\u00bb text_orientation=\u00a0\u00bbleft\u00a0\u00bb text_font_size=\u00a0\u00bb20&Prime; use_border_color=\u00a0\u00bboff\u00a0\u00bb border_color=\u00a0\u00bb#ffffff\u00a0\u00bb border_style=\u00a0\u00bbsolid\u00a0\u00bb header_font=\u00a0\u00bb|on|on||\u00a0\u00bb text_font=\u00a0\u00bb|on|on||\u00a0\u00bb text_text_color=\u00a0\u00bb#a0a0a0&Prime;]<\/p>\n<p><b><i>\u00ab\u00a0La dynamique positive se poursuit pour nos entreprises du B\u00e2timent dans le sillage de la construction neuve. Dans cette p\u00e9riode charni\u00e8re, nous invitons le gouvernement \u00e0 p\u00e9renniser les mesures efficaces d\u2019aide aux travaux pour soutenir les efforts consentis, ces derni\u00e8res ann\u00e9es, par les chefs d\u2019entreprise artisanales et leurs salari\u00e9s.\u00a0\u00bb\u00a0P. Li\u00e9bus<\/i><\/b><\/p>\n<p>[\/et_pb_text][\/et_pb_column][et_pb_column type=\u00a0\u00bb1_3&Prime;][\/et_pb_column][\/et_pb_row][et_pb_row admin_label=\u00a0\u00bbrow\u00a0\u00bb][et_pb_column type=\u00a0\u00bb1_4&Prime;][\/et_pb_column][et_pb_column type=\u00a0\u00bb3_4&Prime;][et_pb_text admin_label=\u00a0\u00bbTexte\u00a0\u00bb background_layout=\u00a0\u00bblight\u00a0\u00bb text_orientation=\u00a0\u00bbleft\u00a0\u00bb use_border_color=\u00a0\u00bboff\u00a0\u00bb border_color=\u00a0\u00bb#ffffff\u00a0\u00bb border_style=\u00a0\u00bbsolid\u00a0\u00bb]<\/p>\n<p><strong>L\u2019emploi<\/strong><\/p>\n<p>En juillet 2016, pour la premi\u00e8re fois depuis 2 ans, le nombre d\u2019entreprises envisageant de licencier ou de ne pas renouveler des contrats est inf\u00e9rieur au nombre d\u2019entreprises souhaitant embaucher.<\/p>\n<p>88% des entreprises pr\u00e9voient de maintenir l\u2019emploi \u00e0 son niveau actuel au second semestre 2016.<\/p>\n<p>10% des entreprises pensent embaucher des salari\u00e9s suppl\u00e9mentaires (contre seulement 4% un an auparavant). Ces intentions d\u2019embauche concernent aussi bien des remplacements (d\u00e9part en retraite, CDD\u2026) qu\u2019un surcro\u00eet d\u2019activit\u00e9.<\/p>\n<p>Seulement 2% des chefs d\u2019entreprise envisagent de licencier ou de ne pas renouveler les contrats au second semestre 2016 (ce chiffre est le plus faible depuis le 1<sup>er\u00a0<\/sup>semestre 2013).<\/p>\n<p><strong>Une reprise de l\u2019activit\u00e9 g\u00e9n\u00e9ralis\u00e9e mais encore in\u00e9gale en fonction des r\u00e9gions<\/strong><\/p>\n<p>La progression de l\u2019activit\u00e9 est comprise entre 1% et 4% \u00e0 travers l\u2019Hexagone, port\u00e9e comme pour le trimestre pr\u00e9c\u00e9dent par le Grand Ouest &#8211; les Pays-de-la-Loire (+4%) et la Bretagne (+3%) &#8211; qui continuent d\u2019enregistrer une forte hausse. Cinq r\u00e9gions se trouvent sous la moyenne nationale (2%) avec une croissance de l\u2019activit\u00e9 comprise entre 1 et 1,5% pour les r\u00e9gions PACA, Normandie, Centre Val de Loire, Hauts-de-France et Grand Est. Il s\u2019agit l\u00e0 d\u2019un r\u00e9el mieux compar\u00e9 au premier trimestre pour les r\u00e9gions Centre-Val de Loire, Ile-de-France et Bourgogne-Franche-Comt\u00e9 qui enregistraient encore en d\u00e9but d\u2019ann\u00e9e des progressions n\u00e9gatives de l\u2019activit\u00e9.<\/p>\n<p>[\/et_pb_text][\/et_pb_column][\/et_pb_row][et_pb_row admin_label=\u00a0\u00bbLigne\u00a0\u00bb][et_pb_column type=\u00a0\u00bb2_3&Prime;][et_pb_text admin_label=\u00a0\u00bbTexte\u00a0\u00bb background_layout=\u00a0\u00bblight\u00a0\u00bb text_orientation=\u00a0\u00bbleft\u00a0\u00bb text_font_size=\u00a0\u00bb20&Prime; use_border_color=\u00a0\u00bboff\u00a0\u00bb border_color=\u00a0\u00bb#ffffff\u00a0\u00bb border_style=\u00a0\u00bbsolid\u00a0\u00bb header_font=\u00a0\u00bb|on|on||\u00a0\u00bb text_font=\u00a0\u00bb|on|on||\u00a0\u00bb text_text_color=\u00a0\u00bb#a0a0a0&Prime;]<\/p>\n<p><b><i>\u00ab\u00a0Suite \u00e0 la d\u00e9gradation de notre activit\u00e9 durant 15 trimestres, l\u2019entr\u00e9e en vigueur du CICE a jou\u00e9 un l\u00e9ger effet amortisseur de la crise pour un certain nombre d\u2019entreprises artisanales du B\u00e2timent, notamment en mati\u00e8re d\u2019emploi. Toutefois, si l\u2019activit\u00e9 s\u2019am\u00e9liore depuis les 3 derniers trimestres, nous souffrons encore de marges bien insuffisantes, qui risquent de g\u00eaner notre capacit\u00e9 d\u2019investissement, investissements n\u00e9cessaires pour une croissance que nous esp\u00e9rons durable\u00a0\u00bb P. Li\u00e9bus<\/i><\/b><\/p>\n<p>[\/et_pb_text][\/et_pb_column][et_pb_column type=\u00a0\u00bb1_3&Prime;][\/et_pb_column][\/et_pb_row][et_pb_row admin_label=\u00a0\u00bbrow\u00a0\u00bb][et_pb_column type=\u00a0\u00bb1_4&Prime;][\/et_pb_column][et_pb_column type=\u00a0\u00bb3_4&Prime;][et_pb_text admin_label=\u00a0\u00bbTexte\u00a0\u00bb background_layout=\u00a0\u00bblight\u00a0\u00bb text_orientation=\u00a0\u00bbleft\u00a0\u00bb use_border_color=\u00a0\u00bboff\u00a0\u00bb border_color=\u00a0\u00bb#ffffff\u00a0\u00bb border_style=\u00a0\u00bbsolid\u00a0\u00bb]<\/p>\n<p><strong>Des besoins en tr\u00e9sorerie qui baissent<\/strong><\/p>\n<p>Le nombre d\u2019entreprises d\u00e9clarant un besoin de tr\u00e9sorerie baisse par rapport au trimestre pr\u00e9c\u00e9dent, passant de 46% des entreprises \u00e0 39%. Le montant moyen des besoins en tr\u00e9sorerie est en baisse par rapport \u00e0 2015, \u00e9gal \u00e0 17 000 \u20ac contre 18\u00a0000 \u20ac un\u00a0an auparavant. Il r\u00e9duit significativement par rapport au trimestre pr\u00e9c\u00e9dent, qui enregistrait une demande moyenne de cr\u00e9dit de 25\u00a0000 \u20ac.<\/p>\n<p>Pour autant, malgr\u00e9 ce l\u00e9ger mieux, les capacit\u00e9s d\u2019investissement des entreprises pour accompagner la relance de l\u2019activit\u00e9 continuent de d\u00e9pendre du soutien financier des banques.<\/p>\n<p>[\/et_pb_text][\/et_pb_column][\/et_pb_row][\/et_pb_section]<\/p>\n","protected":false},"excerpt":{"rendered":"<p>La Capeb\u00a0annonce une consolidation de l\u2019activit\u00e9 au 3e\u00a0trimestre 2016, qui enregistre m\u00eame une progression globale de 2%. Un regain d\u2019activit\u00e9 qui s\u2019intensifie depuis le d\u00e9but de l\u2019ann\u00e9e, port\u00e9 par le march\u00e9 de la construction neuve, qui passe de +1,5% \u00e0 +2% et +3% sur les trois premiers trimestres. Si l\u2019activit\u00e9 s\u2019am\u00e9liore, l\u2019emploi dans l\u2019artisanat du [&hellip;]<\/p>\n","protected":false},"author":17,"featured_media":91626,"comment_status":"closed","ping_status":"closed","sticky":false,"template":"","format":"standard","meta":{"_et_pb_use_builder":"on","_et_pb_old_content":"<p><strong>La Capeb\u00a0annonce une consolidation de l\u2019activit\u00e9 au 3<sup>e<\/sup>\u00a0trimestre 2016, qui enregistre m\u00eame une progression globale de 2%. Un regain d\u2019activit\u00e9 qui s\u2019intensifie depuis le d\u00e9but de l\u2019ann\u00e9e, port\u00e9 par le march\u00e9 de la construction neuve, qui passe de +1,5% \u00e0 +2% et +3% sur les trois premiers trimestres. Si l\u2019activit\u00e9 s\u2019am\u00e9liore, l\u2019emploi dans l\u2019artisanat du b\u00e2timent continue de baisser (-0,2% sur un an), toutefois une stabilisation de l\u2019effectif peut \u00eatre envisag\u00e9e pour la fin 2016.<\/strong><\/p><p><strong>3<\/strong><strong><sup>e<\/sup><\/strong><strong>\u00a0trimestre 2016\u00a0: de meilleures perspectives se dessinent<\/strong><\/p><p>La tendance positive constat\u00e9e sur les deux pr\u00e9c\u00e9dents trimestres se confirme au troisi\u00e8me trimestre 2016, avec de surcro\u00eet une acc\u00e9l\u00e9ration de l\u2019activit\u00e9 globale qui passe de +1 \u00e0 +2%, boost\u00e9e par un march\u00e9 de la construction neuve qui reprend progressivement des couleurs +3% (contre -5% au 3T2015). La croissance mod\u00e9r\u00e9e de l\u2019activit\u00e9 d\u2019entretien-am\u00e9lioration participe elle aussi \u00e0 l\u2019am\u00e9lioration de la situation du secteur avec +1% (contre \u20131% au 3T2015).<\/p><p><strong>La construction neuve comme premier levier de croissance<\/strong><\/p><p>Alors que les signaux pour l\u2019immobilier se font plus positifs, le nombre de permis de construire de logements d\u00e9pos\u00e9s sur 12 mois cumul\u00e9s connait une croissance \u00e0 deux chiffres, \u00e0 +11,4%. Emport\u00e9es par ce mouvement vertueux, les mises en chantier connaissent une hausse significative de 7,7%, soit 363\u00a0500 logements neufs commenc\u00e9s en cumul sur 12 mois. Ces chiffres sont autant de marqueurs laissant pr\u00e9sager d\u2019une reprise soutenue de la construction neuve dans les prochains mois.<\/p><p>La dynamique d\u2019accompagnement des travaux enclench\u00e9e ses derni\u00e8res ann\u00e9es porte ses premiers fruits, les aides aux travaux ainsi que le dispositif Pinel ont permis de soutenir la demande des m\u00e9nages et des investisseurs.<\/p><p><strong>L\u2019entretien-r\u00e9novation en lente progression<\/strong><\/p><p>L\u2019activit\u00e9 en entretien-r\u00e9novation poursuit sa timide progression au troisi\u00e8me trimestre (+1%), avec une croissance de 1,5% des travaux de performance \u00e9nerg\u00e9tique qui b\u00e9n\u00e9ficient de maintien et\/ou du renforcement des dispositifs d\u2019aide en faveur des \u00e9conomies d\u2019\u00e9nergie.<\/p><p>Principalement gr\u00e2ce \u00e0 des taux d\u2019int\u00e9r\u00eat historiquement bas, 839\u00a0000 ventes de logements anciens ont \u00e9t\u00e9 enregistr\u00e9es en juillet 2016 sur les 12 derniers mois et repr\u00e9sentent un accroissement de 15% sur un an.<\/p><p><strong>L\u2019emploi<\/strong><\/p><p>En juillet 2016, pour la premi\u00e8re fois depuis 2 ans, le nombre d\u2019entreprises envisageant de licencier ou de ne pas renouveler des contrats est inf\u00e9rieur au nombre d\u2019entreprises souhaitant embaucher.<\/p><p>88% des entreprises pr\u00e9voient de maintenir l\u2019emploi \u00e0 son niveau actuel au second semestre 2016.<\/p><p>10% des entreprises pensent embaucher des salari\u00e9s suppl\u00e9mentaires (contre seulement 4% un an auparavant). Ces intentions d\u2019embauche concernent aussi bien des remplacements (d\u00e9part en retraite, CDD\u2026) qu\u2019un surcro\u00eet d\u2019activit\u00e9.<\/p><p>Seulement 2% des chefs d\u2019entreprise envisagent de licencier ou de ne pas renouveler les contrats au second semestre 2016 (ce chiffre est le plus faible depuis le 1<sup>er\u00a0<\/sup>semestre 2013).<\/p><p><strong>Une reprise de l\u2019activit\u00e9 g\u00e9n\u00e9ralis\u00e9e mais encore in\u00e9gale en fonction des r\u00e9gions<\/strong><\/p><p>La progression de l\u2019activit\u00e9 est comprise entre 1% et 4% \u00e0 travers l\u2019Hexagone, port\u00e9e comme pour le trimestre pr\u00e9c\u00e9dent par le Grand Ouest - les Pays-de-la-Loire (+4%) et la Bretagne (+3%) - qui continuent d\u2019enregistrer une forte hausse. Cinq r\u00e9gions se trouvent sous la moyenne nationale (2%) avec une croissance de l\u2019activit\u00e9 comprise entre 1 et 1,5% pour les r\u00e9gions PACA, Normandie, Centre Val de Loire, Hauts-de-France et Grand Est. Il s\u2019agit l\u00e0 d\u2019un r\u00e9el mieux compar\u00e9 au premier trimestre pour les r\u00e9gions Centre-Val de Loire, Ile-de-France et Bourgogne-Franche-Comt\u00e9 qui enregistraient encore en d\u00e9but d\u2019ann\u00e9e des progressions n\u00e9gatives de l\u2019activit\u00e9.<\/p><p><strong>Des besoins en tr\u00e9sorerie qui baissent<\/strong><\/p><p>Le nombre d\u2019entreprises d\u00e9clarant un besoin de tr\u00e9sorerie baisse par rapport au trimestre pr\u00e9c\u00e9dent, passant de 46% des entreprises \u00e0 39%. Le montant moyen des besoins en tr\u00e9sorerie est en baisse par rapport \u00e0 2015, \u00e9gal \u00e0 17 000 \u20ac contre 18\u00a0000 \u20ac un\u00a0an auparavant. Il r\u00e9duit significativement par rapport au trimestre pr\u00e9c\u00e9dent, qui enregistrait une demande moyenne de cr\u00e9dit de 25\u00a0000 \u20ac.<\/p><p>Pour autant, malgr\u00e9 ce l\u00e9ger mieux, les capacit\u00e9s d\u2019investissement des entreprises pour accompagner la relance de l\u2019activit\u00e9 continuent de d\u00e9pendre du soutien financier des banques.<\/p>","_et_gb_content_width":"","footnotes":""},"categories":[10736,10530,6345],"tags":[647,1339,1338],"class_list":["post-94022","post","type-post","status-publish","format-standard","has-post-thumbnail","hentry","category-a-la-une","category-actualites","category-economie-marches","tag-capeb","tag-conjoncture","tag-statistiques"],"yoast_head":"<!-- This site is optimized with the Yoast SEO plugin v27.4 - https:\/\/yoast.com\/product\/yoast-seo-wordpress\/ -->\n<title>La croissance s\u2019acc\u00e9l\u00e8re pour les entreprises artisanales du B\u00e2timent<\/title>\n<meta name=\"robots\" content=\"index, follow, max-snippet:-1, max-image-preview:large, max-video-preview:-1\" \/>\n<link rel=\"canonical\" href=\"https:\/\/batijournal.com\/index.php\/croissance-saccelere-entreprises-artisanales-batiment\/94022\/\" \/>\n<meta property=\"og:locale\" content=\"fr_FR\" \/>\n<meta property=\"og:type\" content=\"article\" \/>\n<meta property=\"og:title\" content=\"La croissance s\u2019acc\u00e9l\u00e8re pour les entreprises artisanales du B\u00e2timent\" \/>\n<meta property=\"og:description\" content=\"La Capeb\u00a0annonce une consolidation de l\u2019activit\u00e9 au 3e\u00a0trimestre 2016, qui enregistre m\u00eame une progression globale de 2%. Un regain d\u2019activit\u00e9 qui s\u2019intensifie depuis le d\u00e9but de l\u2019ann\u00e9e, port\u00e9 par le march\u00e9 de la construction neuve, qui passe de +1,5% \u00e0 +2% et +3% sur les trois premiers trimestres. Si l\u2019activit\u00e9 s\u2019am\u00e9liore, l\u2019emploi dans l\u2019artisanat du [&hellip;]\" \/>\n<meta property=\"og:url\" content=\"https:\/\/batijournal.com\/index.php\/croissance-saccelere-entreprises-artisanales-batiment\/94022\/\" \/>\n<meta property=\"og:site_name\" content=\"Batijournal\" \/>\n<meta property=\"article:published_time\" content=\"2016-10-19T10:46:31+00:00\" \/>\n<meta property=\"article:modified_time\" content=\"2019-07-15T10:02:09+00:00\" \/>\n<meta property=\"og:image\" content=\"https:\/\/batijournal.com\/wp-content\/uploads\/2016\/02\/construction-2.jpg\" \/>\n\t<meta property=\"og:image:width\" content=\"974\" \/>\n\t<meta property=\"og:image:height\" content=\"629\" \/>\n\t<meta property=\"og:image:type\" content=\"image\/jpeg\" \/>\n<meta name=\"author\" content=\"St\u00e9phane Miget\" \/>\n<meta name=\"twitter:card\" content=\"summary_large_image\" \/>\n<meta name=\"twitter:creator\" content=\"@bati_journal\" \/>\n<meta name=\"twitter:site\" content=\"@bati_journal\" \/>\n<meta name=\"twitter:label1\" content=\"\u00c9crit par\" \/>\n\t<meta name=\"twitter:data1\" content=\"St\u00e9phane Miget\" \/>\n\t<meta name=\"twitter:label2\" content=\"Dur\u00e9e de lecture estim\u00e9e\" \/>\n\t<meta name=\"twitter:data2\" content=\"7 minutes\" \/>\n<script type=\"application\/ld+json\" class=\"yoast-schema-graph\">{\"@context\":\"https:\\\/\\\/schema.org\",\"@graph\":[{\"@type\":\"Article\",\"@id\":\"https:\\\/\\\/batijournal.com\\\/index.php\\\/croissance-saccelere-entreprises-artisanales-batiment\\\/94022\\\/#article\",\"isPartOf\":{\"@id\":\"https:\\\/\\\/batijournal.com\\\/index.php\\\/croissance-saccelere-entreprises-artisanales-batiment\\\/94022\\\/\"},\"author\":{\"name\":\"St\u00e9phane Miget\",\"@id\":\"https:\\\/\\\/batijournal.com\\\/#\\\/schema\\\/person\\\/1dc96ec6957aa1ccb25ebe78bb19f100\"},\"headline\":\"La croissance s\u2019acc\u00e9l\u00e8re pour les entreprises artisanales du B\u00e2timent\",\"datePublished\":\"2016-10-19T10:46:31+00:00\",\"dateModified\":\"2019-07-15T10:02:09+00:00\",\"mainEntityOfPage\":{\"@id\":\"https:\\\/\\\/batijournal.com\\\/index.php\\\/croissance-saccelere-entreprises-artisanales-batiment\\\/94022\\\/\"},\"wordCount\":1375,\"image\":{\"@id\":\"https:\\\/\\\/batijournal.com\\\/index.php\\\/croissance-saccelere-entreprises-artisanales-batiment\\\/94022\\\/#primaryimage\"},\"thumbnailUrl\":\"https:\\\/\\\/batijournal.com\\\/wp-content\\\/uploads\\\/2016\\\/02\\\/construction-2.jpg\",\"keywords\":[\"CAPEB\",\"conjoncture\",\"statistiques\"],\"articleSection\":[\"A la Une\",\"Actualit\u00e9s\",\"\u00c9conomie &amp; March\u00e9s\"],\"inLanguage\":\"fr-FR\"},{\"@type\":\"WebPage\",\"@id\":\"https:\\\/\\\/batijournal.com\\\/index.php\\\/croissance-saccelere-entreprises-artisanales-batiment\\\/94022\\\/\",\"url\":\"https:\\\/\\\/batijournal.com\\\/index.php\\\/croissance-saccelere-entreprises-artisanales-batiment\\\/94022\\\/\",\"name\":\"La croissance s\u2019acc\u00e9l\u00e8re pour les entreprises artisanales du B\u00e2timent\",\"isPartOf\":{\"@id\":\"https:\\\/\\\/batijournal.com\\\/#website\"},\"primaryImageOfPage\":{\"@id\":\"https:\\\/\\\/batijournal.com\\\/index.php\\\/croissance-saccelere-entreprises-artisanales-batiment\\\/94022\\\/#primaryimage\"},\"image\":{\"@id\":\"https:\\\/\\\/batijournal.com\\\/index.php\\\/croissance-saccelere-entreprises-artisanales-batiment\\\/94022\\\/#primaryimage\"},\"thumbnailUrl\":\"https:\\\/\\\/batijournal.com\\\/wp-content\\\/uploads\\\/2016\\\/02\\\/construction-2.jpg\",\"datePublished\":\"2016-10-19T10:46:31+00:00\",\"dateModified\":\"2019-07-15T10:02:09+00:00\",\"author\":{\"@id\":\"https:\\\/\\\/batijournal.com\\\/#\\\/schema\\\/person\\\/1dc96ec6957aa1ccb25ebe78bb19f100\"},\"breadcrumb\":{\"@id\":\"https:\\\/\\\/batijournal.com\\\/index.php\\\/croissance-saccelere-entreprises-artisanales-batiment\\\/94022\\\/#breadcrumb\"},\"inLanguage\":\"fr-FR\",\"potentialAction\":[{\"@type\":\"ReadAction\",\"target\":[\"https:\\\/\\\/batijournal.com\\\/index.php\\\/croissance-saccelere-entreprises-artisanales-batiment\\\/94022\\\/\"]}]},{\"@type\":\"ImageObject\",\"inLanguage\":\"fr-FR\",\"@id\":\"https:\\\/\\\/batijournal.com\\\/index.php\\\/croissance-saccelere-entreprises-artisanales-batiment\\\/94022\\\/#primaryimage\",\"url\":\"https:\\\/\\\/batijournal.com\\\/wp-content\\\/uploads\\\/2016\\\/02\\\/construction-2.jpg\",\"contentUrl\":\"https:\\\/\\\/batijournal.com\\\/wp-content\\\/uploads\\\/2016\\\/02\\\/construction-2.jpg\",\"width\":974,\"height\":629,\"caption\":\"maisons-neuves-vers-la-recession\"},{\"@type\":\"BreadcrumbList\",\"@id\":\"https:\\\/\\\/batijournal.com\\\/index.php\\\/croissance-saccelere-entreprises-artisanales-batiment\\\/94022\\\/#breadcrumb\",\"itemListElement\":[{\"@type\":\"ListItem\",\"position\":1,\"name\":\"Accueil\",\"item\":\"https:\\\/\\\/batijournal.com\\\/\"},{\"@type\":\"ListItem\",\"position\":2,\"name\":\"Actualit\u00e9s\",\"item\":\"https:\\\/\\\/batijournal.com\\\/index.php\\\/category\\\/actualites\\\/\"},{\"@type\":\"ListItem\",\"position\":3,\"name\":\"La croissance s\u2019acc\u00e9l\u00e8re pour les entreprises artisanales du B\u00e2timent\"}]},{\"@type\":\"WebSite\",\"@id\":\"https:\\\/\\\/batijournal.com\\\/#website\",\"url\":\"https:\\\/\\\/batijournal.com\\\/\",\"name\":\"Batijournal\",\"description\":\"L&#039;actualit\u00e9 du b\u00e2timent\",\"potentialAction\":[{\"@type\":\"SearchAction\",\"target\":{\"@type\":\"EntryPoint\",\"urlTemplate\":\"https:\\\/\\\/batijournal.com\\\/?s={search_term_string}\"},\"query-input\":{\"@type\":\"PropertyValueSpecification\",\"valueRequired\":true,\"valueName\":\"search_term_string\"}}],\"inLanguage\":\"fr-FR\"},{\"@type\":\"Person\",\"@id\":\"https:\\\/\\\/batijournal.com\\\/#\\\/schema\\\/person\\\/1dc96ec6957aa1ccb25ebe78bb19f100\",\"name\":\"St\u00e9phane Miget\",\"image\":{\"@type\":\"ImageObject\",\"inLanguage\":\"fr-FR\",\"@id\":\"https:\\\/\\\/secure.gravatar.com\\\/avatar\\\/89915563d925342126b8ef0281b93d9d7fc337043e8df017f780908eb9644451?s=96&d=mm&r=g\",\"url\":\"https:\\\/\\\/secure.gravatar.com\\\/avatar\\\/89915563d925342126b8ef0281b93d9d7fc337043e8df017f780908eb9644451?s=96&d=mm&r=g\",\"contentUrl\":\"https:\\\/\\\/secure.gravatar.com\\\/avatar\\\/89915563d925342126b8ef0281b93d9d7fc337043e8df017f780908eb9644451?s=96&d=mm&r=g\",\"caption\":\"St\u00e9phane Miget\"},\"url\":\"https:\\\/\\\/batijournal.com\\\/index.php\\\/author\\\/stephane\\\/\"}]}<\/script>\n<!-- \/ Yoast SEO plugin. -->","yoast_head_json":{"title":"La croissance s\u2019acc\u00e9l\u00e8re pour les entreprises artisanales du B\u00e2timent","robots":{"index":"index","follow":"follow","max-snippet":"max-snippet:-1","max-image-preview":"max-image-preview:large","max-video-preview":"max-video-preview:-1"},"canonical":"https:\/\/batijournal.com\/index.php\/croissance-saccelere-entreprises-artisanales-batiment\/94022\/","og_locale":"fr_FR","og_type":"article","og_title":"La croissance s\u2019acc\u00e9l\u00e8re pour les entreprises artisanales du B\u00e2timent","og_description":"La Capeb\u00a0annonce une consolidation de l\u2019activit\u00e9 au 3e\u00a0trimestre 2016, qui enregistre m\u00eame une progression globale de 2%. Un regain d\u2019activit\u00e9 qui s\u2019intensifie depuis le d\u00e9but de l\u2019ann\u00e9e, port\u00e9 par le march\u00e9 de la construction neuve, qui passe de +1,5% \u00e0 +2% et +3% sur les trois premiers trimestres. Si l\u2019activit\u00e9 s\u2019am\u00e9liore, l\u2019emploi dans l\u2019artisanat du [&hellip;]","og_url":"https:\/\/batijournal.com\/index.php\/croissance-saccelere-entreprises-artisanales-batiment\/94022\/","og_site_name":"Batijournal","article_published_time":"2016-10-19T10:46:31+00:00","article_modified_time":"2019-07-15T10:02:09+00:00","og_image":[{"width":974,"height":629,"url":"https:\/\/batijournal.com\/wp-content\/uploads\/2016\/02\/construction-2.jpg","type":"image\/jpeg"}],"author":"St\u00e9phane Miget","twitter_card":"summary_large_image","twitter_creator":"@bati_journal","twitter_site":"@bati_journal","twitter_misc":{"\u00c9crit par":"St\u00e9phane Miget","Dur\u00e9e de lecture estim\u00e9e":"7 minutes"},"schema":{"@context":"https:\/\/schema.org","@graph":[{"@type":"Article","@id":"https:\/\/batijournal.com\/index.php\/croissance-saccelere-entreprises-artisanales-batiment\/94022\/#article","isPartOf":{"@id":"https:\/\/batijournal.com\/index.php\/croissance-saccelere-entreprises-artisanales-batiment\/94022\/"},"author":{"name":"St\u00e9phane Miget","@id":"https:\/\/batijournal.com\/#\/schema\/person\/1dc96ec6957aa1ccb25ebe78bb19f100"},"headline":"La croissance s\u2019acc\u00e9l\u00e8re pour les entreprises artisanales du B\u00e2timent","datePublished":"2016-10-19T10:46:31+00:00","dateModified":"2019-07-15T10:02:09+00:00","mainEntityOfPage":{"@id":"https:\/\/batijournal.com\/index.php\/croissance-saccelere-entreprises-artisanales-batiment\/94022\/"},"wordCount":1375,"image":{"@id":"https:\/\/batijournal.com\/index.php\/croissance-saccelere-entreprises-artisanales-batiment\/94022\/#primaryimage"},"thumbnailUrl":"https:\/\/batijournal.com\/wp-content\/uploads\/2016\/02\/construction-2.jpg","keywords":["CAPEB","conjoncture","statistiques"],"articleSection":["A la Une","Actualit\u00e9s","\u00c9conomie &amp; March\u00e9s"],"inLanguage":"fr-FR"},{"@type":"WebPage","@id":"https:\/\/batijournal.com\/index.php\/croissance-saccelere-entreprises-artisanales-batiment\/94022\/","url":"https:\/\/batijournal.com\/index.php\/croissance-saccelere-entreprises-artisanales-batiment\/94022\/","name":"La croissance s\u2019acc\u00e9l\u00e8re pour les entreprises artisanales du B\u00e2timent","isPartOf":{"@id":"https:\/\/batijournal.com\/#website"},"primaryImageOfPage":{"@id":"https:\/\/batijournal.com\/index.php\/croissance-saccelere-entreprises-artisanales-batiment\/94022\/#primaryimage"},"image":{"@id":"https:\/\/batijournal.com\/index.php\/croissance-saccelere-entreprises-artisanales-batiment\/94022\/#primaryimage"},"thumbnailUrl":"https:\/\/batijournal.com\/wp-content\/uploads\/2016\/02\/construction-2.jpg","datePublished":"2016-10-19T10:46:31+00:00","dateModified":"2019-07-15T10:02:09+00:00","author":{"@id":"https:\/\/batijournal.com\/#\/schema\/person\/1dc96ec6957aa1ccb25ebe78bb19f100"},"breadcrumb":{"@id":"https:\/\/batijournal.com\/index.php\/croissance-saccelere-entreprises-artisanales-batiment\/94022\/#breadcrumb"},"inLanguage":"fr-FR","potentialAction":[{"@type":"ReadAction","target":["https:\/\/batijournal.com\/index.php\/croissance-saccelere-entreprises-artisanales-batiment\/94022\/"]}]},{"@type":"ImageObject","inLanguage":"fr-FR","@id":"https:\/\/batijournal.com\/index.php\/croissance-saccelere-entreprises-artisanales-batiment\/94022\/#primaryimage","url":"https:\/\/batijournal.com\/wp-content\/uploads\/2016\/02\/construction-2.jpg","contentUrl":"https:\/\/batijournal.com\/wp-content\/uploads\/2016\/02\/construction-2.jpg","width":974,"height":629,"caption":"maisons-neuves-vers-la-recession"},{"@type":"BreadcrumbList","@id":"https:\/\/batijournal.com\/index.php\/croissance-saccelere-entreprises-artisanales-batiment\/94022\/#breadcrumb","itemListElement":[{"@type":"ListItem","position":1,"name":"Accueil","item":"https:\/\/batijournal.com\/"},{"@type":"ListItem","position":2,"name":"Actualit\u00e9s","item":"https:\/\/batijournal.com\/index.php\/category\/actualites\/"},{"@type":"ListItem","position":3,"name":"La croissance s\u2019acc\u00e9l\u00e8re pour les entreprises artisanales du B\u00e2timent"}]},{"@type":"WebSite","@id":"https:\/\/batijournal.com\/#website","url":"https:\/\/batijournal.com\/","name":"Batijournal","description":"L&#039;actualit\u00e9 du b\u00e2timent","potentialAction":[{"@type":"SearchAction","target":{"@type":"EntryPoint","urlTemplate":"https:\/\/batijournal.com\/?s={search_term_string}"},"query-input":{"@type":"PropertyValueSpecification","valueRequired":true,"valueName":"search_term_string"}}],"inLanguage":"fr-FR"},{"@type":"Person","@id":"https:\/\/batijournal.com\/#\/schema\/person\/1dc96ec6957aa1ccb25ebe78bb19f100","name":"St\u00e9phane Miget","image":{"@type":"ImageObject","inLanguage":"fr-FR","@id":"https:\/\/secure.gravatar.com\/avatar\/89915563d925342126b8ef0281b93d9d7fc337043e8df017f780908eb9644451?s=96&d=mm&r=g","url":"https:\/\/secure.gravatar.com\/avatar\/89915563d925342126b8ef0281b93d9d7fc337043e8df017f780908eb9644451?s=96&d=mm&r=g","contentUrl":"https:\/\/secure.gravatar.com\/avatar\/89915563d925342126b8ef0281b93d9d7fc337043e8df017f780908eb9644451?s=96&d=mm&r=g","caption":"St\u00e9phane Miget"},"url":"https:\/\/batijournal.com\/index.php\/author\/stephane\/"}]}},"_links":{"self":[{"href":"https:\/\/batijournal.com\/index.php\/wp-json\/wp\/v2\/posts\/94022","targetHints":{"allow":["GET"]}}],"collection":[{"href":"https:\/\/batijournal.com\/index.php\/wp-json\/wp\/v2\/posts"}],"about":[{"href":"https:\/\/batijournal.com\/index.php\/wp-json\/wp\/v2\/types\/post"}],"author":[{"embeddable":true,"href":"https:\/\/batijournal.com\/index.php\/wp-json\/wp\/v2\/users\/17"}],"replies":[{"embeddable":true,"href":"https:\/\/batijournal.com\/index.php\/wp-json\/wp\/v2\/comments?post=94022"}],"version-history":[{"count":0,"href":"https:\/\/batijournal.com\/index.php\/wp-json\/wp\/v2\/posts\/94022\/revisions"}],"wp:featuredmedia":[{"embeddable":true,"href":"https:\/\/batijournal.com\/index.php\/wp-json\/wp\/v2\/media\/91626"}],"wp:attachment":[{"href":"https:\/\/batijournal.com\/index.php\/wp-json\/wp\/v2\/media?parent=94022"}],"wp:term":[{"taxonomy":"category","embeddable":true,"href":"https:\/\/batijournal.com\/index.php\/wp-json\/wp\/v2\/categories?post=94022"},{"taxonomy":"post_tag","embeddable":true,"href":"https:\/\/batijournal.com\/index.php\/wp-json\/wp\/v2\/tags?post=94022"}],"curies":[{"name":"wp","href":"https:\/\/api.w.org\/{rel}","templated":true}]}}