{"id":94024,"date":"2016-10-19T13:10:10","date_gmt":"2016-10-19T11:10:10","guid":{"rendered":"http:\/\/batijournal.com\/?p=94024"},"modified":"2019-07-15T11:27:46","modified_gmt":"2019-07-15T09:27:46","slug":"facade-beton-de-110-m-de-long-imprimee-dun-paysage-vendeen","status":"publish","type":"post","link":"https:\/\/batijournal.com\/index.php\/facade-beton-de-110-m-de-long-imprimee-dun-paysage-vendeen\/94024\/","title":{"rendered":"Une fa\u00e7ade b\u00e9ton de 110 m de long imprim\u00e9e d&rsquo;un paysage vend\u00e9en"},"content":{"rendered":"<p>Pour la r\u00e9alisation de la fa\u00e7ade d\u2019un immeuble au Ch\u00e2teau-d\u2019Olonne (85), le ma\u00eetre d\u2019ouvrage Sipo Philam et le cabinet d\u2019architectes Pelleau &amp; Associ\u00e9s ont pris le parti d\u2019\u00e9voquer la c\u00f4te vend\u00e9enne. D\u2019abord en pensant utiliser plusieurs photos de celle-ci les unes \u00e0 c\u00f4t\u00e9 des autres puis en souhaitant relever le d\u00e9fi de mettre en sc\u00e8ne une seule photo panoramique monumentale. Photo imprim\u00e9e sur b\u00e9ton, car l\u00e0 encore le choix d\u2019une solution min\u00e9rale, comme \u00e9cho aux rochers et \u00e0 la mer de Vend\u00e9e, s\u2019av\u00e9rait le plus pertinent.<\/p>\n<p>Leur rencontre avec Didier Gazeau, Directeur du D\u00e9veloppement Edycem Naullet, s\u2019est r\u00e9v\u00e9l\u00e9e d\u00e9terminante : ce sp\u00e9cialiste de l\u2019innovation b\u00e9ton et de la pr\u00e9fabrication leur a recommand\u00e9 i.design EFFIX ARCHITECTURE de Ciments Calcia, qui pr\u00e9sentait l\u2019avantage d\u2019un produit sous avis technique, pouvant d\u2019une part se matricer avec des reliefs de 2,5 cm pour un aspect \u201croche et dune\u201d et d\u2019autre part \u00eatre imprim\u00e9 afin d\u2019y figurer un paysage c\u00f4tier vend\u00e9en.<\/p>\n<p>Afin de reproduire l\u2019image panoramique choisie par l\u2019architecte, de 110 m\u00e8tres de long sur 6 m\u00e8tres de large, 900 plaques de parement ont \u00e9t\u00e9 r\u00e9alis\u00e9es par Edycem Naullet. La fabrication des plaques de 82 x 82 cm et de 20 mm d\u2019\u00e9paisseur a n\u00e9cessit\u00e9 30 jours (soit 30 plaques par jour). Palettis\u00e9es, elles ont ensuite \u00e9t\u00e9 envoy\u00e9es chez le designer Fabrice Davenne, \u00e0 l\u2019origine d\u2019un proc\u00e9d\u00e9 d\u2019impression exclusif sur b\u00e9ton, pour \u00eatre imprim\u00e9es une par une. Gr\u00e2ce \u00e0 un logiciel qui d\u00e9coupe l\u2019image globale en fonction du calepinage de la fa\u00e7ade, Fabrice Davenne a pu num\u00e9roter chaque plaque pour qu\u2019elle re\u00e7oive la partie d\u2019image correspondante. Temps d\u2019impression : 5 plaques par heure. Livr\u00e9s sur le chantier avec un plan de montage, il suffit ensuite d\u2019assembler les panneaux comme un puzzle.<\/p>\n<p>Photo :\u00a0Paul Kozlowski<\/p>\n<p>&nbsp;<\/p>\n","protected":false},"excerpt":{"rendered":"<p>Pour la r\u00e9alisation de la fa\u00e7ade d\u2019un immeuble au Ch\u00e2teau-d\u2019Olonne (85), le ma\u00eetre d\u2019ouvrage Sipo Philam et le cabinet d\u2019architectes Pelleau &amp; Associ\u00e9s ont pris le parti d\u2019\u00e9voquer la c\u00f4te vend\u00e9enne. D\u2019abord en pensant utiliser plusieurs photos de celle-ci les unes \u00e0 c\u00f4t\u00e9 des autres puis en souhaitant relever le d\u00e9fi de mettre en sc\u00e8ne [&hellip;]<\/p>\n","protected":false},"author":17,"featured_media":94025,"comment_status":"closed","ping_status":"closed","sticky":false,"template":"","format":"standard","meta":{"_et_pb_use_builder":"","_et_pb_old_content":"","_et_gb_content_width":"","footnotes":""},"categories":[10530,6340,10775],"tags":[1128,126],"class_list":["post-94024","post","type-post","status-publish","format-standard","has-post-thumbnail","hentry","category-actualites","category-architecture-conception","category-actualites-5facades","tag-beton","tag-facade"],"yoast_head":"<!-- This site is optimized with the Yoast SEO plugin v27.4 - https:\/\/yoast.com\/product\/yoast-seo-wordpress\/ -->\n<title>Une fa\u00e7ade b\u00e9ton de 110 m de long imprim\u00e9e d&#039;un paysage vend\u00e9en<\/title>\n<meta name=\"robots\" content=\"index, follow, max-snippet:-1, max-image-preview:large, max-video-preview:-1\" \/>\n<link rel=\"canonical\" href=\"https:\/\/batijournal.com\/index.php\/facade-beton-de-110-m-de-long-imprimee-dun-paysage-vendeen\/94024\/\" \/>\n<meta property=\"og:locale\" content=\"fr_FR\" \/>\n<meta property=\"og:type\" content=\"article\" \/>\n<meta property=\"og:title\" content=\"Une fa\u00e7ade b\u00e9ton de 110 m de long imprim\u00e9e d&#039;un paysage vend\u00e9en\" \/>\n<meta property=\"og:description\" content=\"Pour la r\u00e9alisation de la fa\u00e7ade d\u2019un immeuble au Ch\u00e2teau-d\u2019Olonne (85), le ma\u00eetre d\u2019ouvrage Sipo Philam et le cabinet d\u2019architectes Pelleau &amp; Associ\u00e9s ont pris le parti d\u2019\u00e9voquer la c\u00f4te vend\u00e9enne. D\u2019abord en pensant utiliser plusieurs photos de celle-ci les unes \u00e0 c\u00f4t\u00e9 des autres puis en souhaitant relever le d\u00e9fi de mettre en sc\u00e8ne [&hellip;]\" \/>\n<meta property=\"og:url\" content=\"https:\/\/batijournal.com\/index.php\/facade-beton-de-110-m-de-long-imprimee-dun-paysage-vendeen\/94024\/\" \/>\n<meta property=\"og:site_name\" content=\"Batijournal\" \/>\n<meta property=\"article:published_time\" content=\"2016-10-19T11:10:10+00:00\" \/>\n<meta property=\"article:modified_time\" content=\"2019-07-15T09:27:46+00:00\" \/>\n<meta property=\"og:image\" content=\"https:\/\/batijournal.com\/wp-content\/uploads\/2016\/10\/ciments-calcia-idesignEFFIXARCH.jpg\" \/>\n\t<meta property=\"og:image:width\" content=\"1000\" \/>\n\t<meta property=\"og:image:height\" content=\"667\" \/>\n\t<meta property=\"og:image:type\" content=\"image\/jpeg\" \/>\n<meta name=\"author\" content=\"St\u00e9phane Miget\" \/>\n<meta name=\"twitter:card\" content=\"summary_large_image\" \/>\n<meta name=\"twitter:creator\" content=\"@bati_journal\" \/>\n<meta name=\"twitter:site\" content=\"@bati_journal\" \/>\n<meta name=\"twitter:label1\" content=\"\u00c9crit par\" \/>\n\t<meta name=\"twitter:data1\" content=\"St\u00e9phane Miget\" \/>\n\t<meta name=\"twitter:label2\" content=\"Dur\u00e9e de lecture estim\u00e9e\" \/>\n\t<meta name=\"twitter:data2\" content=\"2 minutes\" \/>\n<script type=\"application\/ld+json\" class=\"yoast-schema-graph\">{\"@context\":\"https:\\\/\\\/schema.org\",\"@graph\":[{\"@type\":\"Article\",\"@id\":\"https:\\\/\\\/batijournal.com\\\/index.php\\\/facade-beton-de-110-m-de-long-imprimee-dun-paysage-vendeen\\\/94024\\\/#article\",\"isPartOf\":{\"@id\":\"https:\\\/\\\/batijournal.com\\\/index.php\\\/facade-beton-de-110-m-de-long-imprimee-dun-paysage-vendeen\\\/94024\\\/\"},\"author\":{\"name\":\"St\u00e9phane Miget\",\"@id\":\"https:\\\/\\\/batijournal.com\\\/#\\\/schema\\\/person\\\/1dc96ec6957aa1ccb25ebe78bb19f100\"},\"headline\":\"Une fa\u00e7ade b\u00e9ton de 110 m de long imprim\u00e9e d&rsquo;un paysage vend\u00e9en\",\"datePublished\":\"2016-10-19T11:10:10+00:00\",\"dateModified\":\"2019-07-15T09:27:46+00:00\",\"mainEntityOfPage\":{\"@id\":\"https:\\\/\\\/batijournal.com\\\/index.php\\\/facade-beton-de-110-m-de-long-imprimee-dun-paysage-vendeen\\\/94024\\\/\"},\"wordCount\":357,\"image\":{\"@id\":\"https:\\\/\\\/batijournal.com\\\/index.php\\\/facade-beton-de-110-m-de-long-imprimee-dun-paysage-vendeen\\\/94024\\\/#primaryimage\"},\"thumbnailUrl\":\"https:\\\/\\\/batijournal.com\\\/wp-content\\\/uploads\\\/2016\\\/10\\\/ciments-calcia-idesignEFFIXARCH.jpg\",\"keywords\":[\"b\u00e9ton\",\"fa\u00e7ade\"],\"articleSection\":[\"Actualit\u00e9s\",\"Architecture &amp; Conception\",\"zz_Actualit\u00e9s - 5fa\u00e7ades\"],\"inLanguage\":\"fr-FR\"},{\"@type\":\"WebPage\",\"@id\":\"https:\\\/\\\/batijournal.com\\\/index.php\\\/facade-beton-de-110-m-de-long-imprimee-dun-paysage-vendeen\\\/94024\\\/\",\"url\":\"https:\\\/\\\/batijournal.com\\\/index.php\\\/facade-beton-de-110-m-de-long-imprimee-dun-paysage-vendeen\\\/94024\\\/\",\"name\":\"Une fa\u00e7ade b\u00e9ton de 110 m de long imprim\u00e9e d'un paysage vend\u00e9en\",\"isPartOf\":{\"@id\":\"https:\\\/\\\/batijournal.com\\\/#website\"},\"primaryImageOfPage\":{\"@id\":\"https:\\\/\\\/batijournal.com\\\/index.php\\\/facade-beton-de-110-m-de-long-imprimee-dun-paysage-vendeen\\\/94024\\\/#primaryimage\"},\"image\":{\"@id\":\"https:\\\/\\\/batijournal.com\\\/index.php\\\/facade-beton-de-110-m-de-long-imprimee-dun-paysage-vendeen\\\/94024\\\/#primaryimage\"},\"thumbnailUrl\":\"https:\\\/\\\/batijournal.com\\\/wp-content\\\/uploads\\\/2016\\\/10\\\/ciments-calcia-idesignEFFIXARCH.jpg\",\"datePublished\":\"2016-10-19T11:10:10+00:00\",\"dateModified\":\"2019-07-15T09:27:46+00:00\",\"author\":{\"@id\":\"https:\\\/\\\/batijournal.com\\\/#\\\/schema\\\/person\\\/1dc96ec6957aa1ccb25ebe78bb19f100\"},\"breadcrumb\":{\"@id\":\"https:\\\/\\\/batijournal.com\\\/index.php\\\/facade-beton-de-110-m-de-long-imprimee-dun-paysage-vendeen\\\/94024\\\/#breadcrumb\"},\"inLanguage\":\"fr-FR\",\"potentialAction\":[{\"@type\":\"ReadAction\",\"target\":[\"https:\\\/\\\/batijournal.com\\\/index.php\\\/facade-beton-de-110-m-de-long-imprimee-dun-paysage-vendeen\\\/94024\\\/\"]}]},{\"@type\":\"ImageObject\",\"inLanguage\":\"fr-FR\",\"@id\":\"https:\\\/\\\/batijournal.com\\\/index.php\\\/facade-beton-de-110-m-de-long-imprimee-dun-paysage-vendeen\\\/94024\\\/#primaryimage\",\"url\":\"https:\\\/\\\/batijournal.com\\\/wp-content\\\/uploads\\\/2016\\\/10\\\/ciments-calcia-idesignEFFIXARCH.jpg\",\"contentUrl\":\"https:\\\/\\\/batijournal.com\\\/wp-content\\\/uploads\\\/2016\\\/10\\\/ciments-calcia-idesignEFFIXARCH.jpg\",\"width\":1000,\"height\":667},{\"@type\":\"BreadcrumbList\",\"@id\":\"https:\\\/\\\/batijournal.com\\\/index.php\\\/facade-beton-de-110-m-de-long-imprimee-dun-paysage-vendeen\\\/94024\\\/#breadcrumb\",\"itemListElement\":[{\"@type\":\"ListItem\",\"position\":1,\"name\":\"Accueil\",\"item\":\"https:\\\/\\\/batijournal.com\\\/\"},{\"@type\":\"ListItem\",\"position\":2,\"name\":\"Actualit\u00e9s\",\"item\":\"https:\\\/\\\/batijournal.com\\\/index.php\\\/category\\\/actualites\\\/\"},{\"@type\":\"ListItem\",\"position\":3,\"name\":\"Une fa\u00e7ade b\u00e9ton de 110 m de long imprim\u00e9e d&rsquo;un paysage vend\u00e9en\"}]},{\"@type\":\"WebSite\",\"@id\":\"https:\\\/\\\/batijournal.com\\\/#website\",\"url\":\"https:\\\/\\\/batijournal.com\\\/\",\"name\":\"Batijournal\",\"description\":\"L&#039;actualit\u00e9 du b\u00e2timent\",\"potentialAction\":[{\"@type\":\"SearchAction\",\"target\":{\"@type\":\"EntryPoint\",\"urlTemplate\":\"https:\\\/\\\/batijournal.com\\\/?s={search_term_string}\"},\"query-input\":{\"@type\":\"PropertyValueSpecification\",\"valueRequired\":true,\"valueName\":\"search_term_string\"}}],\"inLanguage\":\"fr-FR\"},{\"@type\":\"Person\",\"@id\":\"https:\\\/\\\/batijournal.com\\\/#\\\/schema\\\/person\\\/1dc96ec6957aa1ccb25ebe78bb19f100\",\"name\":\"St\u00e9phane Miget\",\"image\":{\"@type\":\"ImageObject\",\"inLanguage\":\"fr-FR\",\"@id\":\"https:\\\/\\\/secure.gravatar.com\\\/avatar\\\/89915563d925342126b8ef0281b93d9d7fc337043e8df017f780908eb9644451?s=96&d=mm&r=g\",\"url\":\"https:\\\/\\\/secure.gravatar.com\\\/avatar\\\/89915563d925342126b8ef0281b93d9d7fc337043e8df017f780908eb9644451?s=96&d=mm&r=g\",\"contentUrl\":\"https:\\\/\\\/secure.gravatar.com\\\/avatar\\\/89915563d925342126b8ef0281b93d9d7fc337043e8df017f780908eb9644451?s=96&d=mm&r=g\",\"caption\":\"St\u00e9phane Miget\"},\"url\":\"https:\\\/\\\/batijournal.com\\\/index.php\\\/author\\\/stephane\\\/\"}]}<\/script>\n<!-- \/ Yoast SEO plugin. -->","yoast_head_json":{"title":"Une fa\u00e7ade b\u00e9ton de 110 m de long imprim\u00e9e d'un paysage vend\u00e9en","robots":{"index":"index","follow":"follow","max-snippet":"max-snippet:-1","max-image-preview":"max-image-preview:large","max-video-preview":"max-video-preview:-1"},"canonical":"https:\/\/batijournal.com\/index.php\/facade-beton-de-110-m-de-long-imprimee-dun-paysage-vendeen\/94024\/","og_locale":"fr_FR","og_type":"article","og_title":"Une fa\u00e7ade b\u00e9ton de 110 m de long imprim\u00e9e d'un paysage vend\u00e9en","og_description":"Pour la r\u00e9alisation de la fa\u00e7ade d\u2019un immeuble au Ch\u00e2teau-d\u2019Olonne (85), le ma\u00eetre d\u2019ouvrage Sipo Philam et le cabinet d\u2019architectes Pelleau &amp; Associ\u00e9s ont pris le parti d\u2019\u00e9voquer la c\u00f4te vend\u00e9enne. D\u2019abord en pensant utiliser plusieurs photos de celle-ci les unes \u00e0 c\u00f4t\u00e9 des autres puis en souhaitant relever le d\u00e9fi de mettre en sc\u00e8ne [&hellip;]","og_url":"https:\/\/batijournal.com\/index.php\/facade-beton-de-110-m-de-long-imprimee-dun-paysage-vendeen\/94024\/","og_site_name":"Batijournal","article_published_time":"2016-10-19T11:10:10+00:00","article_modified_time":"2019-07-15T09:27:46+00:00","og_image":[{"width":1000,"height":667,"url":"https:\/\/batijournal.com\/wp-content\/uploads\/2016\/10\/ciments-calcia-idesignEFFIXARCH.jpg","type":"image\/jpeg"}],"author":"St\u00e9phane Miget","twitter_card":"summary_large_image","twitter_creator":"@bati_journal","twitter_site":"@bati_journal","twitter_misc":{"\u00c9crit par":"St\u00e9phane Miget","Dur\u00e9e de lecture estim\u00e9e":"2 minutes"},"schema":{"@context":"https:\/\/schema.org","@graph":[{"@type":"Article","@id":"https:\/\/batijournal.com\/index.php\/facade-beton-de-110-m-de-long-imprimee-dun-paysage-vendeen\/94024\/#article","isPartOf":{"@id":"https:\/\/batijournal.com\/index.php\/facade-beton-de-110-m-de-long-imprimee-dun-paysage-vendeen\/94024\/"},"author":{"name":"St\u00e9phane Miget","@id":"https:\/\/batijournal.com\/#\/schema\/person\/1dc96ec6957aa1ccb25ebe78bb19f100"},"headline":"Une fa\u00e7ade b\u00e9ton de 110 m de long imprim\u00e9e d&rsquo;un paysage vend\u00e9en","datePublished":"2016-10-19T11:10:10+00:00","dateModified":"2019-07-15T09:27:46+00:00","mainEntityOfPage":{"@id":"https:\/\/batijournal.com\/index.php\/facade-beton-de-110-m-de-long-imprimee-dun-paysage-vendeen\/94024\/"},"wordCount":357,"image":{"@id":"https:\/\/batijournal.com\/index.php\/facade-beton-de-110-m-de-long-imprimee-dun-paysage-vendeen\/94024\/#primaryimage"},"thumbnailUrl":"https:\/\/batijournal.com\/wp-content\/uploads\/2016\/10\/ciments-calcia-idesignEFFIXARCH.jpg","keywords":["b\u00e9ton","fa\u00e7ade"],"articleSection":["Actualit\u00e9s","Architecture &amp; Conception","zz_Actualit\u00e9s - 5fa\u00e7ades"],"inLanguage":"fr-FR"},{"@type":"WebPage","@id":"https:\/\/batijournal.com\/index.php\/facade-beton-de-110-m-de-long-imprimee-dun-paysage-vendeen\/94024\/","url":"https:\/\/batijournal.com\/index.php\/facade-beton-de-110-m-de-long-imprimee-dun-paysage-vendeen\/94024\/","name":"Une fa\u00e7ade b\u00e9ton de 110 m de long imprim\u00e9e d'un paysage vend\u00e9en","isPartOf":{"@id":"https:\/\/batijournal.com\/#website"},"primaryImageOfPage":{"@id":"https:\/\/batijournal.com\/index.php\/facade-beton-de-110-m-de-long-imprimee-dun-paysage-vendeen\/94024\/#primaryimage"},"image":{"@id":"https:\/\/batijournal.com\/index.php\/facade-beton-de-110-m-de-long-imprimee-dun-paysage-vendeen\/94024\/#primaryimage"},"thumbnailUrl":"https:\/\/batijournal.com\/wp-content\/uploads\/2016\/10\/ciments-calcia-idesignEFFIXARCH.jpg","datePublished":"2016-10-19T11:10:10+00:00","dateModified":"2019-07-15T09:27:46+00:00","author":{"@id":"https:\/\/batijournal.com\/#\/schema\/person\/1dc96ec6957aa1ccb25ebe78bb19f100"},"breadcrumb":{"@id":"https:\/\/batijournal.com\/index.php\/facade-beton-de-110-m-de-long-imprimee-dun-paysage-vendeen\/94024\/#breadcrumb"},"inLanguage":"fr-FR","potentialAction":[{"@type":"ReadAction","target":["https:\/\/batijournal.com\/index.php\/facade-beton-de-110-m-de-long-imprimee-dun-paysage-vendeen\/94024\/"]}]},{"@type":"ImageObject","inLanguage":"fr-FR","@id":"https:\/\/batijournal.com\/index.php\/facade-beton-de-110-m-de-long-imprimee-dun-paysage-vendeen\/94024\/#primaryimage","url":"https:\/\/batijournal.com\/wp-content\/uploads\/2016\/10\/ciments-calcia-idesignEFFIXARCH.jpg","contentUrl":"https:\/\/batijournal.com\/wp-content\/uploads\/2016\/10\/ciments-calcia-idesignEFFIXARCH.jpg","width":1000,"height":667},{"@type":"BreadcrumbList","@id":"https:\/\/batijournal.com\/index.php\/facade-beton-de-110-m-de-long-imprimee-dun-paysage-vendeen\/94024\/#breadcrumb","itemListElement":[{"@type":"ListItem","position":1,"name":"Accueil","item":"https:\/\/batijournal.com\/"},{"@type":"ListItem","position":2,"name":"Actualit\u00e9s","item":"https:\/\/batijournal.com\/index.php\/category\/actualites\/"},{"@type":"ListItem","position":3,"name":"Une fa\u00e7ade b\u00e9ton de 110 m de long imprim\u00e9e d&rsquo;un paysage vend\u00e9en"}]},{"@type":"WebSite","@id":"https:\/\/batijournal.com\/#website","url":"https:\/\/batijournal.com\/","name":"Batijournal","description":"L&#039;actualit\u00e9 du b\u00e2timent","potentialAction":[{"@type":"SearchAction","target":{"@type":"EntryPoint","urlTemplate":"https:\/\/batijournal.com\/?s={search_term_string}"},"query-input":{"@type":"PropertyValueSpecification","valueRequired":true,"valueName":"search_term_string"}}],"inLanguage":"fr-FR"},{"@type":"Person","@id":"https:\/\/batijournal.com\/#\/schema\/person\/1dc96ec6957aa1ccb25ebe78bb19f100","name":"St\u00e9phane Miget","image":{"@type":"ImageObject","inLanguage":"fr-FR","@id":"https:\/\/secure.gravatar.com\/avatar\/89915563d925342126b8ef0281b93d9d7fc337043e8df017f780908eb9644451?s=96&d=mm&r=g","url":"https:\/\/secure.gravatar.com\/avatar\/89915563d925342126b8ef0281b93d9d7fc337043e8df017f780908eb9644451?s=96&d=mm&r=g","contentUrl":"https:\/\/secure.gravatar.com\/avatar\/89915563d925342126b8ef0281b93d9d7fc337043e8df017f780908eb9644451?s=96&d=mm&r=g","caption":"St\u00e9phane Miget"},"url":"https:\/\/batijournal.com\/index.php\/author\/stephane\/"}]}},"_links":{"self":[{"href":"https:\/\/batijournal.com\/index.php\/wp-json\/wp\/v2\/posts\/94024","targetHints":{"allow":["GET"]}}],"collection":[{"href":"https:\/\/batijournal.com\/index.php\/wp-json\/wp\/v2\/posts"}],"about":[{"href":"https:\/\/batijournal.com\/index.php\/wp-json\/wp\/v2\/types\/post"}],"author":[{"embeddable":true,"href":"https:\/\/batijournal.com\/index.php\/wp-json\/wp\/v2\/users\/17"}],"replies":[{"embeddable":true,"href":"https:\/\/batijournal.com\/index.php\/wp-json\/wp\/v2\/comments?post=94024"}],"version-history":[{"count":0,"href":"https:\/\/batijournal.com\/index.php\/wp-json\/wp\/v2\/posts\/94024\/revisions"}],"wp:featuredmedia":[{"embeddable":true,"href":"https:\/\/batijournal.com\/index.php\/wp-json\/wp\/v2\/media\/94025"}],"wp:attachment":[{"href":"https:\/\/batijournal.com\/index.php\/wp-json\/wp\/v2\/media?parent=94024"}],"wp:term":[{"taxonomy":"category","embeddable":true,"href":"https:\/\/batijournal.com\/index.php\/wp-json\/wp\/v2\/categories?post=94024"},{"taxonomy":"post_tag","embeddable":true,"href":"https:\/\/batijournal.com\/index.php\/wp-json\/wp\/v2\/tags?post=94024"}],"curies":[{"name":"wp","href":"https:\/\/api.w.org\/{rel}","templated":true}]}}