{"id":94051,"date":"2016-10-26T09:18:37","date_gmt":"2016-10-26T07:18:37","guid":{"rendered":"http:\/\/batijournal.com\/?p=94051"},"modified":"2019-07-15T11:16:17","modified_gmt":"2019-07-15T09:16:17","slug":"villa-gallo-romaine-thermes-mis-a-jour-bretagne","status":"publish","type":"post","link":"https:\/\/batijournal.com\/index.php\/villa-gallo-romaine-thermes-mis-a-jour-bretagne\/94051\/","title":{"rendered":"Une villa gallo-romaine et ses thermes mis \u00e0 jour en Bretagne"},"content":{"rendered":"<p><strong>Une \u00e9quipe d\u2019arch\u00e9ologues de l\u2019Inrap m\u00e8ne, depuis juillet 2016, une fouille \u00e0 Langrolay-sur-Rance. Prescrite par la Drac Bretagne, cette fouille couvre une zone de 2,3 hectares \u00e0 l\u2019emplacement d\u2019un futur lotissement. Sur ce plateau qui domine la Rance, les arch\u00e9ologues viennent de mettre au jour la partie r\u00e9sidentielle (pars urbana) d\u2019un vaste domaine gallo-romain de type villa. Ses thermes ont \u00e9t\u00e9 retrouv\u00e9s dans un \u00e9tat de conservation exceptionnel.<\/strong><\/p>\n<p>Construite selon les mod\u00e8les standards de l\u2019\u00e9poque antique, la villa est divis\u00e9e en plusieurs corps de b\u00e2timents formant un \u00ab U \u00bb autour d\u2019une cour centrale, bord\u00e9e sur trois c\u00f4t\u00e9s de galeries \u00e0 colonnades. L\u2019ensemble repr\u00e9sente une surface habitable d\u2019environ 1 500 m\u00b2. Le corps principal, situ\u00e9 au sommet d\u2019un plateau rocheux, b\u00e9n\u00e9ficie d\u2019un point de vue remarquable sur la Rance. Le corps secondaire, orient\u00e9 plein sud, profite d\u2019un ensoleillement permanent. Cet ensemble r\u00e9sidentiel est compl\u00e9t\u00e9 par un b\u00e2timent annexe peut-\u00eatre utilis\u00e9 comme \u00e9curie. La cour, ainsi que les espaces environnants, \u00e9taient probablement am\u00e9nag\u00e9s en jardins. Imposante par ses dimensions, la villa de Langrolay a connu des \u00e9volutions successives durant l\u2019Antiquit\u00e9 (Ier-IVe si\u00e8cles de notre \u00e8re).<\/p>\n<div id=\"attachment_94052\" style=\"width: 1930px\" class=\"wp-caption alignleft\"><img loading=\"lazy\" decoding=\"async\" aria-describedby=\"caption-attachment-94052\" class=\"size-full wp-image-94052\" src=\"https:\/\/batijournal.com\/wp-content\/uploads\/2016\/10\/langrolay_9_2016c_e.collado_30.jpg\" alt=\"Fouille des salles ti\u00e8des et chaudes - \u00a9 Emmanuelle Collado, Inrap\" width=\"1920\" height=\"1280\" srcset=\"https:\/\/batijournal.com\/wp-content\/uploads\/2016\/10\/langrolay_9_2016c_e.collado_30.jpg 1920w, https:\/\/batijournal.com\/wp-content\/uploads\/2016\/10\/langrolay_9_2016c_e.collado_30-150x100.jpg 150w, https:\/\/batijournal.com\/wp-content\/uploads\/2016\/10\/langrolay_9_2016c_e.collado_30-300x200.jpg 300w, https:\/\/batijournal.com\/wp-content\/uploads\/2016\/10\/langrolay_9_2016c_e.collado_30-768x512.jpg 768w, https:\/\/batijournal.com\/wp-content\/uploads\/2016\/10\/langrolay_9_2016c_e.collado_30-1024x683.jpg 1024w, https:\/\/batijournal.com\/wp-content\/uploads\/2016\/10\/langrolay_9_2016c_e.collado_30-600x400.jpg 600w\" sizes=\"(max-width: 1920px) 100vw, 1920px\" \/><p id=\"caption-attachment-94052\" class=\"wp-caption-text\">Fouille des salles ti\u00e8des et chaudes &#8211; \u00a9 Emmanuelle Collado, Inrap<\/p><\/div>\n<p>L\u2019importance de cette villa s\u2019incarne aussi dans ses thermes : un luxueux ensemble de bains privatifs, d\u2019environ 400 m2. Celui-ci comprend deux piscines dont l\u2019une est chauff\u00e9e. Plusieurs pi\u00e8ces b\u00e9n\u00e9ficient d\u2019un hypocauste. Les murs et les plafonds des thermes, exceptionnellement conserv\u00e9s, \u00e9taient orn\u00e9s de peintures, notamment des enduits \u00e0 incrustations de coquillages, caract\u00e9ristiques d\u2019Armorique. Si des fragments de ce type ont d\u00e9j\u00e0 \u00e9t\u00e9 r\u00e9pertori\u00e9s en petites quantit\u00e9s sur une trentaine de sites dans l\u2019Ouest, les fragments de Langrolay constituent aujourd\u2019hui une collection sans pr\u00e9c\u00e9dent qui permet de mieux conna\u00eetre ce style ornemental d\u00e9velopp\u00e9 \u00e0 partir du IIIe si\u00e8cle. Un sp\u00e9cialiste s\u2019attache d\u00e9j\u00e0 \u00e0 en reconstituer le d\u00e9cor.<\/p>\n<p>&nbsp;<\/p>\n<p>Vue ulm des thermes :\u00a0\u00a9 Herv\u00e9 Paitier, Inrap<\/p>\n<p>&nbsp;<\/p>\n","protected":false},"excerpt":{"rendered":"<p>Une \u00e9quipe d\u2019arch\u00e9ologues de l\u2019Inrap m\u00e8ne, depuis juillet 2016, une fouille \u00e0 Langrolay-sur-Rance. Prescrite par la Drac Bretagne, cette fouille couvre une zone de 2,3 hectares \u00e0 l\u2019emplacement d\u2019un futur lotissement. Sur ce plateau qui domine la Rance, les arch\u00e9ologues viennent de mettre au jour la partie r\u00e9sidentielle (pars urbana) d\u2019un vaste domaine gallo-romain de [&hellip;]<\/p>\n","protected":false},"author":17,"featured_media":94053,"comment_status":"closed","ping_status":"closed","sticky":false,"template":"","format":"standard","meta":{"_et_pb_use_builder":"","_et_pb_old_content":"","_et_gb_content_width":"","footnotes":""},"categories":[6340],"tags":[6454],"class_list":["post-94051","post","type-post","status-publish","format-standard","has-post-thumbnail","hentry","category-architecture-conception","tag-inrap"],"yoast_head":"<!-- This site is optimized with the Yoast SEO plugin v27.4 - https:\/\/yoast.com\/product\/yoast-seo-wordpress\/ -->\n<title>Une villa gallo-romaine et ses thermes mis \u00e0 jour en Bretagne<\/title>\n<meta name=\"robots\" content=\"index, follow, max-snippet:-1, max-image-preview:large, max-video-preview:-1\" \/>\n<link rel=\"canonical\" href=\"https:\/\/batijournal.com\/index.php\/villa-gallo-romaine-thermes-mis-a-jour-bretagne\/94051\/\" \/>\n<meta property=\"og:locale\" content=\"fr_FR\" \/>\n<meta property=\"og:type\" content=\"article\" \/>\n<meta property=\"og:title\" content=\"Une villa gallo-romaine et ses thermes mis \u00e0 jour en Bretagne\" \/>\n<meta property=\"og:description\" content=\"Une \u00e9quipe d\u2019arch\u00e9ologues de l\u2019Inrap m\u00e8ne, depuis juillet 2016, une fouille \u00e0 Langrolay-sur-Rance. Prescrite par la Drac Bretagne, cette fouille couvre une zone de 2,3 hectares \u00e0 l\u2019emplacement d\u2019un futur lotissement. Sur ce plateau qui domine la Rance, les arch\u00e9ologues viennent de mettre au jour la partie r\u00e9sidentielle (pars urbana) d\u2019un vaste domaine gallo-romain de [&hellip;]\" \/>\n<meta property=\"og:url\" content=\"https:\/\/batijournal.com\/index.php\/villa-gallo-romaine-thermes-mis-a-jour-bretagne\/94051\/\" \/>\n<meta property=\"og:site_name\" content=\"Batijournal\" \/>\n<meta property=\"article:published_time\" content=\"2016-10-26T07:18:37+00:00\" \/>\n<meta property=\"article:modified_time\" content=\"2019-07-15T09:16:17+00:00\" \/>\n<meta property=\"og:image\" content=\"https:\/\/batijournal.com\/wp-content\/uploads\/2016\/10\/langrolay_0-vue_ulm_des_thermes_c_h_paitier-bd.jpg\" \/>\n\t<meta property=\"og:image:width\" content=\"1814\" \/>\n\t<meta property=\"og:image:height\" content=\"1210\" \/>\n\t<meta property=\"og:image:type\" content=\"image\/jpeg\" \/>\n<meta name=\"author\" content=\"St\u00e9phane Miget\" \/>\n<meta name=\"twitter:card\" content=\"summary_large_image\" \/>\n<meta name=\"twitter:creator\" content=\"@bati_journal\" \/>\n<meta name=\"twitter:site\" content=\"@bati_journal\" \/>\n<meta name=\"twitter:label1\" content=\"\u00c9crit par\" \/>\n\t<meta name=\"twitter:data1\" content=\"St\u00e9phane Miget\" \/>\n\t<meta name=\"twitter:label2\" content=\"Dur\u00e9e de lecture estim\u00e9e\" \/>\n\t<meta name=\"twitter:data2\" content=\"2 minutes\" \/>\n<script type=\"application\/ld+json\" class=\"yoast-schema-graph\">{\"@context\":\"https:\\\/\\\/schema.org\",\"@graph\":[{\"@type\":\"Article\",\"@id\":\"https:\\\/\\\/batijournal.com\\\/index.php\\\/villa-gallo-romaine-thermes-mis-a-jour-bretagne\\\/94051\\\/#article\",\"isPartOf\":{\"@id\":\"https:\\\/\\\/batijournal.com\\\/index.php\\\/villa-gallo-romaine-thermes-mis-a-jour-bretagne\\\/94051\\\/\"},\"author\":{\"name\":\"St\u00e9phane Miget\",\"@id\":\"https:\\\/\\\/batijournal.com\\\/#\\\/schema\\\/person\\\/1dc96ec6957aa1ccb25ebe78bb19f100\"},\"headline\":\"Une villa gallo-romaine et ses thermes mis \u00e0 jour en Bretagne\",\"datePublished\":\"2016-10-26T07:18:37+00:00\",\"dateModified\":\"2019-07-15T09:16:17+00:00\",\"mainEntityOfPage\":{\"@id\":\"https:\\\/\\\/batijournal.com\\\/index.php\\\/villa-gallo-romaine-thermes-mis-a-jour-bretagne\\\/94051\\\/\"},\"wordCount\":376,\"image\":{\"@id\":\"https:\\\/\\\/batijournal.com\\\/index.php\\\/villa-gallo-romaine-thermes-mis-a-jour-bretagne\\\/94051\\\/#primaryimage\"},\"thumbnailUrl\":\"https:\\\/\\\/batijournal.com\\\/wp-content\\\/uploads\\\/2016\\\/10\\\/langrolay_0-vue_ulm_des_thermes_c_h_paitier-bd.jpg\",\"keywords\":[\"inrap\"],\"articleSection\":[\"Architecture &amp; Conception\"],\"inLanguage\":\"fr-FR\"},{\"@type\":\"WebPage\",\"@id\":\"https:\\\/\\\/batijournal.com\\\/index.php\\\/villa-gallo-romaine-thermes-mis-a-jour-bretagne\\\/94051\\\/\",\"url\":\"https:\\\/\\\/batijournal.com\\\/index.php\\\/villa-gallo-romaine-thermes-mis-a-jour-bretagne\\\/94051\\\/\",\"name\":\"Une villa gallo-romaine et ses thermes mis \u00e0 jour en Bretagne\",\"isPartOf\":{\"@id\":\"https:\\\/\\\/batijournal.com\\\/#website\"},\"primaryImageOfPage\":{\"@id\":\"https:\\\/\\\/batijournal.com\\\/index.php\\\/villa-gallo-romaine-thermes-mis-a-jour-bretagne\\\/94051\\\/#primaryimage\"},\"image\":{\"@id\":\"https:\\\/\\\/batijournal.com\\\/index.php\\\/villa-gallo-romaine-thermes-mis-a-jour-bretagne\\\/94051\\\/#primaryimage\"},\"thumbnailUrl\":\"https:\\\/\\\/batijournal.com\\\/wp-content\\\/uploads\\\/2016\\\/10\\\/langrolay_0-vue_ulm_des_thermes_c_h_paitier-bd.jpg\",\"datePublished\":\"2016-10-26T07:18:37+00:00\",\"dateModified\":\"2019-07-15T09:16:17+00:00\",\"author\":{\"@id\":\"https:\\\/\\\/batijournal.com\\\/#\\\/schema\\\/person\\\/1dc96ec6957aa1ccb25ebe78bb19f100\"},\"breadcrumb\":{\"@id\":\"https:\\\/\\\/batijournal.com\\\/index.php\\\/villa-gallo-romaine-thermes-mis-a-jour-bretagne\\\/94051\\\/#breadcrumb\"},\"inLanguage\":\"fr-FR\",\"potentialAction\":[{\"@type\":\"ReadAction\",\"target\":[\"https:\\\/\\\/batijournal.com\\\/index.php\\\/villa-gallo-romaine-thermes-mis-a-jour-bretagne\\\/94051\\\/\"]}]},{\"@type\":\"ImageObject\",\"inLanguage\":\"fr-FR\",\"@id\":\"https:\\\/\\\/batijournal.com\\\/index.php\\\/villa-gallo-romaine-thermes-mis-a-jour-bretagne\\\/94051\\\/#primaryimage\",\"url\":\"https:\\\/\\\/batijournal.com\\\/wp-content\\\/uploads\\\/2016\\\/10\\\/langrolay_0-vue_ulm_des_thermes_c_h_paitier-bd.jpg\",\"contentUrl\":\"https:\\\/\\\/batijournal.com\\\/wp-content\\\/uploads\\\/2016\\\/10\\\/langrolay_0-vue_ulm_des_thermes_c_h_paitier-bd.jpg\",\"width\":1814,\"height\":1210},{\"@type\":\"BreadcrumbList\",\"@id\":\"https:\\\/\\\/batijournal.com\\\/index.php\\\/villa-gallo-romaine-thermes-mis-a-jour-bretagne\\\/94051\\\/#breadcrumb\",\"itemListElement\":[{\"@type\":\"ListItem\",\"position\":1,\"name\":\"Accueil\",\"item\":\"https:\\\/\\\/batijournal.com\\\/\"},{\"@type\":\"ListItem\",\"position\":2,\"name\":\"Actualit\u00e9s\",\"item\":\"https:\\\/\\\/batijournal.com\\\/index.php\\\/category\\\/actualites\\\/\"},{\"@type\":\"ListItem\",\"position\":3,\"name\":\"Architecture &amp; Conception\",\"item\":\"https:\\\/\\\/batijournal.com\\\/index.php\\\/category\\\/actualites\\\/architecture-conception\\\/\"},{\"@type\":\"ListItem\",\"position\":4,\"name\":\"Une villa gallo-romaine et ses thermes mis \u00e0 jour en Bretagne\"}]},{\"@type\":\"WebSite\",\"@id\":\"https:\\\/\\\/batijournal.com\\\/#website\",\"url\":\"https:\\\/\\\/batijournal.com\\\/\",\"name\":\"Batijournal\",\"description\":\"L&#039;actualit\u00e9 du b\u00e2timent\",\"potentialAction\":[{\"@type\":\"SearchAction\",\"target\":{\"@type\":\"EntryPoint\",\"urlTemplate\":\"https:\\\/\\\/batijournal.com\\\/?s={search_term_string}\"},\"query-input\":{\"@type\":\"PropertyValueSpecification\",\"valueRequired\":true,\"valueName\":\"search_term_string\"}}],\"inLanguage\":\"fr-FR\"},{\"@type\":\"Person\",\"@id\":\"https:\\\/\\\/batijournal.com\\\/#\\\/schema\\\/person\\\/1dc96ec6957aa1ccb25ebe78bb19f100\",\"name\":\"St\u00e9phane Miget\",\"image\":{\"@type\":\"ImageObject\",\"inLanguage\":\"fr-FR\",\"@id\":\"https:\\\/\\\/secure.gravatar.com\\\/avatar\\\/89915563d925342126b8ef0281b93d9d7fc337043e8df017f780908eb9644451?s=96&d=mm&r=g\",\"url\":\"https:\\\/\\\/secure.gravatar.com\\\/avatar\\\/89915563d925342126b8ef0281b93d9d7fc337043e8df017f780908eb9644451?s=96&d=mm&r=g\",\"contentUrl\":\"https:\\\/\\\/secure.gravatar.com\\\/avatar\\\/89915563d925342126b8ef0281b93d9d7fc337043e8df017f780908eb9644451?s=96&d=mm&r=g\",\"caption\":\"St\u00e9phane Miget\"},\"url\":\"https:\\\/\\\/batijournal.com\\\/index.php\\\/author\\\/stephane\\\/\"}]}<\/script>\n<!-- \/ Yoast SEO plugin. -->","yoast_head_json":{"title":"Une villa gallo-romaine et ses thermes mis \u00e0 jour en Bretagne","robots":{"index":"index","follow":"follow","max-snippet":"max-snippet:-1","max-image-preview":"max-image-preview:large","max-video-preview":"max-video-preview:-1"},"canonical":"https:\/\/batijournal.com\/index.php\/villa-gallo-romaine-thermes-mis-a-jour-bretagne\/94051\/","og_locale":"fr_FR","og_type":"article","og_title":"Une villa gallo-romaine et ses thermes mis \u00e0 jour en Bretagne","og_description":"Une \u00e9quipe d\u2019arch\u00e9ologues de l\u2019Inrap m\u00e8ne, depuis juillet 2016, une fouille \u00e0 Langrolay-sur-Rance. Prescrite par la Drac Bretagne, cette fouille couvre une zone de 2,3 hectares \u00e0 l\u2019emplacement d\u2019un futur lotissement. Sur ce plateau qui domine la Rance, les arch\u00e9ologues viennent de mettre au jour la partie r\u00e9sidentielle (pars urbana) d\u2019un vaste domaine gallo-romain de [&hellip;]","og_url":"https:\/\/batijournal.com\/index.php\/villa-gallo-romaine-thermes-mis-a-jour-bretagne\/94051\/","og_site_name":"Batijournal","article_published_time":"2016-10-26T07:18:37+00:00","article_modified_time":"2019-07-15T09:16:17+00:00","og_image":[{"width":1814,"height":1210,"url":"https:\/\/batijournal.com\/wp-content\/uploads\/2016\/10\/langrolay_0-vue_ulm_des_thermes_c_h_paitier-bd.jpg","type":"image\/jpeg"}],"author":"St\u00e9phane Miget","twitter_card":"summary_large_image","twitter_creator":"@bati_journal","twitter_site":"@bati_journal","twitter_misc":{"\u00c9crit par":"St\u00e9phane Miget","Dur\u00e9e de lecture estim\u00e9e":"2 minutes"},"schema":{"@context":"https:\/\/schema.org","@graph":[{"@type":"Article","@id":"https:\/\/batijournal.com\/index.php\/villa-gallo-romaine-thermes-mis-a-jour-bretagne\/94051\/#article","isPartOf":{"@id":"https:\/\/batijournal.com\/index.php\/villa-gallo-romaine-thermes-mis-a-jour-bretagne\/94051\/"},"author":{"name":"St\u00e9phane Miget","@id":"https:\/\/batijournal.com\/#\/schema\/person\/1dc96ec6957aa1ccb25ebe78bb19f100"},"headline":"Une villa gallo-romaine et ses thermes mis \u00e0 jour en Bretagne","datePublished":"2016-10-26T07:18:37+00:00","dateModified":"2019-07-15T09:16:17+00:00","mainEntityOfPage":{"@id":"https:\/\/batijournal.com\/index.php\/villa-gallo-romaine-thermes-mis-a-jour-bretagne\/94051\/"},"wordCount":376,"image":{"@id":"https:\/\/batijournal.com\/index.php\/villa-gallo-romaine-thermes-mis-a-jour-bretagne\/94051\/#primaryimage"},"thumbnailUrl":"https:\/\/batijournal.com\/wp-content\/uploads\/2016\/10\/langrolay_0-vue_ulm_des_thermes_c_h_paitier-bd.jpg","keywords":["inrap"],"articleSection":["Architecture &amp; Conception"],"inLanguage":"fr-FR"},{"@type":"WebPage","@id":"https:\/\/batijournal.com\/index.php\/villa-gallo-romaine-thermes-mis-a-jour-bretagne\/94051\/","url":"https:\/\/batijournal.com\/index.php\/villa-gallo-romaine-thermes-mis-a-jour-bretagne\/94051\/","name":"Une villa gallo-romaine et ses thermes mis \u00e0 jour en Bretagne","isPartOf":{"@id":"https:\/\/batijournal.com\/#website"},"primaryImageOfPage":{"@id":"https:\/\/batijournal.com\/index.php\/villa-gallo-romaine-thermes-mis-a-jour-bretagne\/94051\/#primaryimage"},"image":{"@id":"https:\/\/batijournal.com\/index.php\/villa-gallo-romaine-thermes-mis-a-jour-bretagne\/94051\/#primaryimage"},"thumbnailUrl":"https:\/\/batijournal.com\/wp-content\/uploads\/2016\/10\/langrolay_0-vue_ulm_des_thermes_c_h_paitier-bd.jpg","datePublished":"2016-10-26T07:18:37+00:00","dateModified":"2019-07-15T09:16:17+00:00","author":{"@id":"https:\/\/batijournal.com\/#\/schema\/person\/1dc96ec6957aa1ccb25ebe78bb19f100"},"breadcrumb":{"@id":"https:\/\/batijournal.com\/index.php\/villa-gallo-romaine-thermes-mis-a-jour-bretagne\/94051\/#breadcrumb"},"inLanguage":"fr-FR","potentialAction":[{"@type":"ReadAction","target":["https:\/\/batijournal.com\/index.php\/villa-gallo-romaine-thermes-mis-a-jour-bretagne\/94051\/"]}]},{"@type":"ImageObject","inLanguage":"fr-FR","@id":"https:\/\/batijournal.com\/index.php\/villa-gallo-romaine-thermes-mis-a-jour-bretagne\/94051\/#primaryimage","url":"https:\/\/batijournal.com\/wp-content\/uploads\/2016\/10\/langrolay_0-vue_ulm_des_thermes_c_h_paitier-bd.jpg","contentUrl":"https:\/\/batijournal.com\/wp-content\/uploads\/2016\/10\/langrolay_0-vue_ulm_des_thermes_c_h_paitier-bd.jpg","width":1814,"height":1210},{"@type":"BreadcrumbList","@id":"https:\/\/batijournal.com\/index.php\/villa-gallo-romaine-thermes-mis-a-jour-bretagne\/94051\/#breadcrumb","itemListElement":[{"@type":"ListItem","position":1,"name":"Accueil","item":"https:\/\/batijournal.com\/"},{"@type":"ListItem","position":2,"name":"Actualit\u00e9s","item":"https:\/\/batijournal.com\/index.php\/category\/actualites\/"},{"@type":"ListItem","position":3,"name":"Architecture &amp; Conception","item":"https:\/\/batijournal.com\/index.php\/category\/actualites\/architecture-conception\/"},{"@type":"ListItem","position":4,"name":"Une villa gallo-romaine et ses thermes mis \u00e0 jour en Bretagne"}]},{"@type":"WebSite","@id":"https:\/\/batijournal.com\/#website","url":"https:\/\/batijournal.com\/","name":"Batijournal","description":"L&#039;actualit\u00e9 du b\u00e2timent","potentialAction":[{"@type":"SearchAction","target":{"@type":"EntryPoint","urlTemplate":"https:\/\/batijournal.com\/?s={search_term_string}"},"query-input":{"@type":"PropertyValueSpecification","valueRequired":true,"valueName":"search_term_string"}}],"inLanguage":"fr-FR"},{"@type":"Person","@id":"https:\/\/batijournal.com\/#\/schema\/person\/1dc96ec6957aa1ccb25ebe78bb19f100","name":"St\u00e9phane Miget","image":{"@type":"ImageObject","inLanguage":"fr-FR","@id":"https:\/\/secure.gravatar.com\/avatar\/89915563d925342126b8ef0281b93d9d7fc337043e8df017f780908eb9644451?s=96&d=mm&r=g","url":"https:\/\/secure.gravatar.com\/avatar\/89915563d925342126b8ef0281b93d9d7fc337043e8df017f780908eb9644451?s=96&d=mm&r=g","contentUrl":"https:\/\/secure.gravatar.com\/avatar\/89915563d925342126b8ef0281b93d9d7fc337043e8df017f780908eb9644451?s=96&d=mm&r=g","caption":"St\u00e9phane Miget"},"url":"https:\/\/batijournal.com\/index.php\/author\/stephane\/"}]}},"_links":{"self":[{"href":"https:\/\/batijournal.com\/index.php\/wp-json\/wp\/v2\/posts\/94051","targetHints":{"allow":["GET"]}}],"collection":[{"href":"https:\/\/batijournal.com\/index.php\/wp-json\/wp\/v2\/posts"}],"about":[{"href":"https:\/\/batijournal.com\/index.php\/wp-json\/wp\/v2\/types\/post"}],"author":[{"embeddable":true,"href":"https:\/\/batijournal.com\/index.php\/wp-json\/wp\/v2\/users\/17"}],"replies":[{"embeddable":true,"href":"https:\/\/batijournal.com\/index.php\/wp-json\/wp\/v2\/comments?post=94051"}],"version-history":[{"count":0,"href":"https:\/\/batijournal.com\/index.php\/wp-json\/wp\/v2\/posts\/94051\/revisions"}],"wp:featuredmedia":[{"embeddable":true,"href":"https:\/\/batijournal.com\/index.php\/wp-json\/wp\/v2\/media\/94053"}],"wp:attachment":[{"href":"https:\/\/batijournal.com\/index.php\/wp-json\/wp\/v2\/media?parent=94051"}],"wp:term":[{"taxonomy":"category","embeddable":true,"href":"https:\/\/batijournal.com\/index.php\/wp-json\/wp\/v2\/categories?post=94051"},{"taxonomy":"post_tag","embeddable":true,"href":"https:\/\/batijournal.com\/index.php\/wp-json\/wp\/v2\/tags?post=94051"}],"curies":[{"name":"wp","href":"https:\/\/api.w.org\/{rel}","templated":true}]}}