{"id":94054,"date":"2016-10-26T09:10:09","date_gmt":"2016-10-26T07:10:09","guid":{"rendered":"http:\/\/batijournal.com\/?p=94054"},"modified":"2019-07-15T11:16:17","modified_gmt":"2019-07-15T09:16:17","slug":"petit-patrimoine-na-droit-aux-presenseignes","status":"publish","type":"post","link":"https:\/\/batijournal.com\/index.php\/petit-patrimoine-na-droit-aux-presenseignes\/94054\/","title":{"rendered":"Le petit patrimoine n&rsquo;a pas le droit aux pr\u00e9senseignes"},"content":{"rendered":"<p><strong>La s\u00e9natrice Marie-Pierre Monier a interrog\u00e9 le minist\u00e8re de l&rsquo;environnement sur l&rsquo;affichage touristique et l&rsquo;indication des lieux patrimoniaux peu connus.<\/strong><\/p>\n<p>\u00ab\u00a0Selon l&rsquo;article 1 de l&rsquo;arr\u00eat\u00e9 du 23 mars 2015 fixant certaines prescriptions d&rsquo;harmonisation des pr\u00e9enseignes d\u00e9rogatoires, seuls les monuments historiques, class\u00e9s ou inscrits ouverts \u00e0 la visite, sont susceptibles de b\u00e9n\u00e9ficier de l&rsquo;implantation des pr\u00e9enseignes d\u00e9rogatoires. Il semble que les \u00e9l\u00e9ments de patrimoine qui n\u00e9cessitent d&rsquo;\u00eatre signal\u00e9s par des pr\u00e9enseignes d\u00e9rogatoires devraient surtout \u00eatre ceux que l&rsquo;on ne trouve pas facilement dans tous les guides mais, au contraire, ceux qui, bien qu&rsquo;inscrits ou class\u00e9s, sont moins connus, moins fr\u00e9quent\u00e9s et, le plus souvent, ne proposent pas de visite.\u00a0\u00bb Elle demande de pr\u00e9ciser les \u00e9l\u00e9ments de cette r\u00e9glementation ou, le cas \u00e9ch\u00e9ant, de lui indiquer les dispositions qu&rsquo;elle entend prendre afin que ces interrogations puissent \u00eatre lev\u00e9es.<\/p>\n<p><strong>R\u00e9ponse du Minist\u00e8re de l&rsquo;environnement :<\/strong><br \/>\n\u00ab\u00a0La signalisation des monuments historiques, qu&rsquo;elle soit implant\u00e9e sur le domaine public routier par le biais d&rsquo;une signalisation d&rsquo;information culturelle et touristique, ou sur le domaine public par le biais de pr\u00e9-enseignes d\u00e9rogatoires, est une \u00ab devanture \u00bb, qui doit pr\u00e9senter un niveau d&rsquo;excellente qualit\u00e9 et fournir une information incontestable et comprise par tous. Cette s\u00e9lection est donc rigoureuse et faite sur la base de crit\u00e8res d&rsquo;attractivit\u00e9s tels que le classement ou l&rsquo;inscription du monument coupl\u00e9 \u00e0 la possibilit\u00e9 de le visiter. En g\u00e9n\u00e9ral, toutes les curiosit\u00e9s ou les lieux touristiques ne pouvant pas faire l&rsquo;objet d&rsquo;une signalisation quelle qu&rsquo;elle soit, ont la possibilit\u00e9 d&rsquo;\u00eatre mentionn\u00e9s dans la liste d&rsquo;un Relais d&rsquo;information service (RIS), qui sp\u00e9cifiera \u00e9galement l&rsquo;endroit o\u00f9 l&rsquo;usager pourra se procurer les d\u00e9pliants d\u00e9crivant l&rsquo;inventaire d\u00e9taill\u00e9 des monuments et sites int\u00e9ressants dans la r\u00e9gion travers\u00e9e.\u00a0\u00bb<br \/>\n<a href=\"http:\/\/www.senat.fr\/questions\/base\/2016\/qSEQ160722652.html\" target=\"_blank\" rel=\"noopener noreferrer\">Lire la totalit\u00e9 de la question sur le site du S\u00e9nat&#8230;<\/a><\/p>\n","protected":false},"excerpt":{"rendered":"<p>La s\u00e9natrice Marie-Pierre Monier a interrog\u00e9 le minist\u00e8re de l&rsquo;environnement sur l&rsquo;affichage touristique et l&rsquo;indication des lieux patrimoniaux peu connus. \u00ab\u00a0Selon l&rsquo;article 1 de l&rsquo;arr\u00eat\u00e9 du 23 mars 2015 fixant certaines prescriptions d&rsquo;harmonisation des pr\u00e9enseignes d\u00e9rogatoires, seuls les monuments historiques, class\u00e9s ou inscrits ouverts \u00e0 la visite, sont susceptibles de b\u00e9n\u00e9ficier de l&rsquo;implantation des pr\u00e9enseignes [&hellip;]<\/p>\n","protected":false},"author":17,"featured_media":0,"comment_status":"closed","ping_status":"closed","sticky":false,"template":"","format":"standard","meta":{"_et_pb_use_builder":"","_et_pb_old_content":"","_et_gb_content_width":"","footnotes":""},"categories":[6340],"tags":[6376],"class_list":["post-94054","post","type-post","status-publish","format-standard","hentry","category-architecture-conception","tag-monument-historique"],"yoast_head":"<!-- This site is optimized with the Yoast SEO plugin v27.4 - https:\/\/yoast.com\/product\/yoast-seo-wordpress\/ -->\n<title>Le petit patrimoine n&#039;a pas le droit aux pr\u00e9senseignes<\/title>\n<meta name=\"robots\" content=\"index, follow, max-snippet:-1, max-image-preview:large, max-video-preview:-1\" \/>\n<link rel=\"canonical\" href=\"https:\/\/batijournal.com\/index.php\/petit-patrimoine-na-droit-aux-presenseignes\/94054\/\" \/>\n<meta property=\"og:locale\" content=\"fr_FR\" \/>\n<meta property=\"og:type\" content=\"article\" \/>\n<meta property=\"og:title\" content=\"Le petit patrimoine n&#039;a pas le droit aux pr\u00e9senseignes\" \/>\n<meta property=\"og:description\" content=\"La s\u00e9natrice Marie-Pierre Monier a interrog\u00e9 le minist\u00e8re de l&rsquo;environnement sur l&rsquo;affichage touristique et l&rsquo;indication des lieux patrimoniaux peu connus. \u00ab\u00a0Selon l&rsquo;article 1 de l&rsquo;arr\u00eat\u00e9 du 23 mars 2015 fixant certaines prescriptions d&rsquo;harmonisation des pr\u00e9enseignes d\u00e9rogatoires, seuls les monuments historiques, class\u00e9s ou inscrits ouverts \u00e0 la visite, sont susceptibles de b\u00e9n\u00e9ficier de l&rsquo;implantation des pr\u00e9enseignes [&hellip;]\" \/>\n<meta property=\"og:url\" content=\"https:\/\/batijournal.com\/index.php\/petit-patrimoine-na-droit-aux-presenseignes\/94054\/\" \/>\n<meta property=\"og:site_name\" content=\"Batijournal\" \/>\n<meta property=\"article:published_time\" content=\"2016-10-26T07:10:09+00:00\" \/>\n<meta property=\"article:modified_time\" content=\"2019-07-15T09:16:17+00:00\" \/>\n<meta name=\"author\" content=\"St\u00e9phane Miget\" \/>\n<meta name=\"twitter:card\" content=\"summary_large_image\" \/>\n<meta name=\"twitter:creator\" content=\"@bati_journal\" \/>\n<meta name=\"twitter:site\" content=\"@bati_journal\" \/>\n<meta name=\"twitter:label1\" content=\"\u00c9crit par\" \/>\n\t<meta name=\"twitter:data1\" content=\"St\u00e9phane Miget\" \/>\n\t<meta name=\"twitter:label2\" content=\"Dur\u00e9e de lecture estim\u00e9e\" \/>\n\t<meta name=\"twitter:data2\" content=\"2 minutes\" \/>\n<script type=\"application\/ld+json\" class=\"yoast-schema-graph\">{\"@context\":\"https:\\\/\\\/schema.org\",\"@graph\":[{\"@type\":\"Article\",\"@id\":\"https:\\\/\\\/batijournal.com\\\/index.php\\\/petit-patrimoine-na-droit-aux-presenseignes\\\/94054\\\/#article\",\"isPartOf\":{\"@id\":\"https:\\\/\\\/batijournal.com\\\/index.php\\\/petit-patrimoine-na-droit-aux-presenseignes\\\/94054\\\/\"},\"author\":{\"name\":\"St\u00e9phane Miget\",\"@id\":\"https:\\\/\\\/batijournal.com\\\/#\\\/schema\\\/person\\\/1dc96ec6957aa1ccb25ebe78bb19f100\"},\"headline\":\"Le petit patrimoine n&rsquo;a pas le droit aux pr\u00e9senseignes\",\"datePublished\":\"2016-10-26T07:10:09+00:00\",\"dateModified\":\"2019-07-15T09:16:17+00:00\",\"mainEntityOfPage\":{\"@id\":\"https:\\\/\\\/batijournal.com\\\/index.php\\\/petit-patrimoine-na-droit-aux-presenseignes\\\/94054\\\/\"},\"wordCount\":364,\"keywords\":[\"monument historique\"],\"articleSection\":[\"Architecture &amp; Conception\"],\"inLanguage\":\"fr-FR\"},{\"@type\":\"WebPage\",\"@id\":\"https:\\\/\\\/batijournal.com\\\/index.php\\\/petit-patrimoine-na-droit-aux-presenseignes\\\/94054\\\/\",\"url\":\"https:\\\/\\\/batijournal.com\\\/index.php\\\/petit-patrimoine-na-droit-aux-presenseignes\\\/94054\\\/\",\"name\":\"Le petit patrimoine n'a pas le droit aux pr\u00e9senseignes\",\"isPartOf\":{\"@id\":\"https:\\\/\\\/batijournal.com\\\/#website\"},\"datePublished\":\"2016-10-26T07:10:09+00:00\",\"dateModified\":\"2019-07-15T09:16:17+00:00\",\"author\":{\"@id\":\"https:\\\/\\\/batijournal.com\\\/#\\\/schema\\\/person\\\/1dc96ec6957aa1ccb25ebe78bb19f100\"},\"breadcrumb\":{\"@id\":\"https:\\\/\\\/batijournal.com\\\/index.php\\\/petit-patrimoine-na-droit-aux-presenseignes\\\/94054\\\/#breadcrumb\"},\"inLanguage\":\"fr-FR\",\"potentialAction\":[{\"@type\":\"ReadAction\",\"target\":[\"https:\\\/\\\/batijournal.com\\\/index.php\\\/petit-patrimoine-na-droit-aux-presenseignes\\\/94054\\\/\"]}]},{\"@type\":\"BreadcrumbList\",\"@id\":\"https:\\\/\\\/batijournal.com\\\/index.php\\\/petit-patrimoine-na-droit-aux-presenseignes\\\/94054\\\/#breadcrumb\",\"itemListElement\":[{\"@type\":\"ListItem\",\"position\":1,\"name\":\"Accueil\",\"item\":\"https:\\\/\\\/batijournal.com\\\/\"},{\"@type\":\"ListItem\",\"position\":2,\"name\":\"Actualit\u00e9s\",\"item\":\"https:\\\/\\\/batijournal.com\\\/index.php\\\/category\\\/actualites\\\/\"},{\"@type\":\"ListItem\",\"position\":3,\"name\":\"Architecture &amp; Conception\",\"item\":\"https:\\\/\\\/batijournal.com\\\/index.php\\\/category\\\/actualites\\\/architecture-conception\\\/\"},{\"@type\":\"ListItem\",\"position\":4,\"name\":\"Le petit patrimoine n&rsquo;a pas le droit aux pr\u00e9senseignes\"}]},{\"@type\":\"WebSite\",\"@id\":\"https:\\\/\\\/batijournal.com\\\/#website\",\"url\":\"https:\\\/\\\/batijournal.com\\\/\",\"name\":\"Batijournal\",\"description\":\"L&#039;actualit\u00e9 du b\u00e2timent\",\"potentialAction\":[{\"@type\":\"SearchAction\",\"target\":{\"@type\":\"EntryPoint\",\"urlTemplate\":\"https:\\\/\\\/batijournal.com\\\/?s={search_term_string}\"},\"query-input\":{\"@type\":\"PropertyValueSpecification\",\"valueRequired\":true,\"valueName\":\"search_term_string\"}}],\"inLanguage\":\"fr-FR\"},{\"@type\":\"Person\",\"@id\":\"https:\\\/\\\/batijournal.com\\\/#\\\/schema\\\/person\\\/1dc96ec6957aa1ccb25ebe78bb19f100\",\"name\":\"St\u00e9phane Miget\",\"image\":{\"@type\":\"ImageObject\",\"inLanguage\":\"fr-FR\",\"@id\":\"https:\\\/\\\/secure.gravatar.com\\\/avatar\\\/89915563d925342126b8ef0281b93d9d7fc337043e8df017f780908eb9644451?s=96&d=mm&r=g\",\"url\":\"https:\\\/\\\/secure.gravatar.com\\\/avatar\\\/89915563d925342126b8ef0281b93d9d7fc337043e8df017f780908eb9644451?s=96&d=mm&r=g\",\"contentUrl\":\"https:\\\/\\\/secure.gravatar.com\\\/avatar\\\/89915563d925342126b8ef0281b93d9d7fc337043e8df017f780908eb9644451?s=96&d=mm&r=g\",\"caption\":\"St\u00e9phane Miget\"},\"url\":\"https:\\\/\\\/batijournal.com\\\/index.php\\\/author\\\/stephane\\\/\"}]}<\/script>\n<!-- \/ Yoast SEO plugin. -->","yoast_head_json":{"title":"Le petit patrimoine n'a pas le droit aux pr\u00e9senseignes","robots":{"index":"index","follow":"follow","max-snippet":"max-snippet:-1","max-image-preview":"max-image-preview:large","max-video-preview":"max-video-preview:-1"},"canonical":"https:\/\/batijournal.com\/index.php\/petit-patrimoine-na-droit-aux-presenseignes\/94054\/","og_locale":"fr_FR","og_type":"article","og_title":"Le petit patrimoine n'a pas le droit aux pr\u00e9senseignes","og_description":"La s\u00e9natrice Marie-Pierre Monier a interrog\u00e9 le minist\u00e8re de l&rsquo;environnement sur l&rsquo;affichage touristique et l&rsquo;indication des lieux patrimoniaux peu connus. \u00ab\u00a0Selon l&rsquo;article 1 de l&rsquo;arr\u00eat\u00e9 du 23 mars 2015 fixant certaines prescriptions d&rsquo;harmonisation des pr\u00e9enseignes d\u00e9rogatoires, seuls les monuments historiques, class\u00e9s ou inscrits ouverts \u00e0 la visite, sont susceptibles de b\u00e9n\u00e9ficier de l&rsquo;implantation des pr\u00e9enseignes [&hellip;]","og_url":"https:\/\/batijournal.com\/index.php\/petit-patrimoine-na-droit-aux-presenseignes\/94054\/","og_site_name":"Batijournal","article_published_time":"2016-10-26T07:10:09+00:00","article_modified_time":"2019-07-15T09:16:17+00:00","author":"St\u00e9phane Miget","twitter_card":"summary_large_image","twitter_creator":"@bati_journal","twitter_site":"@bati_journal","twitter_misc":{"\u00c9crit par":"St\u00e9phane Miget","Dur\u00e9e de lecture estim\u00e9e":"2 minutes"},"schema":{"@context":"https:\/\/schema.org","@graph":[{"@type":"Article","@id":"https:\/\/batijournal.com\/index.php\/petit-patrimoine-na-droit-aux-presenseignes\/94054\/#article","isPartOf":{"@id":"https:\/\/batijournal.com\/index.php\/petit-patrimoine-na-droit-aux-presenseignes\/94054\/"},"author":{"name":"St\u00e9phane Miget","@id":"https:\/\/batijournal.com\/#\/schema\/person\/1dc96ec6957aa1ccb25ebe78bb19f100"},"headline":"Le petit patrimoine n&rsquo;a pas le droit aux pr\u00e9senseignes","datePublished":"2016-10-26T07:10:09+00:00","dateModified":"2019-07-15T09:16:17+00:00","mainEntityOfPage":{"@id":"https:\/\/batijournal.com\/index.php\/petit-patrimoine-na-droit-aux-presenseignes\/94054\/"},"wordCount":364,"keywords":["monument historique"],"articleSection":["Architecture &amp; Conception"],"inLanguage":"fr-FR"},{"@type":"WebPage","@id":"https:\/\/batijournal.com\/index.php\/petit-patrimoine-na-droit-aux-presenseignes\/94054\/","url":"https:\/\/batijournal.com\/index.php\/petit-patrimoine-na-droit-aux-presenseignes\/94054\/","name":"Le petit patrimoine n'a pas le droit aux pr\u00e9senseignes","isPartOf":{"@id":"https:\/\/batijournal.com\/#website"},"datePublished":"2016-10-26T07:10:09+00:00","dateModified":"2019-07-15T09:16:17+00:00","author":{"@id":"https:\/\/batijournal.com\/#\/schema\/person\/1dc96ec6957aa1ccb25ebe78bb19f100"},"breadcrumb":{"@id":"https:\/\/batijournal.com\/index.php\/petit-patrimoine-na-droit-aux-presenseignes\/94054\/#breadcrumb"},"inLanguage":"fr-FR","potentialAction":[{"@type":"ReadAction","target":["https:\/\/batijournal.com\/index.php\/petit-patrimoine-na-droit-aux-presenseignes\/94054\/"]}]},{"@type":"BreadcrumbList","@id":"https:\/\/batijournal.com\/index.php\/petit-patrimoine-na-droit-aux-presenseignes\/94054\/#breadcrumb","itemListElement":[{"@type":"ListItem","position":1,"name":"Accueil","item":"https:\/\/batijournal.com\/"},{"@type":"ListItem","position":2,"name":"Actualit\u00e9s","item":"https:\/\/batijournal.com\/index.php\/category\/actualites\/"},{"@type":"ListItem","position":3,"name":"Architecture &amp; Conception","item":"https:\/\/batijournal.com\/index.php\/category\/actualites\/architecture-conception\/"},{"@type":"ListItem","position":4,"name":"Le petit patrimoine n&rsquo;a pas le droit aux pr\u00e9senseignes"}]},{"@type":"WebSite","@id":"https:\/\/batijournal.com\/#website","url":"https:\/\/batijournal.com\/","name":"Batijournal","description":"L&#039;actualit\u00e9 du b\u00e2timent","potentialAction":[{"@type":"SearchAction","target":{"@type":"EntryPoint","urlTemplate":"https:\/\/batijournal.com\/?s={search_term_string}"},"query-input":{"@type":"PropertyValueSpecification","valueRequired":true,"valueName":"search_term_string"}}],"inLanguage":"fr-FR"},{"@type":"Person","@id":"https:\/\/batijournal.com\/#\/schema\/person\/1dc96ec6957aa1ccb25ebe78bb19f100","name":"St\u00e9phane Miget","image":{"@type":"ImageObject","inLanguage":"fr-FR","@id":"https:\/\/secure.gravatar.com\/avatar\/89915563d925342126b8ef0281b93d9d7fc337043e8df017f780908eb9644451?s=96&d=mm&r=g","url":"https:\/\/secure.gravatar.com\/avatar\/89915563d925342126b8ef0281b93d9d7fc337043e8df017f780908eb9644451?s=96&d=mm&r=g","contentUrl":"https:\/\/secure.gravatar.com\/avatar\/89915563d925342126b8ef0281b93d9d7fc337043e8df017f780908eb9644451?s=96&d=mm&r=g","caption":"St\u00e9phane Miget"},"url":"https:\/\/batijournal.com\/index.php\/author\/stephane\/"}]}},"_links":{"self":[{"href":"https:\/\/batijournal.com\/index.php\/wp-json\/wp\/v2\/posts\/94054","targetHints":{"allow":["GET"]}}],"collection":[{"href":"https:\/\/batijournal.com\/index.php\/wp-json\/wp\/v2\/posts"}],"about":[{"href":"https:\/\/batijournal.com\/index.php\/wp-json\/wp\/v2\/types\/post"}],"author":[{"embeddable":true,"href":"https:\/\/batijournal.com\/index.php\/wp-json\/wp\/v2\/users\/17"}],"replies":[{"embeddable":true,"href":"https:\/\/batijournal.com\/index.php\/wp-json\/wp\/v2\/comments?post=94054"}],"version-history":[{"count":0,"href":"https:\/\/batijournal.com\/index.php\/wp-json\/wp\/v2\/posts\/94054\/revisions"}],"wp:attachment":[{"href":"https:\/\/batijournal.com\/index.php\/wp-json\/wp\/v2\/media?parent=94054"}],"wp:term":[{"taxonomy":"category","embeddable":true,"href":"https:\/\/batijournal.com\/index.php\/wp-json\/wp\/v2\/categories?post=94054"},{"taxonomy":"post_tag","embeddable":true,"href":"https:\/\/batijournal.com\/index.php\/wp-json\/wp\/v2\/tags?post=94054"}],"curies":[{"name":"wp","href":"https:\/\/api.w.org\/{rel}","templated":true}]}}