{"id":94069,"date":"2016-10-27T17:10:47","date_gmt":"2016-10-27T15:10:47","guid":{"rendered":"http:\/\/batijournal.com\/?p=94069"},"modified":"2019-07-15T12:13:21","modified_gmt":"2019-07-15T10:13:21","slug":"sylviculteurs-industriels-de-filiere-bois-signent-charte","status":"publish","type":"post","link":"https:\/\/batijournal.com\/index.php\/sylviculteurs-industriels-de-filiere-bois-signent-charte\/94069\/","title":{"rendered":"Sylviculteurs et industriels de la fili\u00e8re bois signent une charte"},"content":{"rendered":"<div class=\"page\" title=\"Page 1\">\n<div class=\"layoutArea\">\n<div class=\"column\">\n<p>Sous l\u2019\u00e9gide du Comit\u00e9 Strat\u00e9gique de Fili\u00e8re Bois, neuf f\u00e9d\u00e9rations professionnelles et l\u2019ONF, repr\u00e9sentant l\u2019int\u00e9gralit\u00e9 des producteurs forestiers avec les secteurs de la premi\u00e8re transformation du bois, ont sign\u00e9 le 12 octobre dernier la premi\u00e8re charte en faveur de la contractualisation de leurs approvisionnements en mati\u00e8re premi\u00e8re. \u00a0L&rsquo;objectif est de d\u00e9velopper la mise en \u0153uvre de contrats pluriannuels, en France m\u00e9tropolitaine, visant \u00e0 lisser les r\u00e9coltes et ainsi les revenus des producteurs et des sylviculteurs ainsi que les approvisionnements des industries. La charte pr\u00e9cise les points de vigilance \u00e0 aborder par les acteurs dans la n\u00e9gociation des contrats d\u2019approvisionnement pour bien garantir leurs engagements de volont\u00e9 r\u00e9ciproque dans la dur\u00e9e.<\/p>\n<\/div>\n<\/div>\n<\/div>\n","protected":false},"excerpt":{"rendered":"<p>Sous l\u2019\u00e9gide du Comit\u00e9 Strat\u00e9gique de Fili\u00e8re Bois, neuf f\u00e9d\u00e9rations professionnelles et l\u2019ONF, repr\u00e9sentant l\u2019int\u00e9gralit\u00e9 des producteurs forestiers avec les secteurs de la premi\u00e8re transformation du bois, ont sign\u00e9 le 12 octobre dernier la premi\u00e8re charte en faveur de la contractualisation de leurs approvisionnements en mati\u00e8re premi\u00e8re. \u00a0L&rsquo;objectif est de d\u00e9velopper la mise en \u0153uvre [&hellip;]<\/p>\n","protected":false},"author":17,"featured_media":89609,"comment_status":"closed","ping_status":"closed","sticky":false,"template":"","format":"standard","meta":{"_et_pb_use_builder":"","_et_pb_old_content":"","_et_gb_content_width":"","footnotes":""},"categories":[6345],"tags":[1017,4652],"class_list":["post-94069","post","type-post","status-publish","format-standard","has-post-thumbnail","hentry","category-economie-marches","tag-filiere-bois","tag-premiere-transformation"],"yoast_head":"<!-- This site is optimized with the Yoast SEO plugin v27.4 - https:\/\/yoast.com\/product\/yoast-seo-wordpress\/ -->\n<title>Sylviculteurs et industriels de la fili\u00e8re bois signent une charte<\/title>\n<meta name=\"robots\" content=\"index, follow, max-snippet:-1, max-image-preview:large, max-video-preview:-1\" \/>\n<link rel=\"canonical\" href=\"https:\/\/batijournal.com\/index.php\/sylviculteurs-industriels-de-filiere-bois-signent-charte\/94069\/\" \/>\n<meta property=\"og:locale\" content=\"fr_FR\" \/>\n<meta property=\"og:type\" content=\"article\" \/>\n<meta property=\"og:title\" content=\"Sylviculteurs et industriels de la fili\u00e8re bois signent une charte\" \/>\n<meta property=\"og:description\" content=\"Sous l\u2019\u00e9gide du Comit\u00e9 Strat\u00e9gique de Fili\u00e8re Bois, neuf f\u00e9d\u00e9rations professionnelles et l\u2019ONF, repr\u00e9sentant l\u2019int\u00e9gralit\u00e9 des producteurs forestiers avec les secteurs de la premi\u00e8re transformation du bois, ont sign\u00e9 le 12 octobre dernier la premi\u00e8re charte en faveur de la contractualisation de leurs approvisionnements en mati\u00e8re premi\u00e8re. \u00a0L&rsquo;objectif est de d\u00e9velopper la mise en \u0153uvre [&hellip;]\" \/>\n<meta property=\"og:url\" content=\"https:\/\/batijournal.com\/index.php\/sylviculteurs-industriels-de-filiere-bois-signent-charte\/94069\/\" \/>\n<meta property=\"og:site_name\" content=\"Batijournal\" \/>\n<meta property=\"article:published_time\" content=\"2016-10-27T15:10:47+00:00\" \/>\n<meta property=\"article:modified_time\" content=\"2019-07-15T10:13:21+00:00\" \/>\n<meta property=\"og:image\" content=\"https:\/\/batijournal.com\/wp-content\/uploads\/2015\/10\/bois-local.jpg\" \/>\n\t<meta property=\"og:image:width\" content=\"1000\" \/>\n\t<meta property=\"og:image:height\" content=\"602\" \/>\n\t<meta property=\"og:image:type\" content=\"image\/jpeg\" \/>\n<meta name=\"author\" content=\"St\u00e9phane Miget\" \/>\n<meta name=\"twitter:card\" content=\"summary_large_image\" \/>\n<meta name=\"twitter:creator\" content=\"@bati_journal\" \/>\n<meta name=\"twitter:site\" content=\"@bati_journal\" \/>\n<meta name=\"twitter:label1\" content=\"\u00c9crit par\" \/>\n\t<meta name=\"twitter:data1\" content=\"St\u00e9phane Miget\" \/>\n\t<meta name=\"twitter:label2\" content=\"Dur\u00e9e de lecture estim\u00e9e\" \/>\n\t<meta name=\"twitter:data2\" content=\"1 minute\" \/>\n<script type=\"application\/ld+json\" class=\"yoast-schema-graph\">{\"@context\":\"https:\\\/\\\/schema.org\",\"@graph\":[{\"@type\":\"Article\",\"@id\":\"https:\\\/\\\/batijournal.com\\\/index.php\\\/sylviculteurs-industriels-de-filiere-bois-signent-charte\\\/94069\\\/#article\",\"isPartOf\":{\"@id\":\"https:\\\/\\\/batijournal.com\\\/index.php\\\/sylviculteurs-industriels-de-filiere-bois-signent-charte\\\/94069\\\/\"},\"author\":{\"name\":\"St\u00e9phane Miget\",\"@id\":\"https:\\\/\\\/batijournal.com\\\/#\\\/schema\\\/person\\\/1dc96ec6957aa1ccb25ebe78bb19f100\"},\"headline\":\"Sylviculteurs et industriels de la fili\u00e8re bois signent une charte\",\"datePublished\":\"2016-10-27T15:10:47+00:00\",\"dateModified\":\"2019-07-15T10:13:21+00:00\",\"mainEntityOfPage\":{\"@id\":\"https:\\\/\\\/batijournal.com\\\/index.php\\\/sylviculteurs-industriels-de-filiere-bois-signent-charte\\\/94069\\\/\"},\"wordCount\":140,\"image\":{\"@id\":\"https:\\\/\\\/batijournal.com\\\/index.php\\\/sylviculteurs-industriels-de-filiere-bois-signent-charte\\\/94069\\\/#primaryimage\"},\"thumbnailUrl\":\"https:\\\/\\\/batijournal.com\\\/wp-content\\\/uploads\\\/2015\\\/10\\\/bois-local.jpg\",\"keywords\":[\"fili\u00e8re bois\",\"premi\u00e8re transformation\"],\"articleSection\":[\"\u00c9conomie &amp; March\u00e9s\"],\"inLanguage\":\"fr-FR\"},{\"@type\":\"WebPage\",\"@id\":\"https:\\\/\\\/batijournal.com\\\/index.php\\\/sylviculteurs-industriels-de-filiere-bois-signent-charte\\\/94069\\\/\",\"url\":\"https:\\\/\\\/batijournal.com\\\/index.php\\\/sylviculteurs-industriels-de-filiere-bois-signent-charte\\\/94069\\\/\",\"name\":\"Sylviculteurs et industriels de la fili\u00e8re bois signent une charte\",\"isPartOf\":{\"@id\":\"https:\\\/\\\/batijournal.com\\\/#website\"},\"primaryImageOfPage\":{\"@id\":\"https:\\\/\\\/batijournal.com\\\/index.php\\\/sylviculteurs-industriels-de-filiere-bois-signent-charte\\\/94069\\\/#primaryimage\"},\"image\":{\"@id\":\"https:\\\/\\\/batijournal.com\\\/index.php\\\/sylviculteurs-industriels-de-filiere-bois-signent-charte\\\/94069\\\/#primaryimage\"},\"thumbnailUrl\":\"https:\\\/\\\/batijournal.com\\\/wp-content\\\/uploads\\\/2015\\\/10\\\/bois-local.jpg\",\"datePublished\":\"2016-10-27T15:10:47+00:00\",\"dateModified\":\"2019-07-15T10:13:21+00:00\",\"author\":{\"@id\":\"https:\\\/\\\/batijournal.com\\\/#\\\/schema\\\/person\\\/1dc96ec6957aa1ccb25ebe78bb19f100\"},\"breadcrumb\":{\"@id\":\"https:\\\/\\\/batijournal.com\\\/index.php\\\/sylviculteurs-industriels-de-filiere-bois-signent-charte\\\/94069\\\/#breadcrumb\"},\"inLanguage\":\"fr-FR\",\"potentialAction\":[{\"@type\":\"ReadAction\",\"target\":[\"https:\\\/\\\/batijournal.com\\\/index.php\\\/sylviculteurs-industriels-de-filiere-bois-signent-charte\\\/94069\\\/\"]}]},{\"@type\":\"ImageObject\",\"inLanguage\":\"fr-FR\",\"@id\":\"https:\\\/\\\/batijournal.com\\\/index.php\\\/sylviculteurs-industriels-de-filiere-bois-signent-charte\\\/94069\\\/#primaryimage\",\"url\":\"https:\\\/\\\/batijournal.com\\\/wp-content\\\/uploads\\\/2015\\\/10\\\/bois-local.jpg\",\"contentUrl\":\"https:\\\/\\\/batijournal.com\\\/wp-content\\\/uploads\\\/2015\\\/10\\\/bois-local.jpg\",\"width\":1000,\"height\":602},{\"@type\":\"BreadcrumbList\",\"@id\":\"https:\\\/\\\/batijournal.com\\\/index.php\\\/sylviculteurs-industriels-de-filiere-bois-signent-charte\\\/94069\\\/#breadcrumb\",\"itemListElement\":[{\"@type\":\"ListItem\",\"position\":1,\"name\":\"Accueil\",\"item\":\"https:\\\/\\\/batijournal.com\\\/\"},{\"@type\":\"ListItem\",\"position\":2,\"name\":\"Actualit\u00e9s\",\"item\":\"https:\\\/\\\/batijournal.com\\\/index.php\\\/category\\\/actualites\\\/\"},{\"@type\":\"ListItem\",\"position\":3,\"name\":\"\u00c9conomie &amp; March\u00e9s\",\"item\":\"https:\\\/\\\/batijournal.com\\\/index.php\\\/category\\\/actualites\\\/economie-marches\\\/\"},{\"@type\":\"ListItem\",\"position\":4,\"name\":\"Sylviculteurs et industriels de la fili\u00e8re bois signent une charte\"}]},{\"@type\":\"WebSite\",\"@id\":\"https:\\\/\\\/batijournal.com\\\/#website\",\"url\":\"https:\\\/\\\/batijournal.com\\\/\",\"name\":\"Batijournal\",\"description\":\"L&#039;actualit\u00e9 du b\u00e2timent\",\"potentialAction\":[{\"@type\":\"SearchAction\",\"target\":{\"@type\":\"EntryPoint\",\"urlTemplate\":\"https:\\\/\\\/batijournal.com\\\/?s={search_term_string}\"},\"query-input\":{\"@type\":\"PropertyValueSpecification\",\"valueRequired\":true,\"valueName\":\"search_term_string\"}}],\"inLanguage\":\"fr-FR\"},{\"@type\":\"Person\",\"@id\":\"https:\\\/\\\/batijournal.com\\\/#\\\/schema\\\/person\\\/1dc96ec6957aa1ccb25ebe78bb19f100\",\"name\":\"St\u00e9phane Miget\",\"image\":{\"@type\":\"ImageObject\",\"inLanguage\":\"fr-FR\",\"@id\":\"https:\\\/\\\/secure.gravatar.com\\\/avatar\\\/89915563d925342126b8ef0281b93d9d7fc337043e8df017f780908eb9644451?s=96&d=mm&r=g\",\"url\":\"https:\\\/\\\/secure.gravatar.com\\\/avatar\\\/89915563d925342126b8ef0281b93d9d7fc337043e8df017f780908eb9644451?s=96&d=mm&r=g\",\"contentUrl\":\"https:\\\/\\\/secure.gravatar.com\\\/avatar\\\/89915563d925342126b8ef0281b93d9d7fc337043e8df017f780908eb9644451?s=96&d=mm&r=g\",\"caption\":\"St\u00e9phane Miget\"},\"url\":\"https:\\\/\\\/batijournal.com\\\/index.php\\\/author\\\/stephane\\\/\"}]}<\/script>\n<!-- \/ Yoast SEO plugin. -->","yoast_head_json":{"title":"Sylviculteurs et industriels de la fili\u00e8re bois signent une charte","robots":{"index":"index","follow":"follow","max-snippet":"max-snippet:-1","max-image-preview":"max-image-preview:large","max-video-preview":"max-video-preview:-1"},"canonical":"https:\/\/batijournal.com\/index.php\/sylviculteurs-industriels-de-filiere-bois-signent-charte\/94069\/","og_locale":"fr_FR","og_type":"article","og_title":"Sylviculteurs et industriels de la fili\u00e8re bois signent une charte","og_description":"Sous l\u2019\u00e9gide du Comit\u00e9 Strat\u00e9gique de Fili\u00e8re Bois, neuf f\u00e9d\u00e9rations professionnelles et l\u2019ONF, repr\u00e9sentant l\u2019int\u00e9gralit\u00e9 des producteurs forestiers avec les secteurs de la premi\u00e8re transformation du bois, ont sign\u00e9 le 12 octobre dernier la premi\u00e8re charte en faveur de la contractualisation de leurs approvisionnements en mati\u00e8re premi\u00e8re. \u00a0L&rsquo;objectif est de d\u00e9velopper la mise en \u0153uvre [&hellip;]","og_url":"https:\/\/batijournal.com\/index.php\/sylviculteurs-industriels-de-filiere-bois-signent-charte\/94069\/","og_site_name":"Batijournal","article_published_time":"2016-10-27T15:10:47+00:00","article_modified_time":"2019-07-15T10:13:21+00:00","og_image":[{"width":1000,"height":602,"url":"https:\/\/batijournal.com\/wp-content\/uploads\/2015\/10\/bois-local.jpg","type":"image\/jpeg"}],"author":"St\u00e9phane Miget","twitter_card":"summary_large_image","twitter_creator":"@bati_journal","twitter_site":"@bati_journal","twitter_misc":{"\u00c9crit par":"St\u00e9phane Miget","Dur\u00e9e de lecture estim\u00e9e":"1 minute"},"schema":{"@context":"https:\/\/schema.org","@graph":[{"@type":"Article","@id":"https:\/\/batijournal.com\/index.php\/sylviculteurs-industriels-de-filiere-bois-signent-charte\/94069\/#article","isPartOf":{"@id":"https:\/\/batijournal.com\/index.php\/sylviculteurs-industriels-de-filiere-bois-signent-charte\/94069\/"},"author":{"name":"St\u00e9phane Miget","@id":"https:\/\/batijournal.com\/#\/schema\/person\/1dc96ec6957aa1ccb25ebe78bb19f100"},"headline":"Sylviculteurs et industriels de la fili\u00e8re bois signent une charte","datePublished":"2016-10-27T15:10:47+00:00","dateModified":"2019-07-15T10:13:21+00:00","mainEntityOfPage":{"@id":"https:\/\/batijournal.com\/index.php\/sylviculteurs-industriels-de-filiere-bois-signent-charte\/94069\/"},"wordCount":140,"image":{"@id":"https:\/\/batijournal.com\/index.php\/sylviculteurs-industriels-de-filiere-bois-signent-charte\/94069\/#primaryimage"},"thumbnailUrl":"https:\/\/batijournal.com\/wp-content\/uploads\/2015\/10\/bois-local.jpg","keywords":["fili\u00e8re bois","premi\u00e8re transformation"],"articleSection":["\u00c9conomie &amp; March\u00e9s"],"inLanguage":"fr-FR"},{"@type":"WebPage","@id":"https:\/\/batijournal.com\/index.php\/sylviculteurs-industriels-de-filiere-bois-signent-charte\/94069\/","url":"https:\/\/batijournal.com\/index.php\/sylviculteurs-industriels-de-filiere-bois-signent-charte\/94069\/","name":"Sylviculteurs et industriels de la fili\u00e8re bois signent une charte","isPartOf":{"@id":"https:\/\/batijournal.com\/#website"},"primaryImageOfPage":{"@id":"https:\/\/batijournal.com\/index.php\/sylviculteurs-industriels-de-filiere-bois-signent-charte\/94069\/#primaryimage"},"image":{"@id":"https:\/\/batijournal.com\/index.php\/sylviculteurs-industriels-de-filiere-bois-signent-charte\/94069\/#primaryimage"},"thumbnailUrl":"https:\/\/batijournal.com\/wp-content\/uploads\/2015\/10\/bois-local.jpg","datePublished":"2016-10-27T15:10:47+00:00","dateModified":"2019-07-15T10:13:21+00:00","author":{"@id":"https:\/\/batijournal.com\/#\/schema\/person\/1dc96ec6957aa1ccb25ebe78bb19f100"},"breadcrumb":{"@id":"https:\/\/batijournal.com\/index.php\/sylviculteurs-industriels-de-filiere-bois-signent-charte\/94069\/#breadcrumb"},"inLanguage":"fr-FR","potentialAction":[{"@type":"ReadAction","target":["https:\/\/batijournal.com\/index.php\/sylviculteurs-industriels-de-filiere-bois-signent-charte\/94069\/"]}]},{"@type":"ImageObject","inLanguage":"fr-FR","@id":"https:\/\/batijournal.com\/index.php\/sylviculteurs-industriels-de-filiere-bois-signent-charte\/94069\/#primaryimage","url":"https:\/\/batijournal.com\/wp-content\/uploads\/2015\/10\/bois-local.jpg","contentUrl":"https:\/\/batijournal.com\/wp-content\/uploads\/2015\/10\/bois-local.jpg","width":1000,"height":602},{"@type":"BreadcrumbList","@id":"https:\/\/batijournal.com\/index.php\/sylviculteurs-industriels-de-filiere-bois-signent-charte\/94069\/#breadcrumb","itemListElement":[{"@type":"ListItem","position":1,"name":"Accueil","item":"https:\/\/batijournal.com\/"},{"@type":"ListItem","position":2,"name":"Actualit\u00e9s","item":"https:\/\/batijournal.com\/index.php\/category\/actualites\/"},{"@type":"ListItem","position":3,"name":"\u00c9conomie &amp; March\u00e9s","item":"https:\/\/batijournal.com\/index.php\/category\/actualites\/economie-marches\/"},{"@type":"ListItem","position":4,"name":"Sylviculteurs et industriels de la fili\u00e8re bois signent une charte"}]},{"@type":"WebSite","@id":"https:\/\/batijournal.com\/#website","url":"https:\/\/batijournal.com\/","name":"Batijournal","description":"L&#039;actualit\u00e9 du b\u00e2timent","potentialAction":[{"@type":"SearchAction","target":{"@type":"EntryPoint","urlTemplate":"https:\/\/batijournal.com\/?s={search_term_string}"},"query-input":{"@type":"PropertyValueSpecification","valueRequired":true,"valueName":"search_term_string"}}],"inLanguage":"fr-FR"},{"@type":"Person","@id":"https:\/\/batijournal.com\/#\/schema\/person\/1dc96ec6957aa1ccb25ebe78bb19f100","name":"St\u00e9phane Miget","image":{"@type":"ImageObject","inLanguage":"fr-FR","@id":"https:\/\/secure.gravatar.com\/avatar\/89915563d925342126b8ef0281b93d9d7fc337043e8df017f780908eb9644451?s=96&d=mm&r=g","url":"https:\/\/secure.gravatar.com\/avatar\/89915563d925342126b8ef0281b93d9d7fc337043e8df017f780908eb9644451?s=96&d=mm&r=g","contentUrl":"https:\/\/secure.gravatar.com\/avatar\/89915563d925342126b8ef0281b93d9d7fc337043e8df017f780908eb9644451?s=96&d=mm&r=g","caption":"St\u00e9phane Miget"},"url":"https:\/\/batijournal.com\/index.php\/author\/stephane\/"}]}},"_links":{"self":[{"href":"https:\/\/batijournal.com\/index.php\/wp-json\/wp\/v2\/posts\/94069","targetHints":{"allow":["GET"]}}],"collection":[{"href":"https:\/\/batijournal.com\/index.php\/wp-json\/wp\/v2\/posts"}],"about":[{"href":"https:\/\/batijournal.com\/index.php\/wp-json\/wp\/v2\/types\/post"}],"author":[{"embeddable":true,"href":"https:\/\/batijournal.com\/index.php\/wp-json\/wp\/v2\/users\/17"}],"replies":[{"embeddable":true,"href":"https:\/\/batijournal.com\/index.php\/wp-json\/wp\/v2\/comments?post=94069"}],"version-history":[{"count":0,"href":"https:\/\/batijournal.com\/index.php\/wp-json\/wp\/v2\/posts\/94069\/revisions"}],"wp:featuredmedia":[{"embeddable":true,"href":"https:\/\/batijournal.com\/index.php\/wp-json\/wp\/v2\/media\/89609"}],"wp:attachment":[{"href":"https:\/\/batijournal.com\/index.php\/wp-json\/wp\/v2\/media?parent=94069"}],"wp:term":[{"taxonomy":"category","embeddable":true,"href":"https:\/\/batijournal.com\/index.php\/wp-json\/wp\/v2\/categories?post=94069"},{"taxonomy":"post_tag","embeddable":true,"href":"https:\/\/batijournal.com\/index.php\/wp-json\/wp\/v2\/tags?post=94069"}],"curies":[{"name":"wp","href":"https:\/\/api.w.org\/{rel}","templated":true}]}}