{"id":94072,"date":"2016-10-28T14:26:47","date_gmt":"2016-10-28T12:26:47","guid":{"rendered":"http:\/\/batijournal.com\/?p=94072"},"modified":"2019-07-15T12:02:09","modified_gmt":"2019-07-15T10:02:09","slug":"construction-se-porte-de-mieux-mieux","status":"publish","type":"post","link":"https:\/\/batijournal.com\/index.php\/construction-se-porte-de-mieux-mieux\/94072\/","title":{"rendered":"La construction se porte de mieux en mieux"},"content":{"rendered":"<div>\n<p><strong>Les r\u00e9sultats de la construction \u00e0 fin septembre 2016 montrent que la reprise observ\u00e9e depuis plus d\u2019un an, en termes d\u2019autorisations de logements comme de mises en chantier, se poursuit. Les indicateurs de la cr\u00e9ation de logements au 3\u00e8me trimestre viennent d&rsquo;\u00eatre publi\u00e9s.<\/strong><\/p>\n<\/div>\n<div>\n<h2>Permis de construire\u00a0: la dynamique se renforce<\/h2>\n<p>Le nombre de logements autoris\u00e9s \u00e0 la construction s\u2019\u00e9tablit \u00e0\u00a0119 300 sur 3 mois, en\u00a0hausse de 6,3% par rapport au trimestre pr\u00e9c\u00e9dent. Ce r\u00e9sultat traduit non seulement la reprise durable de l\u2019activit\u00e9 mais aussi son\u00a0acc\u00e9l\u00e9ration\u00a0: les d\u00e9livrances d\u2019autorisation augmentent ainsi de\u00a017,3\u00a0% en glissement trimestriel\u00a0(par rapport au m\u00eame trimestre en 2015),\u00a0contre +6,6% relev\u00e9s il y a un mois.<\/p>\n<p>Sur un an, les permis d\u00e9livr\u00e9s de logements s\u2019\u00e9tablissent ainsi \u00e0 432 300 unit\u00e9s, confirmant l\u00e0 encore\u00a0une dynamique p\u00e9renne et croissante\u00a0(+14,3\u00a0% en rythme annuel, contre +11,4% \u00e0 fin ao\u00fbt).<\/p>\n<p>Le\u00a0logement collectif\u00a0est plus que jamais le\u00a0moteur de cette tendance\u00a0\u00a0: avec 64 100 permis d\u00e9livr\u00e9s au 3\u00e8me trimestre, le nombre d\u2019autorisations \u00e0 construction dans ce domaine\u00a0augmente de 28,5% par rapport au 3 mois pr\u00e9c\u00e9dents. Cumul\u00e9\u00a0sur 12 mois, il s\u2019\u00e9l\u00e8ve \u00e0 208.000 unit\u00e9s, soit une hausse de 19,6\u00a0%\u00a0par rapport \u00e0 l\u2019ann\u00e9e pr\u00e9c\u00e9dente, l\u00e0 encore en acc\u00e9l\u00e9ration (+15,6% \u00e0 fin ao\u00fbt). Une dynamique positive qui concerne aussi le\u00a0logement individuel\u00a0\u00a0: +10\u00a0% par rapport au trimestre pr\u00e9c\u00e9dent, +8,1% en rythme annuel.<\/p>\n<h2>Mises en chantier\u00a0: l\u2019acc\u00e9l\u00e9ration se confirme<\/h2>\n<p>Apr\u00e8s une progression de 4,9% au deuxi\u00e8me trimestre, les mises en chantier ont fl\u00e9chi de 2,9% au troisi\u00e8me trimestre, essentiellement du fait de la tr\u00e8s forte hausse pr\u00e9c\u00e9demment observ\u00e9e dans le logement collectif, tandis qu\u2019elles progressent dans l\u2019individuel.<\/p>\n<p>Ces chiffres n\u2019affectent cependant pas la tendance de longue dur\u00e9e\u00a0:\u00a0la reprise de la construction se confirme et s\u2019acc\u00e9l\u00e8re l\u00e0 aussi. Les constructions de logements commenc\u00e9es au cours des trois derniers mois (82 400 unit\u00e9s) augmentent de 7,4\u00a0% par rapport au m\u00eame trimestre l\u2019ann\u00e9e derni\u00e8re.<br \/>\nCe sont ainsi\u00a0367 000 chantiers qui ont \u00e9t\u00e9 lanc\u00e9s depuis 12 mois, en augmentation de 8,1%\u00a0par rapport au cumul des 12 mois pr\u00e9c\u00e9dents.<\/p>\n<p>A l\u2019appui de cette dynamique de la construction,\u00a0le d\u00e9lai moyen d\u2019ouverture de chantiers\u00a0\u00e0 partir de l\u2019autorisation \u00e0 construire s\u2019\u00e9tablit \u00e0 un\u00a0niveau inf\u00e9rieur \u00e0 sa moyenne de longue p\u00e9riode, en particulier dans le logement collectif (8,1 mois contre 10,7 mois en longue p\u00e9riode).<\/p>\n<h2>Locaux non-r\u00e9sidentiels\u00a0: la reprise confirm\u00e9e de l\u2019activit\u00e9 \u00e9conomique<\/h2>\n<p>La construction de locaux non-r\u00e9sidentiels confirme \u00e9galement sa tr\u00e8s bonne sant\u00e9, avec 9,9 millions de m2 autoris\u00e9s \u00e0 la construction au cours des 3 derniers mois,\u00a0soit une hausse de 7 ,7\u00a0% par rapport au 3\u00e8me trimestre 2015. Sur les 12 derniers mois, ce sont ainsi\u00a037,5 millions de m2 de locaux non-r\u00e9sidentiels qui ont \u00e9t\u00e9 cr\u00e9\u00e9s, en hausse de 8,3%en rythme annuel.<\/p>\n<p>Signe de reprise de l\u2019activit\u00e9 \u00e9conomique dans son ensemble, la plupart des secteurs restent orient\u00e9s \u00e0 la hausse, en particulier l\u2019h\u00e9bergement h\u00f4telier (+29,6%), les locaux commerciaux (+25%) et les entrep\u00f4ts (+11,8%)\u00a0qui connaissent une\u00a0nette acc\u00e9l\u00e9ration.<\/p>\n<\/div>\n<p>Source : Minist\u00e8re du logement<\/p>\n","protected":false},"excerpt":{"rendered":"<p>Les r\u00e9sultats de la construction \u00e0 fin septembre 2016 montrent que la reprise observ\u00e9e depuis plus d\u2019un an, en termes d\u2019autorisations de logements comme de mises en chantier, se poursuit. Les indicateurs de la cr\u00e9ation de logements au 3\u00e8me trimestre viennent d&rsquo;\u00eatre publi\u00e9s. Permis de construire\u00a0: la dynamique se renforce Le nombre de logements autoris\u00e9s [&hellip;]<\/p>\n","protected":false},"author":17,"featured_media":91516,"comment_status":"closed","ping_status":"closed","sticky":false,"template":"","format":"standard","meta":{"_et_pb_use_builder":"","_et_pb_old_content":"","_et_gb_content_width":"","footnotes":""},"categories":[6345],"tags":[53,1338],"class_list":["post-94072","post","type-post","status-publish","format-standard","has-post-thumbnail","hentry","category-economie-marches","tag-construction","tag-statistiques"],"yoast_head":"<!-- This site is optimized with the Yoast SEO plugin v27.4 - https:\/\/yoast.com\/product\/yoast-seo-wordpress\/ -->\n<title>La construction se porte de mieux en mieux<\/title>\n<meta name=\"robots\" content=\"index, follow, max-snippet:-1, max-image-preview:large, max-video-preview:-1\" \/>\n<link rel=\"canonical\" href=\"https:\/\/batijournal.com\/index.php\/construction-se-porte-de-mieux-mieux\/94072\/\" \/>\n<meta property=\"og:locale\" content=\"fr_FR\" \/>\n<meta property=\"og:type\" content=\"article\" \/>\n<meta property=\"og:title\" content=\"La construction se porte de mieux en mieux\" \/>\n<meta property=\"og:description\" content=\"Les r\u00e9sultats de la construction \u00e0 fin septembre 2016 montrent que la reprise observ\u00e9e depuis plus d\u2019un an, en termes d\u2019autorisations de logements comme de mises en chantier, se poursuit. Les indicateurs de la cr\u00e9ation de logements au 3\u00e8me trimestre viennent d&rsquo;\u00eatre publi\u00e9s. Permis de construire\u00a0: la dynamique se renforce Le nombre de logements autoris\u00e9s [&hellip;]\" \/>\n<meta property=\"og:url\" content=\"https:\/\/batijournal.com\/index.php\/construction-se-porte-de-mieux-mieux\/94072\/\" \/>\n<meta property=\"og:site_name\" content=\"Batijournal\" \/>\n<meta property=\"article:published_time\" content=\"2016-10-28T12:26:47+00:00\" \/>\n<meta property=\"article:modified_time\" content=\"2019-07-15T10:02:09+00:00\" \/>\n<meta property=\"og:image\" content=\"https:\/\/batijournal.com\/wp-content\/uploads\/2016\/02\/construction.jpg\" \/>\n\t<meta property=\"og:image:width\" content=\"1200\" \/>\n\t<meta property=\"og:image:height\" content=\"800\" \/>\n\t<meta property=\"og:image:type\" content=\"image\/jpeg\" \/>\n<meta name=\"author\" content=\"St\u00e9phane Miget\" \/>\n<meta name=\"twitter:card\" content=\"summary_large_image\" \/>\n<meta name=\"twitter:creator\" content=\"@bati_journal\" \/>\n<meta name=\"twitter:site\" content=\"@bati_journal\" \/>\n<meta name=\"twitter:label1\" content=\"\u00c9crit par\" \/>\n\t<meta name=\"twitter:data1\" content=\"St\u00e9phane Miget\" \/>\n\t<meta name=\"twitter:label2\" content=\"Dur\u00e9e de lecture estim\u00e9e\" \/>\n\t<meta name=\"twitter:data2\" content=\"3 minutes\" \/>\n<script type=\"application\/ld+json\" class=\"yoast-schema-graph\">{\"@context\":\"https:\\\/\\\/schema.org\",\"@graph\":[{\"@type\":\"Article\",\"@id\":\"https:\\\/\\\/batijournal.com\\\/index.php\\\/construction-se-porte-de-mieux-mieux\\\/94072\\\/#article\",\"isPartOf\":{\"@id\":\"https:\\\/\\\/batijournal.com\\\/index.php\\\/construction-se-porte-de-mieux-mieux\\\/94072\\\/\"},\"author\":{\"name\":\"St\u00e9phane Miget\",\"@id\":\"https:\\\/\\\/batijournal.com\\\/#\\\/schema\\\/person\\\/1dc96ec6957aa1ccb25ebe78bb19f100\"},\"headline\":\"La construction se porte de mieux en mieux\",\"datePublished\":\"2016-10-28T12:26:47+00:00\",\"dateModified\":\"2019-07-15T10:02:09+00:00\",\"mainEntityOfPage\":{\"@id\":\"https:\\\/\\\/batijournal.com\\\/index.php\\\/construction-se-porte-de-mieux-mieux\\\/94072\\\/\"},\"wordCount\":540,\"image\":{\"@id\":\"https:\\\/\\\/batijournal.com\\\/index.php\\\/construction-se-porte-de-mieux-mieux\\\/94072\\\/#primaryimage\"},\"thumbnailUrl\":\"https:\\\/\\\/batijournal.com\\\/wp-content\\\/uploads\\\/2016\\\/02\\\/construction.jpg\",\"keywords\":[\"construction\",\"statistiques\"],\"articleSection\":[\"\u00c9conomie &amp; March\u00e9s\"],\"inLanguage\":\"fr-FR\"},{\"@type\":\"WebPage\",\"@id\":\"https:\\\/\\\/batijournal.com\\\/index.php\\\/construction-se-porte-de-mieux-mieux\\\/94072\\\/\",\"url\":\"https:\\\/\\\/batijournal.com\\\/index.php\\\/construction-se-porte-de-mieux-mieux\\\/94072\\\/\",\"name\":\"La construction se porte de mieux en mieux\",\"isPartOf\":{\"@id\":\"https:\\\/\\\/batijournal.com\\\/#website\"},\"primaryImageOfPage\":{\"@id\":\"https:\\\/\\\/batijournal.com\\\/index.php\\\/construction-se-porte-de-mieux-mieux\\\/94072\\\/#primaryimage\"},\"image\":{\"@id\":\"https:\\\/\\\/batijournal.com\\\/index.php\\\/construction-se-porte-de-mieux-mieux\\\/94072\\\/#primaryimage\"},\"thumbnailUrl\":\"https:\\\/\\\/batijournal.com\\\/wp-content\\\/uploads\\\/2016\\\/02\\\/construction.jpg\",\"datePublished\":\"2016-10-28T12:26:47+00:00\",\"dateModified\":\"2019-07-15T10:02:09+00:00\",\"author\":{\"@id\":\"https:\\\/\\\/batijournal.com\\\/#\\\/schema\\\/person\\\/1dc96ec6957aa1ccb25ebe78bb19f100\"},\"breadcrumb\":{\"@id\":\"https:\\\/\\\/batijournal.com\\\/index.php\\\/construction-se-porte-de-mieux-mieux\\\/94072\\\/#breadcrumb\"},\"inLanguage\":\"fr-FR\",\"potentialAction\":[{\"@type\":\"ReadAction\",\"target\":[\"https:\\\/\\\/batijournal.com\\\/index.php\\\/construction-se-porte-de-mieux-mieux\\\/94072\\\/\"]}]},{\"@type\":\"ImageObject\",\"inLanguage\":\"fr-FR\",\"@id\":\"https:\\\/\\\/batijournal.com\\\/index.php\\\/construction-se-porte-de-mieux-mieux\\\/94072\\\/#primaryimage\",\"url\":\"https:\\\/\\\/batijournal.com\\\/wp-content\\\/uploads\\\/2016\\\/02\\\/construction.jpg\",\"contentUrl\":\"https:\\\/\\\/batijournal.com\\\/wp-content\\\/uploads\\\/2016\\\/02\\\/construction.jpg\",\"width\":1200,\"height\":800},{\"@type\":\"BreadcrumbList\",\"@id\":\"https:\\\/\\\/batijournal.com\\\/index.php\\\/construction-se-porte-de-mieux-mieux\\\/94072\\\/#breadcrumb\",\"itemListElement\":[{\"@type\":\"ListItem\",\"position\":1,\"name\":\"Accueil\",\"item\":\"https:\\\/\\\/batijournal.com\\\/\"},{\"@type\":\"ListItem\",\"position\":2,\"name\":\"Actualit\u00e9s\",\"item\":\"https:\\\/\\\/batijournal.com\\\/index.php\\\/category\\\/actualites\\\/\"},{\"@type\":\"ListItem\",\"position\":3,\"name\":\"\u00c9conomie &amp; March\u00e9s\",\"item\":\"https:\\\/\\\/batijournal.com\\\/index.php\\\/category\\\/actualites\\\/economie-marches\\\/\"},{\"@type\":\"ListItem\",\"position\":4,\"name\":\"La construction se porte de mieux en mieux\"}]},{\"@type\":\"WebSite\",\"@id\":\"https:\\\/\\\/batijournal.com\\\/#website\",\"url\":\"https:\\\/\\\/batijournal.com\\\/\",\"name\":\"Batijournal\",\"description\":\"L&#039;actualit\u00e9 du b\u00e2timent\",\"potentialAction\":[{\"@type\":\"SearchAction\",\"target\":{\"@type\":\"EntryPoint\",\"urlTemplate\":\"https:\\\/\\\/batijournal.com\\\/?s={search_term_string}\"},\"query-input\":{\"@type\":\"PropertyValueSpecification\",\"valueRequired\":true,\"valueName\":\"search_term_string\"}}],\"inLanguage\":\"fr-FR\"},{\"@type\":\"Person\",\"@id\":\"https:\\\/\\\/batijournal.com\\\/#\\\/schema\\\/person\\\/1dc96ec6957aa1ccb25ebe78bb19f100\",\"name\":\"St\u00e9phane Miget\",\"image\":{\"@type\":\"ImageObject\",\"inLanguage\":\"fr-FR\",\"@id\":\"https:\\\/\\\/secure.gravatar.com\\\/avatar\\\/89915563d925342126b8ef0281b93d9d7fc337043e8df017f780908eb9644451?s=96&d=mm&r=g\",\"url\":\"https:\\\/\\\/secure.gravatar.com\\\/avatar\\\/89915563d925342126b8ef0281b93d9d7fc337043e8df017f780908eb9644451?s=96&d=mm&r=g\",\"contentUrl\":\"https:\\\/\\\/secure.gravatar.com\\\/avatar\\\/89915563d925342126b8ef0281b93d9d7fc337043e8df017f780908eb9644451?s=96&d=mm&r=g\",\"caption\":\"St\u00e9phane Miget\"},\"url\":\"https:\\\/\\\/batijournal.com\\\/index.php\\\/author\\\/stephane\\\/\"}]}<\/script>\n<!-- \/ Yoast SEO plugin. -->","yoast_head_json":{"title":"La construction se porte de mieux en mieux","robots":{"index":"index","follow":"follow","max-snippet":"max-snippet:-1","max-image-preview":"max-image-preview:large","max-video-preview":"max-video-preview:-1"},"canonical":"https:\/\/batijournal.com\/index.php\/construction-se-porte-de-mieux-mieux\/94072\/","og_locale":"fr_FR","og_type":"article","og_title":"La construction se porte de mieux en mieux","og_description":"Les r\u00e9sultats de la construction \u00e0 fin septembre 2016 montrent que la reprise observ\u00e9e depuis plus d\u2019un an, en termes d\u2019autorisations de logements comme de mises en chantier, se poursuit. Les indicateurs de la cr\u00e9ation de logements au 3\u00e8me trimestre viennent d&rsquo;\u00eatre publi\u00e9s. Permis de construire\u00a0: la dynamique se renforce Le nombre de logements autoris\u00e9s [&hellip;]","og_url":"https:\/\/batijournal.com\/index.php\/construction-se-porte-de-mieux-mieux\/94072\/","og_site_name":"Batijournal","article_published_time":"2016-10-28T12:26:47+00:00","article_modified_time":"2019-07-15T10:02:09+00:00","og_image":[{"width":1200,"height":800,"url":"https:\/\/batijournal.com\/wp-content\/uploads\/2016\/02\/construction.jpg","type":"image\/jpeg"}],"author":"St\u00e9phane Miget","twitter_card":"summary_large_image","twitter_creator":"@bati_journal","twitter_site":"@bati_journal","twitter_misc":{"\u00c9crit par":"St\u00e9phane Miget","Dur\u00e9e de lecture estim\u00e9e":"3 minutes"},"schema":{"@context":"https:\/\/schema.org","@graph":[{"@type":"Article","@id":"https:\/\/batijournal.com\/index.php\/construction-se-porte-de-mieux-mieux\/94072\/#article","isPartOf":{"@id":"https:\/\/batijournal.com\/index.php\/construction-se-porte-de-mieux-mieux\/94072\/"},"author":{"name":"St\u00e9phane Miget","@id":"https:\/\/batijournal.com\/#\/schema\/person\/1dc96ec6957aa1ccb25ebe78bb19f100"},"headline":"La construction se porte de mieux en mieux","datePublished":"2016-10-28T12:26:47+00:00","dateModified":"2019-07-15T10:02:09+00:00","mainEntityOfPage":{"@id":"https:\/\/batijournal.com\/index.php\/construction-se-porte-de-mieux-mieux\/94072\/"},"wordCount":540,"image":{"@id":"https:\/\/batijournal.com\/index.php\/construction-se-porte-de-mieux-mieux\/94072\/#primaryimage"},"thumbnailUrl":"https:\/\/batijournal.com\/wp-content\/uploads\/2016\/02\/construction.jpg","keywords":["construction","statistiques"],"articleSection":["\u00c9conomie &amp; March\u00e9s"],"inLanguage":"fr-FR"},{"@type":"WebPage","@id":"https:\/\/batijournal.com\/index.php\/construction-se-porte-de-mieux-mieux\/94072\/","url":"https:\/\/batijournal.com\/index.php\/construction-se-porte-de-mieux-mieux\/94072\/","name":"La construction se porte de mieux en mieux","isPartOf":{"@id":"https:\/\/batijournal.com\/#website"},"primaryImageOfPage":{"@id":"https:\/\/batijournal.com\/index.php\/construction-se-porte-de-mieux-mieux\/94072\/#primaryimage"},"image":{"@id":"https:\/\/batijournal.com\/index.php\/construction-se-porte-de-mieux-mieux\/94072\/#primaryimage"},"thumbnailUrl":"https:\/\/batijournal.com\/wp-content\/uploads\/2016\/02\/construction.jpg","datePublished":"2016-10-28T12:26:47+00:00","dateModified":"2019-07-15T10:02:09+00:00","author":{"@id":"https:\/\/batijournal.com\/#\/schema\/person\/1dc96ec6957aa1ccb25ebe78bb19f100"},"breadcrumb":{"@id":"https:\/\/batijournal.com\/index.php\/construction-se-porte-de-mieux-mieux\/94072\/#breadcrumb"},"inLanguage":"fr-FR","potentialAction":[{"@type":"ReadAction","target":["https:\/\/batijournal.com\/index.php\/construction-se-porte-de-mieux-mieux\/94072\/"]}]},{"@type":"ImageObject","inLanguage":"fr-FR","@id":"https:\/\/batijournal.com\/index.php\/construction-se-porte-de-mieux-mieux\/94072\/#primaryimage","url":"https:\/\/batijournal.com\/wp-content\/uploads\/2016\/02\/construction.jpg","contentUrl":"https:\/\/batijournal.com\/wp-content\/uploads\/2016\/02\/construction.jpg","width":1200,"height":800},{"@type":"BreadcrumbList","@id":"https:\/\/batijournal.com\/index.php\/construction-se-porte-de-mieux-mieux\/94072\/#breadcrumb","itemListElement":[{"@type":"ListItem","position":1,"name":"Accueil","item":"https:\/\/batijournal.com\/"},{"@type":"ListItem","position":2,"name":"Actualit\u00e9s","item":"https:\/\/batijournal.com\/index.php\/category\/actualites\/"},{"@type":"ListItem","position":3,"name":"\u00c9conomie &amp; March\u00e9s","item":"https:\/\/batijournal.com\/index.php\/category\/actualites\/economie-marches\/"},{"@type":"ListItem","position":4,"name":"La construction se porte de mieux en mieux"}]},{"@type":"WebSite","@id":"https:\/\/batijournal.com\/#website","url":"https:\/\/batijournal.com\/","name":"Batijournal","description":"L&#039;actualit\u00e9 du b\u00e2timent","potentialAction":[{"@type":"SearchAction","target":{"@type":"EntryPoint","urlTemplate":"https:\/\/batijournal.com\/?s={search_term_string}"},"query-input":{"@type":"PropertyValueSpecification","valueRequired":true,"valueName":"search_term_string"}}],"inLanguage":"fr-FR"},{"@type":"Person","@id":"https:\/\/batijournal.com\/#\/schema\/person\/1dc96ec6957aa1ccb25ebe78bb19f100","name":"St\u00e9phane Miget","image":{"@type":"ImageObject","inLanguage":"fr-FR","@id":"https:\/\/secure.gravatar.com\/avatar\/89915563d925342126b8ef0281b93d9d7fc337043e8df017f780908eb9644451?s=96&d=mm&r=g","url":"https:\/\/secure.gravatar.com\/avatar\/89915563d925342126b8ef0281b93d9d7fc337043e8df017f780908eb9644451?s=96&d=mm&r=g","contentUrl":"https:\/\/secure.gravatar.com\/avatar\/89915563d925342126b8ef0281b93d9d7fc337043e8df017f780908eb9644451?s=96&d=mm&r=g","caption":"St\u00e9phane Miget"},"url":"https:\/\/batijournal.com\/index.php\/author\/stephane\/"}]}},"_links":{"self":[{"href":"https:\/\/batijournal.com\/index.php\/wp-json\/wp\/v2\/posts\/94072","targetHints":{"allow":["GET"]}}],"collection":[{"href":"https:\/\/batijournal.com\/index.php\/wp-json\/wp\/v2\/posts"}],"about":[{"href":"https:\/\/batijournal.com\/index.php\/wp-json\/wp\/v2\/types\/post"}],"author":[{"embeddable":true,"href":"https:\/\/batijournal.com\/index.php\/wp-json\/wp\/v2\/users\/17"}],"replies":[{"embeddable":true,"href":"https:\/\/batijournal.com\/index.php\/wp-json\/wp\/v2\/comments?post=94072"}],"version-history":[{"count":0,"href":"https:\/\/batijournal.com\/index.php\/wp-json\/wp\/v2\/posts\/94072\/revisions"}],"wp:featuredmedia":[{"embeddable":true,"href":"https:\/\/batijournal.com\/index.php\/wp-json\/wp\/v2\/media\/91516"}],"wp:attachment":[{"href":"https:\/\/batijournal.com\/index.php\/wp-json\/wp\/v2\/media?parent=94072"}],"wp:term":[{"taxonomy":"category","embeddable":true,"href":"https:\/\/batijournal.com\/index.php\/wp-json\/wp\/v2\/categories?post=94072"},{"taxonomy":"post_tag","embeddable":true,"href":"https:\/\/batijournal.com\/index.php\/wp-json\/wp\/v2\/tags?post=94072"}],"curies":[{"name":"wp","href":"https:\/\/api.w.org\/{rel}","templated":true}]}}