{"id":94078,"date":"2016-11-02T09:32:38","date_gmt":"2016-11-02T08:32:38","guid":{"rendered":"http:\/\/batijournal.com\/?p=94078"},"modified":"2019-07-15T11:16:16","modified_gmt":"2019-07-15T09:16:16","slug":"salon-international-patrimoine-culturel-mise-a-nouveau-qualite","status":"publish","type":"post","link":"https:\/\/batijournal.com\/index.php\/salon-international-patrimoine-culturel-mise-a-nouveau-qualite\/94078\/","title":{"rendered":"Le Salon International du Patrimoine Culturel mise \u00e0 nouveau sur la qualit\u00e9"},"content":{"rendered":"<p>Dynamis\u00e9e par une session 2015 record, la 22\u00e8me \u00e9dition du Salon International du Patrimoine Culturel mise \u00e0 nouveau sur la qualit\u00e9, autour du th\u00e8me des Chantiers remarquables du patrimoine. Ces travaux mettent en avant l\u2019excellence et la singularit\u00e9 de savoir-faire de restauration des lieux, qu\u2019ils soient publics ou priv\u00e9s. Ces chantiers n\u00e9cessitent l\u2019intervention de multiples corps de m\u00e9tiers, parfois rares. Le th\u00e8me prend place sur le salon \u00e0 travers des r\u00e9alisations d\u2019exposants pr\u00e9sent\u00e9es sur leur stand. Philippe Belaval animera une conf\u00e9rence d\u00e9di\u00e9e aux diff\u00e9rents chantiers du Centre des Monuments Nationaux qu\u2019il pr\u00e9side depuis 2012. Divers prix seront remis, r\u00e9compensant l\u2019excellence des m\u00e9tiers d\u2019art de restauration et de conservation, ainsi que des r\u00e9alisations remarquables dans le patrimoine b\u00e2ti : les Bourses d\u2019\u00e9tudes M\u00e9tiers d\u2019art, Recherche et Reconversion de la Fondation pour les Monuments Historiques, le Prix du M\u00e9c\u00e9nat populaire de la Fondation du Patrimoine, ou encore les prix du Geste d\u2019or. Les quatre jours de salon seront \u00e9galement ponctu\u00e9s par la diffusion d\u2019une s\u00e9lection de films pr\u00e9sent\u00e9s lors du Festival International du Film des M\u00e9tiers d\u2019Art en avril 2016.<br \/>\nPhoto : PHOTOPROEVENT<\/p>\n","protected":false},"excerpt":{"rendered":"<p>Dynamis\u00e9e par une session 2015 record, la 22\u00e8me \u00e9dition du Salon International du Patrimoine Culturel mise \u00e0 nouveau sur la qualit\u00e9, autour du th\u00e8me des Chantiers remarquables du patrimoine. Ces travaux mettent en avant l\u2019excellence et la singularit\u00e9 de savoir-faire de restauration des lieux, qu\u2019ils soient publics ou priv\u00e9s. Ces chantiers n\u00e9cessitent l\u2019intervention de multiples [&hellip;]<\/p>\n","protected":false},"author":17,"featured_media":94079,"comment_status":"closed","ping_status":"closed","sticky":false,"template":"","format":"standard","meta":{"_et_pb_use_builder":"","_et_pb_old_content":"","_et_gb_content_width":"","footnotes":""},"categories":[6340],"tags":[11056,91],"class_list":["post-94078","post","type-post","status-publish","format-standard","has-post-thumbnail","hentry","category-architecture-conception","tag-salon-du-patrimoine","tag-salon-du-patrimoine-culturel"],"yoast_head":"<!-- This site is optimized with the Yoast SEO plugin v27.4 - https:\/\/yoast.com\/product\/yoast-seo-wordpress\/ -->\n<title>Le Salon International du Patrimoine Culturel mise \u00e0 nouveau sur la qualit\u00e9<\/title>\n<meta name=\"robots\" content=\"index, follow, max-snippet:-1, max-image-preview:large, max-video-preview:-1\" \/>\n<link rel=\"canonical\" href=\"https:\/\/batijournal.com\/index.php\/salon-international-patrimoine-culturel-mise-a-nouveau-qualite\/94078\/\" \/>\n<meta property=\"og:locale\" content=\"fr_FR\" \/>\n<meta property=\"og:type\" content=\"article\" \/>\n<meta property=\"og:title\" content=\"Le Salon International du Patrimoine Culturel mise \u00e0 nouveau sur la qualit\u00e9\" \/>\n<meta property=\"og:description\" content=\"Dynamis\u00e9e par une session 2015 record, la 22\u00e8me \u00e9dition du Salon International du Patrimoine Culturel mise \u00e0 nouveau sur la qualit\u00e9, autour du th\u00e8me des Chantiers remarquables du patrimoine. Ces travaux mettent en avant l\u2019excellence et la singularit\u00e9 de savoir-faire de restauration des lieux, qu\u2019ils soient publics ou priv\u00e9s. Ces chantiers n\u00e9cessitent l\u2019intervention de multiples [&hellip;]\" \/>\n<meta property=\"og:url\" content=\"https:\/\/batijournal.com\/index.php\/salon-international-patrimoine-culturel-mise-a-nouveau-qualite\/94078\/\" \/>\n<meta property=\"og:site_name\" content=\"Batijournal\" \/>\n<meta property=\"article:published_time\" content=\"2016-11-02T08:32:38+00:00\" \/>\n<meta property=\"article:modified_time\" content=\"2019-07-15T09:16:16+00:00\" \/>\n<meta property=\"og:image\" content=\"https:\/\/batijournal.com\/wp-content\/uploads\/2016\/11\/salon-patrimoine-culturel-2016.jpg\" \/>\n\t<meta property=\"og:image:width\" content=\"1200\" \/>\n\t<meta property=\"og:image:height\" content=\"799\" \/>\n\t<meta property=\"og:image:type\" content=\"image\/jpeg\" \/>\n<meta name=\"author\" content=\"St\u00e9phane Miget\" \/>\n<meta name=\"twitter:card\" content=\"summary_large_image\" \/>\n<meta name=\"twitter:creator\" content=\"@bati_journal\" \/>\n<meta name=\"twitter:site\" content=\"@bati_journal\" \/>\n<meta name=\"twitter:label1\" content=\"\u00c9crit par\" \/>\n\t<meta name=\"twitter:data1\" content=\"St\u00e9phane Miget\" \/>\n\t<meta name=\"twitter:label2\" content=\"Dur\u00e9e de lecture estim\u00e9e\" \/>\n\t<meta name=\"twitter:data2\" content=\"1 minute\" \/>\n<script type=\"application\/ld+json\" class=\"yoast-schema-graph\">{\"@context\":\"https:\\\/\\\/schema.org\",\"@graph\":[{\"@type\":\"Article\",\"@id\":\"https:\\\/\\\/batijournal.com\\\/index.php\\\/salon-international-patrimoine-culturel-mise-a-nouveau-qualite\\\/94078\\\/#article\",\"isPartOf\":{\"@id\":\"https:\\\/\\\/batijournal.com\\\/index.php\\\/salon-international-patrimoine-culturel-mise-a-nouveau-qualite\\\/94078\\\/\"},\"author\":{\"name\":\"St\u00e9phane Miget\",\"@id\":\"https:\\\/\\\/batijournal.com\\\/#\\\/schema\\\/person\\\/1dc96ec6957aa1ccb25ebe78bb19f100\"},\"headline\":\"Le Salon International du Patrimoine Culturel mise \u00e0 nouveau sur la qualit\u00e9\",\"datePublished\":\"2016-11-02T08:32:38+00:00\",\"dateModified\":\"2019-07-15T09:16:16+00:00\",\"mainEntityOfPage\":{\"@id\":\"https:\\\/\\\/batijournal.com\\\/index.php\\\/salon-international-patrimoine-culturel-mise-a-nouveau-qualite\\\/94078\\\/\"},\"wordCount\":223,\"image\":{\"@id\":\"https:\\\/\\\/batijournal.com\\\/index.php\\\/salon-international-patrimoine-culturel-mise-a-nouveau-qualite\\\/94078\\\/#primaryimage\"},\"thumbnailUrl\":\"https:\\\/\\\/batijournal.com\\\/wp-content\\\/uploads\\\/2016\\\/11\\\/salon-patrimoine-culturel-2016.jpg\",\"keywords\":[\"salon du patrimoine\",\"salon du patrimoine culturel\"],\"articleSection\":[\"Architecture &amp; Conception\"],\"inLanguage\":\"fr-FR\"},{\"@type\":\"WebPage\",\"@id\":\"https:\\\/\\\/batijournal.com\\\/index.php\\\/salon-international-patrimoine-culturel-mise-a-nouveau-qualite\\\/94078\\\/\",\"url\":\"https:\\\/\\\/batijournal.com\\\/index.php\\\/salon-international-patrimoine-culturel-mise-a-nouveau-qualite\\\/94078\\\/\",\"name\":\"Le Salon International du Patrimoine Culturel mise \u00e0 nouveau sur la qualit\u00e9\",\"isPartOf\":{\"@id\":\"https:\\\/\\\/batijournal.com\\\/#website\"},\"primaryImageOfPage\":{\"@id\":\"https:\\\/\\\/batijournal.com\\\/index.php\\\/salon-international-patrimoine-culturel-mise-a-nouveau-qualite\\\/94078\\\/#primaryimage\"},\"image\":{\"@id\":\"https:\\\/\\\/batijournal.com\\\/index.php\\\/salon-international-patrimoine-culturel-mise-a-nouveau-qualite\\\/94078\\\/#primaryimage\"},\"thumbnailUrl\":\"https:\\\/\\\/batijournal.com\\\/wp-content\\\/uploads\\\/2016\\\/11\\\/salon-patrimoine-culturel-2016.jpg\",\"datePublished\":\"2016-11-02T08:32:38+00:00\",\"dateModified\":\"2019-07-15T09:16:16+00:00\",\"author\":{\"@id\":\"https:\\\/\\\/batijournal.com\\\/#\\\/schema\\\/person\\\/1dc96ec6957aa1ccb25ebe78bb19f100\"},\"breadcrumb\":{\"@id\":\"https:\\\/\\\/batijournal.com\\\/index.php\\\/salon-international-patrimoine-culturel-mise-a-nouveau-qualite\\\/94078\\\/#breadcrumb\"},\"inLanguage\":\"fr-FR\",\"potentialAction\":[{\"@type\":\"ReadAction\",\"target\":[\"https:\\\/\\\/batijournal.com\\\/index.php\\\/salon-international-patrimoine-culturel-mise-a-nouveau-qualite\\\/94078\\\/\"]}]},{\"@type\":\"ImageObject\",\"inLanguage\":\"fr-FR\",\"@id\":\"https:\\\/\\\/batijournal.com\\\/index.php\\\/salon-international-patrimoine-culturel-mise-a-nouveau-qualite\\\/94078\\\/#primaryimage\",\"url\":\"https:\\\/\\\/batijournal.com\\\/wp-content\\\/uploads\\\/2016\\\/11\\\/salon-patrimoine-culturel-2016.jpg\",\"contentUrl\":\"https:\\\/\\\/batijournal.com\\\/wp-content\\\/uploads\\\/2016\\\/11\\\/salon-patrimoine-culturel-2016.jpg\",\"width\":1200,\"height\":799},{\"@type\":\"BreadcrumbList\",\"@id\":\"https:\\\/\\\/batijournal.com\\\/index.php\\\/salon-international-patrimoine-culturel-mise-a-nouveau-qualite\\\/94078\\\/#breadcrumb\",\"itemListElement\":[{\"@type\":\"ListItem\",\"position\":1,\"name\":\"Accueil\",\"item\":\"https:\\\/\\\/batijournal.com\\\/\"},{\"@type\":\"ListItem\",\"position\":2,\"name\":\"Actualit\u00e9s\",\"item\":\"https:\\\/\\\/batijournal.com\\\/index.php\\\/category\\\/actualites\\\/\"},{\"@type\":\"ListItem\",\"position\":3,\"name\":\"Architecture &amp; Conception\",\"item\":\"https:\\\/\\\/batijournal.com\\\/index.php\\\/category\\\/actualites\\\/architecture-conception\\\/\"},{\"@type\":\"ListItem\",\"position\":4,\"name\":\"Le Salon International du Patrimoine Culturel mise \u00e0 nouveau sur la qualit\u00e9\"}]},{\"@type\":\"WebSite\",\"@id\":\"https:\\\/\\\/batijournal.com\\\/#website\",\"url\":\"https:\\\/\\\/batijournal.com\\\/\",\"name\":\"Batijournal\",\"description\":\"L&#039;actualit\u00e9 du b\u00e2timent\",\"potentialAction\":[{\"@type\":\"SearchAction\",\"target\":{\"@type\":\"EntryPoint\",\"urlTemplate\":\"https:\\\/\\\/batijournal.com\\\/?s={search_term_string}\"},\"query-input\":{\"@type\":\"PropertyValueSpecification\",\"valueRequired\":true,\"valueName\":\"search_term_string\"}}],\"inLanguage\":\"fr-FR\"},{\"@type\":\"Person\",\"@id\":\"https:\\\/\\\/batijournal.com\\\/#\\\/schema\\\/person\\\/1dc96ec6957aa1ccb25ebe78bb19f100\",\"name\":\"St\u00e9phane Miget\",\"image\":{\"@type\":\"ImageObject\",\"inLanguage\":\"fr-FR\",\"@id\":\"https:\\\/\\\/secure.gravatar.com\\\/avatar\\\/89915563d925342126b8ef0281b93d9d7fc337043e8df017f780908eb9644451?s=96&d=mm&r=g\",\"url\":\"https:\\\/\\\/secure.gravatar.com\\\/avatar\\\/89915563d925342126b8ef0281b93d9d7fc337043e8df017f780908eb9644451?s=96&d=mm&r=g\",\"contentUrl\":\"https:\\\/\\\/secure.gravatar.com\\\/avatar\\\/89915563d925342126b8ef0281b93d9d7fc337043e8df017f780908eb9644451?s=96&d=mm&r=g\",\"caption\":\"St\u00e9phane Miget\"},\"url\":\"https:\\\/\\\/batijournal.com\\\/index.php\\\/author\\\/stephane\\\/\"}]}<\/script>\n<!-- \/ Yoast SEO plugin. -->","yoast_head_json":{"title":"Le Salon International du Patrimoine Culturel mise \u00e0 nouveau sur la qualit\u00e9","robots":{"index":"index","follow":"follow","max-snippet":"max-snippet:-1","max-image-preview":"max-image-preview:large","max-video-preview":"max-video-preview:-1"},"canonical":"https:\/\/batijournal.com\/index.php\/salon-international-patrimoine-culturel-mise-a-nouveau-qualite\/94078\/","og_locale":"fr_FR","og_type":"article","og_title":"Le Salon International du Patrimoine Culturel mise \u00e0 nouveau sur la qualit\u00e9","og_description":"Dynamis\u00e9e par une session 2015 record, la 22\u00e8me \u00e9dition du Salon International du Patrimoine Culturel mise \u00e0 nouveau sur la qualit\u00e9, autour du th\u00e8me des Chantiers remarquables du patrimoine. Ces travaux mettent en avant l\u2019excellence et la singularit\u00e9 de savoir-faire de restauration des lieux, qu\u2019ils soient publics ou priv\u00e9s. Ces chantiers n\u00e9cessitent l\u2019intervention de multiples [&hellip;]","og_url":"https:\/\/batijournal.com\/index.php\/salon-international-patrimoine-culturel-mise-a-nouveau-qualite\/94078\/","og_site_name":"Batijournal","article_published_time":"2016-11-02T08:32:38+00:00","article_modified_time":"2019-07-15T09:16:16+00:00","og_image":[{"width":1200,"height":799,"url":"https:\/\/batijournal.com\/wp-content\/uploads\/2016\/11\/salon-patrimoine-culturel-2016.jpg","type":"image\/jpeg"}],"author":"St\u00e9phane Miget","twitter_card":"summary_large_image","twitter_creator":"@bati_journal","twitter_site":"@bati_journal","twitter_misc":{"\u00c9crit par":"St\u00e9phane Miget","Dur\u00e9e de lecture estim\u00e9e":"1 minute"},"schema":{"@context":"https:\/\/schema.org","@graph":[{"@type":"Article","@id":"https:\/\/batijournal.com\/index.php\/salon-international-patrimoine-culturel-mise-a-nouveau-qualite\/94078\/#article","isPartOf":{"@id":"https:\/\/batijournal.com\/index.php\/salon-international-patrimoine-culturel-mise-a-nouveau-qualite\/94078\/"},"author":{"name":"St\u00e9phane Miget","@id":"https:\/\/batijournal.com\/#\/schema\/person\/1dc96ec6957aa1ccb25ebe78bb19f100"},"headline":"Le Salon International du Patrimoine Culturel mise \u00e0 nouveau sur la qualit\u00e9","datePublished":"2016-11-02T08:32:38+00:00","dateModified":"2019-07-15T09:16:16+00:00","mainEntityOfPage":{"@id":"https:\/\/batijournal.com\/index.php\/salon-international-patrimoine-culturel-mise-a-nouveau-qualite\/94078\/"},"wordCount":223,"image":{"@id":"https:\/\/batijournal.com\/index.php\/salon-international-patrimoine-culturel-mise-a-nouveau-qualite\/94078\/#primaryimage"},"thumbnailUrl":"https:\/\/batijournal.com\/wp-content\/uploads\/2016\/11\/salon-patrimoine-culturel-2016.jpg","keywords":["salon du patrimoine","salon du patrimoine culturel"],"articleSection":["Architecture &amp; Conception"],"inLanguage":"fr-FR"},{"@type":"WebPage","@id":"https:\/\/batijournal.com\/index.php\/salon-international-patrimoine-culturel-mise-a-nouveau-qualite\/94078\/","url":"https:\/\/batijournal.com\/index.php\/salon-international-patrimoine-culturel-mise-a-nouveau-qualite\/94078\/","name":"Le Salon International du Patrimoine Culturel mise \u00e0 nouveau sur la qualit\u00e9","isPartOf":{"@id":"https:\/\/batijournal.com\/#website"},"primaryImageOfPage":{"@id":"https:\/\/batijournal.com\/index.php\/salon-international-patrimoine-culturel-mise-a-nouveau-qualite\/94078\/#primaryimage"},"image":{"@id":"https:\/\/batijournal.com\/index.php\/salon-international-patrimoine-culturel-mise-a-nouveau-qualite\/94078\/#primaryimage"},"thumbnailUrl":"https:\/\/batijournal.com\/wp-content\/uploads\/2016\/11\/salon-patrimoine-culturel-2016.jpg","datePublished":"2016-11-02T08:32:38+00:00","dateModified":"2019-07-15T09:16:16+00:00","author":{"@id":"https:\/\/batijournal.com\/#\/schema\/person\/1dc96ec6957aa1ccb25ebe78bb19f100"},"breadcrumb":{"@id":"https:\/\/batijournal.com\/index.php\/salon-international-patrimoine-culturel-mise-a-nouveau-qualite\/94078\/#breadcrumb"},"inLanguage":"fr-FR","potentialAction":[{"@type":"ReadAction","target":["https:\/\/batijournal.com\/index.php\/salon-international-patrimoine-culturel-mise-a-nouveau-qualite\/94078\/"]}]},{"@type":"ImageObject","inLanguage":"fr-FR","@id":"https:\/\/batijournal.com\/index.php\/salon-international-patrimoine-culturel-mise-a-nouveau-qualite\/94078\/#primaryimage","url":"https:\/\/batijournal.com\/wp-content\/uploads\/2016\/11\/salon-patrimoine-culturel-2016.jpg","contentUrl":"https:\/\/batijournal.com\/wp-content\/uploads\/2016\/11\/salon-patrimoine-culturel-2016.jpg","width":1200,"height":799},{"@type":"BreadcrumbList","@id":"https:\/\/batijournal.com\/index.php\/salon-international-patrimoine-culturel-mise-a-nouveau-qualite\/94078\/#breadcrumb","itemListElement":[{"@type":"ListItem","position":1,"name":"Accueil","item":"https:\/\/batijournal.com\/"},{"@type":"ListItem","position":2,"name":"Actualit\u00e9s","item":"https:\/\/batijournal.com\/index.php\/category\/actualites\/"},{"@type":"ListItem","position":3,"name":"Architecture &amp; Conception","item":"https:\/\/batijournal.com\/index.php\/category\/actualites\/architecture-conception\/"},{"@type":"ListItem","position":4,"name":"Le Salon International du Patrimoine Culturel mise \u00e0 nouveau sur la qualit\u00e9"}]},{"@type":"WebSite","@id":"https:\/\/batijournal.com\/#website","url":"https:\/\/batijournal.com\/","name":"Batijournal","description":"L&#039;actualit\u00e9 du b\u00e2timent","potentialAction":[{"@type":"SearchAction","target":{"@type":"EntryPoint","urlTemplate":"https:\/\/batijournal.com\/?s={search_term_string}"},"query-input":{"@type":"PropertyValueSpecification","valueRequired":true,"valueName":"search_term_string"}}],"inLanguage":"fr-FR"},{"@type":"Person","@id":"https:\/\/batijournal.com\/#\/schema\/person\/1dc96ec6957aa1ccb25ebe78bb19f100","name":"St\u00e9phane Miget","image":{"@type":"ImageObject","inLanguage":"fr-FR","@id":"https:\/\/secure.gravatar.com\/avatar\/89915563d925342126b8ef0281b93d9d7fc337043e8df017f780908eb9644451?s=96&d=mm&r=g","url":"https:\/\/secure.gravatar.com\/avatar\/89915563d925342126b8ef0281b93d9d7fc337043e8df017f780908eb9644451?s=96&d=mm&r=g","contentUrl":"https:\/\/secure.gravatar.com\/avatar\/89915563d925342126b8ef0281b93d9d7fc337043e8df017f780908eb9644451?s=96&d=mm&r=g","caption":"St\u00e9phane Miget"},"url":"https:\/\/batijournal.com\/index.php\/author\/stephane\/"}]}},"_links":{"self":[{"href":"https:\/\/batijournal.com\/index.php\/wp-json\/wp\/v2\/posts\/94078","targetHints":{"allow":["GET"]}}],"collection":[{"href":"https:\/\/batijournal.com\/index.php\/wp-json\/wp\/v2\/posts"}],"about":[{"href":"https:\/\/batijournal.com\/index.php\/wp-json\/wp\/v2\/types\/post"}],"author":[{"embeddable":true,"href":"https:\/\/batijournal.com\/index.php\/wp-json\/wp\/v2\/users\/17"}],"replies":[{"embeddable":true,"href":"https:\/\/batijournal.com\/index.php\/wp-json\/wp\/v2\/comments?post=94078"}],"version-history":[{"count":0,"href":"https:\/\/batijournal.com\/index.php\/wp-json\/wp\/v2\/posts\/94078\/revisions"}],"wp:featuredmedia":[{"embeddable":true,"href":"https:\/\/batijournal.com\/index.php\/wp-json\/wp\/v2\/media\/94079"}],"wp:attachment":[{"href":"https:\/\/batijournal.com\/index.php\/wp-json\/wp\/v2\/media?parent=94078"}],"wp:term":[{"taxonomy":"category","embeddable":true,"href":"https:\/\/batijournal.com\/index.php\/wp-json\/wp\/v2\/categories?post=94078"},{"taxonomy":"post_tag","embeddable":true,"href":"https:\/\/batijournal.com\/index.php\/wp-json\/wp\/v2\/tags?post=94078"}],"curies":[{"name":"wp","href":"https:\/\/api.w.org\/{rel}","templated":true}]}}