{"id":94092,"date":"2016-11-03T08:30:17","date_gmt":"2016-11-03T07:30:17","guid":{"rendered":"http:\/\/batijournal.com\/?p=94092"},"modified":"2019-07-15T12:07:18","modified_gmt":"2019-07-15T10:07:18","slug":"plafonds-modulaires-platre-partenariat-entre-capeb-pladur","status":"publish","type":"post","link":"https:\/\/batijournal.com\/index.php\/plafonds-modulaires-platre-partenariat-entre-capeb-pladur\/94092\/","title":{"rendered":"Plafonds modulaires et pl\u00e2tre : partenariat entre la CAPEB et PLADUR"},"content":{"rendered":"<p>Patrick Li\u00e9bus, pr\u00e9sident de la CAPEB, et Enrique Ramirez, Directeur G\u00e9n\u00e9ral de PLADUR, ont sign\u00e9 un partenariat pour contribuer \u00e0 la mont\u00e9e en comp\u00e9tence des entreprises artisanales du B\u00e2timent concernant les questions de plafonds modulaires en plaques de pl\u00e2tre. Ce partenariat pr\u00e9voit la cr\u00e9ation d\u2019actions de conseils et d\u2019accompagnement destin\u00e9es \u00e0 d\u00e9velopper les connaissances des entreprises artisanales du b\u00e2timent en mati\u00e8re de solutions de pl\u00e2tres, enduits profil\u00e9s (etc.) selon une approche sp\u00e9cifique aux usages et corps de m\u00e9tiers concern\u00e9s et la cr\u00e9ation d\u2019une application smartphone et tablette, pour aider les entreprises artisanales du B\u00e2timent \u00e0 r\u00e9aliser des calculs n\u00e9cessaires \u00e0 la mise en \u0153uvre de plafonds modulaires. Une FAQ reprendra les questions les plus fr\u00e9quentes et sera interactive avec les membres de la CAPEB.<\/p>\n<p>&nbsp;<\/p>\n<p>Photo : Capeb<\/p>\n<p>&nbsp;<\/p>\n<p>&nbsp;<\/p>\n","protected":false},"excerpt":{"rendered":"<p>Patrick Li\u00e9bus, pr\u00e9sident de la CAPEB, et Enrique Ramirez, Directeur G\u00e9n\u00e9ral de PLADUR, ont sign\u00e9 un partenariat pour contribuer \u00e0 la mont\u00e9e en comp\u00e9tence des entreprises artisanales du B\u00e2timent concernant les questions de plafonds modulaires en plaques de pl\u00e2tre. Ce partenariat pr\u00e9voit la cr\u00e9ation d\u2019actions de conseils et d\u2019accompagnement destin\u00e9es \u00e0 d\u00e9velopper les connaissances des [&hellip;]<\/p>\n","protected":false},"author":17,"featured_media":94093,"comment_status":"closed","ping_status":"closed","sticky":false,"template":"","format":"standard","meta":{"_et_pb_use_builder":"","_et_pb_old_content":"","_et_gb_content_width":"","footnotes":""},"categories":[6345],"tags":[647,4508],"class_list":["post-94092","post","type-post","status-publish","format-standard","has-post-thumbnail","hentry","category-economie-marches","tag-capeb","tag-plafond"],"yoast_head":"<!-- This site is optimized with the Yoast SEO plugin v27.4 - https:\/\/yoast.com\/product\/yoast-seo-wordpress\/ -->\n<title>Plafonds modulaires et pl\u00e2tre : partenariat entre la CAPEB et PLADUR<\/title>\n<meta name=\"robots\" content=\"index, follow, max-snippet:-1, max-image-preview:large, max-video-preview:-1\" \/>\n<link rel=\"canonical\" href=\"https:\/\/batijournal.com\/index.php\/plafonds-modulaires-platre-partenariat-entre-capeb-pladur\/94092\/\" \/>\n<meta property=\"og:locale\" content=\"fr_FR\" \/>\n<meta property=\"og:type\" content=\"article\" \/>\n<meta property=\"og:title\" content=\"Plafonds modulaires et pl\u00e2tre : partenariat entre la CAPEB et PLADUR\" \/>\n<meta property=\"og:description\" content=\"Patrick Li\u00e9bus, pr\u00e9sident de la CAPEB, et Enrique Ramirez, Directeur G\u00e9n\u00e9ral de PLADUR, ont sign\u00e9 un partenariat pour contribuer \u00e0 la mont\u00e9e en comp\u00e9tence des entreprises artisanales du B\u00e2timent concernant les questions de plafonds modulaires en plaques de pl\u00e2tre. Ce partenariat pr\u00e9voit la cr\u00e9ation d\u2019actions de conseils et d\u2019accompagnement destin\u00e9es \u00e0 d\u00e9velopper les connaissances des [&hellip;]\" \/>\n<meta property=\"og:url\" content=\"https:\/\/batijournal.com\/index.php\/plafonds-modulaires-platre-partenariat-entre-capeb-pladur\/94092\/\" \/>\n<meta property=\"og:site_name\" content=\"Batijournal\" \/>\n<meta property=\"article:published_time\" content=\"2016-11-03T07:30:17+00:00\" \/>\n<meta property=\"article:modified_time\" content=\"2019-07-15T10:07:18+00:00\" \/>\n<meta property=\"og:image\" content=\"https:\/\/batijournal.com\/wp-content\/uploads\/2016\/11\/Patrick-Liebus-president-CAPEB-Enrique-Ramirez-Directeur-General-de-PLADUR.jpg\" \/>\n\t<meta property=\"og:image:width\" content=\"1200\" \/>\n\t<meta property=\"og:image:height\" content=\"784\" \/>\n\t<meta property=\"og:image:type\" content=\"image\/jpeg\" \/>\n<meta name=\"author\" content=\"St\u00e9phane Miget\" \/>\n<meta name=\"twitter:card\" content=\"summary_large_image\" \/>\n<meta name=\"twitter:creator\" content=\"@bati_journal\" \/>\n<meta name=\"twitter:site\" content=\"@bati_journal\" \/>\n<meta name=\"twitter:label1\" content=\"\u00c9crit par\" \/>\n\t<meta name=\"twitter:data1\" content=\"St\u00e9phane Miget\" \/>\n\t<meta name=\"twitter:label2\" content=\"Dur\u00e9e de lecture estim\u00e9e\" \/>\n\t<meta name=\"twitter:data2\" content=\"1 minute\" \/>\n<script type=\"application\/ld+json\" class=\"yoast-schema-graph\">{\"@context\":\"https:\\\/\\\/schema.org\",\"@graph\":[{\"@type\":\"Article\",\"@id\":\"https:\\\/\\\/batijournal.com\\\/index.php\\\/plafonds-modulaires-platre-partenariat-entre-capeb-pladur\\\/94092\\\/#article\",\"isPartOf\":{\"@id\":\"https:\\\/\\\/batijournal.com\\\/index.php\\\/plafonds-modulaires-platre-partenariat-entre-capeb-pladur\\\/94092\\\/\"},\"author\":{\"name\":\"St\u00e9phane Miget\",\"@id\":\"https:\\\/\\\/batijournal.com\\\/#\\\/schema\\\/person\\\/1dc96ec6957aa1ccb25ebe78bb19f100\"},\"headline\":\"Plafonds modulaires et pl\u00e2tre : partenariat entre la CAPEB et PLADUR\",\"datePublished\":\"2016-11-03T07:30:17+00:00\",\"dateModified\":\"2019-07-15T10:07:18+00:00\",\"mainEntityOfPage\":{\"@id\":\"https:\\\/\\\/batijournal.com\\\/index.php\\\/plafonds-modulaires-platre-partenariat-entre-capeb-pladur\\\/94092\\\/\"},\"wordCount\":163,\"image\":{\"@id\":\"https:\\\/\\\/batijournal.com\\\/index.php\\\/plafonds-modulaires-platre-partenariat-entre-capeb-pladur\\\/94092\\\/#primaryimage\"},\"thumbnailUrl\":\"https:\\\/\\\/batijournal.com\\\/wp-content\\\/uploads\\\/2016\\\/11\\\/Patrick-Liebus-president-CAPEB-Enrique-Ramirez-Directeur-General-de-PLADUR.jpg\",\"keywords\":[\"CAPEB\",\"plafond\"],\"articleSection\":[\"\u00c9conomie &amp; March\u00e9s\"],\"inLanguage\":\"fr-FR\"},{\"@type\":\"WebPage\",\"@id\":\"https:\\\/\\\/batijournal.com\\\/index.php\\\/plafonds-modulaires-platre-partenariat-entre-capeb-pladur\\\/94092\\\/\",\"url\":\"https:\\\/\\\/batijournal.com\\\/index.php\\\/plafonds-modulaires-platre-partenariat-entre-capeb-pladur\\\/94092\\\/\",\"name\":\"Plafonds modulaires et pl\u00e2tre : partenariat entre la CAPEB et PLADUR\",\"isPartOf\":{\"@id\":\"https:\\\/\\\/batijournal.com\\\/#website\"},\"primaryImageOfPage\":{\"@id\":\"https:\\\/\\\/batijournal.com\\\/index.php\\\/plafonds-modulaires-platre-partenariat-entre-capeb-pladur\\\/94092\\\/#primaryimage\"},\"image\":{\"@id\":\"https:\\\/\\\/batijournal.com\\\/index.php\\\/plafonds-modulaires-platre-partenariat-entre-capeb-pladur\\\/94092\\\/#primaryimage\"},\"thumbnailUrl\":\"https:\\\/\\\/batijournal.com\\\/wp-content\\\/uploads\\\/2016\\\/11\\\/Patrick-Liebus-president-CAPEB-Enrique-Ramirez-Directeur-General-de-PLADUR.jpg\",\"datePublished\":\"2016-11-03T07:30:17+00:00\",\"dateModified\":\"2019-07-15T10:07:18+00:00\",\"author\":{\"@id\":\"https:\\\/\\\/batijournal.com\\\/#\\\/schema\\\/person\\\/1dc96ec6957aa1ccb25ebe78bb19f100\"},\"breadcrumb\":{\"@id\":\"https:\\\/\\\/batijournal.com\\\/index.php\\\/plafonds-modulaires-platre-partenariat-entre-capeb-pladur\\\/94092\\\/#breadcrumb\"},\"inLanguage\":\"fr-FR\",\"potentialAction\":[{\"@type\":\"ReadAction\",\"target\":[\"https:\\\/\\\/batijournal.com\\\/index.php\\\/plafonds-modulaires-platre-partenariat-entre-capeb-pladur\\\/94092\\\/\"]}]},{\"@type\":\"ImageObject\",\"inLanguage\":\"fr-FR\",\"@id\":\"https:\\\/\\\/batijournal.com\\\/index.php\\\/plafonds-modulaires-platre-partenariat-entre-capeb-pladur\\\/94092\\\/#primaryimage\",\"url\":\"https:\\\/\\\/batijournal.com\\\/wp-content\\\/uploads\\\/2016\\\/11\\\/Patrick-Liebus-president-CAPEB-Enrique-Ramirez-Directeur-General-de-PLADUR.jpg\",\"contentUrl\":\"https:\\\/\\\/batijournal.com\\\/wp-content\\\/uploads\\\/2016\\\/11\\\/Patrick-Liebus-president-CAPEB-Enrique-Ramirez-Directeur-General-de-PLADUR.jpg\",\"width\":1200,\"height\":784},{\"@type\":\"BreadcrumbList\",\"@id\":\"https:\\\/\\\/batijournal.com\\\/index.php\\\/plafonds-modulaires-platre-partenariat-entre-capeb-pladur\\\/94092\\\/#breadcrumb\",\"itemListElement\":[{\"@type\":\"ListItem\",\"position\":1,\"name\":\"Accueil\",\"item\":\"https:\\\/\\\/batijournal.com\\\/\"},{\"@type\":\"ListItem\",\"position\":2,\"name\":\"Actualit\u00e9s\",\"item\":\"https:\\\/\\\/batijournal.com\\\/index.php\\\/category\\\/actualites\\\/\"},{\"@type\":\"ListItem\",\"position\":3,\"name\":\"\u00c9conomie &amp; March\u00e9s\",\"item\":\"https:\\\/\\\/batijournal.com\\\/index.php\\\/category\\\/actualites\\\/economie-marches\\\/\"},{\"@type\":\"ListItem\",\"position\":4,\"name\":\"Plafonds modulaires et pl\u00e2tre : partenariat entre la CAPEB et PLADUR\"}]},{\"@type\":\"WebSite\",\"@id\":\"https:\\\/\\\/batijournal.com\\\/#website\",\"url\":\"https:\\\/\\\/batijournal.com\\\/\",\"name\":\"Batijournal\",\"description\":\"L&#039;actualit\u00e9 du b\u00e2timent\",\"potentialAction\":[{\"@type\":\"SearchAction\",\"target\":{\"@type\":\"EntryPoint\",\"urlTemplate\":\"https:\\\/\\\/batijournal.com\\\/?s={search_term_string}\"},\"query-input\":{\"@type\":\"PropertyValueSpecification\",\"valueRequired\":true,\"valueName\":\"search_term_string\"}}],\"inLanguage\":\"fr-FR\"},{\"@type\":\"Person\",\"@id\":\"https:\\\/\\\/batijournal.com\\\/#\\\/schema\\\/person\\\/1dc96ec6957aa1ccb25ebe78bb19f100\",\"name\":\"St\u00e9phane Miget\",\"image\":{\"@type\":\"ImageObject\",\"inLanguage\":\"fr-FR\",\"@id\":\"https:\\\/\\\/secure.gravatar.com\\\/avatar\\\/89915563d925342126b8ef0281b93d9d7fc337043e8df017f780908eb9644451?s=96&d=mm&r=g\",\"url\":\"https:\\\/\\\/secure.gravatar.com\\\/avatar\\\/89915563d925342126b8ef0281b93d9d7fc337043e8df017f780908eb9644451?s=96&d=mm&r=g\",\"contentUrl\":\"https:\\\/\\\/secure.gravatar.com\\\/avatar\\\/89915563d925342126b8ef0281b93d9d7fc337043e8df017f780908eb9644451?s=96&d=mm&r=g\",\"caption\":\"St\u00e9phane Miget\"},\"url\":\"https:\\\/\\\/batijournal.com\\\/index.php\\\/author\\\/stephane\\\/\"}]}<\/script>\n<!-- \/ Yoast SEO plugin. -->","yoast_head_json":{"title":"Plafonds modulaires et pl\u00e2tre : partenariat entre la CAPEB et PLADUR","robots":{"index":"index","follow":"follow","max-snippet":"max-snippet:-1","max-image-preview":"max-image-preview:large","max-video-preview":"max-video-preview:-1"},"canonical":"https:\/\/batijournal.com\/index.php\/plafonds-modulaires-platre-partenariat-entre-capeb-pladur\/94092\/","og_locale":"fr_FR","og_type":"article","og_title":"Plafonds modulaires et pl\u00e2tre : partenariat entre la CAPEB et PLADUR","og_description":"Patrick Li\u00e9bus, pr\u00e9sident de la CAPEB, et Enrique Ramirez, Directeur G\u00e9n\u00e9ral de PLADUR, ont sign\u00e9 un partenariat pour contribuer \u00e0 la mont\u00e9e en comp\u00e9tence des entreprises artisanales du B\u00e2timent concernant les questions de plafonds modulaires en plaques de pl\u00e2tre. Ce partenariat pr\u00e9voit la cr\u00e9ation d\u2019actions de conseils et d\u2019accompagnement destin\u00e9es \u00e0 d\u00e9velopper les connaissances des [&hellip;]","og_url":"https:\/\/batijournal.com\/index.php\/plafonds-modulaires-platre-partenariat-entre-capeb-pladur\/94092\/","og_site_name":"Batijournal","article_published_time":"2016-11-03T07:30:17+00:00","article_modified_time":"2019-07-15T10:07:18+00:00","og_image":[{"width":1200,"height":784,"url":"https:\/\/batijournal.com\/wp-content\/uploads\/2016\/11\/Patrick-Liebus-president-CAPEB-Enrique-Ramirez-Directeur-General-de-PLADUR.jpg","type":"image\/jpeg"}],"author":"St\u00e9phane Miget","twitter_card":"summary_large_image","twitter_creator":"@bati_journal","twitter_site":"@bati_journal","twitter_misc":{"\u00c9crit par":"St\u00e9phane Miget","Dur\u00e9e de lecture estim\u00e9e":"1 minute"},"schema":{"@context":"https:\/\/schema.org","@graph":[{"@type":"Article","@id":"https:\/\/batijournal.com\/index.php\/plafonds-modulaires-platre-partenariat-entre-capeb-pladur\/94092\/#article","isPartOf":{"@id":"https:\/\/batijournal.com\/index.php\/plafonds-modulaires-platre-partenariat-entre-capeb-pladur\/94092\/"},"author":{"name":"St\u00e9phane Miget","@id":"https:\/\/batijournal.com\/#\/schema\/person\/1dc96ec6957aa1ccb25ebe78bb19f100"},"headline":"Plafonds modulaires et pl\u00e2tre : partenariat entre la CAPEB et PLADUR","datePublished":"2016-11-03T07:30:17+00:00","dateModified":"2019-07-15T10:07:18+00:00","mainEntityOfPage":{"@id":"https:\/\/batijournal.com\/index.php\/plafonds-modulaires-platre-partenariat-entre-capeb-pladur\/94092\/"},"wordCount":163,"image":{"@id":"https:\/\/batijournal.com\/index.php\/plafonds-modulaires-platre-partenariat-entre-capeb-pladur\/94092\/#primaryimage"},"thumbnailUrl":"https:\/\/batijournal.com\/wp-content\/uploads\/2016\/11\/Patrick-Liebus-president-CAPEB-Enrique-Ramirez-Directeur-General-de-PLADUR.jpg","keywords":["CAPEB","plafond"],"articleSection":["\u00c9conomie &amp; March\u00e9s"],"inLanguage":"fr-FR"},{"@type":"WebPage","@id":"https:\/\/batijournal.com\/index.php\/plafonds-modulaires-platre-partenariat-entre-capeb-pladur\/94092\/","url":"https:\/\/batijournal.com\/index.php\/plafonds-modulaires-platre-partenariat-entre-capeb-pladur\/94092\/","name":"Plafonds modulaires et pl\u00e2tre : partenariat entre la CAPEB et PLADUR","isPartOf":{"@id":"https:\/\/batijournal.com\/#website"},"primaryImageOfPage":{"@id":"https:\/\/batijournal.com\/index.php\/plafonds-modulaires-platre-partenariat-entre-capeb-pladur\/94092\/#primaryimage"},"image":{"@id":"https:\/\/batijournal.com\/index.php\/plafonds-modulaires-platre-partenariat-entre-capeb-pladur\/94092\/#primaryimage"},"thumbnailUrl":"https:\/\/batijournal.com\/wp-content\/uploads\/2016\/11\/Patrick-Liebus-president-CAPEB-Enrique-Ramirez-Directeur-General-de-PLADUR.jpg","datePublished":"2016-11-03T07:30:17+00:00","dateModified":"2019-07-15T10:07:18+00:00","author":{"@id":"https:\/\/batijournal.com\/#\/schema\/person\/1dc96ec6957aa1ccb25ebe78bb19f100"},"breadcrumb":{"@id":"https:\/\/batijournal.com\/index.php\/plafonds-modulaires-platre-partenariat-entre-capeb-pladur\/94092\/#breadcrumb"},"inLanguage":"fr-FR","potentialAction":[{"@type":"ReadAction","target":["https:\/\/batijournal.com\/index.php\/plafonds-modulaires-platre-partenariat-entre-capeb-pladur\/94092\/"]}]},{"@type":"ImageObject","inLanguage":"fr-FR","@id":"https:\/\/batijournal.com\/index.php\/plafonds-modulaires-platre-partenariat-entre-capeb-pladur\/94092\/#primaryimage","url":"https:\/\/batijournal.com\/wp-content\/uploads\/2016\/11\/Patrick-Liebus-president-CAPEB-Enrique-Ramirez-Directeur-General-de-PLADUR.jpg","contentUrl":"https:\/\/batijournal.com\/wp-content\/uploads\/2016\/11\/Patrick-Liebus-president-CAPEB-Enrique-Ramirez-Directeur-General-de-PLADUR.jpg","width":1200,"height":784},{"@type":"BreadcrumbList","@id":"https:\/\/batijournal.com\/index.php\/plafonds-modulaires-platre-partenariat-entre-capeb-pladur\/94092\/#breadcrumb","itemListElement":[{"@type":"ListItem","position":1,"name":"Accueil","item":"https:\/\/batijournal.com\/"},{"@type":"ListItem","position":2,"name":"Actualit\u00e9s","item":"https:\/\/batijournal.com\/index.php\/category\/actualites\/"},{"@type":"ListItem","position":3,"name":"\u00c9conomie &amp; March\u00e9s","item":"https:\/\/batijournal.com\/index.php\/category\/actualites\/economie-marches\/"},{"@type":"ListItem","position":4,"name":"Plafonds modulaires et pl\u00e2tre : partenariat entre la CAPEB et PLADUR"}]},{"@type":"WebSite","@id":"https:\/\/batijournal.com\/#website","url":"https:\/\/batijournal.com\/","name":"Batijournal","description":"L&#039;actualit\u00e9 du b\u00e2timent","potentialAction":[{"@type":"SearchAction","target":{"@type":"EntryPoint","urlTemplate":"https:\/\/batijournal.com\/?s={search_term_string}"},"query-input":{"@type":"PropertyValueSpecification","valueRequired":true,"valueName":"search_term_string"}}],"inLanguage":"fr-FR"},{"@type":"Person","@id":"https:\/\/batijournal.com\/#\/schema\/person\/1dc96ec6957aa1ccb25ebe78bb19f100","name":"St\u00e9phane Miget","image":{"@type":"ImageObject","inLanguage":"fr-FR","@id":"https:\/\/secure.gravatar.com\/avatar\/89915563d925342126b8ef0281b93d9d7fc337043e8df017f780908eb9644451?s=96&d=mm&r=g","url":"https:\/\/secure.gravatar.com\/avatar\/89915563d925342126b8ef0281b93d9d7fc337043e8df017f780908eb9644451?s=96&d=mm&r=g","contentUrl":"https:\/\/secure.gravatar.com\/avatar\/89915563d925342126b8ef0281b93d9d7fc337043e8df017f780908eb9644451?s=96&d=mm&r=g","caption":"St\u00e9phane Miget"},"url":"https:\/\/batijournal.com\/index.php\/author\/stephane\/"}]}},"_links":{"self":[{"href":"https:\/\/batijournal.com\/index.php\/wp-json\/wp\/v2\/posts\/94092","targetHints":{"allow":["GET"]}}],"collection":[{"href":"https:\/\/batijournal.com\/index.php\/wp-json\/wp\/v2\/posts"}],"about":[{"href":"https:\/\/batijournal.com\/index.php\/wp-json\/wp\/v2\/types\/post"}],"author":[{"embeddable":true,"href":"https:\/\/batijournal.com\/index.php\/wp-json\/wp\/v2\/users\/17"}],"replies":[{"embeddable":true,"href":"https:\/\/batijournal.com\/index.php\/wp-json\/wp\/v2\/comments?post=94092"}],"version-history":[{"count":0,"href":"https:\/\/batijournal.com\/index.php\/wp-json\/wp\/v2\/posts\/94092\/revisions"}],"wp:featuredmedia":[{"embeddable":true,"href":"https:\/\/batijournal.com\/index.php\/wp-json\/wp\/v2\/media\/94093"}],"wp:attachment":[{"href":"https:\/\/batijournal.com\/index.php\/wp-json\/wp\/v2\/media?parent=94092"}],"wp:term":[{"taxonomy":"category","embeddable":true,"href":"https:\/\/batijournal.com\/index.php\/wp-json\/wp\/v2\/categories?post=94092"},{"taxonomy":"post_tag","embeddable":true,"href":"https:\/\/batijournal.com\/index.php\/wp-json\/wp\/v2\/tags?post=94092"}],"curies":[{"name":"wp","href":"https:\/\/api.w.org\/{rel}","templated":true}]}}