{"id":94107,"date":"2016-11-05T09:07:18","date_gmt":"2016-11-05T08:07:18","guid":{"rendered":"http:\/\/batijournal.com\/?p=94107"},"modified":"2016-11-05T09:07:18","modified_gmt":"2016-11-05T08:07:18","slug":"bau-grand-messe-batiment","status":"publish","type":"post","link":"https:\/\/batijournal.com\/index.php\/bau-grand-messe-batiment\/94107\/","title":{"rendered":"Bau : la grand-messe du b\u00e2timent"},"content":{"rendered":"<p>Avec 185 000 m2 de surface et 2 000 exposants de plus de 40 pays, la prochaine \u00e9dition de Bau, salon professionnel international des mat\u00e9riaux et \u00e9quipements de construction, occupera la totalit\u00e9 des 17 halls du parc d\u2019Exposition de Munich. Quatre th\u00e8mes phares ont \u00e9t\u00e9 d\u00e9finis pour l\u2019\u00e9v\u00e9nement qui se d\u00e9roulera du 16 au 21 janvier 2017\u00a0: Fa\u00e7ade intelligente\u00a0; Conception, construction et gestion num\u00e9riques\u00a0; Immeubles en r\u00e9seaux\u00a0; Construction et habitat 2020. Le forum \u00ab\u00a0Le futur du b\u00e2timent\u00a0\u00bb va \u00e0 nouveau accueillir des concepteurs, architectes et ing\u00e9nieurs de renom. Bau renforce, depuis quelques ann\u00e9es, sa dimension internationale, tant du c\u00f4t\u00e9 des exposants (637 entreprises en 2015) que de celui des visiteurs (72 000 visiteurs \u00e9trangers en 2015). Une tendance qui se confirme pour l\u2019\u00e9dition 2017.<\/p>\n<p><a href=\"http:\/\/bau-muenchen.com\" target=\"_blank\">bau-muenchen.com<\/a><\/p>\n<p>&nbsp;<\/p>\n","protected":false},"excerpt":{"rendered":"<p>Avec 185 000 m2 de surface et 2 000 exposants de plus de 40 pays, la prochaine \u00e9dition de Bau, salon professionnel international des mat\u00e9riaux et \u00e9quipements de construction, occupera la totalit\u00e9 des 17 halls du parc d\u2019Exposition de Munich. Quatre th\u00e8mes phares ont \u00e9t\u00e9 d\u00e9finis pour l\u2019\u00e9v\u00e9nement qui se d\u00e9roulera du 16 au 21 [&hellip;]<\/p>\n","protected":false},"author":17,"featured_media":94108,"comment_status":"closed","ping_status":"closed","sticky":false,"template":"","format":"standard","meta":{"_et_pb_use_builder":"","_et_pb_old_content":"","_et_gb_content_width":"","footnotes":""},"categories":[6345,9192],"tags":[1017],"class_list":["post-94107","post","type-post","status-publish","format-standard","has-post-thumbnail","hentry","category-economie-marches","category-evenements","tag-filiere-bois"],"yoast_head":"<!-- This site is optimized with the Yoast SEO plugin v27.4 - https:\/\/yoast.com\/product\/yoast-seo-wordpress\/ -->\n<title>Bau : la grand-messe du b\u00e2timent<\/title>\n<meta name=\"robots\" content=\"index, follow, max-snippet:-1, max-image-preview:large, max-video-preview:-1\" \/>\n<link rel=\"canonical\" href=\"https:\/\/batijournal.com\/index.php\/bau-grand-messe-batiment\/94107\/\" \/>\n<meta property=\"og:locale\" content=\"fr_FR\" \/>\n<meta property=\"og:type\" content=\"article\" \/>\n<meta property=\"og:title\" content=\"Bau : la grand-messe du b\u00e2timent\" \/>\n<meta property=\"og:description\" content=\"Avec 185 000 m2 de surface et 2 000 exposants de plus de 40 pays, la prochaine \u00e9dition de Bau, salon professionnel international des mat\u00e9riaux et \u00e9quipements de construction, occupera la totalit\u00e9 des 17 halls du parc d\u2019Exposition de Munich. Quatre th\u00e8mes phares ont \u00e9t\u00e9 d\u00e9finis pour l\u2019\u00e9v\u00e9nement qui se d\u00e9roulera du 16 au 21 [&hellip;]\" \/>\n<meta property=\"og:url\" content=\"https:\/\/batijournal.com\/index.php\/bau-grand-messe-batiment\/94107\/\" \/>\n<meta property=\"og:site_name\" content=\"Batijournal\" \/>\n<meta property=\"article:published_time\" content=\"2016-11-05T08:07:18+00:00\" \/>\n<meta property=\"og:image\" content=\"https:\/\/batijournal.com\/wp-content\/uploads\/2016\/11\/salon-BAU-2015-Entree-Ouest.jpg\" \/>\n\t<meta property=\"og:image:width\" content=\"1200\" \/>\n\t<meta property=\"og:image:height\" content=\"866\" \/>\n\t<meta property=\"og:image:type\" content=\"image\/jpeg\" \/>\n<meta name=\"author\" content=\"St\u00e9phane Miget\" \/>\n<meta name=\"twitter:card\" content=\"summary_large_image\" \/>\n<meta name=\"twitter:creator\" content=\"@bati_journal\" \/>\n<meta name=\"twitter:site\" content=\"@bati_journal\" \/>\n<meta name=\"twitter:label1\" content=\"\u00c9crit par\" \/>\n\t<meta name=\"twitter:data1\" content=\"St\u00e9phane Miget\" \/>\n\t<meta name=\"twitter:label2\" content=\"Dur\u00e9e de lecture estim\u00e9e\" \/>\n\t<meta name=\"twitter:data2\" content=\"1 minute\" \/>\n<script type=\"application\/ld+json\" class=\"yoast-schema-graph\">{\"@context\":\"https:\\\/\\\/schema.org\",\"@graph\":[{\"@type\":\"Article\",\"@id\":\"https:\\\/\\\/batijournal.com\\\/index.php\\\/bau-grand-messe-batiment\\\/94107\\\/#article\",\"isPartOf\":{\"@id\":\"https:\\\/\\\/batijournal.com\\\/index.php\\\/bau-grand-messe-batiment\\\/94107\\\/\"},\"author\":{\"name\":\"St\u00e9phane Miget\",\"@id\":\"https:\\\/\\\/batijournal.com\\\/#\\\/schema\\\/person\\\/1dc96ec6957aa1ccb25ebe78bb19f100\"},\"headline\":\"Bau : la grand-messe du b\u00e2timent\",\"datePublished\":\"2016-11-05T08:07:18+00:00\",\"mainEntityOfPage\":{\"@id\":\"https:\\\/\\\/batijournal.com\\\/index.php\\\/bau-grand-messe-batiment\\\/94107\\\/\"},\"wordCount\":131,\"image\":{\"@id\":\"https:\\\/\\\/batijournal.com\\\/index.php\\\/bau-grand-messe-batiment\\\/94107\\\/#primaryimage\"},\"thumbnailUrl\":\"https:\\\/\\\/batijournal.com\\\/wp-content\\\/uploads\\\/2016\\\/11\\\/salon-BAU-2015-Entree-Ouest.jpg\",\"keywords\":[\"fili\u00e8re bois\"],\"articleSection\":[\"\u00c9conomie &amp; March\u00e9s\",\"\u00c9v\u00e9nements\"],\"inLanguage\":\"fr-FR\"},{\"@type\":\"WebPage\",\"@id\":\"https:\\\/\\\/batijournal.com\\\/index.php\\\/bau-grand-messe-batiment\\\/94107\\\/\",\"url\":\"https:\\\/\\\/batijournal.com\\\/index.php\\\/bau-grand-messe-batiment\\\/94107\\\/\",\"name\":\"Bau : la grand-messe du b\u00e2timent\",\"isPartOf\":{\"@id\":\"https:\\\/\\\/batijournal.com\\\/#website\"},\"primaryImageOfPage\":{\"@id\":\"https:\\\/\\\/batijournal.com\\\/index.php\\\/bau-grand-messe-batiment\\\/94107\\\/#primaryimage\"},\"image\":{\"@id\":\"https:\\\/\\\/batijournal.com\\\/index.php\\\/bau-grand-messe-batiment\\\/94107\\\/#primaryimage\"},\"thumbnailUrl\":\"https:\\\/\\\/batijournal.com\\\/wp-content\\\/uploads\\\/2016\\\/11\\\/salon-BAU-2015-Entree-Ouest.jpg\",\"datePublished\":\"2016-11-05T08:07:18+00:00\",\"author\":{\"@id\":\"https:\\\/\\\/batijournal.com\\\/#\\\/schema\\\/person\\\/1dc96ec6957aa1ccb25ebe78bb19f100\"},\"breadcrumb\":{\"@id\":\"https:\\\/\\\/batijournal.com\\\/index.php\\\/bau-grand-messe-batiment\\\/94107\\\/#breadcrumb\"},\"inLanguage\":\"fr-FR\",\"potentialAction\":[{\"@type\":\"ReadAction\",\"target\":[\"https:\\\/\\\/batijournal.com\\\/index.php\\\/bau-grand-messe-batiment\\\/94107\\\/\"]}]},{\"@type\":\"ImageObject\",\"inLanguage\":\"fr-FR\",\"@id\":\"https:\\\/\\\/batijournal.com\\\/index.php\\\/bau-grand-messe-batiment\\\/94107\\\/#primaryimage\",\"url\":\"https:\\\/\\\/batijournal.com\\\/wp-content\\\/uploads\\\/2016\\\/11\\\/salon-BAU-2015-Entree-Ouest.jpg\",\"contentUrl\":\"https:\\\/\\\/batijournal.com\\\/wp-content\\\/uploads\\\/2016\\\/11\\\/salon-BAU-2015-Entree-Ouest.jpg\",\"width\":1200,\"height\":866},{\"@type\":\"BreadcrumbList\",\"@id\":\"https:\\\/\\\/batijournal.com\\\/index.php\\\/bau-grand-messe-batiment\\\/94107\\\/#breadcrumb\",\"itemListElement\":[{\"@type\":\"ListItem\",\"position\":1,\"name\":\"Accueil\",\"item\":\"https:\\\/\\\/batijournal.com\\\/\"},{\"@type\":\"ListItem\",\"position\":2,\"name\":\"Actualit\u00e9s\",\"item\":\"https:\\\/\\\/batijournal.com\\\/index.php\\\/category\\\/actualites\\\/\"},{\"@type\":\"ListItem\",\"position\":3,\"name\":\"\u00c9conomie &amp; March\u00e9s\",\"item\":\"https:\\\/\\\/batijournal.com\\\/index.php\\\/category\\\/actualites\\\/economie-marches\\\/\"},{\"@type\":\"ListItem\",\"position\":4,\"name\":\"Bau : la grand-messe du b\u00e2timent\"}]},{\"@type\":\"WebSite\",\"@id\":\"https:\\\/\\\/batijournal.com\\\/#website\",\"url\":\"https:\\\/\\\/batijournal.com\\\/\",\"name\":\"Batijournal\",\"description\":\"L&#039;actualit\u00e9 du b\u00e2timent\",\"potentialAction\":[{\"@type\":\"SearchAction\",\"target\":{\"@type\":\"EntryPoint\",\"urlTemplate\":\"https:\\\/\\\/batijournal.com\\\/?s={search_term_string}\"},\"query-input\":{\"@type\":\"PropertyValueSpecification\",\"valueRequired\":true,\"valueName\":\"search_term_string\"}}],\"inLanguage\":\"fr-FR\"},{\"@type\":\"Person\",\"@id\":\"https:\\\/\\\/batijournal.com\\\/#\\\/schema\\\/person\\\/1dc96ec6957aa1ccb25ebe78bb19f100\",\"name\":\"St\u00e9phane Miget\",\"image\":{\"@type\":\"ImageObject\",\"inLanguage\":\"fr-FR\",\"@id\":\"https:\\\/\\\/secure.gravatar.com\\\/avatar\\\/89915563d925342126b8ef0281b93d9d7fc337043e8df017f780908eb9644451?s=96&d=mm&r=g\",\"url\":\"https:\\\/\\\/secure.gravatar.com\\\/avatar\\\/89915563d925342126b8ef0281b93d9d7fc337043e8df017f780908eb9644451?s=96&d=mm&r=g\",\"contentUrl\":\"https:\\\/\\\/secure.gravatar.com\\\/avatar\\\/89915563d925342126b8ef0281b93d9d7fc337043e8df017f780908eb9644451?s=96&d=mm&r=g\",\"caption\":\"St\u00e9phane Miget\"},\"url\":\"https:\\\/\\\/batijournal.com\\\/index.php\\\/author\\\/stephane\\\/\"}]}<\/script>\n<!-- \/ Yoast SEO plugin. -->","yoast_head_json":{"title":"Bau : la grand-messe du b\u00e2timent","robots":{"index":"index","follow":"follow","max-snippet":"max-snippet:-1","max-image-preview":"max-image-preview:large","max-video-preview":"max-video-preview:-1"},"canonical":"https:\/\/batijournal.com\/index.php\/bau-grand-messe-batiment\/94107\/","og_locale":"fr_FR","og_type":"article","og_title":"Bau : la grand-messe du b\u00e2timent","og_description":"Avec 185 000 m2 de surface et 2 000 exposants de plus de 40 pays, la prochaine \u00e9dition de Bau, salon professionnel international des mat\u00e9riaux et \u00e9quipements de construction, occupera la totalit\u00e9 des 17 halls du parc d\u2019Exposition de Munich. Quatre th\u00e8mes phares ont \u00e9t\u00e9 d\u00e9finis pour l\u2019\u00e9v\u00e9nement qui se d\u00e9roulera du 16 au 21 [&hellip;]","og_url":"https:\/\/batijournal.com\/index.php\/bau-grand-messe-batiment\/94107\/","og_site_name":"Batijournal","article_published_time":"2016-11-05T08:07:18+00:00","og_image":[{"width":1200,"height":866,"url":"https:\/\/batijournal.com\/wp-content\/uploads\/2016\/11\/salon-BAU-2015-Entree-Ouest.jpg","type":"image\/jpeg"}],"author":"St\u00e9phane Miget","twitter_card":"summary_large_image","twitter_creator":"@bati_journal","twitter_site":"@bati_journal","twitter_misc":{"\u00c9crit par":"St\u00e9phane Miget","Dur\u00e9e de lecture estim\u00e9e":"1 minute"},"schema":{"@context":"https:\/\/schema.org","@graph":[{"@type":"Article","@id":"https:\/\/batijournal.com\/index.php\/bau-grand-messe-batiment\/94107\/#article","isPartOf":{"@id":"https:\/\/batijournal.com\/index.php\/bau-grand-messe-batiment\/94107\/"},"author":{"name":"St\u00e9phane Miget","@id":"https:\/\/batijournal.com\/#\/schema\/person\/1dc96ec6957aa1ccb25ebe78bb19f100"},"headline":"Bau : la grand-messe du b\u00e2timent","datePublished":"2016-11-05T08:07:18+00:00","mainEntityOfPage":{"@id":"https:\/\/batijournal.com\/index.php\/bau-grand-messe-batiment\/94107\/"},"wordCount":131,"image":{"@id":"https:\/\/batijournal.com\/index.php\/bau-grand-messe-batiment\/94107\/#primaryimage"},"thumbnailUrl":"https:\/\/batijournal.com\/wp-content\/uploads\/2016\/11\/salon-BAU-2015-Entree-Ouest.jpg","keywords":["fili\u00e8re bois"],"articleSection":["\u00c9conomie &amp; March\u00e9s","\u00c9v\u00e9nements"],"inLanguage":"fr-FR"},{"@type":"WebPage","@id":"https:\/\/batijournal.com\/index.php\/bau-grand-messe-batiment\/94107\/","url":"https:\/\/batijournal.com\/index.php\/bau-grand-messe-batiment\/94107\/","name":"Bau : la grand-messe du b\u00e2timent","isPartOf":{"@id":"https:\/\/batijournal.com\/#website"},"primaryImageOfPage":{"@id":"https:\/\/batijournal.com\/index.php\/bau-grand-messe-batiment\/94107\/#primaryimage"},"image":{"@id":"https:\/\/batijournal.com\/index.php\/bau-grand-messe-batiment\/94107\/#primaryimage"},"thumbnailUrl":"https:\/\/batijournal.com\/wp-content\/uploads\/2016\/11\/salon-BAU-2015-Entree-Ouest.jpg","datePublished":"2016-11-05T08:07:18+00:00","author":{"@id":"https:\/\/batijournal.com\/#\/schema\/person\/1dc96ec6957aa1ccb25ebe78bb19f100"},"breadcrumb":{"@id":"https:\/\/batijournal.com\/index.php\/bau-grand-messe-batiment\/94107\/#breadcrumb"},"inLanguage":"fr-FR","potentialAction":[{"@type":"ReadAction","target":["https:\/\/batijournal.com\/index.php\/bau-grand-messe-batiment\/94107\/"]}]},{"@type":"ImageObject","inLanguage":"fr-FR","@id":"https:\/\/batijournal.com\/index.php\/bau-grand-messe-batiment\/94107\/#primaryimage","url":"https:\/\/batijournal.com\/wp-content\/uploads\/2016\/11\/salon-BAU-2015-Entree-Ouest.jpg","contentUrl":"https:\/\/batijournal.com\/wp-content\/uploads\/2016\/11\/salon-BAU-2015-Entree-Ouest.jpg","width":1200,"height":866},{"@type":"BreadcrumbList","@id":"https:\/\/batijournal.com\/index.php\/bau-grand-messe-batiment\/94107\/#breadcrumb","itemListElement":[{"@type":"ListItem","position":1,"name":"Accueil","item":"https:\/\/batijournal.com\/"},{"@type":"ListItem","position":2,"name":"Actualit\u00e9s","item":"https:\/\/batijournal.com\/index.php\/category\/actualites\/"},{"@type":"ListItem","position":3,"name":"\u00c9conomie &amp; March\u00e9s","item":"https:\/\/batijournal.com\/index.php\/category\/actualites\/economie-marches\/"},{"@type":"ListItem","position":4,"name":"Bau : la grand-messe du b\u00e2timent"}]},{"@type":"WebSite","@id":"https:\/\/batijournal.com\/#website","url":"https:\/\/batijournal.com\/","name":"Batijournal","description":"L&#039;actualit\u00e9 du b\u00e2timent","potentialAction":[{"@type":"SearchAction","target":{"@type":"EntryPoint","urlTemplate":"https:\/\/batijournal.com\/?s={search_term_string}"},"query-input":{"@type":"PropertyValueSpecification","valueRequired":true,"valueName":"search_term_string"}}],"inLanguage":"fr-FR"},{"@type":"Person","@id":"https:\/\/batijournal.com\/#\/schema\/person\/1dc96ec6957aa1ccb25ebe78bb19f100","name":"St\u00e9phane Miget","image":{"@type":"ImageObject","inLanguage":"fr-FR","@id":"https:\/\/secure.gravatar.com\/avatar\/89915563d925342126b8ef0281b93d9d7fc337043e8df017f780908eb9644451?s=96&d=mm&r=g","url":"https:\/\/secure.gravatar.com\/avatar\/89915563d925342126b8ef0281b93d9d7fc337043e8df017f780908eb9644451?s=96&d=mm&r=g","contentUrl":"https:\/\/secure.gravatar.com\/avatar\/89915563d925342126b8ef0281b93d9d7fc337043e8df017f780908eb9644451?s=96&d=mm&r=g","caption":"St\u00e9phane Miget"},"url":"https:\/\/batijournal.com\/index.php\/author\/stephane\/"}]}},"_links":{"self":[{"href":"https:\/\/batijournal.com\/index.php\/wp-json\/wp\/v2\/posts\/94107","targetHints":{"allow":["GET"]}}],"collection":[{"href":"https:\/\/batijournal.com\/index.php\/wp-json\/wp\/v2\/posts"}],"about":[{"href":"https:\/\/batijournal.com\/index.php\/wp-json\/wp\/v2\/types\/post"}],"author":[{"embeddable":true,"href":"https:\/\/batijournal.com\/index.php\/wp-json\/wp\/v2\/users\/17"}],"replies":[{"embeddable":true,"href":"https:\/\/batijournal.com\/index.php\/wp-json\/wp\/v2\/comments?post=94107"}],"version-history":[{"count":0,"href":"https:\/\/batijournal.com\/index.php\/wp-json\/wp\/v2\/posts\/94107\/revisions"}],"wp:featuredmedia":[{"embeddable":true,"href":"https:\/\/batijournal.com\/index.php\/wp-json\/wp\/v2\/media\/94108"}],"wp:attachment":[{"href":"https:\/\/batijournal.com\/index.php\/wp-json\/wp\/v2\/media?parent=94107"}],"wp:term":[{"taxonomy":"category","embeddable":true,"href":"https:\/\/batijournal.com\/index.php\/wp-json\/wp\/v2\/categories?post=94107"},{"taxonomy":"post_tag","embeddable":true,"href":"https:\/\/batijournal.com\/index.php\/wp-json\/wp\/v2\/tags?post=94107"}],"curies":[{"name":"wp","href":"https:\/\/api.w.org\/{rel}","templated":true}]}}