{"id":94113,"date":"2016-11-07T07:37:58","date_gmt":"2016-11-07T06:37:58","guid":{"rendered":"http:\/\/batijournal.com\/?p=94113"},"modified":"2019-07-15T12:11:02","modified_gmt":"2019-07-15T10:11:02","slug":"modelisation-observation-territoriale","status":"publish","type":"post","link":"https:\/\/batijournal.com\/index.php\/modelisation-observation-territoriale\/94113\/","title":{"rendered":"Mod\u00e9lisation et observation territoriale"},"content":{"rendered":"<p>Les collectivit\u00e9s d\u00e9veloppent aujourd\u2019hui des d\u00e9marches de planification urbaine et environnementale avec une approche transversale incluant les enjeux environnementaux, sociaux et \u00e9conomiques \u00e0 l\u2019\u00e9chelle territoriale. Pour accompagner cette approche, il existe de nombreux outils num\u00e9riques d\u2019observation et de mod\u00e9lisation territoriale qui permettent d\u2019identifier les enjeux et d\u2019aider \u00e0 la prise de d\u00e9cision. Ces outils s\u2019appuient sur des donn\u00e9es, dont le nombre croissant repr\u00e9sente une ressource mais invite \u00e9galement \u00e0 s\u2019interroger sur les cadres technique, juridique et \u00e9conomique n\u00e9cessaires pour utiliser ces donn\u00e9es. L\u2019ADEME a men\u00e9 une \u00e9tude afin de conna\u00eetre et comprendre l\u2019offre d\u2019outils d\u2019observation et de mod\u00e9lisation territoriale et d\u2019\u00e9tudier les enjeux associ\u00e9s aux donn\u00e9es, en particulier l\u2019optimisation de leur exploitation. Utile aux bureaux d\u2019\u00e9tudes, services des collectivit\u00e9s, chercheurs, cette \u00e9tude \u00ab Approche int\u00e9gr\u00e9e et multicrit\u00e8res dans les outils d\u2019aide \u00e0 la d\u00e9cision \u00e0 vocation territoriale \u00bb dresse un \u00e9tat des lieux des enjeux associ\u00e9s aux outils et pr\u00e9sente une analyse des probl\u00e9matiques concernant les donn\u00e9es \u00e0 travers leur cycle de vie (collecte, traitement, valorisation) et leur environnement technique, juridique et \u00e9conomique.<\/p>\n<p><a href=\"http:\/\/www.ademe.fr\/approche-integree-multicriteres-outils-daide-a-decision-a-vocation-territoriale-elements-cadrage-gestion-donnees-territoriales\" target=\"_blank\" rel=\"noopener noreferrer\">A t\u00e9l\u00e9charger ici<\/a><\/p>\n","protected":false},"excerpt":{"rendered":"<p>Les collectivit\u00e9s d\u00e9veloppent aujourd\u2019hui des d\u00e9marches de planification urbaine et environnementale avec une approche transversale incluant les enjeux environnementaux, sociaux et \u00e9conomiques \u00e0 l\u2019\u00e9chelle territoriale. Pour accompagner cette approche, il existe de nombreux outils num\u00e9riques d\u2019observation et de mod\u00e9lisation territoriale qui permettent d\u2019identifier les enjeux et d\u2019aider \u00e0 la prise de d\u00e9cision. Ces outils s\u2019appuient [&hellip;]<\/p>\n","protected":false},"author":17,"featured_media":94114,"comment_status":"closed","ping_status":"closed","sticky":false,"template":"","format":"standard","meta":{"_et_pb_use_builder":"","_et_pb_old_content":"","_et_gb_content_width":"","footnotes":""},"categories":[6340],"tags":[],"class_list":["post-94113","post","type-post","status-publish","format-standard","has-post-thumbnail","hentry","category-architecture-conception"],"yoast_head":"<!-- This site is optimized with the Yoast SEO plugin v27.4 - https:\/\/yoast.com\/product\/yoast-seo-wordpress\/ -->\n<title>Mod\u00e9lisation et observation territoriale<\/title>\n<meta name=\"robots\" content=\"index, follow, max-snippet:-1, max-image-preview:large, max-video-preview:-1\" \/>\n<link rel=\"canonical\" href=\"https:\/\/batijournal.com\/index.php\/modelisation-observation-territoriale\/94113\/\" \/>\n<meta property=\"og:locale\" content=\"fr_FR\" \/>\n<meta property=\"og:type\" content=\"article\" \/>\n<meta property=\"og:title\" content=\"Mod\u00e9lisation et observation territoriale\" \/>\n<meta property=\"og:description\" content=\"Les collectivit\u00e9s d\u00e9veloppent aujourd\u2019hui des d\u00e9marches de planification urbaine et environnementale avec une approche transversale incluant les enjeux environnementaux, sociaux et \u00e9conomiques \u00e0 l\u2019\u00e9chelle territoriale. Pour accompagner cette approche, il existe de nombreux outils num\u00e9riques d\u2019observation et de mod\u00e9lisation territoriale qui permettent d\u2019identifier les enjeux et d\u2019aider \u00e0 la prise de d\u00e9cision. Ces outils s\u2019appuient [&hellip;]\" \/>\n<meta property=\"og:url\" content=\"https:\/\/batijournal.com\/index.php\/modelisation-observation-territoriale\/94113\/\" \/>\n<meta property=\"og:site_name\" content=\"Batijournal\" \/>\n<meta property=\"article:published_time\" content=\"2016-11-07T06:37:58+00:00\" \/>\n<meta property=\"article:modified_time\" content=\"2019-07-15T10:11:02+00:00\" \/>\n<meta property=\"og:image\" content=\"https:\/\/batijournal.com\/wp-content\/uploads\/2016\/11\/etude-ademe-modelisation-territoriale.png\" \/>\n\t<meta property=\"og:image:width\" content=\"942\" \/>\n\t<meta property=\"og:image:height\" content=\"706\" \/>\n\t<meta property=\"og:image:type\" content=\"image\/png\" \/>\n<meta name=\"author\" content=\"St\u00e9phane Miget\" \/>\n<meta name=\"twitter:card\" content=\"summary_large_image\" \/>\n<meta name=\"twitter:creator\" content=\"@bati_journal\" \/>\n<meta name=\"twitter:site\" content=\"@bati_journal\" \/>\n<meta name=\"twitter:label1\" content=\"\u00c9crit par\" \/>\n\t<meta name=\"twitter:data1\" content=\"St\u00e9phane Miget\" \/>\n\t<meta name=\"twitter:label2\" content=\"Dur\u00e9e de lecture estim\u00e9e\" \/>\n\t<meta name=\"twitter:data2\" content=\"1 minute\" \/>\n<script type=\"application\/ld+json\" class=\"yoast-schema-graph\">{\"@context\":\"https:\\\/\\\/schema.org\",\"@graph\":[{\"@type\":\"Article\",\"@id\":\"https:\\\/\\\/batijournal.com\\\/index.php\\\/modelisation-observation-territoriale\\\/94113\\\/#article\",\"isPartOf\":{\"@id\":\"https:\\\/\\\/batijournal.com\\\/index.php\\\/modelisation-observation-territoriale\\\/94113\\\/\"},\"author\":{\"name\":\"St\u00e9phane Miget\",\"@id\":\"https:\\\/\\\/batijournal.com\\\/#\\\/schema\\\/person\\\/1dc96ec6957aa1ccb25ebe78bb19f100\"},\"headline\":\"Mod\u00e9lisation et observation territoriale\",\"datePublished\":\"2016-11-07T06:37:58+00:00\",\"dateModified\":\"2019-07-15T10:11:02+00:00\",\"mainEntityOfPage\":{\"@id\":\"https:\\\/\\\/batijournal.com\\\/index.php\\\/modelisation-observation-territoriale\\\/94113\\\/\"},\"wordCount\":213,\"image\":{\"@id\":\"https:\\\/\\\/batijournal.com\\\/index.php\\\/modelisation-observation-territoriale\\\/94113\\\/#primaryimage\"},\"thumbnailUrl\":\"https:\\\/\\\/batijournal.com\\\/wp-content\\\/uploads\\\/2016\\\/11\\\/etude-ademe-modelisation-territoriale.png\",\"articleSection\":[\"Architecture &amp; Conception\"],\"inLanguage\":\"fr-FR\"},{\"@type\":\"WebPage\",\"@id\":\"https:\\\/\\\/batijournal.com\\\/index.php\\\/modelisation-observation-territoriale\\\/94113\\\/\",\"url\":\"https:\\\/\\\/batijournal.com\\\/index.php\\\/modelisation-observation-territoriale\\\/94113\\\/\",\"name\":\"Mod\u00e9lisation et observation territoriale\",\"isPartOf\":{\"@id\":\"https:\\\/\\\/batijournal.com\\\/#website\"},\"primaryImageOfPage\":{\"@id\":\"https:\\\/\\\/batijournal.com\\\/index.php\\\/modelisation-observation-territoriale\\\/94113\\\/#primaryimage\"},\"image\":{\"@id\":\"https:\\\/\\\/batijournal.com\\\/index.php\\\/modelisation-observation-territoriale\\\/94113\\\/#primaryimage\"},\"thumbnailUrl\":\"https:\\\/\\\/batijournal.com\\\/wp-content\\\/uploads\\\/2016\\\/11\\\/etude-ademe-modelisation-territoriale.png\",\"datePublished\":\"2016-11-07T06:37:58+00:00\",\"dateModified\":\"2019-07-15T10:11:02+00:00\",\"author\":{\"@id\":\"https:\\\/\\\/batijournal.com\\\/#\\\/schema\\\/person\\\/1dc96ec6957aa1ccb25ebe78bb19f100\"},\"breadcrumb\":{\"@id\":\"https:\\\/\\\/batijournal.com\\\/index.php\\\/modelisation-observation-territoriale\\\/94113\\\/#breadcrumb\"},\"inLanguage\":\"fr-FR\",\"potentialAction\":[{\"@type\":\"ReadAction\",\"target\":[\"https:\\\/\\\/batijournal.com\\\/index.php\\\/modelisation-observation-territoriale\\\/94113\\\/\"]}]},{\"@type\":\"ImageObject\",\"inLanguage\":\"fr-FR\",\"@id\":\"https:\\\/\\\/batijournal.com\\\/index.php\\\/modelisation-observation-territoriale\\\/94113\\\/#primaryimage\",\"url\":\"https:\\\/\\\/batijournal.com\\\/wp-content\\\/uploads\\\/2016\\\/11\\\/etude-ademe-modelisation-territoriale.png\",\"contentUrl\":\"https:\\\/\\\/batijournal.com\\\/wp-content\\\/uploads\\\/2016\\\/11\\\/etude-ademe-modelisation-territoriale.png\",\"width\":942,\"height\":706},{\"@type\":\"BreadcrumbList\",\"@id\":\"https:\\\/\\\/batijournal.com\\\/index.php\\\/modelisation-observation-territoriale\\\/94113\\\/#breadcrumb\",\"itemListElement\":[{\"@type\":\"ListItem\",\"position\":1,\"name\":\"Accueil\",\"item\":\"https:\\\/\\\/batijournal.com\\\/\"},{\"@type\":\"ListItem\",\"position\":2,\"name\":\"Actualit\u00e9s\",\"item\":\"https:\\\/\\\/batijournal.com\\\/index.php\\\/category\\\/actualites\\\/\"},{\"@type\":\"ListItem\",\"position\":3,\"name\":\"Architecture &amp; Conception\",\"item\":\"https:\\\/\\\/batijournal.com\\\/index.php\\\/category\\\/actualites\\\/architecture-conception\\\/\"},{\"@type\":\"ListItem\",\"position\":4,\"name\":\"Mod\u00e9lisation et observation territoriale\"}]},{\"@type\":\"WebSite\",\"@id\":\"https:\\\/\\\/batijournal.com\\\/#website\",\"url\":\"https:\\\/\\\/batijournal.com\\\/\",\"name\":\"Batijournal\",\"description\":\"L&#039;actualit\u00e9 du b\u00e2timent\",\"potentialAction\":[{\"@type\":\"SearchAction\",\"target\":{\"@type\":\"EntryPoint\",\"urlTemplate\":\"https:\\\/\\\/batijournal.com\\\/?s={search_term_string}\"},\"query-input\":{\"@type\":\"PropertyValueSpecification\",\"valueRequired\":true,\"valueName\":\"search_term_string\"}}],\"inLanguage\":\"fr-FR\"},{\"@type\":\"Person\",\"@id\":\"https:\\\/\\\/batijournal.com\\\/#\\\/schema\\\/person\\\/1dc96ec6957aa1ccb25ebe78bb19f100\",\"name\":\"St\u00e9phane Miget\",\"image\":{\"@type\":\"ImageObject\",\"inLanguage\":\"fr-FR\",\"@id\":\"https:\\\/\\\/secure.gravatar.com\\\/avatar\\\/89915563d925342126b8ef0281b93d9d7fc337043e8df017f780908eb9644451?s=96&d=mm&r=g\",\"url\":\"https:\\\/\\\/secure.gravatar.com\\\/avatar\\\/89915563d925342126b8ef0281b93d9d7fc337043e8df017f780908eb9644451?s=96&d=mm&r=g\",\"contentUrl\":\"https:\\\/\\\/secure.gravatar.com\\\/avatar\\\/89915563d925342126b8ef0281b93d9d7fc337043e8df017f780908eb9644451?s=96&d=mm&r=g\",\"caption\":\"St\u00e9phane Miget\"},\"url\":\"https:\\\/\\\/batijournal.com\\\/index.php\\\/author\\\/stephane\\\/\"}]}<\/script>\n<!-- \/ Yoast SEO plugin. -->","yoast_head_json":{"title":"Mod\u00e9lisation et observation territoriale","robots":{"index":"index","follow":"follow","max-snippet":"max-snippet:-1","max-image-preview":"max-image-preview:large","max-video-preview":"max-video-preview:-1"},"canonical":"https:\/\/batijournal.com\/index.php\/modelisation-observation-territoriale\/94113\/","og_locale":"fr_FR","og_type":"article","og_title":"Mod\u00e9lisation et observation territoriale","og_description":"Les collectivit\u00e9s d\u00e9veloppent aujourd\u2019hui des d\u00e9marches de planification urbaine et environnementale avec une approche transversale incluant les enjeux environnementaux, sociaux et \u00e9conomiques \u00e0 l\u2019\u00e9chelle territoriale. Pour accompagner cette approche, il existe de nombreux outils num\u00e9riques d\u2019observation et de mod\u00e9lisation territoriale qui permettent d\u2019identifier les enjeux et d\u2019aider \u00e0 la prise de d\u00e9cision. Ces outils s\u2019appuient [&hellip;]","og_url":"https:\/\/batijournal.com\/index.php\/modelisation-observation-territoriale\/94113\/","og_site_name":"Batijournal","article_published_time":"2016-11-07T06:37:58+00:00","article_modified_time":"2019-07-15T10:11:02+00:00","og_image":[{"width":942,"height":706,"url":"https:\/\/batijournal.com\/wp-content\/uploads\/2016\/11\/etude-ademe-modelisation-territoriale.png","type":"image\/png"}],"author":"St\u00e9phane Miget","twitter_card":"summary_large_image","twitter_creator":"@bati_journal","twitter_site":"@bati_journal","twitter_misc":{"\u00c9crit par":"St\u00e9phane Miget","Dur\u00e9e de lecture estim\u00e9e":"1 minute"},"schema":{"@context":"https:\/\/schema.org","@graph":[{"@type":"Article","@id":"https:\/\/batijournal.com\/index.php\/modelisation-observation-territoriale\/94113\/#article","isPartOf":{"@id":"https:\/\/batijournal.com\/index.php\/modelisation-observation-territoriale\/94113\/"},"author":{"name":"St\u00e9phane Miget","@id":"https:\/\/batijournal.com\/#\/schema\/person\/1dc96ec6957aa1ccb25ebe78bb19f100"},"headline":"Mod\u00e9lisation et observation territoriale","datePublished":"2016-11-07T06:37:58+00:00","dateModified":"2019-07-15T10:11:02+00:00","mainEntityOfPage":{"@id":"https:\/\/batijournal.com\/index.php\/modelisation-observation-territoriale\/94113\/"},"wordCount":213,"image":{"@id":"https:\/\/batijournal.com\/index.php\/modelisation-observation-territoriale\/94113\/#primaryimage"},"thumbnailUrl":"https:\/\/batijournal.com\/wp-content\/uploads\/2016\/11\/etude-ademe-modelisation-territoriale.png","articleSection":["Architecture &amp; Conception"],"inLanguage":"fr-FR"},{"@type":"WebPage","@id":"https:\/\/batijournal.com\/index.php\/modelisation-observation-territoriale\/94113\/","url":"https:\/\/batijournal.com\/index.php\/modelisation-observation-territoriale\/94113\/","name":"Mod\u00e9lisation et observation territoriale","isPartOf":{"@id":"https:\/\/batijournal.com\/#website"},"primaryImageOfPage":{"@id":"https:\/\/batijournal.com\/index.php\/modelisation-observation-territoriale\/94113\/#primaryimage"},"image":{"@id":"https:\/\/batijournal.com\/index.php\/modelisation-observation-territoriale\/94113\/#primaryimage"},"thumbnailUrl":"https:\/\/batijournal.com\/wp-content\/uploads\/2016\/11\/etude-ademe-modelisation-territoriale.png","datePublished":"2016-11-07T06:37:58+00:00","dateModified":"2019-07-15T10:11:02+00:00","author":{"@id":"https:\/\/batijournal.com\/#\/schema\/person\/1dc96ec6957aa1ccb25ebe78bb19f100"},"breadcrumb":{"@id":"https:\/\/batijournal.com\/index.php\/modelisation-observation-territoriale\/94113\/#breadcrumb"},"inLanguage":"fr-FR","potentialAction":[{"@type":"ReadAction","target":["https:\/\/batijournal.com\/index.php\/modelisation-observation-territoriale\/94113\/"]}]},{"@type":"ImageObject","inLanguage":"fr-FR","@id":"https:\/\/batijournal.com\/index.php\/modelisation-observation-territoriale\/94113\/#primaryimage","url":"https:\/\/batijournal.com\/wp-content\/uploads\/2016\/11\/etude-ademe-modelisation-territoriale.png","contentUrl":"https:\/\/batijournal.com\/wp-content\/uploads\/2016\/11\/etude-ademe-modelisation-territoriale.png","width":942,"height":706},{"@type":"BreadcrumbList","@id":"https:\/\/batijournal.com\/index.php\/modelisation-observation-territoriale\/94113\/#breadcrumb","itemListElement":[{"@type":"ListItem","position":1,"name":"Accueil","item":"https:\/\/batijournal.com\/"},{"@type":"ListItem","position":2,"name":"Actualit\u00e9s","item":"https:\/\/batijournal.com\/index.php\/category\/actualites\/"},{"@type":"ListItem","position":3,"name":"Architecture &amp; Conception","item":"https:\/\/batijournal.com\/index.php\/category\/actualites\/architecture-conception\/"},{"@type":"ListItem","position":4,"name":"Mod\u00e9lisation et observation territoriale"}]},{"@type":"WebSite","@id":"https:\/\/batijournal.com\/#website","url":"https:\/\/batijournal.com\/","name":"Batijournal","description":"L&#039;actualit\u00e9 du b\u00e2timent","potentialAction":[{"@type":"SearchAction","target":{"@type":"EntryPoint","urlTemplate":"https:\/\/batijournal.com\/?s={search_term_string}"},"query-input":{"@type":"PropertyValueSpecification","valueRequired":true,"valueName":"search_term_string"}}],"inLanguage":"fr-FR"},{"@type":"Person","@id":"https:\/\/batijournal.com\/#\/schema\/person\/1dc96ec6957aa1ccb25ebe78bb19f100","name":"St\u00e9phane Miget","image":{"@type":"ImageObject","inLanguage":"fr-FR","@id":"https:\/\/secure.gravatar.com\/avatar\/89915563d925342126b8ef0281b93d9d7fc337043e8df017f780908eb9644451?s=96&d=mm&r=g","url":"https:\/\/secure.gravatar.com\/avatar\/89915563d925342126b8ef0281b93d9d7fc337043e8df017f780908eb9644451?s=96&d=mm&r=g","contentUrl":"https:\/\/secure.gravatar.com\/avatar\/89915563d925342126b8ef0281b93d9d7fc337043e8df017f780908eb9644451?s=96&d=mm&r=g","caption":"St\u00e9phane Miget"},"url":"https:\/\/batijournal.com\/index.php\/author\/stephane\/"}]}},"_links":{"self":[{"href":"https:\/\/batijournal.com\/index.php\/wp-json\/wp\/v2\/posts\/94113","targetHints":{"allow":["GET"]}}],"collection":[{"href":"https:\/\/batijournal.com\/index.php\/wp-json\/wp\/v2\/posts"}],"about":[{"href":"https:\/\/batijournal.com\/index.php\/wp-json\/wp\/v2\/types\/post"}],"author":[{"embeddable":true,"href":"https:\/\/batijournal.com\/index.php\/wp-json\/wp\/v2\/users\/17"}],"replies":[{"embeddable":true,"href":"https:\/\/batijournal.com\/index.php\/wp-json\/wp\/v2\/comments?post=94113"}],"version-history":[{"count":0,"href":"https:\/\/batijournal.com\/index.php\/wp-json\/wp\/v2\/posts\/94113\/revisions"}],"wp:featuredmedia":[{"embeddable":true,"href":"https:\/\/batijournal.com\/index.php\/wp-json\/wp\/v2\/media\/94114"}],"wp:attachment":[{"href":"https:\/\/batijournal.com\/index.php\/wp-json\/wp\/v2\/media?parent=94113"}],"wp:term":[{"taxonomy":"category","embeddable":true,"href":"https:\/\/batijournal.com\/index.php\/wp-json\/wp\/v2\/categories?post=94113"},{"taxonomy":"post_tag","embeddable":true,"href":"https:\/\/batijournal.com\/index.php\/wp-json\/wp\/v2\/tags?post=94113"}],"curies":[{"name":"wp","href":"https:\/\/api.w.org\/{rel}","templated":true}]}}