{"id":94144,"date":"2016-11-08T16:19:46","date_gmt":"2016-11-08T15:19:46","guid":{"rendered":"http:\/\/batijournal.com\/?p=94144"},"modified":"2019-07-15T12:08:47","modified_gmt":"2019-07-15T10:08:47","slug":"patrick-liebus-devant-parlement-europeen-directive-travail-detache-retour-a-concurrence-saine","status":"publish","type":"post","link":"https:\/\/batijournal.com\/index.php\/patrick-liebus-devant-parlement-europeen-directive-travail-detache-retour-a-concurrence-saine\/94144\/","title":{"rendered":"Patrick Li\u00e9bus devant le Parlement Europ\u00e9en : \u00ab une directive sur le travail d\u00e9tach\u00e9 pour le retour \u00e0 une concurrence saine \u00bb"},"content":{"rendered":"<p>[et_pb_section admin_label=\u00a0\u00bbsection\u00a0\u00bb][et_pb_row admin_label=\u00a0\u00bbrow\u00a0\u00bb][et_pb_column type=\u00a0\u00bb2_3&Prime;][et_pb_text admin_label=\u00a0\u00bbTexte\u00a0\u00bb background_layout=\u00a0\u00bblight\u00a0\u00bb text_orientation=\u00a0\u00bbleft\u00a0\u00bb text_font_size=\u00a0\u00bb16&Prime; use_border_color=\u00a0\u00bboff\u00a0\u00bb border_color=\u00a0\u00bb#ffffff\u00a0\u00bb border_style=\u00a0\u00bbsolid\u00a0\u00bb]<\/p>\n<p><strong>Patrick Li\u00e9bus, Pr\u00e9sident de la Capeb et de European Builders Confederation (EBC), s\u2019est exprim\u00e9 le mardi 8 novembre 2016 devant le Parlement Europ\u00e9en afin de porter les revendications des artisans du B\u00e2timent \u00e0 l\u2019aune de la r\u00e9vision de la directive sur le travail d\u00e9tach\u00e9. Il a appel\u00e9 les parlementaires \u00e0 agir pour permettre l\u2019\u00e9mergence d\u2019une concurrence saine, bas\u00e9e sur l\u2019innovation et la sp\u00e9cialisation.<\/strong><\/p>\n<p><strong>R\u00e9adapter la directive sur le travail d\u00e9tach\u00e9 \u00e0 la r\u00e9alit\u00e9 contrast\u00e9e du march\u00e9<\/strong><br \/>\nLe march\u00e9 du travail de l\u2019UE a beaucoup \u00e9volu\u00e9 ces derni\u00e8res ann\u00e9es, avec l\u2019int\u00e9gration de 13 nouveaux \u00c9tats membres aux conditions \u00e9conomiques et de l\u2019emploi qui diff\u00e8rent fortement de celles en place dans d\u2019autres pays de l\u2019Union Europ\u00e9enne.<br \/>\nLes chiffres sont sans appel : si l\u2019on d\u00e9nombre pr\u00e8s de 2 millions de travailleurs d\u00e9tach\u00e9s en Europe, ils sont 44% \u00e0 travailler dans la construction soit 5% de la population active du secteur. Le besoin en main d\u2019\u0153uvre \u00e9tant particuli\u00e8rement important dans le B\u00e2timent, le co\u00fbt de cette main d\u2019\u0153uvre a un impact critique sur la comp\u00e9titivit\u00e9 des entreprises de l\u2019artisanat du B\u00e2timent.<\/p>\n<p><strong>Les m\u00eames r\u00e8gles pour tous pour une concurrence plus saine<\/strong><br \/>\nAu vu de cette situation, il appara\u00eet comme fondamental que travailleurs d\u00e9tach\u00e9s et locaux soient soumis aux m\u00eames r\u00e8gles, afin d\u2019\u00e9voluer vers une concurrence fond\u00e9e sur l\u2019innovation et la sp\u00e9cialisation, pas sur les \u00e9carts salariaux. Le d\u00e9tachement doit \u00eatre source d\u2019emplois qualifi\u00e9s pour r\u00e9pondre au besoin de main d\u2019\u0153uvre, et non un vecteur de fragilisation.<\/p>\n<p><strong>3 propositions pour une r\u00e9vision efficace de la directive :<\/strong><\/p>\n<ul>\n<li><strong>Dur\u00e9e du d\u00e9tachement :<\/strong><br \/>\n&#8211; Fixer une dur\u00e9e maximale de d\u00e9tachement r\u00e9aliste, d\u00e9finie conjointement avec les partenaires sociaux sectoriels et les autorit\u00e9s publiques ;<br \/>\n&#8211; Prendre en compte les d\u00e9tachements d\u00e8s qu\u2019ils sont effectifs dans le calcul des dur\u00e9es cumul\u00e9es en cas de remplacement des salari\u00e9s &#8211; pour information, la dur\u00e9e moyenne d\u00e9passe rarement les 4 mois.<\/li>\n<li><strong>Agences int\u00e9rimaires :<\/strong><br \/>\nsupprimer le d\u00e9tachement par la voie de soci\u00e9t\u00e9s d\u2019int\u00e9rim, dont le recours abusif permet de contourner la loi du travail int\u00e9rimaire. Il faut prendre en compte les conclusions du rapport Savary, indiquant une augmentation de plus de 3000% du d\u00e9tachement en France ces 5 derni\u00e8res ann\u00e9es.<\/li>\n<li><strong>Niveaux de r\u00e9mun\u00e9ration :<\/strong><br \/>\nint\u00e9grer les accords fix\u00e9s \u00e0 l\u2019\u00e9chelon r\u00e9gional ou local, \u00e9tant donn\u00e9 que les bar\u00e8mes salariaux ne sont pas toujours fix\u00e9s au niveau national, pour pr\u00e9server les travailleurs.<\/li>\n<\/ul>\n<p><strong>Patrick Li\u00e9bus, Pr\u00e9sident de la CAPEB et d\u2019EBC, conclut : <em>\u00ab \u00c0 travers ces propositions, nous tenons \u00e0 souligner la n\u00e9cessit\u00e9 d\u2019agir pour mettre fin \u00e0 cette situation qui ne permet pas le d\u00e9veloppement d\u2019une comp\u00e9titivit\u00e9 saine, ni l\u2019innovation et la mont\u00e9e en comp\u00e9tence du secteur. Nous sommes r\u00e9solument engag\u00e9s en faveur de la protection des travailleurs, de la lutte contre le dumping social et toute forme de concurrence loyale. \u00bb<\/em><\/strong><\/p>\n<p>&nbsp;<\/p>\n<p>[\/et_pb_text][\/et_pb_column][et_pb_column type=\u00a0\u00bb1_3&Prime;][et_pb_text admin_label=\u00a0\u00bbTexte\u00a0\u00bb background_layout=\u00a0\u00bblight\u00a0\u00bb text_orientation=\u00a0\u00bbleft\u00a0\u00bb background_color=\u00a0\u00bb#f4f0de\u00a0\u00bb use_border_color=\u00a0\u00bboff\u00a0\u00bb border_color=\u00a0\u00bb#ffffff\u00a0\u00bb border_style=\u00a0\u00bbsolid\u00a0\u00bb custom_padding=\u00a0\u00bb20px|20px|20px|20px\u00a0\u00bb]<\/p>\n<p><strong>Les chiffres en France du travail d\u00e9tach\u00e9<\/strong><br \/>\nD\u2019apr\u00e8s la derni\u00e8re \u00e9tude \u00ab Analyse des d\u00e9clarations de d\u00e9tachement des entreprises prestataires de service en France en 2013 \u00bb publi\u00e9e par la Direction G\u00e9n\u00e9rale du travail, les travailleurs d\u00e9tach\u00e9s dans le BTP sont au nombre de 91 436 et r\u00e9alisent 3,5 millions jours de travail. \u00c0 c\u00f4t\u00e9 de cette seule source officielle disponible, on estime qu\u2019en France le nombre de travailleurs d\u00e9tach\u00e9s d\u00e9clar\u00e9s en 10 ans a \u00e9t\u00e9 multipli\u00e9 par dix, passant de 26 466 en 2004 \u00e0 228 600 en 2014. Selon le Minist\u00e8re du Travail, indique le d\u00e9put\u00e9 Gilles Savary dans son rapport sur la proposition de r\u00e9solution sur le d\u00e9tachement de travailleurs, ce chiffre s\u2019\u00e9tablit \u00e0 286 025 en 2015, soit une hausse de 25% par rapport \u00e0 l\u2019ann\u00e9e pr\u00e9c\u00e9dente.<\/p>\n<p><strong>Rappel du contexte l\u00e9gislatif au Parlement Europ\u00e9en<\/strong><br \/>\nExamen en Commission \u00ab Emplois et Affaires Sociales \u00bb de la directive \u00ab Proposition de modification de la directive 96\/71\/CE du 16 d\u00e9cembre 1996 concernant le d\u00e9tachement de travailleurs effectu\u00e9 dans le cadre d\u2019une prestation de services \u00bb, dont la co-rapporteur est la d\u00e9put\u00e9e Elisabeth Morin-Chartier. Les auditions du 8 novembre qui interviendront entre 15h00 \u00e0 17h00 sont publiques et disponibles sur le webstreaming du Parlement.<\/p>\n<p><strong>Suite de la proc\u00e9dure :<\/strong><br \/>\nLa D\u00e9put\u00e9 europ\u00e9enne Elisabeth Morin-Chartier remettra le rapport qui lui a \u00e9t\u00e9 command\u00e9 par la commission Emplois et Affaires Sociales du Parlement Europ\u00e9en d\u2019ici l\u2019\u00e9t\u00e9 2017. Ensuite la Commission proc\u00e9dera au vote.<\/p>\n<p>[\/et_pb_text][\/et_pb_column][\/et_pb_row][\/et_pb_section]<\/p>\n","protected":false},"excerpt":{"rendered":"<p>Patrick Li\u00e9bus, Pr\u00e9sident de la Capeb et de European Builders Confederation (EBC), s\u2019est exprim\u00e9 le mardi 8 novembre 2016 devant le Parlement Europ\u00e9en afin de porter les revendications des artisans du B\u00e2timent \u00e0 l\u2019aune de la r\u00e9vision de la directive sur le travail d\u00e9tach\u00e9.<\/p>\n","protected":false},"author":17,"featured_media":94145,"comment_status":"closed","ping_status":"closed","sticky":false,"template":"","format":"standard","meta":{"_et_pb_use_builder":"on","_et_pb_old_content":"<p><strong>Patrick Li\u00e9bus, Pr\u00e9sident de la Capeb et de European Builders Confederation (EBC), s\u2019est exprim\u00e9 le mardi 8 novembre 2016 devant le Parlement Europ\u00e9en afin de porter les revendications des artisans du B\u00e2timent \u00e0 l\u2019aune de la r\u00e9vision de la directive sur le travail d\u00e9tach\u00e9. Il a appel\u00e9 les parlementaires \u00e0 agir pour permettre l\u2019\u00e9mergence d\u2019une concurrence saine, bas\u00e9e sur l\u2019innovation et la sp\u00e9cialisation.<\/strong><br \/> <br \/><strong>R\u00e9adapter la directive sur le travail d\u00e9tach\u00e9 \u00e0 la r\u00e9alit\u00e9 contrast\u00e9e du march\u00e9<\/strong><br \/>Le march\u00e9 du travail de l\u2019UE a beaucoup \u00e9volu\u00e9 ces derni\u00e8res ann\u00e9es, avec l\u2019int\u00e9gration de 13 nouveaux \u00c9tats membres aux conditions \u00e9conomiques et de l\u2019emploi qui diff\u00e8rent fortement de celles en place dans d\u2019autres pays de l\u2019Union Europ\u00e9enne.<br \/>Les chiffres sont sans appel : si l\u2019on d\u00e9nombre pr\u00e8s de 2 millions de travailleurs d\u00e9tach\u00e9s en Europe, ils sont 44% \u00e0 travailler dans la construction soit 5% de la population active du secteur. Le besoin en main d\u2019\u0153uvre \u00e9tant particuli\u00e8rement important dans le B\u00e2timent, le co\u00fbt de cette main d\u2019\u0153uvre a un impact critique sur la comp\u00e9titivit\u00e9 des entreprises de l\u2019artisanat du B\u00e2timent.<br \/> <br \/><strong>Les m\u00eames r\u00e8gles pour tous pour une concurrence plus saine<\/strong><br \/>Au vu de cette situation, il appara\u00eet comme fondamental que travailleurs d\u00e9tach\u00e9s et locaux soient soumis aux m\u00eames r\u00e8gles, afin d\u2019\u00e9voluer vers une concurrence fond\u00e9e sur l\u2019innovation et la sp\u00e9cialisation, pas sur les \u00e9carts salariaux. Le d\u00e9tachement doit \u00eatre source d\u2019emplois qualifi\u00e9s pour r\u00e9pondre au besoin de main d\u2019\u0153uvre, et non un vecteur de fragilisation.<\/p><p><strong>3 propositions pour une r\u00e9vision efficace de la directive :<\/strong><\/p><ul><li><strong>Dur\u00e9e du d\u00e9tachement :<\/strong><br \/>- Fixer une dur\u00e9e maximale de d\u00e9tachement r\u00e9aliste, d\u00e9finie conjointement avec les partenaires sociaux sectoriels et les autorit\u00e9s publiques ;<br \/>- Prendre en compte les d\u00e9tachements d\u00e8s qu\u2019ils sont effectifs dans le calcul des dur\u00e9es cumul\u00e9es en cas de remplacement des salari\u00e9s - pour information, la dur\u00e9e moyenne d\u00e9passe rarement les 4 mois.<\/li><li><strong>Agences int\u00e9rimaires :<\/strong><br \/>supprimer le d\u00e9tachement par la voie de soci\u00e9t\u00e9s d\u2019int\u00e9rim, dont le recours abusif permet de contourner la loi du travail int\u00e9rimaire. Il faut prendre en compte les conclusions du rapport Savary, indiquant une augmentation de plus de 3000% du d\u00e9tachement en France ces 5 derni\u00e8res ann\u00e9es.<\/li><li><strong>Niveaux de r\u00e9mun\u00e9ration :<\/strong><br \/>int\u00e9grer les accords fix\u00e9s \u00e0 l\u2019\u00e9chelon r\u00e9gional ou local, \u00e9tant donn\u00e9 que les bar\u00e8mes salariaux ne sont pas toujours fix\u00e9s au niveau national, pour pr\u00e9server les travailleurs.<\/li><\/ul><p><strong>Patrick Li\u00e9bus, Pr\u00e9sident de la CAPEB et d\u2019EBC, conclut : <em>\u00ab \u00c0 travers ces propositions, nous tenons \u00e0 souligner la n\u00e9cessit\u00e9 d\u2019agir pour mettre fin \u00e0 cette situation qui ne permet pas le d\u00e9veloppement d\u2019une comp\u00e9titivit\u00e9 saine, ni l\u2019innovation et la mont\u00e9e en comp\u00e9tence du secteur. Nous sommes r\u00e9solument engag\u00e9s en faveur de la protection des travailleurs, de la lutte contre le dumping social et toute forme de concurrence loyale. \u00bb<\/em><\/strong><\/p><p><br \/><br \/><\/p>","_et_gb_content_width":"","footnotes":""},"categories":[10736,6345],"tags":[647,10806,6029],"class_list":["post-94144","post","type-post","status-publish","format-standard","has-post-thumbnail","hentry","category-a-la-une","category-economie-marches","tag-capeb","tag-detachement","tag-travailleurs-detaches"],"yoast_head":"<!-- This site is optimized with the Yoast SEO plugin v27.4 - https:\/\/yoast.com\/product\/yoast-seo-wordpress\/ -->\n<title>Patrick Li\u00e9bus devant le Parlement Europ\u00e9en : \u00ab une directive sur le travail d\u00e9tach\u00e9 pour le retour \u00e0 une concurrence saine \u00bb<\/title>\n<meta name=\"robots\" content=\"index, follow, max-snippet:-1, max-image-preview:large, max-video-preview:-1\" \/>\n<link rel=\"canonical\" href=\"https:\/\/batijournal.com\/index.php\/patrick-liebus-devant-parlement-europeen-directive-travail-detache-retour-a-concurrence-saine\/94144\/\" \/>\n<meta property=\"og:locale\" content=\"fr_FR\" \/>\n<meta property=\"og:type\" content=\"article\" \/>\n<meta property=\"og:title\" content=\"Patrick Li\u00e9bus devant le Parlement Europ\u00e9en : \u00ab une directive sur le travail d\u00e9tach\u00e9 pour le retour \u00e0 une concurrence saine \u00bb\" \/>\n<meta property=\"og:description\" content=\"Patrick Li\u00e9bus, Pr\u00e9sident de la Capeb et de European Builders Confederation (EBC), s\u2019est exprim\u00e9 le mardi 8 novembre 2016 devant le Parlement Europ\u00e9en afin de porter les revendications des artisans du B\u00e2timent \u00e0 l\u2019aune de la r\u00e9vision de la directive sur le travail d\u00e9tach\u00e9.\" \/>\n<meta property=\"og:url\" content=\"https:\/\/batijournal.com\/index.php\/patrick-liebus-devant-parlement-europeen-directive-travail-detache-retour-a-concurrence-saine\/94144\/\" \/>\n<meta property=\"og:site_name\" content=\"Batijournal\" \/>\n<meta property=\"article:published_time\" content=\"2016-11-08T15:19:46+00:00\" \/>\n<meta property=\"article:modified_time\" content=\"2019-07-15T10:08:47+00:00\" \/>\n<meta property=\"og:image\" content=\"https:\/\/batijournal.com\/wp-content\/uploads\/2016\/11\/parlement-europeen.jpg\" \/>\n\t<meta property=\"og:image:width\" content=\"1200\" \/>\n\t<meta property=\"og:image:height\" content=\"900\" \/>\n\t<meta property=\"og:image:type\" content=\"image\/jpeg\" \/>\n<meta name=\"author\" content=\"St\u00e9phane Miget\" \/>\n<meta name=\"twitter:card\" content=\"summary_large_image\" \/>\n<meta name=\"twitter:creator\" content=\"@bati_journal\" \/>\n<meta name=\"twitter:site\" content=\"@bati_journal\" \/>\n<meta name=\"twitter:label1\" content=\"\u00c9crit par\" \/>\n\t<meta name=\"twitter:data1\" content=\"St\u00e9phane Miget\" \/>\n\t<meta name=\"twitter:label2\" content=\"Dur\u00e9e de lecture estim\u00e9e\" \/>\n\t<meta name=\"twitter:data2\" content=\"4 minutes\" \/>\n<script type=\"application\/ld+json\" class=\"yoast-schema-graph\">{\"@context\":\"https:\\\/\\\/schema.org\",\"@graph\":[{\"@type\":\"Article\",\"@id\":\"https:\\\/\\\/batijournal.com\\\/index.php\\\/patrick-liebus-devant-parlement-europeen-directive-travail-detache-retour-a-concurrence-saine\\\/94144\\\/#article\",\"isPartOf\":{\"@id\":\"https:\\\/\\\/batijournal.com\\\/index.php\\\/patrick-liebus-devant-parlement-europeen-directive-travail-detache-retour-a-concurrence-saine\\\/94144\\\/\"},\"author\":{\"name\":\"St\u00e9phane Miget\",\"@id\":\"https:\\\/\\\/batijournal.com\\\/#\\\/schema\\\/person\\\/1dc96ec6957aa1ccb25ebe78bb19f100\"},\"headline\":\"Patrick Li\u00e9bus devant le Parlement Europ\u00e9en : \u00ab une directive sur le travail d\u00e9tach\u00e9 pour le retour \u00e0 une concurrence saine \u00bb\",\"datePublished\":\"2016-11-08T15:19:46+00:00\",\"dateModified\":\"2019-07-15T10:08:47+00:00\",\"mainEntityOfPage\":{\"@id\":\"https:\\\/\\\/batijournal.com\\\/index.php\\\/patrick-liebus-devant-parlement-europeen-directive-travail-detache-retour-a-concurrence-saine\\\/94144\\\/\"},\"wordCount\":907,\"image\":{\"@id\":\"https:\\\/\\\/batijournal.com\\\/index.php\\\/patrick-liebus-devant-parlement-europeen-directive-travail-detache-retour-a-concurrence-saine\\\/94144\\\/#primaryimage\"},\"thumbnailUrl\":\"https:\\\/\\\/batijournal.com\\\/wp-content\\\/uploads\\\/2016\\\/11\\\/parlement-europeen.jpg\",\"keywords\":[\"CAPEB\",\"d\u00e9tachement\",\"travailleurs d\u00e9tach\u00e9s\"],\"articleSection\":[\"A la Une\",\"\u00c9conomie &amp; March\u00e9s\"],\"inLanguage\":\"fr-FR\"},{\"@type\":\"WebPage\",\"@id\":\"https:\\\/\\\/batijournal.com\\\/index.php\\\/patrick-liebus-devant-parlement-europeen-directive-travail-detache-retour-a-concurrence-saine\\\/94144\\\/\",\"url\":\"https:\\\/\\\/batijournal.com\\\/index.php\\\/patrick-liebus-devant-parlement-europeen-directive-travail-detache-retour-a-concurrence-saine\\\/94144\\\/\",\"name\":\"Patrick Li\u00e9bus devant le Parlement Europ\u00e9en : \u00ab une directive sur le travail d\u00e9tach\u00e9 pour le retour \u00e0 une concurrence saine \u00bb\",\"isPartOf\":{\"@id\":\"https:\\\/\\\/batijournal.com\\\/#website\"},\"primaryImageOfPage\":{\"@id\":\"https:\\\/\\\/batijournal.com\\\/index.php\\\/patrick-liebus-devant-parlement-europeen-directive-travail-detache-retour-a-concurrence-saine\\\/94144\\\/#primaryimage\"},\"image\":{\"@id\":\"https:\\\/\\\/batijournal.com\\\/index.php\\\/patrick-liebus-devant-parlement-europeen-directive-travail-detache-retour-a-concurrence-saine\\\/94144\\\/#primaryimage\"},\"thumbnailUrl\":\"https:\\\/\\\/batijournal.com\\\/wp-content\\\/uploads\\\/2016\\\/11\\\/parlement-europeen.jpg\",\"datePublished\":\"2016-11-08T15:19:46+00:00\",\"dateModified\":\"2019-07-15T10:08:47+00:00\",\"author\":{\"@id\":\"https:\\\/\\\/batijournal.com\\\/#\\\/schema\\\/person\\\/1dc96ec6957aa1ccb25ebe78bb19f100\"},\"breadcrumb\":{\"@id\":\"https:\\\/\\\/batijournal.com\\\/index.php\\\/patrick-liebus-devant-parlement-europeen-directive-travail-detache-retour-a-concurrence-saine\\\/94144\\\/#breadcrumb\"},\"inLanguage\":\"fr-FR\",\"potentialAction\":[{\"@type\":\"ReadAction\",\"target\":[\"https:\\\/\\\/batijournal.com\\\/index.php\\\/patrick-liebus-devant-parlement-europeen-directive-travail-detache-retour-a-concurrence-saine\\\/94144\\\/\"]}]},{\"@type\":\"ImageObject\",\"inLanguage\":\"fr-FR\",\"@id\":\"https:\\\/\\\/batijournal.com\\\/index.php\\\/patrick-liebus-devant-parlement-europeen-directive-travail-detache-retour-a-concurrence-saine\\\/94144\\\/#primaryimage\",\"url\":\"https:\\\/\\\/batijournal.com\\\/wp-content\\\/uploads\\\/2016\\\/11\\\/parlement-europeen.jpg\",\"contentUrl\":\"https:\\\/\\\/batijournal.com\\\/wp-content\\\/uploads\\\/2016\\\/11\\\/parlement-europeen.jpg\",\"width\":1200,\"height\":900},{\"@type\":\"BreadcrumbList\",\"@id\":\"https:\\\/\\\/batijournal.com\\\/index.php\\\/patrick-liebus-devant-parlement-europeen-directive-travail-detache-retour-a-concurrence-saine\\\/94144\\\/#breadcrumb\",\"itemListElement\":[{\"@type\":\"ListItem\",\"position\":1,\"name\":\"Accueil\",\"item\":\"https:\\\/\\\/batijournal.com\\\/\"},{\"@type\":\"ListItem\",\"position\":2,\"name\":\"A la Une\",\"item\":\"https:\\\/\\\/batijournal.com\\\/index.php\\\/category\\\/a-la-une\\\/\"},{\"@type\":\"ListItem\",\"position\":3,\"name\":\"Patrick Li\u00e9bus devant le Parlement Europ\u00e9en : \u00ab une directive sur le travail d\u00e9tach\u00e9 pour le retour \u00e0 une concurrence saine \u00bb\"}]},{\"@type\":\"WebSite\",\"@id\":\"https:\\\/\\\/batijournal.com\\\/#website\",\"url\":\"https:\\\/\\\/batijournal.com\\\/\",\"name\":\"Batijournal\",\"description\":\"L&#039;actualit\u00e9 du b\u00e2timent\",\"potentialAction\":[{\"@type\":\"SearchAction\",\"target\":{\"@type\":\"EntryPoint\",\"urlTemplate\":\"https:\\\/\\\/batijournal.com\\\/?s={search_term_string}\"},\"query-input\":{\"@type\":\"PropertyValueSpecification\",\"valueRequired\":true,\"valueName\":\"search_term_string\"}}],\"inLanguage\":\"fr-FR\"},{\"@type\":\"Person\",\"@id\":\"https:\\\/\\\/batijournal.com\\\/#\\\/schema\\\/person\\\/1dc96ec6957aa1ccb25ebe78bb19f100\",\"name\":\"St\u00e9phane Miget\",\"image\":{\"@type\":\"ImageObject\",\"inLanguage\":\"fr-FR\",\"@id\":\"https:\\\/\\\/secure.gravatar.com\\\/avatar\\\/89915563d925342126b8ef0281b93d9d7fc337043e8df017f780908eb9644451?s=96&d=mm&r=g\",\"url\":\"https:\\\/\\\/secure.gravatar.com\\\/avatar\\\/89915563d925342126b8ef0281b93d9d7fc337043e8df017f780908eb9644451?s=96&d=mm&r=g\",\"contentUrl\":\"https:\\\/\\\/secure.gravatar.com\\\/avatar\\\/89915563d925342126b8ef0281b93d9d7fc337043e8df017f780908eb9644451?s=96&d=mm&r=g\",\"caption\":\"St\u00e9phane Miget\"},\"url\":\"https:\\\/\\\/batijournal.com\\\/index.php\\\/author\\\/stephane\\\/\"}]}<\/script>\n<!-- \/ Yoast SEO plugin. -->","yoast_head_json":{"title":"Patrick Li\u00e9bus devant le Parlement Europ\u00e9en : \u00ab une directive sur le travail d\u00e9tach\u00e9 pour le retour \u00e0 une concurrence saine \u00bb","robots":{"index":"index","follow":"follow","max-snippet":"max-snippet:-1","max-image-preview":"max-image-preview:large","max-video-preview":"max-video-preview:-1"},"canonical":"https:\/\/batijournal.com\/index.php\/patrick-liebus-devant-parlement-europeen-directive-travail-detache-retour-a-concurrence-saine\/94144\/","og_locale":"fr_FR","og_type":"article","og_title":"Patrick Li\u00e9bus devant le Parlement Europ\u00e9en : \u00ab une directive sur le travail d\u00e9tach\u00e9 pour le retour \u00e0 une concurrence saine \u00bb","og_description":"Patrick Li\u00e9bus, Pr\u00e9sident de la Capeb et de European Builders Confederation (EBC), s\u2019est exprim\u00e9 le mardi 8 novembre 2016 devant le Parlement Europ\u00e9en afin de porter les revendications des artisans du B\u00e2timent \u00e0 l\u2019aune de la r\u00e9vision de la directive sur le travail d\u00e9tach\u00e9.","og_url":"https:\/\/batijournal.com\/index.php\/patrick-liebus-devant-parlement-europeen-directive-travail-detache-retour-a-concurrence-saine\/94144\/","og_site_name":"Batijournal","article_published_time":"2016-11-08T15:19:46+00:00","article_modified_time":"2019-07-15T10:08:47+00:00","og_image":[{"width":1200,"height":900,"url":"https:\/\/batijournal.com\/wp-content\/uploads\/2016\/11\/parlement-europeen.jpg","type":"image\/jpeg"}],"author":"St\u00e9phane Miget","twitter_card":"summary_large_image","twitter_creator":"@bati_journal","twitter_site":"@bati_journal","twitter_misc":{"\u00c9crit par":"St\u00e9phane Miget","Dur\u00e9e de lecture estim\u00e9e":"4 minutes"},"schema":{"@context":"https:\/\/schema.org","@graph":[{"@type":"Article","@id":"https:\/\/batijournal.com\/index.php\/patrick-liebus-devant-parlement-europeen-directive-travail-detache-retour-a-concurrence-saine\/94144\/#article","isPartOf":{"@id":"https:\/\/batijournal.com\/index.php\/patrick-liebus-devant-parlement-europeen-directive-travail-detache-retour-a-concurrence-saine\/94144\/"},"author":{"name":"St\u00e9phane Miget","@id":"https:\/\/batijournal.com\/#\/schema\/person\/1dc96ec6957aa1ccb25ebe78bb19f100"},"headline":"Patrick Li\u00e9bus devant le Parlement Europ\u00e9en : \u00ab une directive sur le travail d\u00e9tach\u00e9 pour le retour \u00e0 une concurrence saine \u00bb","datePublished":"2016-11-08T15:19:46+00:00","dateModified":"2019-07-15T10:08:47+00:00","mainEntityOfPage":{"@id":"https:\/\/batijournal.com\/index.php\/patrick-liebus-devant-parlement-europeen-directive-travail-detache-retour-a-concurrence-saine\/94144\/"},"wordCount":907,"image":{"@id":"https:\/\/batijournal.com\/index.php\/patrick-liebus-devant-parlement-europeen-directive-travail-detache-retour-a-concurrence-saine\/94144\/#primaryimage"},"thumbnailUrl":"https:\/\/batijournal.com\/wp-content\/uploads\/2016\/11\/parlement-europeen.jpg","keywords":["CAPEB","d\u00e9tachement","travailleurs d\u00e9tach\u00e9s"],"articleSection":["A la Une","\u00c9conomie &amp; March\u00e9s"],"inLanguage":"fr-FR"},{"@type":"WebPage","@id":"https:\/\/batijournal.com\/index.php\/patrick-liebus-devant-parlement-europeen-directive-travail-detache-retour-a-concurrence-saine\/94144\/","url":"https:\/\/batijournal.com\/index.php\/patrick-liebus-devant-parlement-europeen-directive-travail-detache-retour-a-concurrence-saine\/94144\/","name":"Patrick Li\u00e9bus devant le Parlement Europ\u00e9en : \u00ab une directive sur le travail d\u00e9tach\u00e9 pour le retour \u00e0 une concurrence saine \u00bb","isPartOf":{"@id":"https:\/\/batijournal.com\/#website"},"primaryImageOfPage":{"@id":"https:\/\/batijournal.com\/index.php\/patrick-liebus-devant-parlement-europeen-directive-travail-detache-retour-a-concurrence-saine\/94144\/#primaryimage"},"image":{"@id":"https:\/\/batijournal.com\/index.php\/patrick-liebus-devant-parlement-europeen-directive-travail-detache-retour-a-concurrence-saine\/94144\/#primaryimage"},"thumbnailUrl":"https:\/\/batijournal.com\/wp-content\/uploads\/2016\/11\/parlement-europeen.jpg","datePublished":"2016-11-08T15:19:46+00:00","dateModified":"2019-07-15T10:08:47+00:00","author":{"@id":"https:\/\/batijournal.com\/#\/schema\/person\/1dc96ec6957aa1ccb25ebe78bb19f100"},"breadcrumb":{"@id":"https:\/\/batijournal.com\/index.php\/patrick-liebus-devant-parlement-europeen-directive-travail-detache-retour-a-concurrence-saine\/94144\/#breadcrumb"},"inLanguage":"fr-FR","potentialAction":[{"@type":"ReadAction","target":["https:\/\/batijournal.com\/index.php\/patrick-liebus-devant-parlement-europeen-directive-travail-detache-retour-a-concurrence-saine\/94144\/"]}]},{"@type":"ImageObject","inLanguage":"fr-FR","@id":"https:\/\/batijournal.com\/index.php\/patrick-liebus-devant-parlement-europeen-directive-travail-detache-retour-a-concurrence-saine\/94144\/#primaryimage","url":"https:\/\/batijournal.com\/wp-content\/uploads\/2016\/11\/parlement-europeen.jpg","contentUrl":"https:\/\/batijournal.com\/wp-content\/uploads\/2016\/11\/parlement-europeen.jpg","width":1200,"height":900},{"@type":"BreadcrumbList","@id":"https:\/\/batijournal.com\/index.php\/patrick-liebus-devant-parlement-europeen-directive-travail-detache-retour-a-concurrence-saine\/94144\/#breadcrumb","itemListElement":[{"@type":"ListItem","position":1,"name":"Accueil","item":"https:\/\/batijournal.com\/"},{"@type":"ListItem","position":2,"name":"A la Une","item":"https:\/\/batijournal.com\/index.php\/category\/a-la-une\/"},{"@type":"ListItem","position":3,"name":"Patrick Li\u00e9bus devant le Parlement Europ\u00e9en : \u00ab une directive sur le travail d\u00e9tach\u00e9 pour le retour \u00e0 une concurrence saine \u00bb"}]},{"@type":"WebSite","@id":"https:\/\/batijournal.com\/#website","url":"https:\/\/batijournal.com\/","name":"Batijournal","description":"L&#039;actualit\u00e9 du b\u00e2timent","potentialAction":[{"@type":"SearchAction","target":{"@type":"EntryPoint","urlTemplate":"https:\/\/batijournal.com\/?s={search_term_string}"},"query-input":{"@type":"PropertyValueSpecification","valueRequired":true,"valueName":"search_term_string"}}],"inLanguage":"fr-FR"},{"@type":"Person","@id":"https:\/\/batijournal.com\/#\/schema\/person\/1dc96ec6957aa1ccb25ebe78bb19f100","name":"St\u00e9phane Miget","image":{"@type":"ImageObject","inLanguage":"fr-FR","@id":"https:\/\/secure.gravatar.com\/avatar\/89915563d925342126b8ef0281b93d9d7fc337043e8df017f780908eb9644451?s=96&d=mm&r=g","url":"https:\/\/secure.gravatar.com\/avatar\/89915563d925342126b8ef0281b93d9d7fc337043e8df017f780908eb9644451?s=96&d=mm&r=g","contentUrl":"https:\/\/secure.gravatar.com\/avatar\/89915563d925342126b8ef0281b93d9d7fc337043e8df017f780908eb9644451?s=96&d=mm&r=g","caption":"St\u00e9phane Miget"},"url":"https:\/\/batijournal.com\/index.php\/author\/stephane\/"}]}},"_links":{"self":[{"href":"https:\/\/batijournal.com\/index.php\/wp-json\/wp\/v2\/posts\/94144","targetHints":{"allow":["GET"]}}],"collection":[{"href":"https:\/\/batijournal.com\/index.php\/wp-json\/wp\/v2\/posts"}],"about":[{"href":"https:\/\/batijournal.com\/index.php\/wp-json\/wp\/v2\/types\/post"}],"author":[{"embeddable":true,"href":"https:\/\/batijournal.com\/index.php\/wp-json\/wp\/v2\/users\/17"}],"replies":[{"embeddable":true,"href":"https:\/\/batijournal.com\/index.php\/wp-json\/wp\/v2\/comments?post=94144"}],"version-history":[{"count":0,"href":"https:\/\/batijournal.com\/index.php\/wp-json\/wp\/v2\/posts\/94144\/revisions"}],"wp:featuredmedia":[{"embeddable":true,"href":"https:\/\/batijournal.com\/index.php\/wp-json\/wp\/v2\/media\/94145"}],"wp:attachment":[{"href":"https:\/\/batijournal.com\/index.php\/wp-json\/wp\/v2\/media?parent=94144"}],"wp:term":[{"taxonomy":"category","embeddable":true,"href":"https:\/\/batijournal.com\/index.php\/wp-json\/wp\/v2\/categories?post=94144"},{"taxonomy":"post_tag","embeddable":true,"href":"https:\/\/batijournal.com\/index.php\/wp-json\/wp\/v2\/tags?post=94144"}],"curies":[{"name":"wp","href":"https:\/\/api.w.org\/{rel}","templated":true}]}}