{"id":94184,"date":"2016-11-09T10:24:50","date_gmt":"2016-11-09T09:24:50","guid":{"rendered":"http:\/\/batijournal.com\/?p=94184"},"modified":"2019-07-15T11:27:44","modified_gmt":"2019-07-15T09:27:44","slug":"prix-mpf-rene-fontaine-restauration-corps-de-ferme-a-schnersheim-67-faire-habitation-principale","status":"publish","type":"post","link":"https:\/\/batijournal.com\/index.php\/prix-mpf-rene-fontaine-restauration-corps-de-ferme-a-schnersheim-67-faire-habitation-principale\/94184\/","title":{"rendered":"Prix MPF &#8211; Ren\u00e9 Fontaine : restauration du corps de ferme \u00e0 Schnersheim (67) pour en faire une habitation principale"},"content":{"rendered":"<p>[et_pb_section admin_label=\u00a0\u00bbsection\u00a0\u00bb][et_pb_row admin_label=\u00a0\u00bbLigne\u00a0\u00bb make_fullwidth=\u00a0\u00bboff\u00a0\u00bb use_custom_width=\u00a0\u00bboff\u00a0\u00bb width_unit=\u00a0\u00bbon\u00a0\u00bb use_custom_gutter=\u00a0\u00bboff\u00a0\u00bb padding_mobile=\u00a0\u00bboff\u00a0\u00bb allow_player_pause=\u00a0\u00bboff\u00a0\u00bb parallax=\u00a0\u00bboff\u00a0\u00bb parallax_method=\u00a0\u00bboff\u00a0\u00bb make_equal=\u00a0\u00bboff\u00a0\u00bb parallax_1=\u00a0\u00bboff\u00a0\u00bb parallax_method_1=\u00a0\u00bboff\u00a0\u00bb column_padding_mobile=\u00a0\u00bbon\u00a0\u00bb][et_pb_column type=\u00a0\u00bb4_4&Prime;][et_pb_image admin_label=\u00a0\u00bbImage\u00a0\u00bb src=\u00a0\u00bbhttps:\/\/batijournal.com\/wp-content\/uploads\/2016\/11\/restauration-du-corps-de-ferme-a-Schnersheim-2.jpg\u00a0\u00bb show_in_lightbox=\u00a0\u00bbon\u00a0\u00bb url_new_window=\u00a0\u00bboff\u00a0\u00bb use_overlay=\u00a0\u00bboff\u00a0\u00bb animation=\u00a0\u00bboff\u00a0\u00bb sticky=\u00a0\u00bboff\u00a0\u00bb align=\u00a0\u00bbleft\u00a0\u00bb force_fullwidth=\u00a0\u00bboff\u00a0\u00bb always_center_on_mobile=\u00a0\u00bbon\u00a0\u00bb use_border_color=\u00a0\u00bboff\u00a0\u00bb border_color=\u00a0\u00bb#ffffff\u00a0\u00bb border_style=\u00a0\u00bbsolid\u00a0\u00bb] [\/et_pb_image][et_pb_text admin_label=\u00a0\u00bbTexte\u00a0\u00bb background_layout=\u00a0\u00bblight\u00a0\u00bb text_orientation=\u00a0\u00bbleft\u00a0\u00bb use_border_color=\u00a0\u00bboff\u00a0\u00bb border_color=\u00a0\u00bb#ffffff\u00a0\u00bb border_style=\u00a0\u00bbsolid\u00a0\u00bb]<\/p>\n<p>A l\u2019origine, les premiers b\u00e2timents &#8211; cave \u00e0 vin et maison &#8211; ont \u00e9t\u00e9 construits en 1717 et 1718. Entre 1781 et 1783, une maison existante \u00e0 Schwindratzheim (\u00e0 15km de l\u00e0), a \u00e9t\u00e9 enti\u00e8rement d\u00e9mont\u00e9e et remont\u00e9e sur l\u2019ancienne cave (la premi\u00e8re maison ayant probablement br\u00fbl\u00e9).<\/p>\n<p>[\/et_pb_text][\/et_pb_column][\/et_pb_row][et_pb_row admin_label=\u00a0\u00bbLigne\u00a0\u00bb make_fullwidth=\u00a0\u00bboff\u00a0\u00bb use_custom_width=\u00a0\u00bboff\u00a0\u00bb width_unit=\u00a0\u00bbon\u00a0\u00bb use_custom_gutter=\u00a0\u00bboff\u00a0\u00bb padding_mobile=\u00a0\u00bboff\u00a0\u00bb allow_player_pause=\u00a0\u00bboff\u00a0\u00bb parallax=\u00a0\u00bboff\u00a0\u00bb parallax_method=\u00a0\u00bboff\u00a0\u00bb make_equal=\u00a0\u00bboff\u00a0\u00bb parallax_1=\u00a0\u00bboff\u00a0\u00bb parallax_method_1=\u00a0\u00bboff\u00a0\u00bb parallax_2=\u00a0\u00bboff\u00a0\u00bb parallax_method_2=\u00a0\u00bboff\u00a0\u00bb column_padding_mobile=\u00a0\u00bbon\u00a0\u00bb][et_pb_column type=\u00a0\u00bb1_2&Prime;][et_pb_image admin_label=\u00a0\u00bbImage\u00a0\u00bb src=\u00a0\u00bbhttps:\/\/batijournal.com\/wp-content\/uploads\/2016\/11\/restauration-du-corps-de-ferme-a-Schnersheim-1.jpg\u00a0\u00bb show_in_lightbox=\u00a0\u00bbon\u00a0\u00bb url_new_window=\u00a0\u00bboff\u00a0\u00bb use_overlay=\u00a0\u00bboff\u00a0\u00bb animation=\u00a0\u00bboff\u00a0\u00bb sticky=\u00a0\u00bboff\u00a0\u00bb align=\u00a0\u00bbleft\u00a0\u00bb force_fullwidth=\u00a0\u00bboff\u00a0\u00bb always_center_on_mobile=\u00a0\u00bbon\u00a0\u00bb use_border_color=\u00a0\u00bboff\u00a0\u00bb border_color=\u00a0\u00bb#ffffff\u00a0\u00bb border_style=\u00a0\u00bbsolid\u00a0\u00bb] [\/et_pb_image][et_pb_text admin_label=\u00a0\u00bbTexte\u00a0\u00bb background_layout=\u00a0\u00bblight\u00a0\u00bb text_orientation=\u00a0\u00bbleft\u00a0\u00bb use_border_color=\u00a0\u00bboff\u00a0\u00bb border_color=\u00a0\u00bb#ffffff\u00a0\u00bb border_style=\u00a0\u00bbsolid\u00a0\u00bb]<\/p>\n<p>Ma\u00eetre d\u2019ouvrage : Denis Elbel<br \/>\nArchitecte : Jean-Christophe Brua (architecte du patrimoine)<br \/>\nMa\u00eetre d\u2019\u0153uvre : Claude Eichwald<\/p>\n<p><strong>Deuxi\u00e8me prix de la cat\u00e9gorie \u00ab\u00a0B\u00e2ti ancien\u00a0\u00bb<\/strong><\/p>\n<p>[\/et_pb_text][\/et_pb_column][et_pb_column type=\u00a0\u00bb1_2&Prime;][et_pb_text admin_label=\u00a0\u00bbTexte\u00a0\u00bb background_layout=\u00a0\u00bblight\u00a0\u00bb text_orientation=\u00a0\u00bbleft\u00a0\u00bb use_border_color=\u00a0\u00bboff\u00a0\u00bb border_color=\u00a0\u00bb#ffffff\u00a0\u00bb border_style=\u00a0\u00bbsolid\u00a0\u00bb]<\/p>\n<p><strong>Travaux r\u00e9alis\u00e9s<\/strong><br \/>\n&#8211; Murs : remplacement des enduits ciment recouverts d\u2019une peinture \u00ab plastique \u00bb par des enduits \u00e0 la chaux naturelle locale (Boehm) et du sable local<br \/>\n&#8211; Charpente : enti\u00e8rement restaur\u00e9e, en ch\u00eane<br \/>\n&#8211; Toiture : restaur\u00e9e avec des tuiles de r\u00e9cup\u00e9ration<br \/>\n&#8211; Menuiseries : en bois sur le mod\u00e8le des anciennes crois\u00e9es<br \/>\nMen\u00e9e de fond en comble, la qualit\u00e9 de la restauration est impressionnante et minutieuse, alliant mat\u00e9riaux anciens et traditions. Une erreur de conception structurelle du XVIII\u00e8me si\u00e8cle, qui avait provoqu\u00e9 un tassement diff\u00e9rentiel de 12cm, a m\u00eame \u00e9t\u00e9 rectifi\u00e9e ! Les belles fa\u00eeti\u00e8res, ar\u00eatiers et mitres neufs &#8211; r\u00e9alis\u00e9s par la tuilerie de Nidervillier &#8211; illustrent bien cette ambition de faire les choses dans les r\u00e8gles de l\u2019art. Cette restauration a re\u00e7u le <strong>Label Fondation du patrimoine<\/strong> ainsi que des subventions du conseil r\u00e9gional.<\/p>\n<p>[\/et_pb_text][\/et_pb_column][\/et_pb_row][\/et_pb_section]<\/p>\n","protected":false},"excerpt":{"rendered":"<p>Men\u00e9e de fond en comble, la qualit\u00e9 de la restauration est impressionnante et minutieuse, alliant mat\u00e9riaux anciens et traditions. Une erreur de conception structurelle du XVIII\u00e8me si\u00e8cle, qui avait provoqu\u00e9 un tassement diff\u00e9rentiel de 12cm, a m\u00eame \u00e9t\u00e9 rectifi\u00e9e !<\/p>\n","protected":false},"author":17,"featured_media":94185,"comment_status":"closed","ping_status":"closed","sticky":false,"template":"","format":"standard","meta":{"_et_pb_use_builder":"on","_et_pb_old_content":"","_et_gb_content_width":"","footnotes":""},"categories":[6340],"tags":[11684],"class_list":["post-94184","post","type-post","status-publish","format-standard","has-post-thumbnail","hentry","category-architecture-conception","tag-prix-mpf-rene-fontaine"],"yoast_head":"<!-- This site is optimized with the Yoast SEO plugin v27.4 - https:\/\/yoast.com\/product\/yoast-seo-wordpress\/ -->\n<title>Prix MPF - Ren\u00e9 Fontaine : restauration du corps de ferme \u00e0 Schnersheim (67) pour en faire une habitation principale<\/title>\n<meta name=\"robots\" content=\"index, follow, max-snippet:-1, max-image-preview:large, max-video-preview:-1\" \/>\n<link rel=\"canonical\" href=\"https:\/\/batijournal.com\/index.php\/prix-mpf-rene-fontaine-restauration-corps-de-ferme-a-schnersheim-67-faire-habitation-principale\/94184\/\" \/>\n<meta property=\"og:locale\" content=\"fr_FR\" \/>\n<meta property=\"og:type\" content=\"article\" \/>\n<meta property=\"og:title\" content=\"Prix MPF - Ren\u00e9 Fontaine : restauration du corps de ferme \u00e0 Schnersheim (67) pour en faire une habitation principale\" \/>\n<meta property=\"og:description\" content=\"Men\u00e9e de fond en comble, la qualit\u00e9 de la restauration est impressionnante et minutieuse, alliant mat\u00e9riaux anciens et traditions. Une erreur de conception structurelle du XVIII\u00e8me si\u00e8cle, qui avait provoqu\u00e9 un tassement diff\u00e9rentiel de 12cm, a m\u00eame \u00e9t\u00e9 rectifi\u00e9e !\" \/>\n<meta property=\"og:url\" content=\"https:\/\/batijournal.com\/index.php\/prix-mpf-rene-fontaine-restauration-corps-de-ferme-a-schnersheim-67-faire-habitation-principale\/94184\/\" \/>\n<meta property=\"og:site_name\" content=\"Batijournal\" \/>\n<meta property=\"article:published_time\" content=\"2016-11-09T09:24:50+00:00\" \/>\n<meta property=\"article:modified_time\" content=\"2019-07-15T09:27:44+00:00\" \/>\n<meta property=\"og:image\" content=\"https:\/\/batijournal.com\/wp-content\/uploads\/2016\/11\/restauration-du-corps-de-ferme-a-Schnersheim-3.jpg\" \/>\n\t<meta property=\"og:image:width\" content=\"1200\" \/>\n\t<meta property=\"og:image:height\" content=\"900\" \/>\n\t<meta property=\"og:image:type\" content=\"image\/jpeg\" \/>\n<meta name=\"author\" content=\"St\u00e9phane Miget\" \/>\n<meta name=\"twitter:card\" content=\"summary_large_image\" \/>\n<meta name=\"twitter:creator\" content=\"@bati_journal\" \/>\n<meta name=\"twitter:site\" content=\"@bati_journal\" \/>\n<meta name=\"twitter:label1\" content=\"\u00c9crit par\" \/>\n\t<meta name=\"twitter:data1\" content=\"St\u00e9phane Miget\" \/>\n\t<meta name=\"twitter:label2\" content=\"Dur\u00e9e de lecture estim\u00e9e\" \/>\n\t<meta name=\"twitter:data2\" content=\"3 minutes\" \/>\n<script type=\"application\/ld+json\" class=\"yoast-schema-graph\">{\"@context\":\"https:\\\/\\\/schema.org\",\"@graph\":[{\"@type\":\"Article\",\"@id\":\"https:\\\/\\\/batijournal.com\\\/index.php\\\/prix-mpf-rene-fontaine-restauration-corps-de-ferme-a-schnersheim-67-faire-habitation-principale\\\/94184\\\/#article\",\"isPartOf\":{\"@id\":\"https:\\\/\\\/batijournal.com\\\/index.php\\\/prix-mpf-rene-fontaine-restauration-corps-de-ferme-a-schnersheim-67-faire-habitation-principale\\\/94184\\\/\"},\"author\":{\"name\":\"St\u00e9phane Miget\",\"@id\":\"https:\\\/\\\/batijournal.com\\\/#\\\/schema\\\/person\\\/1dc96ec6957aa1ccb25ebe78bb19f100\"},\"headline\":\"Prix MPF &#8211; Ren\u00e9 Fontaine : restauration du corps de ferme \u00e0 Schnersheim (67) pour en faire une habitation principale\",\"datePublished\":\"2016-11-09T09:24:50+00:00\",\"dateModified\":\"2019-07-15T09:27:44+00:00\",\"mainEntityOfPage\":{\"@id\":\"https:\\\/\\\/batijournal.com\\\/index.php\\\/prix-mpf-rene-fontaine-restauration-corps-de-ferme-a-schnersheim-67-faire-habitation-principale\\\/94184\\\/\"},\"wordCount\":560,\"image\":{\"@id\":\"https:\\\/\\\/batijournal.com\\\/index.php\\\/prix-mpf-rene-fontaine-restauration-corps-de-ferme-a-schnersheim-67-faire-habitation-principale\\\/94184\\\/#primaryimage\"},\"thumbnailUrl\":\"https:\\\/\\\/batijournal.com\\\/wp-content\\\/uploads\\\/2016\\\/11\\\/restauration-du-corps-de-ferme-a-Schnersheim-3.jpg\",\"keywords\":[\"Prix MPF - Ren\u00e9 Fontaine\"],\"articleSection\":[\"Architecture &amp; Conception\"],\"inLanguage\":\"fr-FR\"},{\"@type\":\"WebPage\",\"@id\":\"https:\\\/\\\/batijournal.com\\\/index.php\\\/prix-mpf-rene-fontaine-restauration-corps-de-ferme-a-schnersheim-67-faire-habitation-principale\\\/94184\\\/\",\"url\":\"https:\\\/\\\/batijournal.com\\\/index.php\\\/prix-mpf-rene-fontaine-restauration-corps-de-ferme-a-schnersheim-67-faire-habitation-principale\\\/94184\\\/\",\"name\":\"Prix MPF - Ren\u00e9 Fontaine : restauration du corps de ferme \u00e0 Schnersheim (67) pour en faire une habitation principale\",\"isPartOf\":{\"@id\":\"https:\\\/\\\/batijournal.com\\\/#website\"},\"primaryImageOfPage\":{\"@id\":\"https:\\\/\\\/batijournal.com\\\/index.php\\\/prix-mpf-rene-fontaine-restauration-corps-de-ferme-a-schnersheim-67-faire-habitation-principale\\\/94184\\\/#primaryimage\"},\"image\":{\"@id\":\"https:\\\/\\\/batijournal.com\\\/index.php\\\/prix-mpf-rene-fontaine-restauration-corps-de-ferme-a-schnersheim-67-faire-habitation-principale\\\/94184\\\/#primaryimage\"},\"thumbnailUrl\":\"https:\\\/\\\/batijournal.com\\\/wp-content\\\/uploads\\\/2016\\\/11\\\/restauration-du-corps-de-ferme-a-Schnersheim-3.jpg\",\"datePublished\":\"2016-11-09T09:24:50+00:00\",\"dateModified\":\"2019-07-15T09:27:44+00:00\",\"author\":{\"@id\":\"https:\\\/\\\/batijournal.com\\\/#\\\/schema\\\/person\\\/1dc96ec6957aa1ccb25ebe78bb19f100\"},\"breadcrumb\":{\"@id\":\"https:\\\/\\\/batijournal.com\\\/index.php\\\/prix-mpf-rene-fontaine-restauration-corps-de-ferme-a-schnersheim-67-faire-habitation-principale\\\/94184\\\/#breadcrumb\"},\"inLanguage\":\"fr-FR\",\"potentialAction\":[{\"@type\":\"ReadAction\",\"target\":[\"https:\\\/\\\/batijournal.com\\\/index.php\\\/prix-mpf-rene-fontaine-restauration-corps-de-ferme-a-schnersheim-67-faire-habitation-principale\\\/94184\\\/\"]}]},{\"@type\":\"ImageObject\",\"inLanguage\":\"fr-FR\",\"@id\":\"https:\\\/\\\/batijournal.com\\\/index.php\\\/prix-mpf-rene-fontaine-restauration-corps-de-ferme-a-schnersheim-67-faire-habitation-principale\\\/94184\\\/#primaryimage\",\"url\":\"https:\\\/\\\/batijournal.com\\\/wp-content\\\/uploads\\\/2016\\\/11\\\/restauration-du-corps-de-ferme-a-Schnersheim-3.jpg\",\"contentUrl\":\"https:\\\/\\\/batijournal.com\\\/wp-content\\\/uploads\\\/2016\\\/11\\\/restauration-du-corps-de-ferme-a-Schnersheim-3.jpg\",\"width\":1200,\"height\":900},{\"@type\":\"BreadcrumbList\",\"@id\":\"https:\\\/\\\/batijournal.com\\\/index.php\\\/prix-mpf-rene-fontaine-restauration-corps-de-ferme-a-schnersheim-67-faire-habitation-principale\\\/94184\\\/#breadcrumb\",\"itemListElement\":[{\"@type\":\"ListItem\",\"position\":1,\"name\":\"Accueil\",\"item\":\"https:\\\/\\\/batijournal.com\\\/\"},{\"@type\":\"ListItem\",\"position\":2,\"name\":\"Actualit\u00e9s\",\"item\":\"https:\\\/\\\/batijournal.com\\\/index.php\\\/category\\\/actualites\\\/\"},{\"@type\":\"ListItem\",\"position\":3,\"name\":\"Architecture &amp; Conception\",\"item\":\"https:\\\/\\\/batijournal.com\\\/index.php\\\/category\\\/actualites\\\/architecture-conception\\\/\"},{\"@type\":\"ListItem\",\"position\":4,\"name\":\"Prix MPF &#8211; Ren\u00e9 Fontaine : restauration du corps de ferme \u00e0 Schnersheim (67) pour en faire une habitation principale\"}]},{\"@type\":\"WebSite\",\"@id\":\"https:\\\/\\\/batijournal.com\\\/#website\",\"url\":\"https:\\\/\\\/batijournal.com\\\/\",\"name\":\"Batijournal\",\"description\":\"L&#039;actualit\u00e9 du b\u00e2timent\",\"potentialAction\":[{\"@type\":\"SearchAction\",\"target\":{\"@type\":\"EntryPoint\",\"urlTemplate\":\"https:\\\/\\\/batijournal.com\\\/?s={search_term_string}\"},\"query-input\":{\"@type\":\"PropertyValueSpecification\",\"valueRequired\":true,\"valueName\":\"search_term_string\"}}],\"inLanguage\":\"fr-FR\"},{\"@type\":\"Person\",\"@id\":\"https:\\\/\\\/batijournal.com\\\/#\\\/schema\\\/person\\\/1dc96ec6957aa1ccb25ebe78bb19f100\",\"name\":\"St\u00e9phane Miget\",\"image\":{\"@type\":\"ImageObject\",\"inLanguage\":\"fr-FR\",\"@id\":\"https:\\\/\\\/secure.gravatar.com\\\/avatar\\\/89915563d925342126b8ef0281b93d9d7fc337043e8df017f780908eb9644451?s=96&d=mm&r=g\",\"url\":\"https:\\\/\\\/secure.gravatar.com\\\/avatar\\\/89915563d925342126b8ef0281b93d9d7fc337043e8df017f780908eb9644451?s=96&d=mm&r=g\",\"contentUrl\":\"https:\\\/\\\/secure.gravatar.com\\\/avatar\\\/89915563d925342126b8ef0281b93d9d7fc337043e8df017f780908eb9644451?s=96&d=mm&r=g\",\"caption\":\"St\u00e9phane Miget\"},\"url\":\"https:\\\/\\\/batijournal.com\\\/index.php\\\/author\\\/stephane\\\/\"}]}<\/script>\n<!-- \/ Yoast SEO plugin. -->","yoast_head_json":{"title":"Prix MPF - Ren\u00e9 Fontaine : restauration du corps de ferme \u00e0 Schnersheim (67) pour en faire une habitation principale","robots":{"index":"index","follow":"follow","max-snippet":"max-snippet:-1","max-image-preview":"max-image-preview:large","max-video-preview":"max-video-preview:-1"},"canonical":"https:\/\/batijournal.com\/index.php\/prix-mpf-rene-fontaine-restauration-corps-de-ferme-a-schnersheim-67-faire-habitation-principale\/94184\/","og_locale":"fr_FR","og_type":"article","og_title":"Prix MPF - Ren\u00e9 Fontaine : restauration du corps de ferme \u00e0 Schnersheim (67) pour en faire une habitation principale","og_description":"Men\u00e9e de fond en comble, la qualit\u00e9 de la restauration est impressionnante et minutieuse, alliant mat\u00e9riaux anciens et traditions. Une erreur de conception structurelle du XVIII\u00e8me si\u00e8cle, qui avait provoqu\u00e9 un tassement diff\u00e9rentiel de 12cm, a m\u00eame \u00e9t\u00e9 rectifi\u00e9e !","og_url":"https:\/\/batijournal.com\/index.php\/prix-mpf-rene-fontaine-restauration-corps-de-ferme-a-schnersheim-67-faire-habitation-principale\/94184\/","og_site_name":"Batijournal","article_published_time":"2016-11-09T09:24:50+00:00","article_modified_time":"2019-07-15T09:27:44+00:00","og_image":[{"width":1200,"height":900,"url":"https:\/\/batijournal.com\/wp-content\/uploads\/2016\/11\/restauration-du-corps-de-ferme-a-Schnersheim-3.jpg","type":"image\/jpeg"}],"author":"St\u00e9phane Miget","twitter_card":"summary_large_image","twitter_creator":"@bati_journal","twitter_site":"@bati_journal","twitter_misc":{"\u00c9crit par":"St\u00e9phane Miget","Dur\u00e9e de lecture estim\u00e9e":"3 minutes"},"schema":{"@context":"https:\/\/schema.org","@graph":[{"@type":"Article","@id":"https:\/\/batijournal.com\/index.php\/prix-mpf-rene-fontaine-restauration-corps-de-ferme-a-schnersheim-67-faire-habitation-principale\/94184\/#article","isPartOf":{"@id":"https:\/\/batijournal.com\/index.php\/prix-mpf-rene-fontaine-restauration-corps-de-ferme-a-schnersheim-67-faire-habitation-principale\/94184\/"},"author":{"name":"St\u00e9phane Miget","@id":"https:\/\/batijournal.com\/#\/schema\/person\/1dc96ec6957aa1ccb25ebe78bb19f100"},"headline":"Prix MPF &#8211; Ren\u00e9 Fontaine : restauration du corps de ferme \u00e0 Schnersheim (67) pour en faire une habitation principale","datePublished":"2016-11-09T09:24:50+00:00","dateModified":"2019-07-15T09:27:44+00:00","mainEntityOfPage":{"@id":"https:\/\/batijournal.com\/index.php\/prix-mpf-rene-fontaine-restauration-corps-de-ferme-a-schnersheim-67-faire-habitation-principale\/94184\/"},"wordCount":560,"image":{"@id":"https:\/\/batijournal.com\/index.php\/prix-mpf-rene-fontaine-restauration-corps-de-ferme-a-schnersheim-67-faire-habitation-principale\/94184\/#primaryimage"},"thumbnailUrl":"https:\/\/batijournal.com\/wp-content\/uploads\/2016\/11\/restauration-du-corps-de-ferme-a-Schnersheim-3.jpg","keywords":["Prix MPF - Ren\u00e9 Fontaine"],"articleSection":["Architecture &amp; Conception"],"inLanguage":"fr-FR"},{"@type":"WebPage","@id":"https:\/\/batijournal.com\/index.php\/prix-mpf-rene-fontaine-restauration-corps-de-ferme-a-schnersheim-67-faire-habitation-principale\/94184\/","url":"https:\/\/batijournal.com\/index.php\/prix-mpf-rene-fontaine-restauration-corps-de-ferme-a-schnersheim-67-faire-habitation-principale\/94184\/","name":"Prix MPF - Ren\u00e9 Fontaine : restauration du corps de ferme \u00e0 Schnersheim (67) pour en faire une habitation principale","isPartOf":{"@id":"https:\/\/batijournal.com\/#website"},"primaryImageOfPage":{"@id":"https:\/\/batijournal.com\/index.php\/prix-mpf-rene-fontaine-restauration-corps-de-ferme-a-schnersheim-67-faire-habitation-principale\/94184\/#primaryimage"},"image":{"@id":"https:\/\/batijournal.com\/index.php\/prix-mpf-rene-fontaine-restauration-corps-de-ferme-a-schnersheim-67-faire-habitation-principale\/94184\/#primaryimage"},"thumbnailUrl":"https:\/\/batijournal.com\/wp-content\/uploads\/2016\/11\/restauration-du-corps-de-ferme-a-Schnersheim-3.jpg","datePublished":"2016-11-09T09:24:50+00:00","dateModified":"2019-07-15T09:27:44+00:00","author":{"@id":"https:\/\/batijournal.com\/#\/schema\/person\/1dc96ec6957aa1ccb25ebe78bb19f100"},"breadcrumb":{"@id":"https:\/\/batijournal.com\/index.php\/prix-mpf-rene-fontaine-restauration-corps-de-ferme-a-schnersheim-67-faire-habitation-principale\/94184\/#breadcrumb"},"inLanguage":"fr-FR","potentialAction":[{"@type":"ReadAction","target":["https:\/\/batijournal.com\/index.php\/prix-mpf-rene-fontaine-restauration-corps-de-ferme-a-schnersheim-67-faire-habitation-principale\/94184\/"]}]},{"@type":"ImageObject","inLanguage":"fr-FR","@id":"https:\/\/batijournal.com\/index.php\/prix-mpf-rene-fontaine-restauration-corps-de-ferme-a-schnersheim-67-faire-habitation-principale\/94184\/#primaryimage","url":"https:\/\/batijournal.com\/wp-content\/uploads\/2016\/11\/restauration-du-corps-de-ferme-a-Schnersheim-3.jpg","contentUrl":"https:\/\/batijournal.com\/wp-content\/uploads\/2016\/11\/restauration-du-corps-de-ferme-a-Schnersheim-3.jpg","width":1200,"height":900},{"@type":"BreadcrumbList","@id":"https:\/\/batijournal.com\/index.php\/prix-mpf-rene-fontaine-restauration-corps-de-ferme-a-schnersheim-67-faire-habitation-principale\/94184\/#breadcrumb","itemListElement":[{"@type":"ListItem","position":1,"name":"Accueil","item":"https:\/\/batijournal.com\/"},{"@type":"ListItem","position":2,"name":"Actualit\u00e9s","item":"https:\/\/batijournal.com\/index.php\/category\/actualites\/"},{"@type":"ListItem","position":3,"name":"Architecture &amp; Conception","item":"https:\/\/batijournal.com\/index.php\/category\/actualites\/architecture-conception\/"},{"@type":"ListItem","position":4,"name":"Prix MPF &#8211; Ren\u00e9 Fontaine : restauration du corps de ferme \u00e0 Schnersheim (67) pour en faire une habitation principale"}]},{"@type":"WebSite","@id":"https:\/\/batijournal.com\/#website","url":"https:\/\/batijournal.com\/","name":"Batijournal","description":"L&#039;actualit\u00e9 du b\u00e2timent","potentialAction":[{"@type":"SearchAction","target":{"@type":"EntryPoint","urlTemplate":"https:\/\/batijournal.com\/?s={search_term_string}"},"query-input":{"@type":"PropertyValueSpecification","valueRequired":true,"valueName":"search_term_string"}}],"inLanguage":"fr-FR"},{"@type":"Person","@id":"https:\/\/batijournal.com\/#\/schema\/person\/1dc96ec6957aa1ccb25ebe78bb19f100","name":"St\u00e9phane Miget","image":{"@type":"ImageObject","inLanguage":"fr-FR","@id":"https:\/\/secure.gravatar.com\/avatar\/89915563d925342126b8ef0281b93d9d7fc337043e8df017f780908eb9644451?s=96&d=mm&r=g","url":"https:\/\/secure.gravatar.com\/avatar\/89915563d925342126b8ef0281b93d9d7fc337043e8df017f780908eb9644451?s=96&d=mm&r=g","contentUrl":"https:\/\/secure.gravatar.com\/avatar\/89915563d925342126b8ef0281b93d9d7fc337043e8df017f780908eb9644451?s=96&d=mm&r=g","caption":"St\u00e9phane Miget"},"url":"https:\/\/batijournal.com\/index.php\/author\/stephane\/"}]}},"_links":{"self":[{"href":"https:\/\/batijournal.com\/index.php\/wp-json\/wp\/v2\/posts\/94184","targetHints":{"allow":["GET"]}}],"collection":[{"href":"https:\/\/batijournal.com\/index.php\/wp-json\/wp\/v2\/posts"}],"about":[{"href":"https:\/\/batijournal.com\/index.php\/wp-json\/wp\/v2\/types\/post"}],"author":[{"embeddable":true,"href":"https:\/\/batijournal.com\/index.php\/wp-json\/wp\/v2\/users\/17"}],"replies":[{"embeddable":true,"href":"https:\/\/batijournal.com\/index.php\/wp-json\/wp\/v2\/comments?post=94184"}],"version-history":[{"count":0,"href":"https:\/\/batijournal.com\/index.php\/wp-json\/wp\/v2\/posts\/94184\/revisions"}],"wp:featuredmedia":[{"embeddable":true,"href":"https:\/\/batijournal.com\/index.php\/wp-json\/wp\/v2\/media\/94185"}],"wp:attachment":[{"href":"https:\/\/batijournal.com\/index.php\/wp-json\/wp\/v2\/media?parent=94184"}],"wp:term":[{"taxonomy":"category","embeddable":true,"href":"https:\/\/batijournal.com\/index.php\/wp-json\/wp\/v2\/categories?post=94184"},{"taxonomy":"post_tag","embeddable":true,"href":"https:\/\/batijournal.com\/index.php\/wp-json\/wp\/v2\/tags?post=94184"}],"curies":[{"name":"wp","href":"https:\/\/api.w.org\/{rel}","templated":true}]}}