{"id":94188,"date":"2016-11-09T10:33:55","date_gmt":"2016-11-09T09:33:55","guid":{"rendered":"http:\/\/batijournal.com\/?p=94188"},"modified":"2019-07-15T11:27:44","modified_gmt":"2019-07-15T09:27:44","slug":"prix-mpf-rene-fontaine-restauration-dune-maison-de-village-a-pesmes-70-faire-habitation-principale","status":"publish","type":"post","link":"https:\/\/batijournal.com\/index.php\/prix-mpf-rene-fontaine-restauration-dune-maison-de-village-a-pesmes-70-faire-habitation-principale\/94188\/","title":{"rendered":"Prix MPF &#8211; Ren\u00e9 Fontaine : restauration d&rsquo;une maison de village \u00e0 Pesmes (70) pour en faire une habitation principale"},"content":{"rendered":"<p>[et_pb_section admin_label=\u00a0\u00bbsection\u00a0\u00bb][et_pb_row admin_label=\u00a0\u00bbLigne\u00a0\u00bb make_fullwidth=\u00a0\u00bboff\u00a0\u00bb use_custom_width=\u00a0\u00bboff\u00a0\u00bb width_unit=\u00a0\u00bbon\u00a0\u00bb use_custom_gutter=\u00a0\u00bboff\u00a0\u00bb padding_mobile=\u00a0\u00bboff\u00a0\u00bb allow_player_pause=\u00a0\u00bboff\u00a0\u00bb parallax=\u00a0\u00bboff\u00a0\u00bb parallax_method=\u00a0\u00bboff\u00a0\u00bb make_equal=\u00a0\u00bboff\u00a0\u00bb parallax_1=\u00a0\u00bboff\u00a0\u00bb parallax_method_1=\u00a0\u00bboff\u00a0\u00bb column_padding_mobile=\u00a0\u00bbon\u00a0\u00bb][et_pb_column type=\u00a0\u00bb4_4&Prime;][et_pb_image admin_label=\u00a0\u00bbImage\u00a0\u00bb src=\u00a0\u00bbhttps:\/\/batijournal.com\/wp-content\/uploads\/2016\/11\/restauration-maison-de-village-a-Pesmes-2.jpg\u00a0\u00bb show_in_lightbox=\u00a0\u00bbon\u00a0\u00bb url_new_window=\u00a0\u00bboff\u00a0\u00bb use_overlay=\u00a0\u00bboff\u00a0\u00bb animation=\u00a0\u00bboff\u00a0\u00bb sticky=\u00a0\u00bboff\u00a0\u00bb align=\u00a0\u00bbleft\u00a0\u00bb force_fullwidth=\u00a0\u00bboff\u00a0\u00bb always_center_on_mobile=\u00a0\u00bbon\u00a0\u00bb use_border_color=\u00a0\u00bboff\u00a0\u00bb border_color=\u00a0\u00bb#ffffff\u00a0\u00bb border_style=\u00a0\u00bbsolid\u00a0\u00bb] [\/et_pb_image][et_pb_text admin_label=\u00a0\u00bbTexte\u00a0\u00bb background_layout=\u00a0\u00bblight\u00a0\u00bb text_orientation=\u00a0\u00bbleft\u00a0\u00bb use_border_color=\u00a0\u00bboff\u00a0\u00bb border_color=\u00a0\u00bb#ffffff\u00a0\u00bb border_style=\u00a0\u00bbsolid\u00a0\u00bb]<\/p>\n<p>Faisant partie d\u2019un ensemble de maisons de village, ce b\u00e2ti a \u00e9t\u00e9 tr\u00e8s remani\u00e9 au cours des ann\u00e9es 70, lui conf\u00e9rant un air de pavillon \u00e0 la mode de cette \u00e9poque, mais poss\u00e9dant encore quelques beaux linteaux d\u00e9lard\u00e9s en arc segmentaire du XVIII\u00e8me si\u00e8cle, d\u2019imposantes charpentes et des fen\u00eatres \u00e0 meneaux. Les proportions des ouvertures, la nature des mat\u00e9riaux, les avanc\u00e9es de la toiture et des auvents avaient fait perdre \u00e0 la maison toute son identit\u00e9 et son charme.<\/p>\n<p>[\/et_pb_text][\/et_pb_column][\/et_pb_row][et_pb_row admin_label=\u00a0\u00bbLigne\u00a0\u00bb make_fullwidth=\u00a0\u00bboff\u00a0\u00bb use_custom_width=\u00a0\u00bboff\u00a0\u00bb width_unit=\u00a0\u00bbon\u00a0\u00bb use_custom_gutter=\u00a0\u00bboff\u00a0\u00bb padding_mobile=\u00a0\u00bboff\u00a0\u00bb allow_player_pause=\u00a0\u00bboff\u00a0\u00bb parallax=\u00a0\u00bboff\u00a0\u00bb parallax_method=\u00a0\u00bboff\u00a0\u00bb make_equal=\u00a0\u00bboff\u00a0\u00bb parallax_1=\u00a0\u00bboff\u00a0\u00bb parallax_method_1=\u00a0\u00bboff\u00a0\u00bb parallax_2=\u00a0\u00bboff\u00a0\u00bb parallax_method_2=\u00a0\u00bboff\u00a0\u00bb column_padding_mobile=\u00a0\u00bbon\u00a0\u00bb][et_pb_column type=\u00a0\u00bb1_2&Prime;][et_pb_image admin_label=\u00a0\u00bbImage\u00a0\u00bb src=\u00a0\u00bbhttps:\/\/batijournal.com\/wp-content\/uploads\/2016\/11\/restauration-maison-de-village-a-Pesmes.jpg\u00a0\u00bb show_in_lightbox=\u00a0\u00bbon\u00a0\u00bb url_new_window=\u00a0\u00bboff\u00a0\u00bb use_overlay=\u00a0\u00bboff\u00a0\u00bb animation=\u00a0\u00bboff\u00a0\u00bb sticky=\u00a0\u00bboff\u00a0\u00bb align=\u00a0\u00bbleft\u00a0\u00bb force_fullwidth=\u00a0\u00bboff\u00a0\u00bb always_center_on_mobile=\u00a0\u00bbon\u00a0\u00bb use_border_color=\u00a0\u00bboff\u00a0\u00bb border_color=\u00a0\u00bb#ffffff\u00a0\u00bb border_style=\u00a0\u00bbsolid\u00a0\u00bb] [\/et_pb_image][et_pb_text admin_label=\u00a0\u00bbTexte\u00a0\u00bb background_layout=\u00a0\u00bblight\u00a0\u00bb text_orientation=\u00a0\u00bbleft\u00a0\u00bb use_border_color=\u00a0\u00bboff\u00a0\u00bb border_color=\u00a0\u00bb#ffffff\u00a0\u00bb border_style=\u00a0\u00bbsolid\u00a0\u00bb]<\/p>\n<p>Ma\u00eetre d\u2019ouvrage : Fabienne Ferrut<br \/>\nAccompagnement : association Avenir radieux<\/p>\n<p><strong>Premier prix de la cat\u00e9gorie \u00ab\u00a0B\u00e2ti ancien\u00a0\u00bb<\/strong><\/p>\n<p>[\/et_pb_text][\/et_pb_column][et_pb_column type=\u00a0\u00bb1_2&Prime;][et_pb_text admin_label=\u00a0\u00bbTexte\u00a0\u00bb background_layout=\u00a0\u00bblight\u00a0\u00bb text_orientation=\u00a0\u00bbleft\u00a0\u00bb use_border_color=\u00a0\u00bboff\u00a0\u00bb border_color=\u00a0\u00bb#ffffff\u00a0\u00bb border_style=\u00a0\u00bbsolid\u00a0\u00bb]<\/p>\n<p><strong>Travaux r\u00e9alis\u00e9s<\/strong><br \/>\n&#8211; Murs : remplacement des enduits ciment par des enduits chaux a\u00e9rienne et sables locaux, finition taloch\u00e9 pour les fa\u00e7ades et \u00ab \u00e0 pierres vues \u00bb pour les pignons<br \/>\n&#8211; Toiture : suppression des tuiles m\u00e9caniques pour retravailler les rives de toiture sur les pignons<br \/>\n&#8211; Suppression des auvents et du perron \u00ab ann\u00e9es 70 \u00bb et reconstruction d\u2019un escalier en pierre de comblanchien, d\u2019un garde-corps contemporain.<br \/>\n&#8211; A noter \u00e9galement : enterrement des fils ext\u00e9rieurs en cours par EDF<br \/>\nL\u2019ensemble des travaux a redonn\u00e9 une mat\u00e9rialit\u00e9 et de l\u2019\u00e9l\u00e9gance \u00e0 une fa\u00e7ade auparavant terne et sans attrait. La modification des ouvertures existantes a permis \u00e0 ce b\u00e2ti de retrouver des proportions agr\u00e9ables et fid\u00e8les aux ouvertures d\u2019origine, respectant les formes des percements traditionnels et la singularit\u00e9 de cet ensemble de maisons. Cette restauration a re\u00e7u le <strong>Label Fondation du patrimoine<\/strong>.<\/p>\n<p>[\/et_pb_text][\/et_pb_column][\/et_pb_row][\/et_pb_section]<\/p>\n","protected":false},"excerpt":{"rendered":"<p>L\u2019ensemble des travaux a redonn\u00e9 une mat\u00e9rialit\u00e9 et de l\u2019\u00e9l\u00e9gance \u00e0 une fa\u00e7ade auparavant terne et sans attrait. La modification des ouvertures existantes a permis \u00e0 ce b\u00e2ti de retrouver des proportions agr\u00e9ables&#8230;<\/p>\n","protected":false},"author":17,"featured_media":94189,"comment_status":"closed","ping_status":"closed","sticky":false,"template":"","format":"standard","meta":{"_et_pb_use_builder":"on","_et_pb_old_content":"","_et_gb_content_width":"","footnotes":""},"categories":[6340],"tags":[11684],"class_list":["post-94188","post","type-post","status-publish","format-standard","has-post-thumbnail","hentry","category-architecture-conception","tag-prix-mpf-rene-fontaine"],"yoast_head":"<!-- This site is optimized with the Yoast SEO plugin v27.4 - https:\/\/yoast.com\/product\/yoast-seo-wordpress\/ -->\n<title>Prix MPF - Ren\u00e9 Fontaine : restauration d&#039;une maison de village \u00e0 Pesmes (70) pour en faire une habitation principale<\/title>\n<meta name=\"robots\" content=\"index, follow, max-snippet:-1, max-image-preview:large, max-video-preview:-1\" \/>\n<link rel=\"canonical\" href=\"https:\/\/batijournal.com\/index.php\/prix-mpf-rene-fontaine-restauration-dune-maison-de-village-a-pesmes-70-faire-habitation-principale\/94188\/\" \/>\n<meta property=\"og:locale\" content=\"fr_FR\" \/>\n<meta property=\"og:type\" content=\"article\" \/>\n<meta property=\"og:title\" content=\"Prix MPF - Ren\u00e9 Fontaine : restauration d&#039;une maison de village \u00e0 Pesmes (70) pour en faire une habitation principale\" \/>\n<meta property=\"og:description\" content=\"L\u2019ensemble des travaux a redonn\u00e9 une mat\u00e9rialit\u00e9 et de l\u2019\u00e9l\u00e9gance \u00e0 une fa\u00e7ade auparavant terne et sans attrait. La modification des ouvertures existantes a permis \u00e0 ce b\u00e2ti de retrouver des proportions agr\u00e9ables...\" \/>\n<meta property=\"og:url\" content=\"https:\/\/batijournal.com\/index.php\/prix-mpf-rene-fontaine-restauration-dune-maison-de-village-a-pesmes-70-faire-habitation-principale\/94188\/\" \/>\n<meta property=\"og:site_name\" content=\"Batijournal\" \/>\n<meta property=\"article:published_time\" content=\"2016-11-09T09:33:55+00:00\" \/>\n<meta property=\"article:modified_time\" content=\"2019-07-15T09:27:44+00:00\" \/>\n<meta property=\"og:image\" content=\"https:\/\/batijournal.com\/wp-content\/uploads\/2016\/11\/restauration-maison-de-village-a-Pesmes-3.jpg\" \/>\n\t<meta property=\"og:image:width\" content=\"1200\" \/>\n\t<meta property=\"og:image:height\" content=\"900\" \/>\n\t<meta property=\"og:image:type\" content=\"image\/jpeg\" \/>\n<meta name=\"author\" content=\"St\u00e9phane Miget\" \/>\n<meta name=\"twitter:card\" content=\"summary_large_image\" \/>\n<meta name=\"twitter:creator\" content=\"@bati_journal\" \/>\n<meta name=\"twitter:site\" content=\"@bati_journal\" \/>\n<meta name=\"twitter:label1\" content=\"\u00c9crit par\" \/>\n\t<meta name=\"twitter:data1\" content=\"St\u00e9phane Miget\" \/>\n\t<meta name=\"twitter:label2\" content=\"Dur\u00e9e de lecture estim\u00e9e\" \/>\n\t<meta name=\"twitter:data2\" content=\"3 minutes\" \/>\n<script type=\"application\/ld+json\" class=\"yoast-schema-graph\">{\"@context\":\"https:\\\/\\\/schema.org\",\"@graph\":[{\"@type\":\"Article\",\"@id\":\"https:\\\/\\\/batijournal.com\\\/index.php\\\/prix-mpf-rene-fontaine-restauration-dune-maison-de-village-a-pesmes-70-faire-habitation-principale\\\/94188\\\/#article\",\"isPartOf\":{\"@id\":\"https:\\\/\\\/batijournal.com\\\/index.php\\\/prix-mpf-rene-fontaine-restauration-dune-maison-de-village-a-pesmes-70-faire-habitation-principale\\\/94188\\\/\"},\"author\":{\"name\":\"St\u00e9phane Miget\",\"@id\":\"https:\\\/\\\/batijournal.com\\\/#\\\/schema\\\/person\\\/1dc96ec6957aa1ccb25ebe78bb19f100\"},\"headline\":\"Prix MPF &#8211; Ren\u00e9 Fontaine : restauration d&rsquo;une maison de village \u00e0 Pesmes (70) pour en faire une habitation principale\",\"datePublished\":\"2016-11-09T09:33:55+00:00\",\"dateModified\":\"2019-07-15T09:27:44+00:00\",\"mainEntityOfPage\":{\"@id\":\"https:\\\/\\\/batijournal.com\\\/index.php\\\/prix-mpf-rene-fontaine-restauration-dune-maison-de-village-a-pesmes-70-faire-habitation-principale\\\/94188\\\/\"},\"wordCount\":585,\"image\":{\"@id\":\"https:\\\/\\\/batijournal.com\\\/index.php\\\/prix-mpf-rene-fontaine-restauration-dune-maison-de-village-a-pesmes-70-faire-habitation-principale\\\/94188\\\/#primaryimage\"},\"thumbnailUrl\":\"https:\\\/\\\/batijournal.com\\\/wp-content\\\/uploads\\\/2016\\\/11\\\/restauration-maison-de-village-a-Pesmes-3.jpg\",\"keywords\":[\"Prix MPF - Ren\u00e9 Fontaine\"],\"articleSection\":[\"Architecture &amp; Conception\"],\"inLanguage\":\"fr-FR\"},{\"@type\":\"WebPage\",\"@id\":\"https:\\\/\\\/batijournal.com\\\/index.php\\\/prix-mpf-rene-fontaine-restauration-dune-maison-de-village-a-pesmes-70-faire-habitation-principale\\\/94188\\\/\",\"url\":\"https:\\\/\\\/batijournal.com\\\/index.php\\\/prix-mpf-rene-fontaine-restauration-dune-maison-de-village-a-pesmes-70-faire-habitation-principale\\\/94188\\\/\",\"name\":\"Prix MPF - Ren\u00e9 Fontaine : restauration d'une maison de village \u00e0 Pesmes (70) pour en faire une habitation principale\",\"isPartOf\":{\"@id\":\"https:\\\/\\\/batijournal.com\\\/#website\"},\"primaryImageOfPage\":{\"@id\":\"https:\\\/\\\/batijournal.com\\\/index.php\\\/prix-mpf-rene-fontaine-restauration-dune-maison-de-village-a-pesmes-70-faire-habitation-principale\\\/94188\\\/#primaryimage\"},\"image\":{\"@id\":\"https:\\\/\\\/batijournal.com\\\/index.php\\\/prix-mpf-rene-fontaine-restauration-dune-maison-de-village-a-pesmes-70-faire-habitation-principale\\\/94188\\\/#primaryimage\"},\"thumbnailUrl\":\"https:\\\/\\\/batijournal.com\\\/wp-content\\\/uploads\\\/2016\\\/11\\\/restauration-maison-de-village-a-Pesmes-3.jpg\",\"datePublished\":\"2016-11-09T09:33:55+00:00\",\"dateModified\":\"2019-07-15T09:27:44+00:00\",\"author\":{\"@id\":\"https:\\\/\\\/batijournal.com\\\/#\\\/schema\\\/person\\\/1dc96ec6957aa1ccb25ebe78bb19f100\"},\"breadcrumb\":{\"@id\":\"https:\\\/\\\/batijournal.com\\\/index.php\\\/prix-mpf-rene-fontaine-restauration-dune-maison-de-village-a-pesmes-70-faire-habitation-principale\\\/94188\\\/#breadcrumb\"},\"inLanguage\":\"fr-FR\",\"potentialAction\":[{\"@type\":\"ReadAction\",\"target\":[\"https:\\\/\\\/batijournal.com\\\/index.php\\\/prix-mpf-rene-fontaine-restauration-dune-maison-de-village-a-pesmes-70-faire-habitation-principale\\\/94188\\\/\"]}]},{\"@type\":\"ImageObject\",\"inLanguage\":\"fr-FR\",\"@id\":\"https:\\\/\\\/batijournal.com\\\/index.php\\\/prix-mpf-rene-fontaine-restauration-dune-maison-de-village-a-pesmes-70-faire-habitation-principale\\\/94188\\\/#primaryimage\",\"url\":\"https:\\\/\\\/batijournal.com\\\/wp-content\\\/uploads\\\/2016\\\/11\\\/restauration-maison-de-village-a-Pesmes-3.jpg\",\"contentUrl\":\"https:\\\/\\\/batijournal.com\\\/wp-content\\\/uploads\\\/2016\\\/11\\\/restauration-maison-de-village-a-Pesmes-3.jpg\",\"width\":1200,\"height\":900},{\"@type\":\"BreadcrumbList\",\"@id\":\"https:\\\/\\\/batijournal.com\\\/index.php\\\/prix-mpf-rene-fontaine-restauration-dune-maison-de-village-a-pesmes-70-faire-habitation-principale\\\/94188\\\/#breadcrumb\",\"itemListElement\":[{\"@type\":\"ListItem\",\"position\":1,\"name\":\"Accueil\",\"item\":\"https:\\\/\\\/batijournal.com\\\/\"},{\"@type\":\"ListItem\",\"position\":2,\"name\":\"Actualit\u00e9s\",\"item\":\"https:\\\/\\\/batijournal.com\\\/index.php\\\/category\\\/actualites\\\/\"},{\"@type\":\"ListItem\",\"position\":3,\"name\":\"Architecture &amp; Conception\",\"item\":\"https:\\\/\\\/batijournal.com\\\/index.php\\\/category\\\/actualites\\\/architecture-conception\\\/\"},{\"@type\":\"ListItem\",\"position\":4,\"name\":\"Prix MPF &#8211; Ren\u00e9 Fontaine : restauration d&rsquo;une maison de village \u00e0 Pesmes (70) pour en faire une habitation principale\"}]},{\"@type\":\"WebSite\",\"@id\":\"https:\\\/\\\/batijournal.com\\\/#website\",\"url\":\"https:\\\/\\\/batijournal.com\\\/\",\"name\":\"Batijournal\",\"description\":\"L&#039;actualit\u00e9 du b\u00e2timent\",\"potentialAction\":[{\"@type\":\"SearchAction\",\"target\":{\"@type\":\"EntryPoint\",\"urlTemplate\":\"https:\\\/\\\/batijournal.com\\\/?s={search_term_string}\"},\"query-input\":{\"@type\":\"PropertyValueSpecification\",\"valueRequired\":true,\"valueName\":\"search_term_string\"}}],\"inLanguage\":\"fr-FR\"},{\"@type\":\"Person\",\"@id\":\"https:\\\/\\\/batijournal.com\\\/#\\\/schema\\\/person\\\/1dc96ec6957aa1ccb25ebe78bb19f100\",\"name\":\"St\u00e9phane Miget\",\"image\":{\"@type\":\"ImageObject\",\"inLanguage\":\"fr-FR\",\"@id\":\"https:\\\/\\\/secure.gravatar.com\\\/avatar\\\/89915563d925342126b8ef0281b93d9d7fc337043e8df017f780908eb9644451?s=96&d=mm&r=g\",\"url\":\"https:\\\/\\\/secure.gravatar.com\\\/avatar\\\/89915563d925342126b8ef0281b93d9d7fc337043e8df017f780908eb9644451?s=96&d=mm&r=g\",\"contentUrl\":\"https:\\\/\\\/secure.gravatar.com\\\/avatar\\\/89915563d925342126b8ef0281b93d9d7fc337043e8df017f780908eb9644451?s=96&d=mm&r=g\",\"caption\":\"St\u00e9phane Miget\"},\"url\":\"https:\\\/\\\/batijournal.com\\\/index.php\\\/author\\\/stephane\\\/\"}]}<\/script>\n<!-- \/ Yoast SEO plugin. -->","yoast_head_json":{"title":"Prix MPF - Ren\u00e9 Fontaine : restauration d'une maison de village \u00e0 Pesmes (70) pour en faire une habitation principale","robots":{"index":"index","follow":"follow","max-snippet":"max-snippet:-1","max-image-preview":"max-image-preview:large","max-video-preview":"max-video-preview:-1"},"canonical":"https:\/\/batijournal.com\/index.php\/prix-mpf-rene-fontaine-restauration-dune-maison-de-village-a-pesmes-70-faire-habitation-principale\/94188\/","og_locale":"fr_FR","og_type":"article","og_title":"Prix MPF - Ren\u00e9 Fontaine : restauration d'une maison de village \u00e0 Pesmes (70) pour en faire une habitation principale","og_description":"L\u2019ensemble des travaux a redonn\u00e9 une mat\u00e9rialit\u00e9 et de l\u2019\u00e9l\u00e9gance \u00e0 une fa\u00e7ade auparavant terne et sans attrait. La modification des ouvertures existantes a permis \u00e0 ce b\u00e2ti de retrouver des proportions agr\u00e9ables...","og_url":"https:\/\/batijournal.com\/index.php\/prix-mpf-rene-fontaine-restauration-dune-maison-de-village-a-pesmes-70-faire-habitation-principale\/94188\/","og_site_name":"Batijournal","article_published_time":"2016-11-09T09:33:55+00:00","article_modified_time":"2019-07-15T09:27:44+00:00","og_image":[{"width":1200,"height":900,"url":"https:\/\/batijournal.com\/wp-content\/uploads\/2016\/11\/restauration-maison-de-village-a-Pesmes-3.jpg","type":"image\/jpeg"}],"author":"St\u00e9phane Miget","twitter_card":"summary_large_image","twitter_creator":"@bati_journal","twitter_site":"@bati_journal","twitter_misc":{"\u00c9crit par":"St\u00e9phane Miget","Dur\u00e9e de lecture estim\u00e9e":"3 minutes"},"schema":{"@context":"https:\/\/schema.org","@graph":[{"@type":"Article","@id":"https:\/\/batijournal.com\/index.php\/prix-mpf-rene-fontaine-restauration-dune-maison-de-village-a-pesmes-70-faire-habitation-principale\/94188\/#article","isPartOf":{"@id":"https:\/\/batijournal.com\/index.php\/prix-mpf-rene-fontaine-restauration-dune-maison-de-village-a-pesmes-70-faire-habitation-principale\/94188\/"},"author":{"name":"St\u00e9phane Miget","@id":"https:\/\/batijournal.com\/#\/schema\/person\/1dc96ec6957aa1ccb25ebe78bb19f100"},"headline":"Prix MPF &#8211; Ren\u00e9 Fontaine : restauration d&rsquo;une maison de village \u00e0 Pesmes (70) pour en faire une habitation principale","datePublished":"2016-11-09T09:33:55+00:00","dateModified":"2019-07-15T09:27:44+00:00","mainEntityOfPage":{"@id":"https:\/\/batijournal.com\/index.php\/prix-mpf-rene-fontaine-restauration-dune-maison-de-village-a-pesmes-70-faire-habitation-principale\/94188\/"},"wordCount":585,"image":{"@id":"https:\/\/batijournal.com\/index.php\/prix-mpf-rene-fontaine-restauration-dune-maison-de-village-a-pesmes-70-faire-habitation-principale\/94188\/#primaryimage"},"thumbnailUrl":"https:\/\/batijournal.com\/wp-content\/uploads\/2016\/11\/restauration-maison-de-village-a-Pesmes-3.jpg","keywords":["Prix MPF - Ren\u00e9 Fontaine"],"articleSection":["Architecture &amp; Conception"],"inLanguage":"fr-FR"},{"@type":"WebPage","@id":"https:\/\/batijournal.com\/index.php\/prix-mpf-rene-fontaine-restauration-dune-maison-de-village-a-pesmes-70-faire-habitation-principale\/94188\/","url":"https:\/\/batijournal.com\/index.php\/prix-mpf-rene-fontaine-restauration-dune-maison-de-village-a-pesmes-70-faire-habitation-principale\/94188\/","name":"Prix MPF - Ren\u00e9 Fontaine : restauration d'une maison de village \u00e0 Pesmes (70) pour en faire une habitation principale","isPartOf":{"@id":"https:\/\/batijournal.com\/#website"},"primaryImageOfPage":{"@id":"https:\/\/batijournal.com\/index.php\/prix-mpf-rene-fontaine-restauration-dune-maison-de-village-a-pesmes-70-faire-habitation-principale\/94188\/#primaryimage"},"image":{"@id":"https:\/\/batijournal.com\/index.php\/prix-mpf-rene-fontaine-restauration-dune-maison-de-village-a-pesmes-70-faire-habitation-principale\/94188\/#primaryimage"},"thumbnailUrl":"https:\/\/batijournal.com\/wp-content\/uploads\/2016\/11\/restauration-maison-de-village-a-Pesmes-3.jpg","datePublished":"2016-11-09T09:33:55+00:00","dateModified":"2019-07-15T09:27:44+00:00","author":{"@id":"https:\/\/batijournal.com\/#\/schema\/person\/1dc96ec6957aa1ccb25ebe78bb19f100"},"breadcrumb":{"@id":"https:\/\/batijournal.com\/index.php\/prix-mpf-rene-fontaine-restauration-dune-maison-de-village-a-pesmes-70-faire-habitation-principale\/94188\/#breadcrumb"},"inLanguage":"fr-FR","potentialAction":[{"@type":"ReadAction","target":["https:\/\/batijournal.com\/index.php\/prix-mpf-rene-fontaine-restauration-dune-maison-de-village-a-pesmes-70-faire-habitation-principale\/94188\/"]}]},{"@type":"ImageObject","inLanguage":"fr-FR","@id":"https:\/\/batijournal.com\/index.php\/prix-mpf-rene-fontaine-restauration-dune-maison-de-village-a-pesmes-70-faire-habitation-principale\/94188\/#primaryimage","url":"https:\/\/batijournal.com\/wp-content\/uploads\/2016\/11\/restauration-maison-de-village-a-Pesmes-3.jpg","contentUrl":"https:\/\/batijournal.com\/wp-content\/uploads\/2016\/11\/restauration-maison-de-village-a-Pesmes-3.jpg","width":1200,"height":900},{"@type":"BreadcrumbList","@id":"https:\/\/batijournal.com\/index.php\/prix-mpf-rene-fontaine-restauration-dune-maison-de-village-a-pesmes-70-faire-habitation-principale\/94188\/#breadcrumb","itemListElement":[{"@type":"ListItem","position":1,"name":"Accueil","item":"https:\/\/batijournal.com\/"},{"@type":"ListItem","position":2,"name":"Actualit\u00e9s","item":"https:\/\/batijournal.com\/index.php\/category\/actualites\/"},{"@type":"ListItem","position":3,"name":"Architecture &amp; Conception","item":"https:\/\/batijournal.com\/index.php\/category\/actualites\/architecture-conception\/"},{"@type":"ListItem","position":4,"name":"Prix MPF &#8211; Ren\u00e9 Fontaine : restauration d&rsquo;une maison de village \u00e0 Pesmes (70) pour en faire une habitation principale"}]},{"@type":"WebSite","@id":"https:\/\/batijournal.com\/#website","url":"https:\/\/batijournal.com\/","name":"Batijournal","description":"L&#039;actualit\u00e9 du b\u00e2timent","potentialAction":[{"@type":"SearchAction","target":{"@type":"EntryPoint","urlTemplate":"https:\/\/batijournal.com\/?s={search_term_string}"},"query-input":{"@type":"PropertyValueSpecification","valueRequired":true,"valueName":"search_term_string"}}],"inLanguage":"fr-FR"},{"@type":"Person","@id":"https:\/\/batijournal.com\/#\/schema\/person\/1dc96ec6957aa1ccb25ebe78bb19f100","name":"St\u00e9phane Miget","image":{"@type":"ImageObject","inLanguage":"fr-FR","@id":"https:\/\/secure.gravatar.com\/avatar\/89915563d925342126b8ef0281b93d9d7fc337043e8df017f780908eb9644451?s=96&d=mm&r=g","url":"https:\/\/secure.gravatar.com\/avatar\/89915563d925342126b8ef0281b93d9d7fc337043e8df017f780908eb9644451?s=96&d=mm&r=g","contentUrl":"https:\/\/secure.gravatar.com\/avatar\/89915563d925342126b8ef0281b93d9d7fc337043e8df017f780908eb9644451?s=96&d=mm&r=g","caption":"St\u00e9phane Miget"},"url":"https:\/\/batijournal.com\/index.php\/author\/stephane\/"}]}},"_links":{"self":[{"href":"https:\/\/batijournal.com\/index.php\/wp-json\/wp\/v2\/posts\/94188","targetHints":{"allow":["GET"]}}],"collection":[{"href":"https:\/\/batijournal.com\/index.php\/wp-json\/wp\/v2\/posts"}],"about":[{"href":"https:\/\/batijournal.com\/index.php\/wp-json\/wp\/v2\/types\/post"}],"author":[{"embeddable":true,"href":"https:\/\/batijournal.com\/index.php\/wp-json\/wp\/v2\/users\/17"}],"replies":[{"embeddable":true,"href":"https:\/\/batijournal.com\/index.php\/wp-json\/wp\/v2\/comments?post=94188"}],"version-history":[{"count":0,"href":"https:\/\/batijournal.com\/index.php\/wp-json\/wp\/v2\/posts\/94188\/revisions"}],"wp:featuredmedia":[{"embeddable":true,"href":"https:\/\/batijournal.com\/index.php\/wp-json\/wp\/v2\/media\/94189"}],"wp:attachment":[{"href":"https:\/\/batijournal.com\/index.php\/wp-json\/wp\/v2\/media?parent=94188"}],"wp:term":[{"taxonomy":"category","embeddable":true,"href":"https:\/\/batijournal.com\/index.php\/wp-json\/wp\/v2\/categories?post=94188"},{"taxonomy":"post_tag","embeddable":true,"href":"https:\/\/batijournal.com\/index.php\/wp-json\/wp\/v2\/tags?post=94188"}],"curies":[{"name":"wp","href":"https:\/\/api.w.org\/{rel}","templated":true}]}}