{"id":94346,"date":"2016-11-23T08:44:20","date_gmt":"2016-11-23T07:44:20","guid":{"rendered":"http:\/\/batijournal.com\/?p=94346"},"modified":"2019-07-15T11:27:44","modified_gmt":"2019-07-15T09:27:44","slug":"exposition-universelle-de-2025-candidature-de-france-officielle","status":"publish","type":"post","link":"https:\/\/batijournal.com\/index.php\/exposition-universelle-de-2025-candidature-de-france-officielle\/94346\/","title":{"rendered":"Exposition universelle de 2025 : la candidature de la France est officielle"},"content":{"rendered":"<p>Le Pr\u00e9sident de la R\u00e9publique a notifi\u00e9 officiellement au Bureau International des Expositions la candidature de la France \u00e0 l&rsquo;Exposition universelle de 2025. \u00ab L\u2019hospitalit\u00e9 \u00e9tait la valeur propos\u00e9e d\u00e8s 2014. De cette valeur est n\u00e9e l\u2019id\u00e9e du partage comme vecteur dynamique et universel du 21\u00e8me si\u00e8cle. Le Globe a \u00e9t\u00e9 le symbole initial de notre projet : le th\u00e8me officiel de la candidature \u02baLa connaissance \u00e0 partager, la plan\u00e8te \u00e0 prot\u00e9ger\u02ba illustre ainsi parfaitement notre ambition \u00bb a indiqu\u00e9 Jean-Christophe FROMANTIN, Pr\u00e9sident d&rsquo;EXPOFRANCE 2025. Le Groupement d\u2019Int\u00e9r\u00eat Public (GIP) va \u00eatre mis en place, constitu\u00e9 autour de l\u2019Etat, de l\u2019association EXPOFRANCE 2025, de la Ville de Paris, de la M\u00e9tropole du Grand Paris et de la R\u00e9gion Ile-de-France. Le GIP aura trois missions : s\u00e9lectionner le site d\u2019accueil du Village global, constituer le dossier de candidature et coordonner la promotion internationale.<\/p>\n","protected":false},"excerpt":{"rendered":"<p>Le Pr\u00e9sident de la R\u00e9publique a notifi\u00e9 officiellement au Bureau International des Expositions la candidature de la France \u00e0 l&rsquo;Exposition universelle de 2025. \u00ab L\u2019hospitalit\u00e9 \u00e9tait la valeur propos\u00e9e d\u00e8s 2014. De cette valeur est n\u00e9e l\u2019id\u00e9e du partage comme vecteur dynamique et universel du 21\u00e8me si\u00e8cle. Le Globe a \u00e9t\u00e9 le symbole initial de [&hellip;]<\/p>\n","protected":false},"author":17,"featured_media":94347,"comment_status":"closed","ping_status":"closed","sticky":false,"template":"","format":"standard","meta":{"_et_pb_use_builder":"","_et_pb_old_content":"","_et_gb_content_width":"","footnotes":""},"categories":[10530,6340],"tags":[3561],"class_list":["post-94346","post","type-post","status-publish","format-standard","has-post-thumbnail","hentry","category-actualites","category-architecture-conception","tag-exposition-universelle"],"yoast_head":"<!-- This site is optimized with the Yoast SEO plugin v27.4 - https:\/\/yoast.com\/product\/yoast-seo-wordpress\/ -->\n<title>Exposition universelle de 2025 : la candidature de la France est officielle<\/title>\n<meta name=\"robots\" content=\"index, follow, max-snippet:-1, max-image-preview:large, max-video-preview:-1\" \/>\n<link rel=\"canonical\" href=\"https:\/\/batijournal.com\/index.php\/exposition-universelle-de-2025-candidature-de-france-officielle\/94346\/\" \/>\n<meta property=\"og:locale\" content=\"fr_FR\" \/>\n<meta property=\"og:type\" content=\"article\" \/>\n<meta property=\"og:title\" content=\"Exposition universelle de 2025 : la candidature de la France est officielle\" \/>\n<meta property=\"og:description\" content=\"Le Pr\u00e9sident de la R\u00e9publique a notifi\u00e9 officiellement au Bureau International des Expositions la candidature de la France \u00e0 l&rsquo;Exposition universelle de 2025. \u00ab L\u2019hospitalit\u00e9 \u00e9tait la valeur propos\u00e9e d\u00e8s 2014. De cette valeur est n\u00e9e l\u2019id\u00e9e du partage comme vecteur dynamique et universel du 21\u00e8me si\u00e8cle. Le Globe a \u00e9t\u00e9 le symbole initial de [&hellip;]\" \/>\n<meta property=\"og:url\" content=\"https:\/\/batijournal.com\/index.php\/exposition-universelle-de-2025-candidature-de-france-officielle\/94346\/\" \/>\n<meta property=\"og:site_name\" content=\"Batijournal\" \/>\n<meta property=\"article:published_time\" content=\"2016-11-23T07:44:20+00:00\" \/>\n<meta property=\"article:modified_time\" content=\"2019-07-15T09:27:44+00:00\" \/>\n<meta property=\"og:image\" content=\"https:\/\/batijournal.com\/wp-content\/uploads\/2016\/11\/EXPOFRANCE2025_LOGO.jpg\" \/>\n\t<meta property=\"og:image:width\" content=\"850\" \/>\n\t<meta property=\"og:image:height\" content=\"368\" \/>\n\t<meta property=\"og:image:type\" content=\"image\/jpeg\" \/>\n<meta name=\"author\" content=\"St\u00e9phane Miget\" \/>\n<meta name=\"twitter:card\" content=\"summary_large_image\" \/>\n<meta name=\"twitter:creator\" content=\"@bati_journal\" \/>\n<meta name=\"twitter:site\" content=\"@bati_journal\" \/>\n<meta name=\"twitter:label1\" content=\"\u00c9crit par\" \/>\n\t<meta name=\"twitter:data1\" content=\"St\u00e9phane Miget\" \/>\n\t<meta name=\"twitter:label2\" content=\"Dur\u00e9e de lecture estim\u00e9e\" \/>\n\t<meta name=\"twitter:data2\" content=\"1 minute\" \/>\n<script type=\"application\/ld+json\" class=\"yoast-schema-graph\">{\"@context\":\"https:\\\/\\\/schema.org\",\"@graph\":[{\"@type\":\"Article\",\"@id\":\"https:\\\/\\\/batijournal.com\\\/index.php\\\/exposition-universelle-de-2025-candidature-de-france-officielle\\\/94346\\\/#article\",\"isPartOf\":{\"@id\":\"https:\\\/\\\/batijournal.com\\\/index.php\\\/exposition-universelle-de-2025-candidature-de-france-officielle\\\/94346\\\/\"},\"author\":{\"name\":\"St\u00e9phane Miget\",\"@id\":\"https:\\\/\\\/batijournal.com\\\/#\\\/schema\\\/person\\\/1dc96ec6957aa1ccb25ebe78bb19f100\"},\"headline\":\"Exposition universelle de 2025 : la candidature de la France est officielle\",\"datePublished\":\"2016-11-23T07:44:20+00:00\",\"dateModified\":\"2019-07-15T09:27:44+00:00\",\"mainEntityOfPage\":{\"@id\":\"https:\\\/\\\/batijournal.com\\\/index.php\\\/exposition-universelle-de-2025-candidature-de-france-officielle\\\/94346\\\/\"},\"wordCount\":165,\"image\":{\"@id\":\"https:\\\/\\\/batijournal.com\\\/index.php\\\/exposition-universelle-de-2025-candidature-de-france-officielle\\\/94346\\\/#primaryimage\"},\"thumbnailUrl\":\"https:\\\/\\\/batijournal.com\\\/wp-content\\\/uploads\\\/2016\\\/11\\\/EXPOFRANCE2025_LOGO.jpg\",\"keywords\":[\"Exposition universelle\"],\"articleSection\":[\"Actualit\u00e9s\",\"Architecture &amp; Conception\"],\"inLanguage\":\"fr-FR\"},{\"@type\":\"WebPage\",\"@id\":\"https:\\\/\\\/batijournal.com\\\/index.php\\\/exposition-universelle-de-2025-candidature-de-france-officielle\\\/94346\\\/\",\"url\":\"https:\\\/\\\/batijournal.com\\\/index.php\\\/exposition-universelle-de-2025-candidature-de-france-officielle\\\/94346\\\/\",\"name\":\"Exposition universelle de 2025 : la candidature de la France est officielle\",\"isPartOf\":{\"@id\":\"https:\\\/\\\/batijournal.com\\\/#website\"},\"primaryImageOfPage\":{\"@id\":\"https:\\\/\\\/batijournal.com\\\/index.php\\\/exposition-universelle-de-2025-candidature-de-france-officielle\\\/94346\\\/#primaryimage\"},\"image\":{\"@id\":\"https:\\\/\\\/batijournal.com\\\/index.php\\\/exposition-universelle-de-2025-candidature-de-france-officielle\\\/94346\\\/#primaryimage\"},\"thumbnailUrl\":\"https:\\\/\\\/batijournal.com\\\/wp-content\\\/uploads\\\/2016\\\/11\\\/EXPOFRANCE2025_LOGO.jpg\",\"datePublished\":\"2016-11-23T07:44:20+00:00\",\"dateModified\":\"2019-07-15T09:27:44+00:00\",\"author\":{\"@id\":\"https:\\\/\\\/batijournal.com\\\/#\\\/schema\\\/person\\\/1dc96ec6957aa1ccb25ebe78bb19f100\"},\"breadcrumb\":{\"@id\":\"https:\\\/\\\/batijournal.com\\\/index.php\\\/exposition-universelle-de-2025-candidature-de-france-officielle\\\/94346\\\/#breadcrumb\"},\"inLanguage\":\"fr-FR\",\"potentialAction\":[{\"@type\":\"ReadAction\",\"target\":[\"https:\\\/\\\/batijournal.com\\\/index.php\\\/exposition-universelle-de-2025-candidature-de-france-officielle\\\/94346\\\/\"]}]},{\"@type\":\"ImageObject\",\"inLanguage\":\"fr-FR\",\"@id\":\"https:\\\/\\\/batijournal.com\\\/index.php\\\/exposition-universelle-de-2025-candidature-de-france-officielle\\\/94346\\\/#primaryimage\",\"url\":\"https:\\\/\\\/batijournal.com\\\/wp-content\\\/uploads\\\/2016\\\/11\\\/EXPOFRANCE2025_LOGO.jpg\",\"contentUrl\":\"https:\\\/\\\/batijournal.com\\\/wp-content\\\/uploads\\\/2016\\\/11\\\/EXPOFRANCE2025_LOGO.jpg\",\"width\":850,\"height\":368},{\"@type\":\"BreadcrumbList\",\"@id\":\"https:\\\/\\\/batijournal.com\\\/index.php\\\/exposition-universelle-de-2025-candidature-de-france-officielle\\\/94346\\\/#breadcrumb\",\"itemListElement\":[{\"@type\":\"ListItem\",\"position\":1,\"name\":\"Accueil\",\"item\":\"https:\\\/\\\/batijournal.com\\\/\"},{\"@type\":\"ListItem\",\"position\":2,\"name\":\"Actualit\u00e9s\",\"item\":\"https:\\\/\\\/batijournal.com\\\/index.php\\\/category\\\/actualites\\\/\"},{\"@type\":\"ListItem\",\"position\":3,\"name\":\"Exposition universelle de 2025 : la candidature de la France est officielle\"}]},{\"@type\":\"WebSite\",\"@id\":\"https:\\\/\\\/batijournal.com\\\/#website\",\"url\":\"https:\\\/\\\/batijournal.com\\\/\",\"name\":\"Batijournal\",\"description\":\"L&#039;actualit\u00e9 du b\u00e2timent\",\"potentialAction\":[{\"@type\":\"SearchAction\",\"target\":{\"@type\":\"EntryPoint\",\"urlTemplate\":\"https:\\\/\\\/batijournal.com\\\/?s={search_term_string}\"},\"query-input\":{\"@type\":\"PropertyValueSpecification\",\"valueRequired\":true,\"valueName\":\"search_term_string\"}}],\"inLanguage\":\"fr-FR\"},{\"@type\":\"Person\",\"@id\":\"https:\\\/\\\/batijournal.com\\\/#\\\/schema\\\/person\\\/1dc96ec6957aa1ccb25ebe78bb19f100\",\"name\":\"St\u00e9phane Miget\",\"image\":{\"@type\":\"ImageObject\",\"inLanguage\":\"fr-FR\",\"@id\":\"https:\\\/\\\/secure.gravatar.com\\\/avatar\\\/89915563d925342126b8ef0281b93d9d7fc337043e8df017f780908eb9644451?s=96&d=mm&r=g\",\"url\":\"https:\\\/\\\/secure.gravatar.com\\\/avatar\\\/89915563d925342126b8ef0281b93d9d7fc337043e8df017f780908eb9644451?s=96&d=mm&r=g\",\"contentUrl\":\"https:\\\/\\\/secure.gravatar.com\\\/avatar\\\/89915563d925342126b8ef0281b93d9d7fc337043e8df017f780908eb9644451?s=96&d=mm&r=g\",\"caption\":\"St\u00e9phane Miget\"},\"url\":\"https:\\\/\\\/batijournal.com\\\/index.php\\\/author\\\/stephane\\\/\"}]}<\/script>\n<!-- \/ Yoast SEO plugin. -->","yoast_head_json":{"title":"Exposition universelle de 2025 : la candidature de la France est officielle","robots":{"index":"index","follow":"follow","max-snippet":"max-snippet:-1","max-image-preview":"max-image-preview:large","max-video-preview":"max-video-preview:-1"},"canonical":"https:\/\/batijournal.com\/index.php\/exposition-universelle-de-2025-candidature-de-france-officielle\/94346\/","og_locale":"fr_FR","og_type":"article","og_title":"Exposition universelle de 2025 : la candidature de la France est officielle","og_description":"Le Pr\u00e9sident de la R\u00e9publique a notifi\u00e9 officiellement au Bureau International des Expositions la candidature de la France \u00e0 l&rsquo;Exposition universelle de 2025. \u00ab L\u2019hospitalit\u00e9 \u00e9tait la valeur propos\u00e9e d\u00e8s 2014. De cette valeur est n\u00e9e l\u2019id\u00e9e du partage comme vecteur dynamique et universel du 21\u00e8me si\u00e8cle. Le Globe a \u00e9t\u00e9 le symbole initial de [&hellip;]","og_url":"https:\/\/batijournal.com\/index.php\/exposition-universelle-de-2025-candidature-de-france-officielle\/94346\/","og_site_name":"Batijournal","article_published_time":"2016-11-23T07:44:20+00:00","article_modified_time":"2019-07-15T09:27:44+00:00","og_image":[{"width":850,"height":368,"url":"https:\/\/batijournal.com\/wp-content\/uploads\/2016\/11\/EXPOFRANCE2025_LOGO.jpg","type":"image\/jpeg"}],"author":"St\u00e9phane Miget","twitter_card":"summary_large_image","twitter_creator":"@bati_journal","twitter_site":"@bati_journal","twitter_misc":{"\u00c9crit par":"St\u00e9phane Miget","Dur\u00e9e de lecture estim\u00e9e":"1 minute"},"schema":{"@context":"https:\/\/schema.org","@graph":[{"@type":"Article","@id":"https:\/\/batijournal.com\/index.php\/exposition-universelle-de-2025-candidature-de-france-officielle\/94346\/#article","isPartOf":{"@id":"https:\/\/batijournal.com\/index.php\/exposition-universelle-de-2025-candidature-de-france-officielle\/94346\/"},"author":{"name":"St\u00e9phane Miget","@id":"https:\/\/batijournal.com\/#\/schema\/person\/1dc96ec6957aa1ccb25ebe78bb19f100"},"headline":"Exposition universelle de 2025 : la candidature de la France est officielle","datePublished":"2016-11-23T07:44:20+00:00","dateModified":"2019-07-15T09:27:44+00:00","mainEntityOfPage":{"@id":"https:\/\/batijournal.com\/index.php\/exposition-universelle-de-2025-candidature-de-france-officielle\/94346\/"},"wordCount":165,"image":{"@id":"https:\/\/batijournal.com\/index.php\/exposition-universelle-de-2025-candidature-de-france-officielle\/94346\/#primaryimage"},"thumbnailUrl":"https:\/\/batijournal.com\/wp-content\/uploads\/2016\/11\/EXPOFRANCE2025_LOGO.jpg","keywords":["Exposition universelle"],"articleSection":["Actualit\u00e9s","Architecture &amp; Conception"],"inLanguage":"fr-FR"},{"@type":"WebPage","@id":"https:\/\/batijournal.com\/index.php\/exposition-universelle-de-2025-candidature-de-france-officielle\/94346\/","url":"https:\/\/batijournal.com\/index.php\/exposition-universelle-de-2025-candidature-de-france-officielle\/94346\/","name":"Exposition universelle de 2025 : la candidature de la France est officielle","isPartOf":{"@id":"https:\/\/batijournal.com\/#website"},"primaryImageOfPage":{"@id":"https:\/\/batijournal.com\/index.php\/exposition-universelle-de-2025-candidature-de-france-officielle\/94346\/#primaryimage"},"image":{"@id":"https:\/\/batijournal.com\/index.php\/exposition-universelle-de-2025-candidature-de-france-officielle\/94346\/#primaryimage"},"thumbnailUrl":"https:\/\/batijournal.com\/wp-content\/uploads\/2016\/11\/EXPOFRANCE2025_LOGO.jpg","datePublished":"2016-11-23T07:44:20+00:00","dateModified":"2019-07-15T09:27:44+00:00","author":{"@id":"https:\/\/batijournal.com\/#\/schema\/person\/1dc96ec6957aa1ccb25ebe78bb19f100"},"breadcrumb":{"@id":"https:\/\/batijournal.com\/index.php\/exposition-universelle-de-2025-candidature-de-france-officielle\/94346\/#breadcrumb"},"inLanguage":"fr-FR","potentialAction":[{"@type":"ReadAction","target":["https:\/\/batijournal.com\/index.php\/exposition-universelle-de-2025-candidature-de-france-officielle\/94346\/"]}]},{"@type":"ImageObject","inLanguage":"fr-FR","@id":"https:\/\/batijournal.com\/index.php\/exposition-universelle-de-2025-candidature-de-france-officielle\/94346\/#primaryimage","url":"https:\/\/batijournal.com\/wp-content\/uploads\/2016\/11\/EXPOFRANCE2025_LOGO.jpg","contentUrl":"https:\/\/batijournal.com\/wp-content\/uploads\/2016\/11\/EXPOFRANCE2025_LOGO.jpg","width":850,"height":368},{"@type":"BreadcrumbList","@id":"https:\/\/batijournal.com\/index.php\/exposition-universelle-de-2025-candidature-de-france-officielle\/94346\/#breadcrumb","itemListElement":[{"@type":"ListItem","position":1,"name":"Accueil","item":"https:\/\/batijournal.com\/"},{"@type":"ListItem","position":2,"name":"Actualit\u00e9s","item":"https:\/\/batijournal.com\/index.php\/category\/actualites\/"},{"@type":"ListItem","position":3,"name":"Exposition universelle de 2025 : la candidature de la France est officielle"}]},{"@type":"WebSite","@id":"https:\/\/batijournal.com\/#website","url":"https:\/\/batijournal.com\/","name":"Batijournal","description":"L&#039;actualit\u00e9 du b\u00e2timent","potentialAction":[{"@type":"SearchAction","target":{"@type":"EntryPoint","urlTemplate":"https:\/\/batijournal.com\/?s={search_term_string}"},"query-input":{"@type":"PropertyValueSpecification","valueRequired":true,"valueName":"search_term_string"}}],"inLanguage":"fr-FR"},{"@type":"Person","@id":"https:\/\/batijournal.com\/#\/schema\/person\/1dc96ec6957aa1ccb25ebe78bb19f100","name":"St\u00e9phane Miget","image":{"@type":"ImageObject","inLanguage":"fr-FR","@id":"https:\/\/secure.gravatar.com\/avatar\/89915563d925342126b8ef0281b93d9d7fc337043e8df017f780908eb9644451?s=96&d=mm&r=g","url":"https:\/\/secure.gravatar.com\/avatar\/89915563d925342126b8ef0281b93d9d7fc337043e8df017f780908eb9644451?s=96&d=mm&r=g","contentUrl":"https:\/\/secure.gravatar.com\/avatar\/89915563d925342126b8ef0281b93d9d7fc337043e8df017f780908eb9644451?s=96&d=mm&r=g","caption":"St\u00e9phane Miget"},"url":"https:\/\/batijournal.com\/index.php\/author\/stephane\/"}]}},"_links":{"self":[{"href":"https:\/\/batijournal.com\/index.php\/wp-json\/wp\/v2\/posts\/94346","targetHints":{"allow":["GET"]}}],"collection":[{"href":"https:\/\/batijournal.com\/index.php\/wp-json\/wp\/v2\/posts"}],"about":[{"href":"https:\/\/batijournal.com\/index.php\/wp-json\/wp\/v2\/types\/post"}],"author":[{"embeddable":true,"href":"https:\/\/batijournal.com\/index.php\/wp-json\/wp\/v2\/users\/17"}],"replies":[{"embeddable":true,"href":"https:\/\/batijournal.com\/index.php\/wp-json\/wp\/v2\/comments?post=94346"}],"version-history":[{"count":0,"href":"https:\/\/batijournal.com\/index.php\/wp-json\/wp\/v2\/posts\/94346\/revisions"}],"wp:featuredmedia":[{"embeddable":true,"href":"https:\/\/batijournal.com\/index.php\/wp-json\/wp\/v2\/media\/94347"}],"wp:attachment":[{"href":"https:\/\/batijournal.com\/index.php\/wp-json\/wp\/v2\/media?parent=94346"}],"wp:term":[{"taxonomy":"category","embeddable":true,"href":"https:\/\/batijournal.com\/index.php\/wp-json\/wp\/v2\/categories?post=94346"},{"taxonomy":"post_tag","embeddable":true,"href":"https:\/\/batijournal.com\/index.php\/wp-json\/wp\/v2\/tags?post=94346"}],"curies":[{"name":"wp","href":"https:\/\/api.w.org\/{rel}","templated":true}]}}