{"id":94382,"date":"2016-11-28T09:03:36","date_gmt":"2016-11-28T08:03:36","guid":{"rendered":"http:\/\/batijournal.com\/?p=94382"},"modified":"2019-07-15T12:07:17","modified_gmt":"2019-07-15T10:07:17","slug":"nouveau-label-qualite-parcours-formation-durable","status":"publish","type":"post","link":"https:\/\/batijournal.com\/index.php\/nouveau-label-qualite-parcours-formation-durable\/94382\/","title":{"rendered":"Nouveau label qualit\u00e9 \u00ab Parcours Formation Durable \u00bb"},"content":{"rendered":"<p><strong>Qualit\u2019EnR propose d\u00e9sormais le label \u00ab Parcours Formation Durable \u00bb pour valoriser la d\u00e9marche qualit\u00e9 des organismes de formation.\u00a0Cette nouvelle certification s\u2019adresse \u00e0 tout organisme dispensant des formations en lien avec les domaines du b\u00e2timent, de l\u2019\u00e9nergie et de l\u2019environnement et dont les principaux publics sont les personnels techniques, commerciaux, ing\u00e9nieurs, charg\u00e9s de mission, etc.<\/strong><\/p>\n<p>Depuis le 8 novembre 2016, le label \u00ab Parcours Formation Durable \u00bb est inscrit au sein de la liste des certifications et labels g\u00e9r\u00e9e par le CNEFOP, qui vise \u00e0 faciliter le r\u00e9f\u00e9rencement par les organismes financeurs ayant la responsabilit\u00e9 d\u2019\u00e9laborer un catalogue de r\u00e9f\u00e9rence de prestataires de formation qui satisfont aux crit\u00e8res du d\u00e9cret du 30 juin 2015.<\/p>\n<p><strong>Une r\u00e9ponse \u00e0 l\u2019\u00e9volution du secteur en 2017<\/strong><\/p>\n<p>Dans le cadre de la r\u00e9vision de l&rsquo;article R6316-1 du code du travail issue du d\u00e9cret n\u00b02015-790 du 30 juin 2015 relatif \u00e0 la qualit\u00e9 des actions de la formation professionnelle continue, les organismes financeurs (OPCA, OPACIF, l&rsquo;Etat, les R\u00e9gions, P\u00f4le Emploi, etc.) devront s&rsquo;assurer de la qualit\u00e9 des actions de formation dispens\u00e9es par les prestataires de formation \u00e0 partir du 1er janvier 2017.<\/p>\n<p><strong>Les nouveaux crit\u00e8res demand\u00e9s sont les suivants :<\/strong><\/p>\n<p>L&rsquo;identification pr\u00e9cise des objectifs de la formation et son adaptation au public form\u00e9<br \/>\nL&rsquo;adaptation des dispositifs d&rsquo;accueil, de suivi p\u00e9dagogique et d&rsquo;\u00e9valuation aux publics de stagiaires<br \/>\nL&rsquo;ad\u00e9quation des moyens p\u00e9dagogiques, techniques et d&rsquo;encadrement \u00e0 l&rsquo;offre de formation<br \/>\nLa qualification professionnelle et la formation continue des personnels charg\u00e9s des formations<br \/>\nLes conditions d&rsquo;information du public sur l&rsquo;offre de formation, ses d\u00e9lais d&rsquo;acc\u00e8s et les r\u00e9sultats obtenus<br \/>\nLa prise en compte des appr\u00e9ciations rendues par les stagiaires<\/p>\n<p>Les organismes lab\u00e9lis\u00e9s \u00ab Parcours Formation Durable \u00bb satisferont \u00e0 ces nouvelles exigences impos\u00e9es aux organismes financeurs d\u00e8s 2017.<\/p>\n","protected":false},"excerpt":{"rendered":"<p>Qualit\u2019EnR propose d\u00e9sormais le label \u00ab Parcours Formation Durable \u00bb pour valoriser la d\u00e9marche qualit\u00e9 des organismes de formation.\u00a0Cette nouvelle certification s\u2019adresse \u00e0 tout organisme dispensant des formations en lien avec les domaines du b\u00e2timent, de l\u2019\u00e9nergie et de l\u2019environnement et dont les principaux publics sont les personnels techniques, commerciaux, ing\u00e9nieurs, charg\u00e9s de mission, etc. [&hellip;]<\/p>\n","protected":false},"author":17,"featured_media":94383,"comment_status":"closed","ping_status":"closed","sticky":false,"template":"","format":"standard","meta":{"_et_pb_use_builder":"","_et_pb_old_content":"","_et_gb_content_width":"","footnotes":""},"categories":[10530,6345],"tags":[4215,2143],"class_list":["post-94382","post","type-post","status-publish","format-standard","has-post-thumbnail","hentry","category-actualites","category-economie-marches","tag-batiment-durable-2","tag-qualitenr"],"yoast_head":"<!-- This site is optimized with the Yoast SEO plugin v27.4 - https:\/\/yoast.com\/product\/yoast-seo-wordpress\/ -->\n<title>Nouveau label qualit\u00e9 \u00ab Parcours Formation Durable \u00bb<\/title>\n<meta name=\"robots\" content=\"index, follow, max-snippet:-1, max-image-preview:large, max-video-preview:-1\" \/>\n<link rel=\"canonical\" href=\"https:\/\/batijournal.com\/index.php\/nouveau-label-qualite-parcours-formation-durable\/94382\/\" \/>\n<meta property=\"og:locale\" content=\"fr_FR\" \/>\n<meta property=\"og:type\" content=\"article\" \/>\n<meta property=\"og:title\" content=\"Nouveau label qualit\u00e9 \u00ab Parcours Formation Durable \u00bb\" \/>\n<meta property=\"og:description\" content=\"Qualit\u2019EnR propose d\u00e9sormais le label \u00ab Parcours Formation Durable \u00bb pour valoriser la d\u00e9marche qualit\u00e9 des organismes de formation.\u00a0Cette nouvelle certification s\u2019adresse \u00e0 tout organisme dispensant des formations en lien avec les domaines du b\u00e2timent, de l\u2019\u00e9nergie et de l\u2019environnement et dont les principaux publics sont les personnels techniques, commerciaux, ing\u00e9nieurs, charg\u00e9s de mission, etc. [&hellip;]\" \/>\n<meta property=\"og:url\" content=\"https:\/\/batijournal.com\/index.php\/nouveau-label-qualite-parcours-formation-durable\/94382\/\" \/>\n<meta property=\"og:site_name\" content=\"Batijournal\" \/>\n<meta property=\"article:published_time\" content=\"2016-11-28T08:03:36+00:00\" \/>\n<meta property=\"article:modified_time\" content=\"2019-07-15T10:07:17+00:00\" \/>\n<meta property=\"og:image\" content=\"https:\/\/batijournal.com\/wp-content\/uploads\/2016\/11\/Logo-Parcours-Formation-Durable-2016-HD.jpg\" \/>\n\t<meta property=\"og:image:width\" content=\"1200\" \/>\n\t<meta property=\"og:image:height\" content=\"559\" \/>\n\t<meta property=\"og:image:type\" content=\"image\/jpeg\" \/>\n<meta name=\"author\" content=\"St\u00e9phane Miget\" \/>\n<meta name=\"twitter:card\" content=\"summary_large_image\" \/>\n<meta name=\"twitter:creator\" content=\"@bati_journal\" \/>\n<meta name=\"twitter:site\" content=\"@bati_journal\" \/>\n<meta name=\"twitter:label1\" content=\"\u00c9crit par\" \/>\n\t<meta name=\"twitter:data1\" content=\"St\u00e9phane Miget\" \/>\n\t<meta name=\"twitter:label2\" content=\"Dur\u00e9e de lecture estim\u00e9e\" \/>\n\t<meta name=\"twitter:data2\" content=\"2 minutes\" \/>\n<script type=\"application\/ld+json\" class=\"yoast-schema-graph\">{\"@context\":\"https:\\\/\\\/schema.org\",\"@graph\":[{\"@type\":\"Article\",\"@id\":\"https:\\\/\\\/batijournal.com\\\/index.php\\\/nouveau-label-qualite-parcours-formation-durable\\\/94382\\\/#article\",\"isPartOf\":{\"@id\":\"https:\\\/\\\/batijournal.com\\\/index.php\\\/nouveau-label-qualite-parcours-formation-durable\\\/94382\\\/\"},\"author\":{\"name\":\"St\u00e9phane Miget\",\"@id\":\"https:\\\/\\\/batijournal.com\\\/#\\\/schema\\\/person\\\/1dc96ec6957aa1ccb25ebe78bb19f100\"},\"headline\":\"Nouveau label qualit\u00e9 \u00ab Parcours Formation Durable \u00bb\",\"datePublished\":\"2016-11-28T08:03:36+00:00\",\"dateModified\":\"2019-07-15T10:07:17+00:00\",\"mainEntityOfPage\":{\"@id\":\"https:\\\/\\\/batijournal.com\\\/index.php\\\/nouveau-label-qualite-parcours-formation-durable\\\/94382\\\/\"},\"wordCount\":327,\"image\":{\"@id\":\"https:\\\/\\\/batijournal.com\\\/index.php\\\/nouveau-label-qualite-parcours-formation-durable\\\/94382\\\/#primaryimage\"},\"thumbnailUrl\":\"https:\\\/\\\/batijournal.com\\\/wp-content\\\/uploads\\\/2016\\\/11\\\/Logo-Parcours-Formation-Durable-2016-HD.jpg\",\"keywords\":[\"B\u00e2timent durable\",\"Qualit\u0092EnR\"],\"articleSection\":[\"Actualit\u00e9s\",\"\u00c9conomie &amp; March\u00e9s\"],\"inLanguage\":\"fr-FR\"},{\"@type\":\"WebPage\",\"@id\":\"https:\\\/\\\/batijournal.com\\\/index.php\\\/nouveau-label-qualite-parcours-formation-durable\\\/94382\\\/\",\"url\":\"https:\\\/\\\/batijournal.com\\\/index.php\\\/nouveau-label-qualite-parcours-formation-durable\\\/94382\\\/\",\"name\":\"Nouveau label qualit\u00e9 \u00ab Parcours Formation Durable \u00bb\",\"isPartOf\":{\"@id\":\"https:\\\/\\\/batijournal.com\\\/#website\"},\"primaryImageOfPage\":{\"@id\":\"https:\\\/\\\/batijournal.com\\\/index.php\\\/nouveau-label-qualite-parcours-formation-durable\\\/94382\\\/#primaryimage\"},\"image\":{\"@id\":\"https:\\\/\\\/batijournal.com\\\/index.php\\\/nouveau-label-qualite-parcours-formation-durable\\\/94382\\\/#primaryimage\"},\"thumbnailUrl\":\"https:\\\/\\\/batijournal.com\\\/wp-content\\\/uploads\\\/2016\\\/11\\\/Logo-Parcours-Formation-Durable-2016-HD.jpg\",\"datePublished\":\"2016-11-28T08:03:36+00:00\",\"dateModified\":\"2019-07-15T10:07:17+00:00\",\"author\":{\"@id\":\"https:\\\/\\\/batijournal.com\\\/#\\\/schema\\\/person\\\/1dc96ec6957aa1ccb25ebe78bb19f100\"},\"breadcrumb\":{\"@id\":\"https:\\\/\\\/batijournal.com\\\/index.php\\\/nouveau-label-qualite-parcours-formation-durable\\\/94382\\\/#breadcrumb\"},\"inLanguage\":\"fr-FR\",\"potentialAction\":[{\"@type\":\"ReadAction\",\"target\":[\"https:\\\/\\\/batijournal.com\\\/index.php\\\/nouveau-label-qualite-parcours-formation-durable\\\/94382\\\/\"]}]},{\"@type\":\"ImageObject\",\"inLanguage\":\"fr-FR\",\"@id\":\"https:\\\/\\\/batijournal.com\\\/index.php\\\/nouveau-label-qualite-parcours-formation-durable\\\/94382\\\/#primaryimage\",\"url\":\"https:\\\/\\\/batijournal.com\\\/wp-content\\\/uploads\\\/2016\\\/11\\\/Logo-Parcours-Formation-Durable-2016-HD.jpg\",\"contentUrl\":\"https:\\\/\\\/batijournal.com\\\/wp-content\\\/uploads\\\/2016\\\/11\\\/Logo-Parcours-Formation-Durable-2016-HD.jpg\",\"width\":1200,\"height\":559},{\"@type\":\"BreadcrumbList\",\"@id\":\"https:\\\/\\\/batijournal.com\\\/index.php\\\/nouveau-label-qualite-parcours-formation-durable\\\/94382\\\/#breadcrumb\",\"itemListElement\":[{\"@type\":\"ListItem\",\"position\":1,\"name\":\"Accueil\",\"item\":\"https:\\\/\\\/batijournal.com\\\/\"},{\"@type\":\"ListItem\",\"position\":2,\"name\":\"Actualit\u00e9s\",\"item\":\"https:\\\/\\\/batijournal.com\\\/index.php\\\/category\\\/actualites\\\/\"},{\"@type\":\"ListItem\",\"position\":3,\"name\":\"Nouveau label qualit\u00e9 \u00ab Parcours Formation Durable \u00bb\"}]},{\"@type\":\"WebSite\",\"@id\":\"https:\\\/\\\/batijournal.com\\\/#website\",\"url\":\"https:\\\/\\\/batijournal.com\\\/\",\"name\":\"Batijournal\",\"description\":\"L&#039;actualit\u00e9 du b\u00e2timent\",\"potentialAction\":[{\"@type\":\"SearchAction\",\"target\":{\"@type\":\"EntryPoint\",\"urlTemplate\":\"https:\\\/\\\/batijournal.com\\\/?s={search_term_string}\"},\"query-input\":{\"@type\":\"PropertyValueSpecification\",\"valueRequired\":true,\"valueName\":\"search_term_string\"}}],\"inLanguage\":\"fr-FR\"},{\"@type\":\"Person\",\"@id\":\"https:\\\/\\\/batijournal.com\\\/#\\\/schema\\\/person\\\/1dc96ec6957aa1ccb25ebe78bb19f100\",\"name\":\"St\u00e9phane Miget\",\"image\":{\"@type\":\"ImageObject\",\"inLanguage\":\"fr-FR\",\"@id\":\"https:\\\/\\\/secure.gravatar.com\\\/avatar\\\/89915563d925342126b8ef0281b93d9d7fc337043e8df017f780908eb9644451?s=96&d=mm&r=g\",\"url\":\"https:\\\/\\\/secure.gravatar.com\\\/avatar\\\/89915563d925342126b8ef0281b93d9d7fc337043e8df017f780908eb9644451?s=96&d=mm&r=g\",\"contentUrl\":\"https:\\\/\\\/secure.gravatar.com\\\/avatar\\\/89915563d925342126b8ef0281b93d9d7fc337043e8df017f780908eb9644451?s=96&d=mm&r=g\",\"caption\":\"St\u00e9phane Miget\"},\"url\":\"https:\\\/\\\/batijournal.com\\\/index.php\\\/author\\\/stephane\\\/\"}]}<\/script>\n<!-- \/ Yoast SEO plugin. -->","yoast_head_json":{"title":"Nouveau label qualit\u00e9 \u00ab Parcours Formation Durable \u00bb","robots":{"index":"index","follow":"follow","max-snippet":"max-snippet:-1","max-image-preview":"max-image-preview:large","max-video-preview":"max-video-preview:-1"},"canonical":"https:\/\/batijournal.com\/index.php\/nouveau-label-qualite-parcours-formation-durable\/94382\/","og_locale":"fr_FR","og_type":"article","og_title":"Nouveau label qualit\u00e9 \u00ab Parcours Formation Durable \u00bb","og_description":"Qualit\u2019EnR propose d\u00e9sormais le label \u00ab Parcours Formation Durable \u00bb pour valoriser la d\u00e9marche qualit\u00e9 des organismes de formation.\u00a0Cette nouvelle certification s\u2019adresse \u00e0 tout organisme dispensant des formations en lien avec les domaines du b\u00e2timent, de l\u2019\u00e9nergie et de l\u2019environnement et dont les principaux publics sont les personnels techniques, commerciaux, ing\u00e9nieurs, charg\u00e9s de mission, etc. [&hellip;]","og_url":"https:\/\/batijournal.com\/index.php\/nouveau-label-qualite-parcours-formation-durable\/94382\/","og_site_name":"Batijournal","article_published_time":"2016-11-28T08:03:36+00:00","article_modified_time":"2019-07-15T10:07:17+00:00","og_image":[{"width":1200,"height":559,"url":"https:\/\/batijournal.com\/wp-content\/uploads\/2016\/11\/Logo-Parcours-Formation-Durable-2016-HD.jpg","type":"image\/jpeg"}],"author":"St\u00e9phane Miget","twitter_card":"summary_large_image","twitter_creator":"@bati_journal","twitter_site":"@bati_journal","twitter_misc":{"\u00c9crit par":"St\u00e9phane Miget","Dur\u00e9e de lecture estim\u00e9e":"2 minutes"},"schema":{"@context":"https:\/\/schema.org","@graph":[{"@type":"Article","@id":"https:\/\/batijournal.com\/index.php\/nouveau-label-qualite-parcours-formation-durable\/94382\/#article","isPartOf":{"@id":"https:\/\/batijournal.com\/index.php\/nouveau-label-qualite-parcours-formation-durable\/94382\/"},"author":{"name":"St\u00e9phane Miget","@id":"https:\/\/batijournal.com\/#\/schema\/person\/1dc96ec6957aa1ccb25ebe78bb19f100"},"headline":"Nouveau label qualit\u00e9 \u00ab Parcours Formation Durable \u00bb","datePublished":"2016-11-28T08:03:36+00:00","dateModified":"2019-07-15T10:07:17+00:00","mainEntityOfPage":{"@id":"https:\/\/batijournal.com\/index.php\/nouveau-label-qualite-parcours-formation-durable\/94382\/"},"wordCount":327,"image":{"@id":"https:\/\/batijournal.com\/index.php\/nouveau-label-qualite-parcours-formation-durable\/94382\/#primaryimage"},"thumbnailUrl":"https:\/\/batijournal.com\/wp-content\/uploads\/2016\/11\/Logo-Parcours-Formation-Durable-2016-HD.jpg","keywords":["B\u00e2timent durable","Qualit\u0092EnR"],"articleSection":["Actualit\u00e9s","\u00c9conomie &amp; March\u00e9s"],"inLanguage":"fr-FR"},{"@type":"WebPage","@id":"https:\/\/batijournal.com\/index.php\/nouveau-label-qualite-parcours-formation-durable\/94382\/","url":"https:\/\/batijournal.com\/index.php\/nouveau-label-qualite-parcours-formation-durable\/94382\/","name":"Nouveau label qualit\u00e9 \u00ab Parcours Formation Durable \u00bb","isPartOf":{"@id":"https:\/\/batijournal.com\/#website"},"primaryImageOfPage":{"@id":"https:\/\/batijournal.com\/index.php\/nouveau-label-qualite-parcours-formation-durable\/94382\/#primaryimage"},"image":{"@id":"https:\/\/batijournal.com\/index.php\/nouveau-label-qualite-parcours-formation-durable\/94382\/#primaryimage"},"thumbnailUrl":"https:\/\/batijournal.com\/wp-content\/uploads\/2016\/11\/Logo-Parcours-Formation-Durable-2016-HD.jpg","datePublished":"2016-11-28T08:03:36+00:00","dateModified":"2019-07-15T10:07:17+00:00","author":{"@id":"https:\/\/batijournal.com\/#\/schema\/person\/1dc96ec6957aa1ccb25ebe78bb19f100"},"breadcrumb":{"@id":"https:\/\/batijournal.com\/index.php\/nouveau-label-qualite-parcours-formation-durable\/94382\/#breadcrumb"},"inLanguage":"fr-FR","potentialAction":[{"@type":"ReadAction","target":["https:\/\/batijournal.com\/index.php\/nouveau-label-qualite-parcours-formation-durable\/94382\/"]}]},{"@type":"ImageObject","inLanguage":"fr-FR","@id":"https:\/\/batijournal.com\/index.php\/nouveau-label-qualite-parcours-formation-durable\/94382\/#primaryimage","url":"https:\/\/batijournal.com\/wp-content\/uploads\/2016\/11\/Logo-Parcours-Formation-Durable-2016-HD.jpg","contentUrl":"https:\/\/batijournal.com\/wp-content\/uploads\/2016\/11\/Logo-Parcours-Formation-Durable-2016-HD.jpg","width":1200,"height":559},{"@type":"BreadcrumbList","@id":"https:\/\/batijournal.com\/index.php\/nouveau-label-qualite-parcours-formation-durable\/94382\/#breadcrumb","itemListElement":[{"@type":"ListItem","position":1,"name":"Accueil","item":"https:\/\/batijournal.com\/"},{"@type":"ListItem","position":2,"name":"Actualit\u00e9s","item":"https:\/\/batijournal.com\/index.php\/category\/actualites\/"},{"@type":"ListItem","position":3,"name":"Nouveau label qualit\u00e9 \u00ab Parcours Formation Durable \u00bb"}]},{"@type":"WebSite","@id":"https:\/\/batijournal.com\/#website","url":"https:\/\/batijournal.com\/","name":"Batijournal","description":"L&#039;actualit\u00e9 du b\u00e2timent","potentialAction":[{"@type":"SearchAction","target":{"@type":"EntryPoint","urlTemplate":"https:\/\/batijournal.com\/?s={search_term_string}"},"query-input":{"@type":"PropertyValueSpecification","valueRequired":true,"valueName":"search_term_string"}}],"inLanguage":"fr-FR"},{"@type":"Person","@id":"https:\/\/batijournal.com\/#\/schema\/person\/1dc96ec6957aa1ccb25ebe78bb19f100","name":"St\u00e9phane Miget","image":{"@type":"ImageObject","inLanguage":"fr-FR","@id":"https:\/\/secure.gravatar.com\/avatar\/89915563d925342126b8ef0281b93d9d7fc337043e8df017f780908eb9644451?s=96&d=mm&r=g","url":"https:\/\/secure.gravatar.com\/avatar\/89915563d925342126b8ef0281b93d9d7fc337043e8df017f780908eb9644451?s=96&d=mm&r=g","contentUrl":"https:\/\/secure.gravatar.com\/avatar\/89915563d925342126b8ef0281b93d9d7fc337043e8df017f780908eb9644451?s=96&d=mm&r=g","caption":"St\u00e9phane Miget"},"url":"https:\/\/batijournal.com\/index.php\/author\/stephane\/"}]}},"_links":{"self":[{"href":"https:\/\/batijournal.com\/index.php\/wp-json\/wp\/v2\/posts\/94382","targetHints":{"allow":["GET"]}}],"collection":[{"href":"https:\/\/batijournal.com\/index.php\/wp-json\/wp\/v2\/posts"}],"about":[{"href":"https:\/\/batijournal.com\/index.php\/wp-json\/wp\/v2\/types\/post"}],"author":[{"embeddable":true,"href":"https:\/\/batijournal.com\/index.php\/wp-json\/wp\/v2\/users\/17"}],"replies":[{"embeddable":true,"href":"https:\/\/batijournal.com\/index.php\/wp-json\/wp\/v2\/comments?post=94382"}],"version-history":[{"count":0,"href":"https:\/\/batijournal.com\/index.php\/wp-json\/wp\/v2\/posts\/94382\/revisions"}],"wp:featuredmedia":[{"embeddable":true,"href":"https:\/\/batijournal.com\/index.php\/wp-json\/wp\/v2\/media\/94383"}],"wp:attachment":[{"href":"https:\/\/batijournal.com\/index.php\/wp-json\/wp\/v2\/media?parent=94382"}],"wp:term":[{"taxonomy":"category","embeddable":true,"href":"https:\/\/batijournal.com\/index.php\/wp-json\/wp\/v2\/categories?post=94382"},{"taxonomy":"post_tag","embeddable":true,"href":"https:\/\/batijournal.com\/index.php\/wp-json\/wp\/v2\/tags?post=94382"}],"curies":[{"name":"wp","href":"https:\/\/api.w.org\/{rel}","templated":true}]}}