{"id":94426,"date":"2016-12-01T12:36:13","date_gmt":"2016-12-01T11:36:13","guid":{"rendered":"http:\/\/batijournal.com\/?p=94426"},"modified":"2019-07-15T16:34:14","modified_gmt":"2019-07-15T14:34:14","slug":"construction-bois-bretagne","status":"publish","type":"post","link":"https:\/\/batijournal.com\/index.php\/construction-bois-bretagne\/94426\/","title":{"rendered":"Construction bois en Bretagne"},"content":{"rendered":"<p>Abibois, l\u2019interprofession de la fili\u00e8re for\u00eat-bois bretonne, publie la 7e \u00e9dition du Panorama Bois de la construction en Bretagne. Le guide pr\u00e9sente 32 r\u00e9alisations avec \u00e0 chaque fois des informations relatives aux acteurs du projet, \u00e0 sa localisation g\u00e9ographique et aux donn\u00e9es portants sur les caract\u00e9ristiques environnementales et \u00e9nerg\u00e9tiques. Dans cette \u00e9dition 2016, le comit\u00e9 de s\u00e9lection a choisi huit r\u00e9alisations pour concourir au Prix National de la Construction Bois. Trois d&rsquo;entre elles\u00a0ont \u00e9t\u00e9 prim\u00e9es. L&rsquo;ouvrage, \u00e9dit\u00e9 \u00e0 2 500 exemplaires, a \u00e9t\u00e9 diffus\u00e9 en novembre aupr\u00e8s de la ma\u00eetrise d&rsquo;ouvrage publique et priv\u00e9e en Bretagne. Il est disponible en t\u00e9l\u00e9chargement gratuit sur le site <a href=\"http:\/\/www.abibois.com\/\">www.abibois.com<\/a> et sur demande aupr\u00e8s de l&rsquo;association.<\/p>\n","protected":false},"excerpt":{"rendered":"<p>Abibois, l\u2019interprofession de la fili\u00e8re for\u00eat-bois bretonne, publie la 7e \u00e9dition du Panorama Bois de la construction en Bretagne. Le guide pr\u00e9sente 32 r\u00e9alisations avec \u00e0 chaque fois des informations relatives aux acteurs du projet, \u00e0 sa localisation g\u00e9ographique et aux donn\u00e9es portants sur les caract\u00e9ristiques environnementales et \u00e9nerg\u00e9tiques. Dans cette \u00e9dition 2016, le comit\u00e9 [&hellip;]<\/p>\n","protected":false},"author":17,"featured_media":94427,"comment_status":"closed","ping_status":"closed","sticky":false,"template":"","format":"standard","meta":{"_et_pb_use_builder":"","_et_pb_old_content":"","_et_gb_content_width":"","footnotes":""},"categories":[10530,6362,10769,10764],"tags":[],"class_list":["post-94426","post","type-post","status-publish","format-standard","has-post-thumbnail","hentry","category-actualites","category-services-equipements","category-publications","category-woodsurfer"],"yoast_head":"<!-- This site is optimized with the Yoast SEO plugin v27.4 - https:\/\/yoast.com\/product\/yoast-seo-wordpress\/ -->\n<title>Construction bois en Bretagne<\/title>\n<meta name=\"robots\" content=\"index, follow, max-snippet:-1, max-image-preview:large, max-video-preview:-1\" \/>\n<link rel=\"canonical\" href=\"https:\/\/batijournal.com\/index.php\/construction-bois-bretagne\/94426\/\" \/>\n<meta property=\"og:locale\" content=\"fr_FR\" \/>\n<meta property=\"og:type\" content=\"article\" \/>\n<meta property=\"og:title\" content=\"Construction bois en Bretagne\" \/>\n<meta property=\"og:description\" content=\"Abibois, l\u2019interprofession de la fili\u00e8re for\u00eat-bois bretonne, publie la 7e \u00e9dition du Panorama Bois de la construction en Bretagne. Le guide pr\u00e9sente 32 r\u00e9alisations avec \u00e0 chaque fois des informations relatives aux acteurs du projet, \u00e0 sa localisation g\u00e9ographique et aux donn\u00e9es portants sur les caract\u00e9ristiques environnementales et \u00e9nerg\u00e9tiques. Dans cette \u00e9dition 2016, le comit\u00e9 [&hellip;]\" \/>\n<meta property=\"og:url\" content=\"https:\/\/batijournal.com\/index.php\/construction-bois-bretagne\/94426\/\" \/>\n<meta property=\"og:site_name\" content=\"Batijournal\" \/>\n<meta property=\"article:published_time\" content=\"2016-12-01T11:36:13+00:00\" \/>\n<meta property=\"article:modified_time\" content=\"2019-07-15T14:34:14+00:00\" \/>\n<meta property=\"og:image\" content=\"https:\/\/batijournal.com\/wp-content\/uploads\/2016\/12\/Abibois_pf.jpg\" \/>\n\t<meta property=\"og:image:width\" content=\"2953\" \/>\n\t<meta property=\"og:image:height\" content=\"2116\" \/>\n\t<meta property=\"og:image:type\" content=\"image\/jpeg\" \/>\n<meta name=\"author\" content=\"St\u00e9phane Miget\" \/>\n<meta name=\"twitter:card\" content=\"summary_large_image\" \/>\n<meta name=\"twitter:creator\" content=\"@bati_journal\" \/>\n<meta name=\"twitter:site\" content=\"@bati_journal\" \/>\n<meta name=\"twitter:label1\" content=\"\u00c9crit par\" \/>\n\t<meta name=\"twitter:data1\" content=\"St\u00e9phane Miget\" \/>\n\t<meta name=\"twitter:label2\" content=\"Dur\u00e9e de lecture estim\u00e9e\" \/>\n\t<meta name=\"twitter:data2\" content=\"1 minute\" \/>\n<script type=\"application\/ld+json\" class=\"yoast-schema-graph\">{\"@context\":\"https:\\\/\\\/schema.org\",\"@graph\":[{\"@type\":\"Article\",\"@id\":\"https:\\\/\\\/batijournal.com\\\/index.php\\\/construction-bois-bretagne\\\/94426\\\/#article\",\"isPartOf\":{\"@id\":\"https:\\\/\\\/batijournal.com\\\/index.php\\\/construction-bois-bretagne\\\/94426\\\/\"},\"author\":{\"name\":\"St\u00e9phane Miget\",\"@id\":\"https:\\\/\\\/batijournal.com\\\/#\\\/schema\\\/person\\\/1dc96ec6957aa1ccb25ebe78bb19f100\"},\"headline\":\"Construction bois en Bretagne\",\"datePublished\":\"2016-12-01T11:36:13+00:00\",\"dateModified\":\"2019-07-15T14:34:14+00:00\",\"mainEntityOfPage\":{\"@id\":\"https:\\\/\\\/batijournal.com\\\/index.php\\\/construction-bois-bretagne\\\/94426\\\/\"},\"wordCount\":134,\"image\":{\"@id\":\"https:\\\/\\\/batijournal.com\\\/index.php\\\/construction-bois-bretagne\\\/94426\\\/#primaryimage\"},\"thumbnailUrl\":\"https:\\\/\\\/batijournal.com\\\/wp-content\\\/uploads\\\/2016\\\/12\\\/Abibois_pf.jpg\",\"articleSection\":[\"Actualit\u00e9s\",\"Divers\",\"zz_Actualit\u00e9s - Woodsurfer\",\"zz_Woodsurfer\"],\"inLanguage\":\"fr-FR\"},{\"@type\":\"WebPage\",\"@id\":\"https:\\\/\\\/batijournal.com\\\/index.php\\\/construction-bois-bretagne\\\/94426\\\/\",\"url\":\"https:\\\/\\\/batijournal.com\\\/index.php\\\/construction-bois-bretagne\\\/94426\\\/\",\"name\":\"Construction bois en Bretagne\",\"isPartOf\":{\"@id\":\"https:\\\/\\\/batijournal.com\\\/#website\"},\"primaryImageOfPage\":{\"@id\":\"https:\\\/\\\/batijournal.com\\\/index.php\\\/construction-bois-bretagne\\\/94426\\\/#primaryimage\"},\"image\":{\"@id\":\"https:\\\/\\\/batijournal.com\\\/index.php\\\/construction-bois-bretagne\\\/94426\\\/#primaryimage\"},\"thumbnailUrl\":\"https:\\\/\\\/batijournal.com\\\/wp-content\\\/uploads\\\/2016\\\/12\\\/Abibois_pf.jpg\",\"datePublished\":\"2016-12-01T11:36:13+00:00\",\"dateModified\":\"2019-07-15T14:34:14+00:00\",\"author\":{\"@id\":\"https:\\\/\\\/batijournal.com\\\/#\\\/schema\\\/person\\\/1dc96ec6957aa1ccb25ebe78bb19f100\"},\"breadcrumb\":{\"@id\":\"https:\\\/\\\/batijournal.com\\\/index.php\\\/construction-bois-bretagne\\\/94426\\\/#breadcrumb\"},\"inLanguage\":\"fr-FR\",\"potentialAction\":[{\"@type\":\"ReadAction\",\"target\":[\"https:\\\/\\\/batijournal.com\\\/index.php\\\/construction-bois-bretagne\\\/94426\\\/\"]}]},{\"@type\":\"ImageObject\",\"inLanguage\":\"fr-FR\",\"@id\":\"https:\\\/\\\/batijournal.com\\\/index.php\\\/construction-bois-bretagne\\\/94426\\\/#primaryimage\",\"url\":\"https:\\\/\\\/batijournal.com\\\/wp-content\\\/uploads\\\/2016\\\/12\\\/Abibois_pf.jpg\",\"contentUrl\":\"https:\\\/\\\/batijournal.com\\\/wp-content\\\/uploads\\\/2016\\\/12\\\/Abibois_pf.jpg\",\"width\":2953,\"height\":2116},{\"@type\":\"BreadcrumbList\",\"@id\":\"https:\\\/\\\/batijournal.com\\\/index.php\\\/construction-bois-bretagne\\\/94426\\\/#breadcrumb\",\"itemListElement\":[{\"@type\":\"ListItem\",\"position\":1,\"name\":\"Accueil\",\"item\":\"https:\\\/\\\/batijournal.com\\\/\"},{\"@type\":\"ListItem\",\"position\":2,\"name\":\"Actualit\u00e9s\",\"item\":\"https:\\\/\\\/batijournal.com\\\/index.php\\\/category\\\/actualites\\\/\"},{\"@type\":\"ListItem\",\"position\":3,\"name\":\"Construction bois en Bretagne\"}]},{\"@type\":\"WebSite\",\"@id\":\"https:\\\/\\\/batijournal.com\\\/#website\",\"url\":\"https:\\\/\\\/batijournal.com\\\/\",\"name\":\"Batijournal\",\"description\":\"L&#039;actualit\u00e9 du b\u00e2timent\",\"potentialAction\":[{\"@type\":\"SearchAction\",\"target\":{\"@type\":\"EntryPoint\",\"urlTemplate\":\"https:\\\/\\\/batijournal.com\\\/?s={search_term_string}\"},\"query-input\":{\"@type\":\"PropertyValueSpecification\",\"valueRequired\":true,\"valueName\":\"search_term_string\"}}],\"inLanguage\":\"fr-FR\"},{\"@type\":\"Person\",\"@id\":\"https:\\\/\\\/batijournal.com\\\/#\\\/schema\\\/person\\\/1dc96ec6957aa1ccb25ebe78bb19f100\",\"name\":\"St\u00e9phane Miget\",\"image\":{\"@type\":\"ImageObject\",\"inLanguage\":\"fr-FR\",\"@id\":\"https:\\\/\\\/secure.gravatar.com\\\/avatar\\\/89915563d925342126b8ef0281b93d9d7fc337043e8df017f780908eb9644451?s=96&d=mm&r=g\",\"url\":\"https:\\\/\\\/secure.gravatar.com\\\/avatar\\\/89915563d925342126b8ef0281b93d9d7fc337043e8df017f780908eb9644451?s=96&d=mm&r=g\",\"contentUrl\":\"https:\\\/\\\/secure.gravatar.com\\\/avatar\\\/89915563d925342126b8ef0281b93d9d7fc337043e8df017f780908eb9644451?s=96&d=mm&r=g\",\"caption\":\"St\u00e9phane Miget\"},\"url\":\"https:\\\/\\\/batijournal.com\\\/index.php\\\/author\\\/stephane\\\/\"}]}<\/script>\n<!-- \/ Yoast SEO plugin. -->","yoast_head_json":{"title":"Construction bois en Bretagne","robots":{"index":"index","follow":"follow","max-snippet":"max-snippet:-1","max-image-preview":"max-image-preview:large","max-video-preview":"max-video-preview:-1"},"canonical":"https:\/\/batijournal.com\/index.php\/construction-bois-bretagne\/94426\/","og_locale":"fr_FR","og_type":"article","og_title":"Construction bois en Bretagne","og_description":"Abibois, l\u2019interprofession de la fili\u00e8re for\u00eat-bois bretonne, publie la 7e \u00e9dition du Panorama Bois de la construction en Bretagne. Le guide pr\u00e9sente 32 r\u00e9alisations avec \u00e0 chaque fois des informations relatives aux acteurs du projet, \u00e0 sa localisation g\u00e9ographique et aux donn\u00e9es portants sur les caract\u00e9ristiques environnementales et \u00e9nerg\u00e9tiques. Dans cette \u00e9dition 2016, le comit\u00e9 [&hellip;]","og_url":"https:\/\/batijournal.com\/index.php\/construction-bois-bretagne\/94426\/","og_site_name":"Batijournal","article_published_time":"2016-12-01T11:36:13+00:00","article_modified_time":"2019-07-15T14:34:14+00:00","og_image":[{"width":2953,"height":2116,"url":"https:\/\/batijournal.com\/wp-content\/uploads\/2016\/12\/Abibois_pf.jpg","type":"image\/jpeg"}],"author":"St\u00e9phane Miget","twitter_card":"summary_large_image","twitter_creator":"@bati_journal","twitter_site":"@bati_journal","twitter_misc":{"\u00c9crit par":"St\u00e9phane Miget","Dur\u00e9e de lecture estim\u00e9e":"1 minute"},"schema":{"@context":"https:\/\/schema.org","@graph":[{"@type":"Article","@id":"https:\/\/batijournal.com\/index.php\/construction-bois-bretagne\/94426\/#article","isPartOf":{"@id":"https:\/\/batijournal.com\/index.php\/construction-bois-bretagne\/94426\/"},"author":{"name":"St\u00e9phane Miget","@id":"https:\/\/batijournal.com\/#\/schema\/person\/1dc96ec6957aa1ccb25ebe78bb19f100"},"headline":"Construction bois en Bretagne","datePublished":"2016-12-01T11:36:13+00:00","dateModified":"2019-07-15T14:34:14+00:00","mainEntityOfPage":{"@id":"https:\/\/batijournal.com\/index.php\/construction-bois-bretagne\/94426\/"},"wordCount":134,"image":{"@id":"https:\/\/batijournal.com\/index.php\/construction-bois-bretagne\/94426\/#primaryimage"},"thumbnailUrl":"https:\/\/batijournal.com\/wp-content\/uploads\/2016\/12\/Abibois_pf.jpg","articleSection":["Actualit\u00e9s","Divers","zz_Actualit\u00e9s - Woodsurfer","zz_Woodsurfer"],"inLanguage":"fr-FR"},{"@type":"WebPage","@id":"https:\/\/batijournal.com\/index.php\/construction-bois-bretagne\/94426\/","url":"https:\/\/batijournal.com\/index.php\/construction-bois-bretagne\/94426\/","name":"Construction bois en Bretagne","isPartOf":{"@id":"https:\/\/batijournal.com\/#website"},"primaryImageOfPage":{"@id":"https:\/\/batijournal.com\/index.php\/construction-bois-bretagne\/94426\/#primaryimage"},"image":{"@id":"https:\/\/batijournal.com\/index.php\/construction-bois-bretagne\/94426\/#primaryimage"},"thumbnailUrl":"https:\/\/batijournal.com\/wp-content\/uploads\/2016\/12\/Abibois_pf.jpg","datePublished":"2016-12-01T11:36:13+00:00","dateModified":"2019-07-15T14:34:14+00:00","author":{"@id":"https:\/\/batijournal.com\/#\/schema\/person\/1dc96ec6957aa1ccb25ebe78bb19f100"},"breadcrumb":{"@id":"https:\/\/batijournal.com\/index.php\/construction-bois-bretagne\/94426\/#breadcrumb"},"inLanguage":"fr-FR","potentialAction":[{"@type":"ReadAction","target":["https:\/\/batijournal.com\/index.php\/construction-bois-bretagne\/94426\/"]}]},{"@type":"ImageObject","inLanguage":"fr-FR","@id":"https:\/\/batijournal.com\/index.php\/construction-bois-bretagne\/94426\/#primaryimage","url":"https:\/\/batijournal.com\/wp-content\/uploads\/2016\/12\/Abibois_pf.jpg","contentUrl":"https:\/\/batijournal.com\/wp-content\/uploads\/2016\/12\/Abibois_pf.jpg","width":2953,"height":2116},{"@type":"BreadcrumbList","@id":"https:\/\/batijournal.com\/index.php\/construction-bois-bretagne\/94426\/#breadcrumb","itemListElement":[{"@type":"ListItem","position":1,"name":"Accueil","item":"https:\/\/batijournal.com\/"},{"@type":"ListItem","position":2,"name":"Actualit\u00e9s","item":"https:\/\/batijournal.com\/index.php\/category\/actualites\/"},{"@type":"ListItem","position":3,"name":"Construction bois en Bretagne"}]},{"@type":"WebSite","@id":"https:\/\/batijournal.com\/#website","url":"https:\/\/batijournal.com\/","name":"Batijournal","description":"L&#039;actualit\u00e9 du b\u00e2timent","potentialAction":[{"@type":"SearchAction","target":{"@type":"EntryPoint","urlTemplate":"https:\/\/batijournal.com\/?s={search_term_string}"},"query-input":{"@type":"PropertyValueSpecification","valueRequired":true,"valueName":"search_term_string"}}],"inLanguage":"fr-FR"},{"@type":"Person","@id":"https:\/\/batijournal.com\/#\/schema\/person\/1dc96ec6957aa1ccb25ebe78bb19f100","name":"St\u00e9phane Miget","image":{"@type":"ImageObject","inLanguage":"fr-FR","@id":"https:\/\/secure.gravatar.com\/avatar\/89915563d925342126b8ef0281b93d9d7fc337043e8df017f780908eb9644451?s=96&d=mm&r=g","url":"https:\/\/secure.gravatar.com\/avatar\/89915563d925342126b8ef0281b93d9d7fc337043e8df017f780908eb9644451?s=96&d=mm&r=g","contentUrl":"https:\/\/secure.gravatar.com\/avatar\/89915563d925342126b8ef0281b93d9d7fc337043e8df017f780908eb9644451?s=96&d=mm&r=g","caption":"St\u00e9phane Miget"},"url":"https:\/\/batijournal.com\/index.php\/author\/stephane\/"}]}},"_links":{"self":[{"href":"https:\/\/batijournal.com\/index.php\/wp-json\/wp\/v2\/posts\/94426","targetHints":{"allow":["GET"]}}],"collection":[{"href":"https:\/\/batijournal.com\/index.php\/wp-json\/wp\/v2\/posts"}],"about":[{"href":"https:\/\/batijournal.com\/index.php\/wp-json\/wp\/v2\/types\/post"}],"author":[{"embeddable":true,"href":"https:\/\/batijournal.com\/index.php\/wp-json\/wp\/v2\/users\/17"}],"replies":[{"embeddable":true,"href":"https:\/\/batijournal.com\/index.php\/wp-json\/wp\/v2\/comments?post=94426"}],"version-history":[{"count":0,"href":"https:\/\/batijournal.com\/index.php\/wp-json\/wp\/v2\/posts\/94426\/revisions"}],"wp:featuredmedia":[{"embeddable":true,"href":"https:\/\/batijournal.com\/index.php\/wp-json\/wp\/v2\/media\/94427"}],"wp:attachment":[{"href":"https:\/\/batijournal.com\/index.php\/wp-json\/wp\/v2\/media?parent=94426"}],"wp:term":[{"taxonomy":"category","embeddable":true,"href":"https:\/\/batijournal.com\/index.php\/wp-json\/wp\/v2\/categories?post=94426"},{"taxonomy":"post_tag","embeddable":true,"href":"https:\/\/batijournal.com\/index.php\/wp-json\/wp\/v2\/tags?post=94426"}],"curies":[{"name":"wp","href":"https:\/\/api.w.org\/{rel}","templated":true}]}}