{"id":94429,"date":"2016-12-01T15:08:56","date_gmt":"2016-12-01T14:08:56","guid":{"rendered":"http:\/\/batijournal.com\/?p=94429"},"modified":"2016-12-01T15:08:56","modified_gmt":"2016-12-01T14:08:56","slug":"bilan-positif-eurobois","status":"publish","type":"post","link":"https:\/\/batijournal.com\/index.php\/bilan-positif-eurobois\/94429\/","title":{"rendered":"Bilan positif pour Eurobois"},"content":{"rendered":"<p><!-- @page { margin: 2cm } P { margin-bottom: 0.21cm } A:link { so-language: zxx } --><\/p>\n<p align=\"JUSTIFY\"><span style=\"color: #000000\"><span style=\"font-family: Arial, Arial, sans-serif\"><span style=\"font-size: medium\"><span style=\"font-family: 'FS Joey', 'FS Joey', sans-serif\"><span style=\"font-size: small\">L&rsquo;\u00e9dition 2016 d&rsquo;Eurobois, qui s&rsquo;est tenue du 15 au 18 novembre \u00e0 Eurexpo Lyon, a accueilli plus de 20 000 professionnels de la fili\u00e8re. Sur 328 exposants et marques mobilis\u00e9s, 30 % ont \u00e9t\u00e9 pr\u00e9sents pour la premi\u00e8re fois sur le salon. Avec 35 % d&rsquo;exposants issus de 15 pays europ\u00e9ens (Allemagne, Autriche, Belgique, Italie, Espagne, Suisse&#8230;), la manifestation a r\u00e9ussi son pari de positionnement international. Plus de 41 % des visiteurs ont \u00e9t\u00e9 issus des territoires hors de la r\u00e9gion Auvergne Rh\u00f4ne-Alpes et plus de 70 % sont des d\u00e9cideurs. Le salon a \u00e9t\u00e9 rythm\u00e9 par de nombreux temps forts et animations\u00a0: conf\u00e9rences Techniques Days, atelier de fabrication de panneaux de maisons \u00e0 ossature bois, Troph\u00e9es de l&rsquo;Innovation&#8230; Le plateau t\u00e9l\u00e9 install\u00e9 par Bati-Journal, en partenariat avec Wood Surfer et avec le soutien de France Bois For\u00eat, a propos\u00e9 un programme de 25 conf\u00e9rences et tables rondes au cours desquelles sont intervenus des experts de la fili\u00e8re. Vous pouvez retrouver ces \u00e9missions sur le site <a href=\"http:\/\/bati-journal.tv\/\">http:\/\/bati-journal.tv<\/a>. Le\u00a0prochain Eurobois aura lieu \u00e0 Lyon, du 6 au 9 f\u00e9vrier 2018.<\/span><\/span><\/span><\/span><\/span><\/p>\n<p align=\"JUSTIFY\"><a href=\"http:\/\/www.eurobois.net\">www.eurobois.net<\/a><\/p>\n<p align=\"JUSTIFY\">Photo : Alexandre Moulard<\/p>\n<p align=\"JUSTIFY\">\n","protected":false},"excerpt":{"rendered":"<p>L&rsquo;\u00e9dition 2016 d&rsquo;Eurobois, qui s&rsquo;est tenue du 15 au 18 novembre \u00e0 Eurexpo Lyon, a accueilli plus de 20 000 professionnels de la fili\u00e8re. Sur 328 exposants et marques mobilis\u00e9s, 30 % ont \u00e9t\u00e9 pr\u00e9sents pour la premi\u00e8re fois sur le salon. Avec 35 % d&rsquo;exposants issus de 15 pays europ\u00e9ens (Allemagne, Autriche, Belgique, Italie, [&hellip;]<\/p>\n","protected":false},"author":17,"featured_media":94430,"comment_status":"closed","ping_status":"closed","sticky":false,"template":"","format":"standard","meta":{"_et_pb_use_builder":"","_et_pb_old_content":"","_et_gb_content_width":"","footnotes":""},"categories":[10530,10764],"tags":[],"class_list":["post-94429","post","type-post","status-publish","format-standard","has-post-thumbnail","hentry","category-actualites","category-woodsurfer"],"yoast_head":"<!-- This site is optimized with the Yoast SEO plugin v27.4 - https:\/\/yoast.com\/product\/yoast-seo-wordpress\/ -->\n<title>Bilan positif pour Eurobois<\/title>\n<meta name=\"robots\" content=\"index, follow, max-snippet:-1, max-image-preview:large, max-video-preview:-1\" \/>\n<link rel=\"canonical\" href=\"https:\/\/batijournal.com\/index.php\/bilan-positif-eurobois\/94429\/\" \/>\n<meta property=\"og:locale\" content=\"fr_FR\" \/>\n<meta property=\"og:type\" content=\"article\" \/>\n<meta property=\"og:title\" content=\"Bilan positif pour Eurobois\" \/>\n<meta property=\"og:description\" content=\"L&rsquo;\u00e9dition 2016 d&rsquo;Eurobois, qui s&rsquo;est tenue du 15 au 18 novembre \u00e0 Eurexpo Lyon, a accueilli plus de 20 000 professionnels de la fili\u00e8re. Sur 328 exposants et marques mobilis\u00e9s, 30 % ont \u00e9t\u00e9 pr\u00e9sents pour la premi\u00e8re fois sur le salon. Avec 35 % d&rsquo;exposants issus de 15 pays europ\u00e9ens (Allemagne, Autriche, Belgique, Italie, [&hellip;]\" \/>\n<meta property=\"og:url\" content=\"https:\/\/batijournal.com\/index.php\/bilan-positif-eurobois\/94429\/\" \/>\n<meta property=\"og:site_name\" content=\"Batijournal\" \/>\n<meta property=\"article:published_time\" content=\"2016-12-01T14:08:56+00:00\" \/>\n<meta property=\"og:image\" content=\"https:\/\/batijournal.com\/wp-content\/uploads\/2016\/12\/EUROBOIS_pf.jpg\" \/>\n\t<meta property=\"og:image:width\" content=\"5184\" \/>\n\t<meta property=\"og:image:height\" content=\"3456\" \/>\n\t<meta property=\"og:image:type\" content=\"image\/jpeg\" \/>\n<meta name=\"author\" content=\"St\u00e9phane Miget\" \/>\n<meta name=\"twitter:card\" content=\"summary_large_image\" \/>\n<meta name=\"twitter:creator\" content=\"@bati_journal\" \/>\n<meta name=\"twitter:site\" content=\"@bati_journal\" \/>\n<meta name=\"twitter:label1\" content=\"\u00c9crit par\" \/>\n\t<meta name=\"twitter:data1\" content=\"St\u00e9phane Miget\" \/>\n\t<meta name=\"twitter:label2\" content=\"Dur\u00e9e de lecture estim\u00e9e\" \/>\n\t<meta name=\"twitter:data2\" content=\"1 minute\" \/>\n<script type=\"application\/ld+json\" class=\"yoast-schema-graph\">{\"@context\":\"https:\\\/\\\/schema.org\",\"@graph\":[{\"@type\":\"Article\",\"@id\":\"https:\\\/\\\/batijournal.com\\\/index.php\\\/bilan-positif-eurobois\\\/94429\\\/#article\",\"isPartOf\":{\"@id\":\"https:\\\/\\\/batijournal.com\\\/index.php\\\/bilan-positif-eurobois\\\/94429\\\/\"},\"author\":{\"name\":\"St\u00e9phane Miget\",\"@id\":\"https:\\\/\\\/batijournal.com\\\/#\\\/schema\\\/person\\\/1dc96ec6957aa1ccb25ebe78bb19f100\"},\"headline\":\"Bilan positif pour Eurobois\",\"datePublished\":\"2016-12-01T14:08:56+00:00\",\"mainEntityOfPage\":{\"@id\":\"https:\\\/\\\/batijournal.com\\\/index.php\\\/bilan-positif-eurobois\\\/94429\\\/\"},\"wordCount\":191,\"image\":{\"@id\":\"https:\\\/\\\/batijournal.com\\\/index.php\\\/bilan-positif-eurobois\\\/94429\\\/#primaryimage\"},\"thumbnailUrl\":\"https:\\\/\\\/batijournal.com\\\/wp-content\\\/uploads\\\/2016\\\/12\\\/EUROBOIS_pf.jpg\",\"articleSection\":[\"Actualit\u00e9s\",\"zz_Woodsurfer\"],\"inLanguage\":\"fr-FR\"},{\"@type\":\"WebPage\",\"@id\":\"https:\\\/\\\/batijournal.com\\\/index.php\\\/bilan-positif-eurobois\\\/94429\\\/\",\"url\":\"https:\\\/\\\/batijournal.com\\\/index.php\\\/bilan-positif-eurobois\\\/94429\\\/\",\"name\":\"Bilan positif pour Eurobois\",\"isPartOf\":{\"@id\":\"https:\\\/\\\/batijournal.com\\\/#website\"},\"primaryImageOfPage\":{\"@id\":\"https:\\\/\\\/batijournal.com\\\/index.php\\\/bilan-positif-eurobois\\\/94429\\\/#primaryimage\"},\"image\":{\"@id\":\"https:\\\/\\\/batijournal.com\\\/index.php\\\/bilan-positif-eurobois\\\/94429\\\/#primaryimage\"},\"thumbnailUrl\":\"https:\\\/\\\/batijournal.com\\\/wp-content\\\/uploads\\\/2016\\\/12\\\/EUROBOIS_pf.jpg\",\"datePublished\":\"2016-12-01T14:08:56+00:00\",\"author\":{\"@id\":\"https:\\\/\\\/batijournal.com\\\/#\\\/schema\\\/person\\\/1dc96ec6957aa1ccb25ebe78bb19f100\"},\"breadcrumb\":{\"@id\":\"https:\\\/\\\/batijournal.com\\\/index.php\\\/bilan-positif-eurobois\\\/94429\\\/#breadcrumb\"},\"inLanguage\":\"fr-FR\",\"potentialAction\":[{\"@type\":\"ReadAction\",\"target\":[\"https:\\\/\\\/batijournal.com\\\/index.php\\\/bilan-positif-eurobois\\\/94429\\\/\"]}]},{\"@type\":\"ImageObject\",\"inLanguage\":\"fr-FR\",\"@id\":\"https:\\\/\\\/batijournal.com\\\/index.php\\\/bilan-positif-eurobois\\\/94429\\\/#primaryimage\",\"url\":\"https:\\\/\\\/batijournal.com\\\/wp-content\\\/uploads\\\/2016\\\/12\\\/EUROBOIS_pf.jpg\",\"contentUrl\":\"https:\\\/\\\/batijournal.com\\\/wp-content\\\/uploads\\\/2016\\\/12\\\/EUROBOIS_pf.jpg\",\"width\":5184,\"height\":3456},{\"@type\":\"BreadcrumbList\",\"@id\":\"https:\\\/\\\/batijournal.com\\\/index.php\\\/bilan-positif-eurobois\\\/94429\\\/#breadcrumb\",\"itemListElement\":[{\"@type\":\"ListItem\",\"position\":1,\"name\":\"Accueil\",\"item\":\"https:\\\/\\\/batijournal.com\\\/\"},{\"@type\":\"ListItem\",\"position\":2,\"name\":\"Actualit\u00e9s\",\"item\":\"https:\\\/\\\/batijournal.com\\\/index.php\\\/category\\\/actualites\\\/\"},{\"@type\":\"ListItem\",\"position\":3,\"name\":\"Bilan positif pour Eurobois\"}]},{\"@type\":\"WebSite\",\"@id\":\"https:\\\/\\\/batijournal.com\\\/#website\",\"url\":\"https:\\\/\\\/batijournal.com\\\/\",\"name\":\"Batijournal\",\"description\":\"L&#039;actualit\u00e9 du b\u00e2timent\",\"potentialAction\":[{\"@type\":\"SearchAction\",\"target\":{\"@type\":\"EntryPoint\",\"urlTemplate\":\"https:\\\/\\\/batijournal.com\\\/?s={search_term_string}\"},\"query-input\":{\"@type\":\"PropertyValueSpecification\",\"valueRequired\":true,\"valueName\":\"search_term_string\"}}],\"inLanguage\":\"fr-FR\"},{\"@type\":\"Person\",\"@id\":\"https:\\\/\\\/batijournal.com\\\/#\\\/schema\\\/person\\\/1dc96ec6957aa1ccb25ebe78bb19f100\",\"name\":\"St\u00e9phane Miget\",\"image\":{\"@type\":\"ImageObject\",\"inLanguage\":\"fr-FR\",\"@id\":\"https:\\\/\\\/secure.gravatar.com\\\/avatar\\\/89915563d925342126b8ef0281b93d9d7fc337043e8df017f780908eb9644451?s=96&d=mm&r=g\",\"url\":\"https:\\\/\\\/secure.gravatar.com\\\/avatar\\\/89915563d925342126b8ef0281b93d9d7fc337043e8df017f780908eb9644451?s=96&d=mm&r=g\",\"contentUrl\":\"https:\\\/\\\/secure.gravatar.com\\\/avatar\\\/89915563d925342126b8ef0281b93d9d7fc337043e8df017f780908eb9644451?s=96&d=mm&r=g\",\"caption\":\"St\u00e9phane Miget\"},\"url\":\"https:\\\/\\\/batijournal.com\\\/index.php\\\/author\\\/stephane\\\/\"}]}<\/script>\n<!-- \/ Yoast SEO plugin. -->","yoast_head_json":{"title":"Bilan positif pour Eurobois","robots":{"index":"index","follow":"follow","max-snippet":"max-snippet:-1","max-image-preview":"max-image-preview:large","max-video-preview":"max-video-preview:-1"},"canonical":"https:\/\/batijournal.com\/index.php\/bilan-positif-eurobois\/94429\/","og_locale":"fr_FR","og_type":"article","og_title":"Bilan positif pour Eurobois","og_description":"L&rsquo;\u00e9dition 2016 d&rsquo;Eurobois, qui s&rsquo;est tenue du 15 au 18 novembre \u00e0 Eurexpo Lyon, a accueilli plus de 20 000 professionnels de la fili\u00e8re. Sur 328 exposants et marques mobilis\u00e9s, 30 % ont \u00e9t\u00e9 pr\u00e9sents pour la premi\u00e8re fois sur le salon. Avec 35 % d&rsquo;exposants issus de 15 pays europ\u00e9ens (Allemagne, Autriche, Belgique, Italie, [&hellip;]","og_url":"https:\/\/batijournal.com\/index.php\/bilan-positif-eurobois\/94429\/","og_site_name":"Batijournal","article_published_time":"2016-12-01T14:08:56+00:00","og_image":[{"width":5184,"height":3456,"url":"https:\/\/batijournal.com\/wp-content\/uploads\/2016\/12\/EUROBOIS_pf.jpg","type":"image\/jpeg"}],"author":"St\u00e9phane Miget","twitter_card":"summary_large_image","twitter_creator":"@bati_journal","twitter_site":"@bati_journal","twitter_misc":{"\u00c9crit par":"St\u00e9phane Miget","Dur\u00e9e de lecture estim\u00e9e":"1 minute"},"schema":{"@context":"https:\/\/schema.org","@graph":[{"@type":"Article","@id":"https:\/\/batijournal.com\/index.php\/bilan-positif-eurobois\/94429\/#article","isPartOf":{"@id":"https:\/\/batijournal.com\/index.php\/bilan-positif-eurobois\/94429\/"},"author":{"name":"St\u00e9phane Miget","@id":"https:\/\/batijournal.com\/#\/schema\/person\/1dc96ec6957aa1ccb25ebe78bb19f100"},"headline":"Bilan positif pour Eurobois","datePublished":"2016-12-01T14:08:56+00:00","mainEntityOfPage":{"@id":"https:\/\/batijournal.com\/index.php\/bilan-positif-eurobois\/94429\/"},"wordCount":191,"image":{"@id":"https:\/\/batijournal.com\/index.php\/bilan-positif-eurobois\/94429\/#primaryimage"},"thumbnailUrl":"https:\/\/batijournal.com\/wp-content\/uploads\/2016\/12\/EUROBOIS_pf.jpg","articleSection":["Actualit\u00e9s","zz_Woodsurfer"],"inLanguage":"fr-FR"},{"@type":"WebPage","@id":"https:\/\/batijournal.com\/index.php\/bilan-positif-eurobois\/94429\/","url":"https:\/\/batijournal.com\/index.php\/bilan-positif-eurobois\/94429\/","name":"Bilan positif pour Eurobois","isPartOf":{"@id":"https:\/\/batijournal.com\/#website"},"primaryImageOfPage":{"@id":"https:\/\/batijournal.com\/index.php\/bilan-positif-eurobois\/94429\/#primaryimage"},"image":{"@id":"https:\/\/batijournal.com\/index.php\/bilan-positif-eurobois\/94429\/#primaryimage"},"thumbnailUrl":"https:\/\/batijournal.com\/wp-content\/uploads\/2016\/12\/EUROBOIS_pf.jpg","datePublished":"2016-12-01T14:08:56+00:00","author":{"@id":"https:\/\/batijournal.com\/#\/schema\/person\/1dc96ec6957aa1ccb25ebe78bb19f100"},"breadcrumb":{"@id":"https:\/\/batijournal.com\/index.php\/bilan-positif-eurobois\/94429\/#breadcrumb"},"inLanguage":"fr-FR","potentialAction":[{"@type":"ReadAction","target":["https:\/\/batijournal.com\/index.php\/bilan-positif-eurobois\/94429\/"]}]},{"@type":"ImageObject","inLanguage":"fr-FR","@id":"https:\/\/batijournal.com\/index.php\/bilan-positif-eurobois\/94429\/#primaryimage","url":"https:\/\/batijournal.com\/wp-content\/uploads\/2016\/12\/EUROBOIS_pf.jpg","contentUrl":"https:\/\/batijournal.com\/wp-content\/uploads\/2016\/12\/EUROBOIS_pf.jpg","width":5184,"height":3456},{"@type":"BreadcrumbList","@id":"https:\/\/batijournal.com\/index.php\/bilan-positif-eurobois\/94429\/#breadcrumb","itemListElement":[{"@type":"ListItem","position":1,"name":"Accueil","item":"https:\/\/batijournal.com\/"},{"@type":"ListItem","position":2,"name":"Actualit\u00e9s","item":"https:\/\/batijournal.com\/index.php\/category\/actualites\/"},{"@type":"ListItem","position":3,"name":"Bilan positif pour Eurobois"}]},{"@type":"WebSite","@id":"https:\/\/batijournal.com\/#website","url":"https:\/\/batijournal.com\/","name":"Batijournal","description":"L&#039;actualit\u00e9 du b\u00e2timent","potentialAction":[{"@type":"SearchAction","target":{"@type":"EntryPoint","urlTemplate":"https:\/\/batijournal.com\/?s={search_term_string}"},"query-input":{"@type":"PropertyValueSpecification","valueRequired":true,"valueName":"search_term_string"}}],"inLanguage":"fr-FR"},{"@type":"Person","@id":"https:\/\/batijournal.com\/#\/schema\/person\/1dc96ec6957aa1ccb25ebe78bb19f100","name":"St\u00e9phane Miget","image":{"@type":"ImageObject","inLanguage":"fr-FR","@id":"https:\/\/secure.gravatar.com\/avatar\/89915563d925342126b8ef0281b93d9d7fc337043e8df017f780908eb9644451?s=96&d=mm&r=g","url":"https:\/\/secure.gravatar.com\/avatar\/89915563d925342126b8ef0281b93d9d7fc337043e8df017f780908eb9644451?s=96&d=mm&r=g","contentUrl":"https:\/\/secure.gravatar.com\/avatar\/89915563d925342126b8ef0281b93d9d7fc337043e8df017f780908eb9644451?s=96&d=mm&r=g","caption":"St\u00e9phane Miget"},"url":"https:\/\/batijournal.com\/index.php\/author\/stephane\/"}]}},"_links":{"self":[{"href":"https:\/\/batijournal.com\/index.php\/wp-json\/wp\/v2\/posts\/94429","targetHints":{"allow":["GET"]}}],"collection":[{"href":"https:\/\/batijournal.com\/index.php\/wp-json\/wp\/v2\/posts"}],"about":[{"href":"https:\/\/batijournal.com\/index.php\/wp-json\/wp\/v2\/types\/post"}],"author":[{"embeddable":true,"href":"https:\/\/batijournal.com\/index.php\/wp-json\/wp\/v2\/users\/17"}],"replies":[{"embeddable":true,"href":"https:\/\/batijournal.com\/index.php\/wp-json\/wp\/v2\/comments?post=94429"}],"version-history":[{"count":0,"href":"https:\/\/batijournal.com\/index.php\/wp-json\/wp\/v2\/posts\/94429\/revisions"}],"wp:featuredmedia":[{"embeddable":true,"href":"https:\/\/batijournal.com\/index.php\/wp-json\/wp\/v2\/media\/94430"}],"wp:attachment":[{"href":"https:\/\/batijournal.com\/index.php\/wp-json\/wp\/v2\/media?parent=94429"}],"wp:term":[{"taxonomy":"category","embeddable":true,"href":"https:\/\/batijournal.com\/index.php\/wp-json\/wp\/v2\/categories?post=94429"},{"taxonomy":"post_tag","embeddable":true,"href":"https:\/\/batijournal.com\/index.php\/wp-json\/wp\/v2\/tags?post=94429"}],"curies":[{"name":"wp","href":"https:\/\/api.w.org\/{rel}","templated":true}]}}