{"id":94501,"date":"2016-12-10T12:40:10","date_gmt":"2016-12-10T11:40:10","guid":{"rendered":"http:\/\/batijournal.com\/?p=94501"},"modified":"2019-07-15T11:27:43","modified_gmt":"2019-07-15T09:27:43","slug":"lascaux-iv-ouvre","status":"publish","type":"post","link":"https:\/\/batijournal.com\/index.php\/lascaux-iv-ouvre\/94501\/","title":{"rendered":"Lascaux IV ouvre"},"content":{"rendered":"<p>[et_pb_section admin_label=\u00a0\u00bbsection\u00a0\u00bb][et_pb_row admin_label=\u00a0\u00bbrow\u00a0\u00bb][et_pb_column type=\u00a0\u00bb2_3&Prime;][et_pb_text admin_label=\u00a0\u00bbTexte\u00a0\u00bb]<\/p>\n<p><strong>Le Centre International de l\u2019Art Pari\u00e9tal Montignac-Lascaux, inaugur\u00e9 par Fran\u00e7ois Hollande ce 10 d\u00e9cembre 2016, est bas\u00e9 sur la commune de Montignac-sur-V\u00e9z\u00e8re en Dordogne au pied de la colline de Lascaux. Il a pour vocation de mettre en valeur et d\u2019expliquer la richesse de l\u2019art pari\u00e9tal \u00e0 partir des repr\u00e9sentations peintes et grav\u00e9es situ\u00e9es dans la grotte de Lascaux. El\u00e9ment majeur du site, le fac-simil\u00e9 reproduit l\u2019int\u00e9gralit\u00e9 de la grotte de Lascaux avec les techniques et le savoir-faire de l\u2019Atelier des Fac-Simil\u00e9s du P\u00e9rigord (AFSP).<\/strong><\/p>\n<p>Le parti pris architectural du projet est une proposition sobre, sans ostentation, sans surench\u00e8re de formes ni de mat\u00e9riaux, mais dont il se d\u00e9gage une v\u00e9ritable puissance. Le b\u00e2timent, d\u2019une hauteur moyenne de huit m\u00e8tres, s\u2019\u00e9tend sur environ cent cinquante m\u00e8tres pour ce qui est de sa plus grande longueur. Il se d\u00e9veloppe jusqu\u2019\u00e0 soixante-dix m\u00e8tres dans sa plus grande largeur.<\/p>\n<p>La toiture pr\u00e9sente une douce ligne bris\u00e9e, qui r\u00e9pond au mouvement de la colline. Ce dessin de toiture est un \u00e9l\u00e9ment fort du projet car il concourt \u00e0 mat\u00e9rialiser la notion de faille, de fissure dans le paysage, notion qui s\u2019exprime \u00e9galement dans l\u2019\u00e9criture architecturale des sols. Le b\u00e2timent, semi-enterr\u00e9, se confond avec le paysage. L\u2019arri\u00e8re dispara\u00eet dans le relief et dans la for\u00eat, tandis que la fa\u00e7ade avant, toute en transparence, s\u2019ouvre g\u00e9n\u00e9reusement sur la vall\u00e9e. Les sols (int\u00e9rieurs et ext\u00e9rieurs), les parois, la toiture et le bandeau de fa\u00e7ade sont r\u00e9alis\u00e9s dans le m\u00eame b\u00e9ton architectural qui conf\u00e8re \u00e0 l\u2019ensemble une dimen- sion de monolithe. La deuxi\u00e8me mat\u00e9rialit\u00e9 du projet, le verre, domine en fa\u00e7ade et en couverture de la zone d\u2019orientation.<\/p>\n<p>L\u2019entr\u00e9e du fac-simil\u00e9 est marqu\u00e9e par un traitement contemporain : le public sait qu\u2019il est en pr\u00e9sence d\u2019une reproduction, m\u00eame si tout un travail a \u00e9t\u00e9 men\u00e9 conjointement avec un coll\u00e8ge d\u2019experts pr\u00e9historiens pour recr\u00e9er une exp\u00e9rience spatiale au plus proche de l\u2019originale. \u00c0 l\u2019int\u00e9rieur du fac-simil\u00e9, l\u2019atmos- ph\u00e8re est celle d\u2019une grotte. Il fait humide et sombre, les sons sont assourdis.<\/p>\n<p>Le Centre International de l\u2019Art Pari\u00e9tal Montignac-Lascaux est un centre d\u2019interpr\u00e9tation. Contrairement \u00e0 un mus\u00e9e au sens classique du terme, un centre d\u2019interpr\u00e9tation n\u2019expose pas de collections d\u2019oeuvres, mais a pour objectif de mettre en valeur et d\u2019expliquer un site et ses richesses.<\/p>\n<p>Ouverture au public le 15 d\u00e9cembre 2016.<\/p>\n<p>&nbsp;<\/p>\n<p>[\/et_pb_text][\/et_pb_column][et_pb_column type=\u00a0\u00bb1_3&Prime;][et_pb_text admin_label=\u00a0\u00bbTexte\u00a0\u00bb background_layout=\u00a0\u00bblight\u00a0\u00bb text_orientation=\u00a0\u00bbleft\u00a0\u00bb use_border_color=\u00a0\u00bboff\u00a0\u00bb border_color=\u00a0\u00bb#ffffff\u00a0\u00bb border_style=\u00a0\u00bbsolid\u00a0\u00bb]<\/p>\n<p>\u2022 57 millions d\u2019euros investis : D\u00e9partement 16,6 M\u20ac, R\u00e9gion 16,6 M\u20ac, Europe 12M\u20ac, Etat 4 M\u20ac, Exploitant Semitour 2 M\u20ac et du m\u00e9c\u00e9nat<br \/>\n\u2022 Un b\u00e2timent de 8500 m2 qui s\u2019\u00e9tend sur 150 m\u00e8tres de long, 70 m\u00e8tres de profondeur et 8 m\u00e8tres de haut.<br \/>\n\u2022 Une surface totale de 900 m2 de fac-simil\u00e9s. Environ 500 m2 forment la reconstitution fid\u00e8le des parois de la grotte de Lascaux, les autres fac-simil\u00e9s sont utilis\u00e9s dans la sc\u00e9nographie du Centre International de l\u2019Art Pari\u00e9tal.<br \/>\n\u2022 Architecte mandataire et Paysagiste : Sn\u00f8hetta, Oslo, Norv\u00e8ge.<br \/>\n\u2022 Architecte associ\u00e9 phase \u00e9tude : Duncan Lewis Scape Architecture, Bordeaux, France.<br \/>\n\u2022 Architecte d\u2019op\u00e9ration : SRA Architectes, Ch\u00e2tillon, France.<br \/>\n\u2022 Sc\u00e9nographe : Casson Mann, Londres, Royaume Uni.<br \/>\n\u2022 Economiste de la construction : VPEAS, Bordeaux, France.<br \/>\n\u2022 BET Structure : Khephren Ing\u00e9nierie, Bordeaux, France.<br \/>\n\u2022 BET Fluides et VRD : Alto Ing\u00e9nierie, Bordeaux, France.<br \/>\n\u2022 BET Fa\u00e7ades et Verri\u00e8res : RFR, Paris France<br \/>\n\u2022 Concepteur Lumi\u00e8re : 8\u201918\u2019\u2019, Paris, France.<br \/>\n\u2022 BET Acoustique : commins dBlab, Paris, France.<\/p>\n<p>[\/et_pb_text][\/et_pb_column][\/et_pb_row][et_pb_row admin_label=\u00a0\u00bbLigne\u00a0\u00bb][et_pb_column type=\u00a0\u00bb4_4&Prime;][et_pb_image admin_label=\u00a0\u00bbImage\u00a0\u00bb src=\u00a0\u00bbhttps:\/\/batijournal.com\/wp-content\/uploads\/2016\/12\/lascaux-iv-2.png\u00a0\u00bb show_in_lightbox=\u00a0\u00bbon\u00a0\u00bb url_new_window=\u00a0\u00bboff\u00a0\u00bb use_overlay=\u00a0\u00bboff\u00a0\u00bb animation=\u00a0\u00bboff\u00a0\u00bb sticky=\u00a0\u00bboff\u00a0\u00bb align=\u00a0\u00bbleft\u00a0\u00bb force_fullwidth=\u00a0\u00bboff\u00a0\u00bb always_center_on_mobile=\u00a0\u00bbon\u00a0\u00bb use_border_color=\u00a0\u00bboff\u00a0\u00bb border_color=\u00a0\u00bb#ffffff\u00a0\u00bb border_style=\u00a0\u00bbsolid\u00a0\u00bb \/][et_pb_text admin_label=\u00a0\u00bbTexte\u00a0\u00bb background_layout=\u00a0\u00bblight\u00a0\u00bb text_orientation=\u00a0\u00bbleft\u00a0\u00bb use_border_color=\u00a0\u00bboff\u00a0\u00bb border_color=\u00a0\u00bb#ffffff\u00a0\u00bb border_style=\u00a0\u00bbsolid\u00a0\u00bb]<\/p>\n<p>Visuels :\u00a0Centre International de l\u2019Art Pari\u00e9tal Montignac-Lascaux<\/p>\n<p>[\/et_pb_text][\/et_pb_column][\/et_pb_row][\/et_pb_section]<\/p>\n","protected":false},"excerpt":{"rendered":"<p>Le Centre International de l\u2019Art Pari\u00e9tal Montignac-Lascaux a pour vocation de mettre en valeur et d\u2019expliquer la richesse de l\u2019art pari\u00e9tal&#8230;<\/p>\n","protected":false},"author":17,"featured_media":94502,"comment_status":"closed","ping_status":"closed","sticky":false,"template":"","format":"standard","meta":{"_et_pb_use_builder":"on","_et_pb_old_content":"<p><strong>Le Centre International de l\u2019Art Pari\u00e9tal Montignac-Lascaux, inaugur\u00e9 par Fran\u00e7ois Hollande ce 10 d\u00e9cembre 2016, est bas\u00e9 sur la commune de Montignac-sur-V\u00e9z\u00e8re en Dordogne au pied de la colline de Lascaux. Il a pour vocation de mettre en valeur et d\u2019expliquer la richesse de l\u2019art pari\u00e9tal \u00e0 partir des repr\u00e9sentations peintes et grav\u00e9es situ\u00e9es dans la grotte de Lascaux. El\u00e9ment majeur du site, le fac-simil\u00e9 reproduit l\u2019int\u00e9gralit\u00e9 de la grotte de Lascaux avec les techniques et le savoir-faire de l\u2019Atelier des Fac-Simil\u00e9s du P\u00e9rigord (AFSP).<\/strong><\/p><p>Le parti pris architectural du projet est une proposition sobre, sans ostentation, sans surench\u00e8re de formes ni de mat\u00e9riaux, mais dont il se d\u00e9gage une v\u00e9ritable puissance. Le b\u00e2timent, d\u2019une hauteur moyenne de huit m\u00e8tres, s\u2019\u00e9tend sur environ cent cinquante m\u00e8tres pour ce qui est de sa plus grande longueur. Il se d\u00e9veloppe jusqu\u2019\u00e0 soixante-dix m\u00e8tres dans sa plus grande largeur.<\/p><p>La toiture pr\u00e9sente une douce ligne bris\u00e9e, qui r\u00e9pond au mouvement de la colline. Ce dessin de toiture est un \u00e9l\u00e9ment fort du projet car il concourt \u00e0 mat\u00e9rialiser la notion de faille, de fissure dans le paysage, notion qui s\u2019exprime \u00e9galement dans l\u2019\u00e9criture architecturale des sols. Le b\u00e2timent, semi-enterr\u00e9, se confond avec le paysage. L\u2019arri\u00e8re dispara\u00eet dans le relief et dans la for\u00eat, tandis que la fa\u00e7ade avant, toute en transparence, s\u2019ouvre g\u00e9n\u00e9reusement sur la vall\u00e9e. Les sols (int\u00e9rieurs et ext\u00e9rieurs), les parois, la toiture et le bandeau de fa\u00e7ade sont r\u00e9alis\u00e9s dans le m\u00eame b\u00e9ton architectural qui conf\u00e8re \u00e0 l\u2019ensemble une dimen- sion de monolithe. La deuxi\u00e8me mat\u00e9rialit\u00e9 du projet, le verre, domine en fa\u00e7ade et en couverture de la zone d\u2019orientation.<\/p><p>L\u2019entr\u00e9e du fac-simil\u00e9 est marqu\u00e9e par un traitement contemporain : le public sait qu\u2019il est en pr\u00e9sence d\u2019une reproduction, m\u00eame si tout un travail a \u00e9t\u00e9 men\u00e9 conjointement avec un coll\u00e8ge d\u2019experts pr\u00e9historiens pour recr\u00e9er une exp\u00e9rience spatiale au plus proche de l\u2019originale. \u00c0 l\u2019int\u00e9rieur du fac-simil\u00e9, l\u2019atmos- ph\u00e8re est celle d\u2019une grotte. Il fait humide et sombre, les sons sont assourdis.<\/p><p>Le Centre International de l\u2019Art Pari\u00e9tal Montignac-Lascaux est un centre d\u2019interpr\u00e9tation. Contrairement \u00e0 un mus\u00e9e au sens classique du terme, un centre d\u2019interpr\u00e9tation n\u2019expose pas de collections d\u2019oeuvres, mais a pour objectif de mettre en valeur et d\u2019expliquer un site et ses richesses.<\/p><p>Ouverture au public le 15 d\u00e9cembre 2016.<\/p><p>\u00a0<\/p>","_et_gb_content_width":"","footnotes":""},"categories":[10736,10530,6340],"tags":[8428,8580,5462,8401],"class_list":["post-94501","post","type-post","status-publish","format-standard","has-post-thumbnail","hentry","category-a-la-une","category-actualites","category-architecture-conception","tag-grotte-chauvet","tag-grotte-de-lascaux","tag-lascaux","tag-lascaux-iv"],"yoast_head":"<!-- This site is optimized with the Yoast SEO plugin v27.4 - https:\/\/yoast.com\/product\/yoast-seo-wordpress\/ -->\n<title>Lascaux IV ouvre<\/title>\n<meta name=\"robots\" content=\"index, follow, max-snippet:-1, max-image-preview:large, max-video-preview:-1\" \/>\n<link rel=\"canonical\" href=\"https:\/\/batijournal.com\/index.php\/lascaux-iv-ouvre\/94501\/\" \/>\n<meta property=\"og:locale\" content=\"fr_FR\" \/>\n<meta property=\"og:type\" content=\"article\" \/>\n<meta property=\"og:title\" content=\"Lascaux IV ouvre\" \/>\n<meta property=\"og:description\" content=\"Le Centre International de l\u2019Art Pari\u00e9tal Montignac-Lascaux a pour vocation de mettre en valeur et d\u2019expliquer la richesse de l\u2019art pari\u00e9tal...\" \/>\n<meta property=\"og:url\" content=\"https:\/\/batijournal.com\/index.php\/lascaux-iv-ouvre\/94501\/\" \/>\n<meta property=\"og:site_name\" content=\"Batijournal\" \/>\n<meta property=\"article:published_time\" content=\"2016-12-10T11:40:10+00:00\" \/>\n<meta property=\"article:modified_time\" content=\"2019-07-15T09:27:43+00:00\" \/>\n<meta property=\"og:image\" content=\"https:\/\/batijournal.com\/wp-content\/uploads\/2016\/12\/lascaux-iv.png\" \/>\n\t<meta property=\"og:image:width\" content=\"1021\" \/>\n\t<meta property=\"og:image:height\" content=\"626\" \/>\n\t<meta property=\"og:image:type\" content=\"image\/png\" \/>\n<meta name=\"author\" content=\"St\u00e9phane Miget\" \/>\n<meta name=\"twitter:card\" content=\"summary_large_image\" \/>\n<meta name=\"twitter:creator\" content=\"@bati_journal\" \/>\n<meta name=\"twitter:site\" content=\"@bati_journal\" \/>\n<meta name=\"twitter:label1\" content=\"\u00c9crit par\" \/>\n\t<meta name=\"twitter:data1\" content=\"St\u00e9phane Miget\" \/>\n\t<meta name=\"twitter:label2\" content=\"Dur\u00e9e de lecture estim\u00e9e\" \/>\n\t<meta name=\"twitter:data2\" content=\"4 minutes\" \/>\n<script type=\"application\/ld+json\" class=\"yoast-schema-graph\">{\"@context\":\"https:\\\/\\\/schema.org\",\"@graph\":[{\"@type\":\"Article\",\"@id\":\"https:\\\/\\\/batijournal.com\\\/index.php\\\/lascaux-iv-ouvre\\\/94501\\\/#article\",\"isPartOf\":{\"@id\":\"https:\\\/\\\/batijournal.com\\\/index.php\\\/lascaux-iv-ouvre\\\/94501\\\/\"},\"author\":{\"name\":\"St\u00e9phane Miget\",\"@id\":\"https:\\\/\\\/batijournal.com\\\/#\\\/schema\\\/person\\\/1dc96ec6957aa1ccb25ebe78bb19f100\"},\"headline\":\"Lascaux IV ouvre\",\"datePublished\":\"2016-12-10T11:40:10+00:00\",\"dateModified\":\"2019-07-15T09:27:43+00:00\",\"mainEntityOfPage\":{\"@id\":\"https:\\\/\\\/batijournal.com\\\/index.php\\\/lascaux-iv-ouvre\\\/94501\\\/\"},\"wordCount\":792,\"image\":{\"@id\":\"https:\\\/\\\/batijournal.com\\\/index.php\\\/lascaux-iv-ouvre\\\/94501\\\/#primaryimage\"},\"thumbnailUrl\":\"https:\\\/\\\/batijournal.com\\\/wp-content\\\/uploads\\\/2016\\\/12\\\/lascaux-iv.png\",\"keywords\":[\"grotte chauvet\",\"grotte de lascaux\",\"lascaux\",\"lascaux iv\"],\"articleSection\":[\"A la Une\",\"Actualit\u00e9s\",\"Architecture &amp; Conception\"],\"inLanguage\":\"fr-FR\"},{\"@type\":\"WebPage\",\"@id\":\"https:\\\/\\\/batijournal.com\\\/index.php\\\/lascaux-iv-ouvre\\\/94501\\\/\",\"url\":\"https:\\\/\\\/batijournal.com\\\/index.php\\\/lascaux-iv-ouvre\\\/94501\\\/\",\"name\":\"Lascaux IV ouvre\",\"isPartOf\":{\"@id\":\"https:\\\/\\\/batijournal.com\\\/#website\"},\"primaryImageOfPage\":{\"@id\":\"https:\\\/\\\/batijournal.com\\\/index.php\\\/lascaux-iv-ouvre\\\/94501\\\/#primaryimage\"},\"image\":{\"@id\":\"https:\\\/\\\/batijournal.com\\\/index.php\\\/lascaux-iv-ouvre\\\/94501\\\/#primaryimage\"},\"thumbnailUrl\":\"https:\\\/\\\/batijournal.com\\\/wp-content\\\/uploads\\\/2016\\\/12\\\/lascaux-iv.png\",\"datePublished\":\"2016-12-10T11:40:10+00:00\",\"dateModified\":\"2019-07-15T09:27:43+00:00\",\"author\":{\"@id\":\"https:\\\/\\\/batijournal.com\\\/#\\\/schema\\\/person\\\/1dc96ec6957aa1ccb25ebe78bb19f100\"},\"breadcrumb\":{\"@id\":\"https:\\\/\\\/batijournal.com\\\/index.php\\\/lascaux-iv-ouvre\\\/94501\\\/#breadcrumb\"},\"inLanguage\":\"fr-FR\",\"potentialAction\":[{\"@type\":\"ReadAction\",\"target\":[\"https:\\\/\\\/batijournal.com\\\/index.php\\\/lascaux-iv-ouvre\\\/94501\\\/\"]}]},{\"@type\":\"ImageObject\",\"inLanguage\":\"fr-FR\",\"@id\":\"https:\\\/\\\/batijournal.com\\\/index.php\\\/lascaux-iv-ouvre\\\/94501\\\/#primaryimage\",\"url\":\"https:\\\/\\\/batijournal.com\\\/wp-content\\\/uploads\\\/2016\\\/12\\\/lascaux-iv.png\",\"contentUrl\":\"https:\\\/\\\/batijournal.com\\\/wp-content\\\/uploads\\\/2016\\\/12\\\/lascaux-iv.png\",\"width\":1021,\"height\":626},{\"@type\":\"BreadcrumbList\",\"@id\":\"https:\\\/\\\/batijournal.com\\\/index.php\\\/lascaux-iv-ouvre\\\/94501\\\/#breadcrumb\",\"itemListElement\":[{\"@type\":\"ListItem\",\"position\":1,\"name\":\"Accueil\",\"item\":\"https:\\\/\\\/batijournal.com\\\/\"},{\"@type\":\"ListItem\",\"position\":2,\"name\":\"A la Une\",\"item\":\"https:\\\/\\\/batijournal.com\\\/index.php\\\/category\\\/a-la-une\\\/\"},{\"@type\":\"ListItem\",\"position\":3,\"name\":\"Lascaux IV ouvre\"}]},{\"@type\":\"WebSite\",\"@id\":\"https:\\\/\\\/batijournal.com\\\/#website\",\"url\":\"https:\\\/\\\/batijournal.com\\\/\",\"name\":\"Batijournal\",\"description\":\"L&#039;actualit\u00e9 du b\u00e2timent\",\"potentialAction\":[{\"@type\":\"SearchAction\",\"target\":{\"@type\":\"EntryPoint\",\"urlTemplate\":\"https:\\\/\\\/batijournal.com\\\/?s={search_term_string}\"},\"query-input\":{\"@type\":\"PropertyValueSpecification\",\"valueRequired\":true,\"valueName\":\"search_term_string\"}}],\"inLanguage\":\"fr-FR\"},{\"@type\":\"Person\",\"@id\":\"https:\\\/\\\/batijournal.com\\\/#\\\/schema\\\/person\\\/1dc96ec6957aa1ccb25ebe78bb19f100\",\"name\":\"St\u00e9phane Miget\",\"image\":{\"@type\":\"ImageObject\",\"inLanguage\":\"fr-FR\",\"@id\":\"https:\\\/\\\/secure.gravatar.com\\\/avatar\\\/89915563d925342126b8ef0281b93d9d7fc337043e8df017f780908eb9644451?s=96&d=mm&r=g\",\"url\":\"https:\\\/\\\/secure.gravatar.com\\\/avatar\\\/89915563d925342126b8ef0281b93d9d7fc337043e8df017f780908eb9644451?s=96&d=mm&r=g\",\"contentUrl\":\"https:\\\/\\\/secure.gravatar.com\\\/avatar\\\/89915563d925342126b8ef0281b93d9d7fc337043e8df017f780908eb9644451?s=96&d=mm&r=g\",\"caption\":\"St\u00e9phane Miget\"},\"url\":\"https:\\\/\\\/batijournal.com\\\/index.php\\\/author\\\/stephane\\\/\"}]}<\/script>\n<!-- \/ Yoast SEO plugin. -->","yoast_head_json":{"title":"Lascaux IV ouvre","robots":{"index":"index","follow":"follow","max-snippet":"max-snippet:-1","max-image-preview":"max-image-preview:large","max-video-preview":"max-video-preview:-1"},"canonical":"https:\/\/batijournal.com\/index.php\/lascaux-iv-ouvre\/94501\/","og_locale":"fr_FR","og_type":"article","og_title":"Lascaux IV ouvre","og_description":"Le Centre International de l\u2019Art Pari\u00e9tal Montignac-Lascaux a pour vocation de mettre en valeur et d\u2019expliquer la richesse de l\u2019art pari\u00e9tal...","og_url":"https:\/\/batijournal.com\/index.php\/lascaux-iv-ouvre\/94501\/","og_site_name":"Batijournal","article_published_time":"2016-12-10T11:40:10+00:00","article_modified_time":"2019-07-15T09:27:43+00:00","og_image":[{"width":1021,"height":626,"url":"https:\/\/batijournal.com\/wp-content\/uploads\/2016\/12\/lascaux-iv.png","type":"image\/png"}],"author":"St\u00e9phane Miget","twitter_card":"summary_large_image","twitter_creator":"@bati_journal","twitter_site":"@bati_journal","twitter_misc":{"\u00c9crit par":"St\u00e9phane Miget","Dur\u00e9e de lecture estim\u00e9e":"4 minutes"},"schema":{"@context":"https:\/\/schema.org","@graph":[{"@type":"Article","@id":"https:\/\/batijournal.com\/index.php\/lascaux-iv-ouvre\/94501\/#article","isPartOf":{"@id":"https:\/\/batijournal.com\/index.php\/lascaux-iv-ouvre\/94501\/"},"author":{"name":"St\u00e9phane Miget","@id":"https:\/\/batijournal.com\/#\/schema\/person\/1dc96ec6957aa1ccb25ebe78bb19f100"},"headline":"Lascaux IV ouvre","datePublished":"2016-12-10T11:40:10+00:00","dateModified":"2019-07-15T09:27:43+00:00","mainEntityOfPage":{"@id":"https:\/\/batijournal.com\/index.php\/lascaux-iv-ouvre\/94501\/"},"wordCount":792,"image":{"@id":"https:\/\/batijournal.com\/index.php\/lascaux-iv-ouvre\/94501\/#primaryimage"},"thumbnailUrl":"https:\/\/batijournal.com\/wp-content\/uploads\/2016\/12\/lascaux-iv.png","keywords":["grotte chauvet","grotte de lascaux","lascaux","lascaux iv"],"articleSection":["A la Une","Actualit\u00e9s","Architecture &amp; Conception"],"inLanguage":"fr-FR"},{"@type":"WebPage","@id":"https:\/\/batijournal.com\/index.php\/lascaux-iv-ouvre\/94501\/","url":"https:\/\/batijournal.com\/index.php\/lascaux-iv-ouvre\/94501\/","name":"Lascaux IV ouvre","isPartOf":{"@id":"https:\/\/batijournal.com\/#website"},"primaryImageOfPage":{"@id":"https:\/\/batijournal.com\/index.php\/lascaux-iv-ouvre\/94501\/#primaryimage"},"image":{"@id":"https:\/\/batijournal.com\/index.php\/lascaux-iv-ouvre\/94501\/#primaryimage"},"thumbnailUrl":"https:\/\/batijournal.com\/wp-content\/uploads\/2016\/12\/lascaux-iv.png","datePublished":"2016-12-10T11:40:10+00:00","dateModified":"2019-07-15T09:27:43+00:00","author":{"@id":"https:\/\/batijournal.com\/#\/schema\/person\/1dc96ec6957aa1ccb25ebe78bb19f100"},"breadcrumb":{"@id":"https:\/\/batijournal.com\/index.php\/lascaux-iv-ouvre\/94501\/#breadcrumb"},"inLanguage":"fr-FR","potentialAction":[{"@type":"ReadAction","target":["https:\/\/batijournal.com\/index.php\/lascaux-iv-ouvre\/94501\/"]}]},{"@type":"ImageObject","inLanguage":"fr-FR","@id":"https:\/\/batijournal.com\/index.php\/lascaux-iv-ouvre\/94501\/#primaryimage","url":"https:\/\/batijournal.com\/wp-content\/uploads\/2016\/12\/lascaux-iv.png","contentUrl":"https:\/\/batijournal.com\/wp-content\/uploads\/2016\/12\/lascaux-iv.png","width":1021,"height":626},{"@type":"BreadcrumbList","@id":"https:\/\/batijournal.com\/index.php\/lascaux-iv-ouvre\/94501\/#breadcrumb","itemListElement":[{"@type":"ListItem","position":1,"name":"Accueil","item":"https:\/\/batijournal.com\/"},{"@type":"ListItem","position":2,"name":"A la Une","item":"https:\/\/batijournal.com\/index.php\/category\/a-la-une\/"},{"@type":"ListItem","position":3,"name":"Lascaux IV ouvre"}]},{"@type":"WebSite","@id":"https:\/\/batijournal.com\/#website","url":"https:\/\/batijournal.com\/","name":"Batijournal","description":"L&#039;actualit\u00e9 du b\u00e2timent","potentialAction":[{"@type":"SearchAction","target":{"@type":"EntryPoint","urlTemplate":"https:\/\/batijournal.com\/?s={search_term_string}"},"query-input":{"@type":"PropertyValueSpecification","valueRequired":true,"valueName":"search_term_string"}}],"inLanguage":"fr-FR"},{"@type":"Person","@id":"https:\/\/batijournal.com\/#\/schema\/person\/1dc96ec6957aa1ccb25ebe78bb19f100","name":"St\u00e9phane Miget","image":{"@type":"ImageObject","inLanguage":"fr-FR","@id":"https:\/\/secure.gravatar.com\/avatar\/89915563d925342126b8ef0281b93d9d7fc337043e8df017f780908eb9644451?s=96&d=mm&r=g","url":"https:\/\/secure.gravatar.com\/avatar\/89915563d925342126b8ef0281b93d9d7fc337043e8df017f780908eb9644451?s=96&d=mm&r=g","contentUrl":"https:\/\/secure.gravatar.com\/avatar\/89915563d925342126b8ef0281b93d9d7fc337043e8df017f780908eb9644451?s=96&d=mm&r=g","caption":"St\u00e9phane Miget"},"url":"https:\/\/batijournal.com\/index.php\/author\/stephane\/"}]}},"_links":{"self":[{"href":"https:\/\/batijournal.com\/index.php\/wp-json\/wp\/v2\/posts\/94501","targetHints":{"allow":["GET"]}}],"collection":[{"href":"https:\/\/batijournal.com\/index.php\/wp-json\/wp\/v2\/posts"}],"about":[{"href":"https:\/\/batijournal.com\/index.php\/wp-json\/wp\/v2\/types\/post"}],"author":[{"embeddable":true,"href":"https:\/\/batijournal.com\/index.php\/wp-json\/wp\/v2\/users\/17"}],"replies":[{"embeddable":true,"href":"https:\/\/batijournal.com\/index.php\/wp-json\/wp\/v2\/comments?post=94501"}],"version-history":[{"count":0,"href":"https:\/\/batijournal.com\/index.php\/wp-json\/wp\/v2\/posts\/94501\/revisions"}],"wp:featuredmedia":[{"embeddable":true,"href":"https:\/\/batijournal.com\/index.php\/wp-json\/wp\/v2\/media\/94502"}],"wp:attachment":[{"href":"https:\/\/batijournal.com\/index.php\/wp-json\/wp\/v2\/media?parent=94501"}],"wp:term":[{"taxonomy":"category","embeddable":true,"href":"https:\/\/batijournal.com\/index.php\/wp-json\/wp\/v2\/categories?post=94501"},{"taxonomy":"post_tag","embeddable":true,"href":"https:\/\/batijournal.com\/index.php\/wp-json\/wp\/v2\/tags?post=94501"}],"curies":[{"name":"wp","href":"https:\/\/api.w.org\/{rel}","templated":true}]}}