{"id":94505,"date":"2016-12-10T12:55:41","date_gmt":"2016-12-10T11:55:41","guid":{"rendered":"http:\/\/batijournal.com\/?p=94505"},"modified":"2019-07-15T12:23:38","modified_gmt":"2019-07-15T10:23:38","slug":"pollution-de-lair-aides-vehicules-electriques-pros-aides-chauffage-propre-chez-particuliers","status":"publish","type":"post","link":"https:\/\/batijournal.com\/index.php\/pollution-de-lair-aides-vehicules-electriques-pros-aides-chauffage-propre-chez-particuliers\/94505\/","title":{"rendered":"Pollution de l&rsquo;air : des aides pour les v\u00e9hicules \u00e9lectriques pour les pros, des aides pour un chauffage propre chez les particuliers"},"content":{"rendered":"<p><strong>L\u2019\u00e9pisode de pollution aux particules que connaissent plusieurs r\u00e9gions fran\u00e7aises depuis le 30 novembre 2016, li\u00e9 \u00e0 des conditions m\u00e9t\u00e9orologiques exceptionnelles, met en \u00e9vidence l\u2019impact du trafic routier et de certains syst\u00e8mes de chauffage sur la qualit\u00e9 de l\u2019air. A l&rsquo;issu d&rsquo;un conseil des ministres exceptionnel, le Gouvernement vient d&rsquo;annoncer poursuivre les actions engag\u00e9es et fait des propositions qui int\u00e9resseront les professionnels du b\u00e2timent.<\/strong><\/p>\n<p>Afin de favoriser le renouvellement du parc chez les professionnels qui utilisent leurs v\u00e9hicules pour leur travail, la prime \u00e0 la conversion, qui permet de b\u00e9n\u00e9ficier d\u2019une aide jusqu\u2019\u00e0 10 000 euros pour l\u2019achat d\u2019un v\u00e9hicule \u00e9lectrique en contrepartie de la mise au rebut d\u2019un vieux v\u00e9hicule diesel, sera \u00e9tendue aux v\u00e9hicules utilitaires l\u00e9gers \u00e0 compter de 2017.<\/p>\n<p>Pour r\u00e9duire les pollutions li\u00e9es au chauffage chez les particuliers, d\u00e9but 2017 un programme de 75 millions d\u2019euros sera lanc\u00e9 pour appuyer le d\u00e9ploiement de solutions de chauffage plus propres chez les personnes en situation de pr\u00e9carit\u00e9 \u00e9nerg\u00e9tique. Il permettra aux personnes \u00e0 revenus modestes de b\u00e9n\u00e9ficier de :<\/p>\n<ul>\n<li>800 \u20ac pour le remplacement d\u2019une chaudi\u00e8re polluante par une chaudi\u00e8re neuve \u00e0 haute performance ;<\/li>\n<li>800 \u20ac \u00e0 1 400 \u20ac pour le remplacement d\u2019une chaudi\u00e8re polluante par une chaudi\u00e8re neuve au bois de classe 5, en fonction du logement ;<\/li>\n<li>100 \u20ac pour l\u2019installation d\u2019un programmateur centralis\u00e9 pour les radiateurs \u00e9lectriques ;<\/li>\n<li>600 \u20ac \u00e0 1 700 \u20ac pour l\u2019isolation de combles, en fonction du logement.<\/li>\n<\/ul>\n<p>Appuy\u00e9 sur le dispositif des certificats d\u2019\u00e9conomie d\u2019\u00e9nergie, il sera \u00e9tabli en lien avec des fournisseurs d\u2019\u00e9nergie volontaires.<\/p>\n","protected":false},"excerpt":{"rendered":"<p>L\u2019\u00e9pisode de pollution aux particules que connaissent plusieurs r\u00e9gions fran\u00e7aises depuis le 30 novembre 2016, li\u00e9 \u00e0 des conditions m\u00e9t\u00e9orologiques exceptionnelles, met en \u00e9vidence l\u2019impact du trafic routier et de certains syst\u00e8mes de chauffage sur la qualit\u00e9 de l\u2019air. A l&rsquo;issu d&rsquo;un conseil des ministres exceptionnel, le Gouvernement vient d&rsquo;annoncer poursuivre les actions engag\u00e9es et [&hellip;]<\/p>\n","protected":false},"author":17,"featured_media":90536,"comment_status":"closed","ping_status":"closed","sticky":false,"template":"","format":"standard","meta":{"_et_pb_use_builder":"","_et_pb_old_content":"","_et_gb_content_width":"","footnotes":""},"categories":[10530,6351],"tags":[1662,9600,8790],"class_list":["post-94505","post","type-post","status-publish","format-standard","has-post-thumbnail","hentry","category-actualites","category-energie-environnement","tag-vehicule-electrique","tag-vehicules-dentreprises","tag-vehicules-electriques"],"yoast_head":"<!-- This site is optimized with the Yoast SEO plugin v27.4 - https:\/\/yoast.com\/product\/yoast-seo-wordpress\/ -->\n<title>Pollution de l&#039;air : des aides pour les v\u00e9hicules \u00e9lectriques pour les pros, des aides pour un chauffage propre chez les particuliers<\/title>\n<meta name=\"robots\" content=\"index, follow, max-snippet:-1, max-image-preview:large, max-video-preview:-1\" \/>\n<link rel=\"canonical\" href=\"https:\/\/batijournal.com\/index.php\/pollution-de-lair-aides-vehicules-electriques-pros-aides-chauffage-propre-chez-particuliers\/94505\/\" \/>\n<meta property=\"og:locale\" content=\"fr_FR\" \/>\n<meta property=\"og:type\" content=\"article\" \/>\n<meta property=\"og:title\" content=\"Pollution de l&#039;air : des aides pour les v\u00e9hicules \u00e9lectriques pour les pros, des aides pour un chauffage propre chez les particuliers\" \/>\n<meta property=\"og:description\" content=\"L\u2019\u00e9pisode de pollution aux particules que connaissent plusieurs r\u00e9gions fran\u00e7aises depuis le 30 novembre 2016, li\u00e9 \u00e0 des conditions m\u00e9t\u00e9orologiques exceptionnelles, met en \u00e9vidence l\u2019impact du trafic routier et de certains syst\u00e8mes de chauffage sur la qualit\u00e9 de l\u2019air. A l&rsquo;issu d&rsquo;un conseil des ministres exceptionnel, le Gouvernement vient d&rsquo;annoncer poursuivre les actions engag\u00e9es et [&hellip;]\" \/>\n<meta property=\"og:url\" content=\"https:\/\/batijournal.com\/index.php\/pollution-de-lair-aides-vehicules-electriques-pros-aides-chauffage-propre-chez-particuliers\/94505\/\" \/>\n<meta property=\"og:site_name\" content=\"Batijournal\" \/>\n<meta property=\"article:published_time\" content=\"2016-12-10T11:55:41+00:00\" \/>\n<meta property=\"article:modified_time\" content=\"2019-07-15T10:23:38+00:00\" \/>\n<meta property=\"og:image\" content=\"https:\/\/batijournal.com\/wp-content\/uploads\/2015\/11\/ciel-e1448039470414.jpg\" \/>\n\t<meta property=\"og:image:width\" content=\"1047\" \/>\n\t<meta property=\"og:image:height\" content=\"600\" \/>\n\t<meta property=\"og:image:type\" content=\"image\/jpeg\" \/>\n<meta name=\"author\" content=\"St\u00e9phane Miget\" \/>\n<meta name=\"twitter:card\" content=\"summary_large_image\" \/>\n<meta name=\"twitter:creator\" content=\"@bati_journal\" \/>\n<meta name=\"twitter:site\" content=\"@bati_journal\" \/>\n<meta name=\"twitter:label1\" content=\"\u00c9crit par\" \/>\n\t<meta name=\"twitter:data1\" content=\"St\u00e9phane Miget\" \/>\n\t<meta name=\"twitter:label2\" content=\"Dur\u00e9e de lecture estim\u00e9e\" \/>\n\t<meta name=\"twitter:data2\" content=\"1 minute\" \/>\n<script type=\"application\/ld+json\" class=\"yoast-schema-graph\">{\"@context\":\"https:\\\/\\\/schema.org\",\"@graph\":[{\"@type\":\"Article\",\"@id\":\"https:\\\/\\\/batijournal.com\\\/index.php\\\/pollution-de-lair-aides-vehicules-electriques-pros-aides-chauffage-propre-chez-particuliers\\\/94505\\\/#article\",\"isPartOf\":{\"@id\":\"https:\\\/\\\/batijournal.com\\\/index.php\\\/pollution-de-lair-aides-vehicules-electriques-pros-aides-chauffage-propre-chez-particuliers\\\/94505\\\/\"},\"author\":{\"name\":\"St\u00e9phane Miget\",\"@id\":\"https:\\\/\\\/batijournal.com\\\/#\\\/schema\\\/person\\\/1dc96ec6957aa1ccb25ebe78bb19f100\"},\"headline\":\"Pollution de l&rsquo;air : des aides pour les v\u00e9hicules \u00e9lectriques pour les pros, des aides pour un chauffage propre chez les particuliers\",\"datePublished\":\"2016-12-10T11:55:41+00:00\",\"dateModified\":\"2019-07-15T10:23:38+00:00\",\"mainEntityOfPage\":{\"@id\":\"https:\\\/\\\/batijournal.com\\\/index.php\\\/pollution-de-lair-aides-vehicules-electriques-pros-aides-chauffage-propre-chez-particuliers\\\/94505\\\/\"},\"wordCount\":293,\"image\":{\"@id\":\"https:\\\/\\\/batijournal.com\\\/index.php\\\/pollution-de-lair-aides-vehicules-electriques-pros-aides-chauffage-propre-chez-particuliers\\\/94505\\\/#primaryimage\"},\"thumbnailUrl\":\"https:\\\/\\\/batijournal.com\\\/wp-content\\\/uploads\\\/2015\\\/11\\\/ciel-e1448039470414.jpg\",\"keywords\":[\"v\u00e9hicule electrique\",\"v\u00e9hicules d'entreprises\",\"vehicules electriques\"],\"articleSection\":[\"Actualit\u00e9s\",\"\u00c9nergie &amp; Environnement\"],\"inLanguage\":\"fr-FR\"},{\"@type\":\"WebPage\",\"@id\":\"https:\\\/\\\/batijournal.com\\\/index.php\\\/pollution-de-lair-aides-vehicules-electriques-pros-aides-chauffage-propre-chez-particuliers\\\/94505\\\/\",\"url\":\"https:\\\/\\\/batijournal.com\\\/index.php\\\/pollution-de-lair-aides-vehicules-electriques-pros-aides-chauffage-propre-chez-particuliers\\\/94505\\\/\",\"name\":\"Pollution de l'air : des aides pour les v\u00e9hicules \u00e9lectriques pour les pros, des aides pour un chauffage propre chez les particuliers\",\"isPartOf\":{\"@id\":\"https:\\\/\\\/batijournal.com\\\/#website\"},\"primaryImageOfPage\":{\"@id\":\"https:\\\/\\\/batijournal.com\\\/index.php\\\/pollution-de-lair-aides-vehicules-electriques-pros-aides-chauffage-propre-chez-particuliers\\\/94505\\\/#primaryimage\"},\"image\":{\"@id\":\"https:\\\/\\\/batijournal.com\\\/index.php\\\/pollution-de-lair-aides-vehicules-electriques-pros-aides-chauffage-propre-chez-particuliers\\\/94505\\\/#primaryimage\"},\"thumbnailUrl\":\"https:\\\/\\\/batijournal.com\\\/wp-content\\\/uploads\\\/2015\\\/11\\\/ciel-e1448039470414.jpg\",\"datePublished\":\"2016-12-10T11:55:41+00:00\",\"dateModified\":\"2019-07-15T10:23:38+00:00\",\"author\":{\"@id\":\"https:\\\/\\\/batijournal.com\\\/#\\\/schema\\\/person\\\/1dc96ec6957aa1ccb25ebe78bb19f100\"},\"breadcrumb\":{\"@id\":\"https:\\\/\\\/batijournal.com\\\/index.php\\\/pollution-de-lair-aides-vehicules-electriques-pros-aides-chauffage-propre-chez-particuliers\\\/94505\\\/#breadcrumb\"},\"inLanguage\":\"fr-FR\",\"potentialAction\":[{\"@type\":\"ReadAction\",\"target\":[\"https:\\\/\\\/batijournal.com\\\/index.php\\\/pollution-de-lair-aides-vehicules-electriques-pros-aides-chauffage-propre-chez-particuliers\\\/94505\\\/\"]}]},{\"@type\":\"ImageObject\",\"inLanguage\":\"fr-FR\",\"@id\":\"https:\\\/\\\/batijournal.com\\\/index.php\\\/pollution-de-lair-aides-vehicules-electriques-pros-aides-chauffage-propre-chez-particuliers\\\/94505\\\/#primaryimage\",\"url\":\"https:\\\/\\\/batijournal.com\\\/wp-content\\\/uploads\\\/2015\\\/11\\\/ciel-e1448039470414.jpg\",\"contentUrl\":\"https:\\\/\\\/batijournal.com\\\/wp-content\\\/uploads\\\/2015\\\/11\\\/ciel-e1448039470414.jpg\",\"width\":1047,\"height\":600},{\"@type\":\"BreadcrumbList\",\"@id\":\"https:\\\/\\\/batijournal.com\\\/index.php\\\/pollution-de-lair-aides-vehicules-electriques-pros-aides-chauffage-propre-chez-particuliers\\\/94505\\\/#breadcrumb\",\"itemListElement\":[{\"@type\":\"ListItem\",\"position\":1,\"name\":\"Accueil\",\"item\":\"https:\\\/\\\/batijournal.com\\\/\"},{\"@type\":\"ListItem\",\"position\":2,\"name\":\"Actualit\u00e9s\",\"item\":\"https:\\\/\\\/batijournal.com\\\/index.php\\\/category\\\/actualites\\\/\"},{\"@type\":\"ListItem\",\"position\":3,\"name\":\"Pollution de l&rsquo;air : des aides pour les v\u00e9hicules \u00e9lectriques pour les pros, des aides pour un chauffage propre chez les particuliers\"}]},{\"@type\":\"WebSite\",\"@id\":\"https:\\\/\\\/batijournal.com\\\/#website\",\"url\":\"https:\\\/\\\/batijournal.com\\\/\",\"name\":\"Batijournal\",\"description\":\"L&#039;actualit\u00e9 du b\u00e2timent\",\"potentialAction\":[{\"@type\":\"SearchAction\",\"target\":{\"@type\":\"EntryPoint\",\"urlTemplate\":\"https:\\\/\\\/batijournal.com\\\/?s={search_term_string}\"},\"query-input\":{\"@type\":\"PropertyValueSpecification\",\"valueRequired\":true,\"valueName\":\"search_term_string\"}}],\"inLanguage\":\"fr-FR\"},{\"@type\":\"Person\",\"@id\":\"https:\\\/\\\/batijournal.com\\\/#\\\/schema\\\/person\\\/1dc96ec6957aa1ccb25ebe78bb19f100\",\"name\":\"St\u00e9phane Miget\",\"image\":{\"@type\":\"ImageObject\",\"inLanguage\":\"fr-FR\",\"@id\":\"https:\\\/\\\/secure.gravatar.com\\\/avatar\\\/89915563d925342126b8ef0281b93d9d7fc337043e8df017f780908eb9644451?s=96&d=mm&r=g\",\"url\":\"https:\\\/\\\/secure.gravatar.com\\\/avatar\\\/89915563d925342126b8ef0281b93d9d7fc337043e8df017f780908eb9644451?s=96&d=mm&r=g\",\"contentUrl\":\"https:\\\/\\\/secure.gravatar.com\\\/avatar\\\/89915563d925342126b8ef0281b93d9d7fc337043e8df017f780908eb9644451?s=96&d=mm&r=g\",\"caption\":\"St\u00e9phane Miget\"},\"url\":\"https:\\\/\\\/batijournal.com\\\/index.php\\\/author\\\/stephane\\\/\"}]}<\/script>\n<!-- \/ Yoast SEO plugin. -->","yoast_head_json":{"title":"Pollution de l'air : des aides pour les v\u00e9hicules \u00e9lectriques pour les pros, des aides pour un chauffage propre chez les particuliers","robots":{"index":"index","follow":"follow","max-snippet":"max-snippet:-1","max-image-preview":"max-image-preview:large","max-video-preview":"max-video-preview:-1"},"canonical":"https:\/\/batijournal.com\/index.php\/pollution-de-lair-aides-vehicules-electriques-pros-aides-chauffage-propre-chez-particuliers\/94505\/","og_locale":"fr_FR","og_type":"article","og_title":"Pollution de l'air : des aides pour les v\u00e9hicules \u00e9lectriques pour les pros, des aides pour un chauffage propre chez les particuliers","og_description":"L\u2019\u00e9pisode de pollution aux particules que connaissent plusieurs r\u00e9gions fran\u00e7aises depuis le 30 novembre 2016, li\u00e9 \u00e0 des conditions m\u00e9t\u00e9orologiques exceptionnelles, met en \u00e9vidence l\u2019impact du trafic routier et de certains syst\u00e8mes de chauffage sur la qualit\u00e9 de l\u2019air. A l&rsquo;issu d&rsquo;un conseil des ministres exceptionnel, le Gouvernement vient d&rsquo;annoncer poursuivre les actions engag\u00e9es et [&hellip;]","og_url":"https:\/\/batijournal.com\/index.php\/pollution-de-lair-aides-vehicules-electriques-pros-aides-chauffage-propre-chez-particuliers\/94505\/","og_site_name":"Batijournal","article_published_time":"2016-12-10T11:55:41+00:00","article_modified_time":"2019-07-15T10:23:38+00:00","og_image":[{"width":1047,"height":600,"url":"https:\/\/batijournal.com\/wp-content\/uploads\/2015\/11\/ciel-e1448039470414.jpg","type":"image\/jpeg"}],"author":"St\u00e9phane Miget","twitter_card":"summary_large_image","twitter_creator":"@bati_journal","twitter_site":"@bati_journal","twitter_misc":{"\u00c9crit par":"St\u00e9phane Miget","Dur\u00e9e de lecture estim\u00e9e":"1 minute"},"schema":{"@context":"https:\/\/schema.org","@graph":[{"@type":"Article","@id":"https:\/\/batijournal.com\/index.php\/pollution-de-lair-aides-vehicules-electriques-pros-aides-chauffage-propre-chez-particuliers\/94505\/#article","isPartOf":{"@id":"https:\/\/batijournal.com\/index.php\/pollution-de-lair-aides-vehicules-electriques-pros-aides-chauffage-propre-chez-particuliers\/94505\/"},"author":{"name":"St\u00e9phane Miget","@id":"https:\/\/batijournal.com\/#\/schema\/person\/1dc96ec6957aa1ccb25ebe78bb19f100"},"headline":"Pollution de l&rsquo;air : des aides pour les v\u00e9hicules \u00e9lectriques pour les pros, des aides pour un chauffage propre chez les particuliers","datePublished":"2016-12-10T11:55:41+00:00","dateModified":"2019-07-15T10:23:38+00:00","mainEntityOfPage":{"@id":"https:\/\/batijournal.com\/index.php\/pollution-de-lair-aides-vehicules-electriques-pros-aides-chauffage-propre-chez-particuliers\/94505\/"},"wordCount":293,"image":{"@id":"https:\/\/batijournal.com\/index.php\/pollution-de-lair-aides-vehicules-electriques-pros-aides-chauffage-propre-chez-particuliers\/94505\/#primaryimage"},"thumbnailUrl":"https:\/\/batijournal.com\/wp-content\/uploads\/2015\/11\/ciel-e1448039470414.jpg","keywords":["v\u00e9hicule electrique","v\u00e9hicules d'entreprises","vehicules electriques"],"articleSection":["Actualit\u00e9s","\u00c9nergie &amp; Environnement"],"inLanguage":"fr-FR"},{"@type":"WebPage","@id":"https:\/\/batijournal.com\/index.php\/pollution-de-lair-aides-vehicules-electriques-pros-aides-chauffage-propre-chez-particuliers\/94505\/","url":"https:\/\/batijournal.com\/index.php\/pollution-de-lair-aides-vehicules-electriques-pros-aides-chauffage-propre-chez-particuliers\/94505\/","name":"Pollution de l'air : des aides pour les v\u00e9hicules \u00e9lectriques pour les pros, des aides pour un chauffage propre chez les particuliers","isPartOf":{"@id":"https:\/\/batijournal.com\/#website"},"primaryImageOfPage":{"@id":"https:\/\/batijournal.com\/index.php\/pollution-de-lair-aides-vehicules-electriques-pros-aides-chauffage-propre-chez-particuliers\/94505\/#primaryimage"},"image":{"@id":"https:\/\/batijournal.com\/index.php\/pollution-de-lair-aides-vehicules-electriques-pros-aides-chauffage-propre-chez-particuliers\/94505\/#primaryimage"},"thumbnailUrl":"https:\/\/batijournal.com\/wp-content\/uploads\/2015\/11\/ciel-e1448039470414.jpg","datePublished":"2016-12-10T11:55:41+00:00","dateModified":"2019-07-15T10:23:38+00:00","author":{"@id":"https:\/\/batijournal.com\/#\/schema\/person\/1dc96ec6957aa1ccb25ebe78bb19f100"},"breadcrumb":{"@id":"https:\/\/batijournal.com\/index.php\/pollution-de-lair-aides-vehicules-electriques-pros-aides-chauffage-propre-chez-particuliers\/94505\/#breadcrumb"},"inLanguage":"fr-FR","potentialAction":[{"@type":"ReadAction","target":["https:\/\/batijournal.com\/index.php\/pollution-de-lair-aides-vehicules-electriques-pros-aides-chauffage-propre-chez-particuliers\/94505\/"]}]},{"@type":"ImageObject","inLanguage":"fr-FR","@id":"https:\/\/batijournal.com\/index.php\/pollution-de-lair-aides-vehicules-electriques-pros-aides-chauffage-propre-chez-particuliers\/94505\/#primaryimage","url":"https:\/\/batijournal.com\/wp-content\/uploads\/2015\/11\/ciel-e1448039470414.jpg","contentUrl":"https:\/\/batijournal.com\/wp-content\/uploads\/2015\/11\/ciel-e1448039470414.jpg","width":1047,"height":600},{"@type":"BreadcrumbList","@id":"https:\/\/batijournal.com\/index.php\/pollution-de-lair-aides-vehicules-electriques-pros-aides-chauffage-propre-chez-particuliers\/94505\/#breadcrumb","itemListElement":[{"@type":"ListItem","position":1,"name":"Accueil","item":"https:\/\/batijournal.com\/"},{"@type":"ListItem","position":2,"name":"Actualit\u00e9s","item":"https:\/\/batijournal.com\/index.php\/category\/actualites\/"},{"@type":"ListItem","position":3,"name":"Pollution de l&rsquo;air : des aides pour les v\u00e9hicules \u00e9lectriques pour les pros, des aides pour un chauffage propre chez les particuliers"}]},{"@type":"WebSite","@id":"https:\/\/batijournal.com\/#website","url":"https:\/\/batijournal.com\/","name":"Batijournal","description":"L&#039;actualit\u00e9 du b\u00e2timent","potentialAction":[{"@type":"SearchAction","target":{"@type":"EntryPoint","urlTemplate":"https:\/\/batijournal.com\/?s={search_term_string}"},"query-input":{"@type":"PropertyValueSpecification","valueRequired":true,"valueName":"search_term_string"}}],"inLanguage":"fr-FR"},{"@type":"Person","@id":"https:\/\/batijournal.com\/#\/schema\/person\/1dc96ec6957aa1ccb25ebe78bb19f100","name":"St\u00e9phane Miget","image":{"@type":"ImageObject","inLanguage":"fr-FR","@id":"https:\/\/secure.gravatar.com\/avatar\/89915563d925342126b8ef0281b93d9d7fc337043e8df017f780908eb9644451?s=96&d=mm&r=g","url":"https:\/\/secure.gravatar.com\/avatar\/89915563d925342126b8ef0281b93d9d7fc337043e8df017f780908eb9644451?s=96&d=mm&r=g","contentUrl":"https:\/\/secure.gravatar.com\/avatar\/89915563d925342126b8ef0281b93d9d7fc337043e8df017f780908eb9644451?s=96&d=mm&r=g","caption":"St\u00e9phane Miget"},"url":"https:\/\/batijournal.com\/index.php\/author\/stephane\/"}]}},"_links":{"self":[{"href":"https:\/\/batijournal.com\/index.php\/wp-json\/wp\/v2\/posts\/94505","targetHints":{"allow":["GET"]}}],"collection":[{"href":"https:\/\/batijournal.com\/index.php\/wp-json\/wp\/v2\/posts"}],"about":[{"href":"https:\/\/batijournal.com\/index.php\/wp-json\/wp\/v2\/types\/post"}],"author":[{"embeddable":true,"href":"https:\/\/batijournal.com\/index.php\/wp-json\/wp\/v2\/users\/17"}],"replies":[{"embeddable":true,"href":"https:\/\/batijournal.com\/index.php\/wp-json\/wp\/v2\/comments?post=94505"}],"version-history":[{"count":0,"href":"https:\/\/batijournal.com\/index.php\/wp-json\/wp\/v2\/posts\/94505\/revisions"}],"wp:featuredmedia":[{"embeddable":true,"href":"https:\/\/batijournal.com\/index.php\/wp-json\/wp\/v2\/media\/90536"}],"wp:attachment":[{"href":"https:\/\/batijournal.com\/index.php\/wp-json\/wp\/v2\/media?parent=94505"}],"wp:term":[{"taxonomy":"category","embeddable":true,"href":"https:\/\/batijournal.com\/index.php\/wp-json\/wp\/v2\/categories?post=94505"},{"taxonomy":"post_tag","embeddable":true,"href":"https:\/\/batijournal.com\/index.php\/wp-json\/wp\/v2\/tags?post=94505"}],"curies":[{"name":"wp","href":"https:\/\/api.w.org\/{rel}","templated":true}]}}