{"id":94510,"date":"2016-12-13T07:54:58","date_gmt":"2016-12-13T06:54:58","guid":{"rendered":"http:\/\/batijournal.com\/?p=94510"},"modified":"2019-07-15T12:11:00","modified_gmt":"2019-07-15T10:11:00","slug":"3-nouvelles-regles-professionnelles-vegetalisation-batiments","status":"publish","type":"post","link":"https:\/\/batijournal.com\/index.php\/3-nouvelles-regles-professionnelles-vegetalisation-batiments\/94510\/","title":{"rendered":"3 nouvelles r\u00e8gles professionnelles pour la v\u00e9g\u00e9talisation des b\u00e2timents"},"content":{"rendered":"<p><strong>L\u2019Unep \u2013 les Entreprises du Paysage a souhait\u00e9 anticiper la demande croissante en mati\u00e8re de v\u00e9g\u00e9talisation des b\u00e2timents et de constructions paysag\u00e8res. Elle s\u2019est entour\u00e9e de l\u2019AITF (Association des Ing\u00e9nieurs Territoriaux de France), de la FFP (F\u00e9d\u00e9ration Fran\u00e7aise du Paysage), d\u2019Hortis et de l\u2019enseignement agricole pour publier trois nouvelles r\u00e8gles professionnelles.<\/strong><\/p>\n<p><strong>Fa\u00e7ades v\u00e9g\u00e9talis\u00e9es<\/strong><br \/>\nLa combinaison de ces expertises a permis la r\u00e9alisation des r\u00e8gles professionnelles B.C.3-R0 et B.C.5-R0 qui traitent de l\u2019ensemble des \u00e9tapes de la conception, de la r\u00e9alisation et de l\u2019entretien des fa\u00e7ades v\u00e9g\u00e9talis\u00e9es pour deux techniques distinctes. Tout d&rsquo;abbord, la v\u00e9g\u00e9talisation par bardages rapport\u00e9s (r\u00e8gle B.C.3-R0), qui est la solution la plus m\u00e9diatis\u00e9e. Ensuite, la v\u00e9g\u00e9talisation par utilisation de plantes grimpantes (r\u00e8gle B.C.5-R0) : plus r\u00e9pandue, cette solution est plus \u00e9conomique et parfois plus esth\u00e9tique pour cr\u00e9er des fa\u00e7ades v\u00e9g\u00e9talis\u00e9es. Pour chacune de ces m\u00e9thodes, les points de contr\u00f4le n\u00e9cessaires \u00e0 la qualit\u00e9 de l\u2019ouvrage sont d\u00e9taill\u00e9s \u00e0 chaque \u00e9tape cl\u00e9 des travaux. Les r\u00e8gles professionnelles abordent \u00e9galement la question des risques et des responsabilit\u00e9s concernant les fa\u00e7ades v\u00e9g\u00e9talis\u00e9es.<\/p>\n<p><strong>Constructions paysag\u00e8res<\/strong><br \/>\nUne troisi\u00e8me r\u00e8gle professionnelle (C.C.3-R0) aborde les questions techniques relatives aux travaux de rev\u00eatements, bordures et caniveaux n\u00e9cessaires \u00e0 l\u2019am\u00e9nagement et \u00e0 la qualit\u00e9 des jardins et des espaces verts. Pour cette publication, qui a n\u00e9cessit\u00e9 trois ans de travail, l\u2019Unep et ses partenaires ont travaill\u00e9 en premier lieu avec les membres du C\u00e9rib (Centre d\u2019\u00c9tude et de Recherche de l\u2019Industrie du B\u00e9ton), ainsi qu\u2019avec Plante &amp; Cit\u00e9 et diff\u00e9rents syndicats professionnels. Les bureaux d\u2019\u00e9tudes et les donneurs d\u2019ordres ont \u00e9galement apport\u00e9 leurs expertises. Tr\u00e8s compl\u00e8tes, les recommandations \u00e9tablies traitent des techniques de pavage, dallage et platelage, ainsi que des diff\u00e9rents rev\u00eatements (coul\u00e9s en place, enrob\u00e9s, rev\u00eatements alv\u00e9olaires, stabilis\u00e9s, etc.). Les \u00e9tapes de conception et de mise en \u0153uvre selon les diff\u00e9rents mat\u00e9riaux utilisables sont d\u00e9taill\u00e9es, ainsi que les points de contr\u00f4le sur lesquels entrepreneurs du paysage et donneurs d\u2019ordre pourront s\u2019appuyer pour v\u00e9rifier la qualit\u00e9 de l\u2019ouvrage.<\/p>\n<p><a href=\"http:\/\/www.lesentreprisesdupaysage.fr\" target=\"_blank\" rel=\"noopener noreferrer\">www.lesentreprisesdupaysage.fr<\/a><\/p>\n","protected":false},"excerpt":{"rendered":"<p>L\u2019Unep \u2013 les Entreprises du Paysage a souhait\u00e9 anticiper la demande croissante en mati\u00e8re de v\u00e9g\u00e9talisation des b\u00e2timents et de constructions paysag\u00e8res. Elle s\u2019est entour\u00e9e de l\u2019AITF (Association des Ing\u00e9nieurs Territoriaux de France), de la FFP (F\u00e9d\u00e9ration Fran\u00e7aise du Paysage), d\u2019Hortis et de l\u2019enseignement agricole pour publier trois nouvelles r\u00e8gles professionnelles. Fa\u00e7ades v\u00e9g\u00e9talis\u00e9es La combinaison [&hellip;]<\/p>\n","protected":false},"author":17,"featured_media":83053,"comment_status":"closed","ping_status":"closed","sticky":false,"template":"","format":"standard","meta":{"_et_pb_use_builder":"","_et_pb_old_content":"","_et_gb_content_width":"","footnotes":""},"categories":[10530,6340],"tags":[6765,3787,9344],"class_list":["post-94510","post","type-post","status-publish","format-standard","has-post-thumbnail","hentry","category-actualites","category-architecture-conception","tag-facade-vegetale","tag-mur-vegetal","tag-paysagiste"],"yoast_head":"<!-- This site is optimized with the Yoast SEO plugin v27.4 - https:\/\/yoast.com\/product\/yoast-seo-wordpress\/ -->\n<title>3 nouvelles r\u00e8gles professionnelles pour la v\u00e9g\u00e9talisation des b\u00e2timents<\/title>\n<meta name=\"robots\" content=\"index, follow, max-snippet:-1, max-image-preview:large, max-video-preview:-1\" \/>\n<link rel=\"canonical\" href=\"https:\/\/batijournal.com\/index.php\/3-nouvelles-regles-professionnelles-vegetalisation-batiments\/94510\/\" \/>\n<meta property=\"og:locale\" content=\"fr_FR\" \/>\n<meta property=\"og:type\" content=\"article\" \/>\n<meta property=\"og:title\" content=\"3 nouvelles r\u00e8gles professionnelles pour la v\u00e9g\u00e9talisation des b\u00e2timents\" \/>\n<meta property=\"og:description\" content=\"L\u2019Unep \u2013 les Entreprises du Paysage a souhait\u00e9 anticiper la demande croissante en mati\u00e8re de v\u00e9g\u00e9talisation des b\u00e2timents et de constructions paysag\u00e8res. Elle s\u2019est entour\u00e9e de l\u2019AITF (Association des Ing\u00e9nieurs Territoriaux de France), de la FFP (F\u00e9d\u00e9ration Fran\u00e7aise du Paysage), d\u2019Hortis et de l\u2019enseignement agricole pour publier trois nouvelles r\u00e8gles professionnelles. Fa\u00e7ades v\u00e9g\u00e9talis\u00e9es La combinaison [&hellip;]\" \/>\n<meta property=\"og:url\" content=\"https:\/\/batijournal.com\/index.php\/3-nouvelles-regles-professionnelles-vegetalisation-batiments\/94510\/\" \/>\n<meta property=\"og:site_name\" content=\"Batijournal\" \/>\n<meta property=\"article:published_time\" content=\"2016-12-13T06:54:58+00:00\" \/>\n<meta property=\"article:modified_time\" content=\"2019-07-15T10:11:00+00:00\" \/>\n<meta property=\"og:image\" content=\"https:\/\/batijournal.com\/wp-content\/uploads\/2015\/03\/609808621.jpg\" \/>\n\t<meta property=\"og:image:width\" content=\"600\" \/>\n\t<meta property=\"og:image:height\" content=\"400\" \/>\n\t<meta property=\"og:image:type\" content=\"image\/jpeg\" \/>\n<meta name=\"author\" content=\"St\u00e9phane Miget\" \/>\n<meta name=\"twitter:card\" content=\"summary_large_image\" \/>\n<meta name=\"twitter:creator\" content=\"@bati_journal\" \/>\n<meta name=\"twitter:site\" content=\"@bati_journal\" \/>\n<meta name=\"twitter:label1\" content=\"\u00c9crit par\" \/>\n\t<meta name=\"twitter:data1\" content=\"St\u00e9phane Miget\" \/>\n\t<meta name=\"twitter:label2\" content=\"Dur\u00e9e de lecture estim\u00e9e\" \/>\n\t<meta name=\"twitter:data2\" content=\"2 minutes\" \/>\n<script type=\"application\/ld+json\" class=\"yoast-schema-graph\">{\"@context\":\"https:\\\/\\\/schema.org\",\"@graph\":[{\"@type\":\"Article\",\"@id\":\"https:\\\/\\\/batijournal.com\\\/index.php\\\/3-nouvelles-regles-professionnelles-vegetalisation-batiments\\\/94510\\\/#article\",\"isPartOf\":{\"@id\":\"https:\\\/\\\/batijournal.com\\\/index.php\\\/3-nouvelles-regles-professionnelles-vegetalisation-batiments\\\/94510\\\/\"},\"author\":{\"name\":\"St\u00e9phane Miget\",\"@id\":\"https:\\\/\\\/batijournal.com\\\/#\\\/schema\\\/person\\\/1dc96ec6957aa1ccb25ebe78bb19f100\"},\"headline\":\"3 nouvelles r\u00e8gles professionnelles pour la v\u00e9g\u00e9talisation des b\u00e2timents\",\"datePublished\":\"2016-12-13T06:54:58+00:00\",\"dateModified\":\"2019-07-15T10:11:00+00:00\",\"mainEntityOfPage\":{\"@id\":\"https:\\\/\\\/batijournal.com\\\/index.php\\\/3-nouvelles-regles-professionnelles-vegetalisation-batiments\\\/94510\\\/\"},\"wordCount\":434,\"image\":{\"@id\":\"https:\\\/\\\/batijournal.com\\\/index.php\\\/3-nouvelles-regles-professionnelles-vegetalisation-batiments\\\/94510\\\/#primaryimage\"},\"thumbnailUrl\":\"https:\\\/\\\/batijournal.com\\\/wp-content\\\/uploads\\\/2015\\\/03\\\/609808621.jpg\",\"keywords\":[\"facade vegetale\",\"mur v\u00e9g\u00e9tal\",\"paysagiste\"],\"articleSection\":[\"Actualit\u00e9s\",\"Architecture &amp; Conception\"],\"inLanguage\":\"fr-FR\"},{\"@type\":\"WebPage\",\"@id\":\"https:\\\/\\\/batijournal.com\\\/index.php\\\/3-nouvelles-regles-professionnelles-vegetalisation-batiments\\\/94510\\\/\",\"url\":\"https:\\\/\\\/batijournal.com\\\/index.php\\\/3-nouvelles-regles-professionnelles-vegetalisation-batiments\\\/94510\\\/\",\"name\":\"3 nouvelles r\u00e8gles professionnelles pour la v\u00e9g\u00e9talisation des b\u00e2timents\",\"isPartOf\":{\"@id\":\"https:\\\/\\\/batijournal.com\\\/#website\"},\"primaryImageOfPage\":{\"@id\":\"https:\\\/\\\/batijournal.com\\\/index.php\\\/3-nouvelles-regles-professionnelles-vegetalisation-batiments\\\/94510\\\/#primaryimage\"},\"image\":{\"@id\":\"https:\\\/\\\/batijournal.com\\\/index.php\\\/3-nouvelles-regles-professionnelles-vegetalisation-batiments\\\/94510\\\/#primaryimage\"},\"thumbnailUrl\":\"https:\\\/\\\/batijournal.com\\\/wp-content\\\/uploads\\\/2015\\\/03\\\/609808621.jpg\",\"datePublished\":\"2016-12-13T06:54:58+00:00\",\"dateModified\":\"2019-07-15T10:11:00+00:00\",\"author\":{\"@id\":\"https:\\\/\\\/batijournal.com\\\/#\\\/schema\\\/person\\\/1dc96ec6957aa1ccb25ebe78bb19f100\"},\"breadcrumb\":{\"@id\":\"https:\\\/\\\/batijournal.com\\\/index.php\\\/3-nouvelles-regles-professionnelles-vegetalisation-batiments\\\/94510\\\/#breadcrumb\"},\"inLanguage\":\"fr-FR\",\"potentialAction\":[{\"@type\":\"ReadAction\",\"target\":[\"https:\\\/\\\/batijournal.com\\\/index.php\\\/3-nouvelles-regles-professionnelles-vegetalisation-batiments\\\/94510\\\/\"]}]},{\"@type\":\"ImageObject\",\"inLanguage\":\"fr-FR\",\"@id\":\"https:\\\/\\\/batijournal.com\\\/index.php\\\/3-nouvelles-regles-professionnelles-vegetalisation-batiments\\\/94510\\\/#primaryimage\",\"url\":\"https:\\\/\\\/batijournal.com\\\/wp-content\\\/uploads\\\/2015\\\/03\\\/609808621.jpg\",\"contentUrl\":\"https:\\\/\\\/batijournal.com\\\/wp-content\\\/uploads\\\/2015\\\/03\\\/609808621.jpg\",\"width\":600,\"height\":400},{\"@type\":\"BreadcrumbList\",\"@id\":\"https:\\\/\\\/batijournal.com\\\/index.php\\\/3-nouvelles-regles-professionnelles-vegetalisation-batiments\\\/94510\\\/#breadcrumb\",\"itemListElement\":[{\"@type\":\"ListItem\",\"position\":1,\"name\":\"Accueil\",\"item\":\"https:\\\/\\\/batijournal.com\\\/\"},{\"@type\":\"ListItem\",\"position\":2,\"name\":\"Actualit\u00e9s\",\"item\":\"https:\\\/\\\/batijournal.com\\\/index.php\\\/category\\\/actualites\\\/\"},{\"@type\":\"ListItem\",\"position\":3,\"name\":\"3 nouvelles r\u00e8gles professionnelles pour la v\u00e9g\u00e9talisation des b\u00e2timents\"}]},{\"@type\":\"WebSite\",\"@id\":\"https:\\\/\\\/batijournal.com\\\/#website\",\"url\":\"https:\\\/\\\/batijournal.com\\\/\",\"name\":\"Batijournal\",\"description\":\"L&#039;actualit\u00e9 du b\u00e2timent\",\"potentialAction\":[{\"@type\":\"SearchAction\",\"target\":{\"@type\":\"EntryPoint\",\"urlTemplate\":\"https:\\\/\\\/batijournal.com\\\/?s={search_term_string}\"},\"query-input\":{\"@type\":\"PropertyValueSpecification\",\"valueRequired\":true,\"valueName\":\"search_term_string\"}}],\"inLanguage\":\"fr-FR\"},{\"@type\":\"Person\",\"@id\":\"https:\\\/\\\/batijournal.com\\\/#\\\/schema\\\/person\\\/1dc96ec6957aa1ccb25ebe78bb19f100\",\"name\":\"St\u00e9phane Miget\",\"image\":{\"@type\":\"ImageObject\",\"inLanguage\":\"fr-FR\",\"@id\":\"https:\\\/\\\/secure.gravatar.com\\\/avatar\\\/89915563d925342126b8ef0281b93d9d7fc337043e8df017f780908eb9644451?s=96&d=mm&r=g\",\"url\":\"https:\\\/\\\/secure.gravatar.com\\\/avatar\\\/89915563d925342126b8ef0281b93d9d7fc337043e8df017f780908eb9644451?s=96&d=mm&r=g\",\"contentUrl\":\"https:\\\/\\\/secure.gravatar.com\\\/avatar\\\/89915563d925342126b8ef0281b93d9d7fc337043e8df017f780908eb9644451?s=96&d=mm&r=g\",\"caption\":\"St\u00e9phane Miget\"},\"url\":\"https:\\\/\\\/batijournal.com\\\/index.php\\\/author\\\/stephane\\\/\"}]}<\/script>\n<!-- \/ Yoast SEO plugin. -->","yoast_head_json":{"title":"3 nouvelles r\u00e8gles professionnelles pour la v\u00e9g\u00e9talisation des b\u00e2timents","robots":{"index":"index","follow":"follow","max-snippet":"max-snippet:-1","max-image-preview":"max-image-preview:large","max-video-preview":"max-video-preview:-1"},"canonical":"https:\/\/batijournal.com\/index.php\/3-nouvelles-regles-professionnelles-vegetalisation-batiments\/94510\/","og_locale":"fr_FR","og_type":"article","og_title":"3 nouvelles r\u00e8gles professionnelles pour la v\u00e9g\u00e9talisation des b\u00e2timents","og_description":"L\u2019Unep \u2013 les Entreprises du Paysage a souhait\u00e9 anticiper la demande croissante en mati\u00e8re de v\u00e9g\u00e9talisation des b\u00e2timents et de constructions paysag\u00e8res. Elle s\u2019est entour\u00e9e de l\u2019AITF (Association des Ing\u00e9nieurs Territoriaux de France), de la FFP (F\u00e9d\u00e9ration Fran\u00e7aise du Paysage), d\u2019Hortis et de l\u2019enseignement agricole pour publier trois nouvelles r\u00e8gles professionnelles. Fa\u00e7ades v\u00e9g\u00e9talis\u00e9es La combinaison [&hellip;]","og_url":"https:\/\/batijournal.com\/index.php\/3-nouvelles-regles-professionnelles-vegetalisation-batiments\/94510\/","og_site_name":"Batijournal","article_published_time":"2016-12-13T06:54:58+00:00","article_modified_time":"2019-07-15T10:11:00+00:00","og_image":[{"width":600,"height":400,"url":"https:\/\/batijournal.com\/wp-content\/uploads\/2015\/03\/609808621.jpg","type":"image\/jpeg"}],"author":"St\u00e9phane Miget","twitter_card":"summary_large_image","twitter_creator":"@bati_journal","twitter_site":"@bati_journal","twitter_misc":{"\u00c9crit par":"St\u00e9phane Miget","Dur\u00e9e de lecture estim\u00e9e":"2 minutes"},"schema":{"@context":"https:\/\/schema.org","@graph":[{"@type":"Article","@id":"https:\/\/batijournal.com\/index.php\/3-nouvelles-regles-professionnelles-vegetalisation-batiments\/94510\/#article","isPartOf":{"@id":"https:\/\/batijournal.com\/index.php\/3-nouvelles-regles-professionnelles-vegetalisation-batiments\/94510\/"},"author":{"name":"St\u00e9phane Miget","@id":"https:\/\/batijournal.com\/#\/schema\/person\/1dc96ec6957aa1ccb25ebe78bb19f100"},"headline":"3 nouvelles r\u00e8gles professionnelles pour la v\u00e9g\u00e9talisation des b\u00e2timents","datePublished":"2016-12-13T06:54:58+00:00","dateModified":"2019-07-15T10:11:00+00:00","mainEntityOfPage":{"@id":"https:\/\/batijournal.com\/index.php\/3-nouvelles-regles-professionnelles-vegetalisation-batiments\/94510\/"},"wordCount":434,"image":{"@id":"https:\/\/batijournal.com\/index.php\/3-nouvelles-regles-professionnelles-vegetalisation-batiments\/94510\/#primaryimage"},"thumbnailUrl":"https:\/\/batijournal.com\/wp-content\/uploads\/2015\/03\/609808621.jpg","keywords":["facade vegetale","mur v\u00e9g\u00e9tal","paysagiste"],"articleSection":["Actualit\u00e9s","Architecture &amp; Conception"],"inLanguage":"fr-FR"},{"@type":"WebPage","@id":"https:\/\/batijournal.com\/index.php\/3-nouvelles-regles-professionnelles-vegetalisation-batiments\/94510\/","url":"https:\/\/batijournal.com\/index.php\/3-nouvelles-regles-professionnelles-vegetalisation-batiments\/94510\/","name":"3 nouvelles r\u00e8gles professionnelles pour la v\u00e9g\u00e9talisation des b\u00e2timents","isPartOf":{"@id":"https:\/\/batijournal.com\/#website"},"primaryImageOfPage":{"@id":"https:\/\/batijournal.com\/index.php\/3-nouvelles-regles-professionnelles-vegetalisation-batiments\/94510\/#primaryimage"},"image":{"@id":"https:\/\/batijournal.com\/index.php\/3-nouvelles-regles-professionnelles-vegetalisation-batiments\/94510\/#primaryimage"},"thumbnailUrl":"https:\/\/batijournal.com\/wp-content\/uploads\/2015\/03\/609808621.jpg","datePublished":"2016-12-13T06:54:58+00:00","dateModified":"2019-07-15T10:11:00+00:00","author":{"@id":"https:\/\/batijournal.com\/#\/schema\/person\/1dc96ec6957aa1ccb25ebe78bb19f100"},"breadcrumb":{"@id":"https:\/\/batijournal.com\/index.php\/3-nouvelles-regles-professionnelles-vegetalisation-batiments\/94510\/#breadcrumb"},"inLanguage":"fr-FR","potentialAction":[{"@type":"ReadAction","target":["https:\/\/batijournal.com\/index.php\/3-nouvelles-regles-professionnelles-vegetalisation-batiments\/94510\/"]}]},{"@type":"ImageObject","inLanguage":"fr-FR","@id":"https:\/\/batijournal.com\/index.php\/3-nouvelles-regles-professionnelles-vegetalisation-batiments\/94510\/#primaryimage","url":"https:\/\/batijournal.com\/wp-content\/uploads\/2015\/03\/609808621.jpg","contentUrl":"https:\/\/batijournal.com\/wp-content\/uploads\/2015\/03\/609808621.jpg","width":600,"height":400},{"@type":"BreadcrumbList","@id":"https:\/\/batijournal.com\/index.php\/3-nouvelles-regles-professionnelles-vegetalisation-batiments\/94510\/#breadcrumb","itemListElement":[{"@type":"ListItem","position":1,"name":"Accueil","item":"https:\/\/batijournal.com\/"},{"@type":"ListItem","position":2,"name":"Actualit\u00e9s","item":"https:\/\/batijournal.com\/index.php\/category\/actualites\/"},{"@type":"ListItem","position":3,"name":"3 nouvelles r\u00e8gles professionnelles pour la v\u00e9g\u00e9talisation des b\u00e2timents"}]},{"@type":"WebSite","@id":"https:\/\/batijournal.com\/#website","url":"https:\/\/batijournal.com\/","name":"Batijournal","description":"L&#039;actualit\u00e9 du b\u00e2timent","potentialAction":[{"@type":"SearchAction","target":{"@type":"EntryPoint","urlTemplate":"https:\/\/batijournal.com\/?s={search_term_string}"},"query-input":{"@type":"PropertyValueSpecification","valueRequired":true,"valueName":"search_term_string"}}],"inLanguage":"fr-FR"},{"@type":"Person","@id":"https:\/\/batijournal.com\/#\/schema\/person\/1dc96ec6957aa1ccb25ebe78bb19f100","name":"St\u00e9phane Miget","image":{"@type":"ImageObject","inLanguage":"fr-FR","@id":"https:\/\/secure.gravatar.com\/avatar\/89915563d925342126b8ef0281b93d9d7fc337043e8df017f780908eb9644451?s=96&d=mm&r=g","url":"https:\/\/secure.gravatar.com\/avatar\/89915563d925342126b8ef0281b93d9d7fc337043e8df017f780908eb9644451?s=96&d=mm&r=g","contentUrl":"https:\/\/secure.gravatar.com\/avatar\/89915563d925342126b8ef0281b93d9d7fc337043e8df017f780908eb9644451?s=96&d=mm&r=g","caption":"St\u00e9phane Miget"},"url":"https:\/\/batijournal.com\/index.php\/author\/stephane\/"}]}},"_links":{"self":[{"href":"https:\/\/batijournal.com\/index.php\/wp-json\/wp\/v2\/posts\/94510","targetHints":{"allow":["GET"]}}],"collection":[{"href":"https:\/\/batijournal.com\/index.php\/wp-json\/wp\/v2\/posts"}],"about":[{"href":"https:\/\/batijournal.com\/index.php\/wp-json\/wp\/v2\/types\/post"}],"author":[{"embeddable":true,"href":"https:\/\/batijournal.com\/index.php\/wp-json\/wp\/v2\/users\/17"}],"replies":[{"embeddable":true,"href":"https:\/\/batijournal.com\/index.php\/wp-json\/wp\/v2\/comments?post=94510"}],"version-history":[{"count":0,"href":"https:\/\/batijournal.com\/index.php\/wp-json\/wp\/v2\/posts\/94510\/revisions"}],"wp:featuredmedia":[{"embeddable":true,"href":"https:\/\/batijournal.com\/index.php\/wp-json\/wp\/v2\/media\/83053"}],"wp:attachment":[{"href":"https:\/\/batijournal.com\/index.php\/wp-json\/wp\/v2\/media?parent=94510"}],"wp:term":[{"taxonomy":"category","embeddable":true,"href":"https:\/\/batijournal.com\/index.php\/wp-json\/wp\/v2\/categories?post=94510"},{"taxonomy":"post_tag","embeddable":true,"href":"https:\/\/batijournal.com\/index.php\/wp-json\/wp\/v2\/tags?post=94510"}],"curies":[{"name":"wp","href":"https:\/\/api.w.org\/{rel}","templated":true}]}}