{"id":94513,"date":"2016-12-13T09:03:54","date_gmt":"2016-12-13T08:03:54","guid":{"rendered":"http:\/\/batijournal.com\/?p=94513"},"modified":"2019-07-15T12:22:04","modified_gmt":"2019-07-15T10:22:04","slug":"appels-doffres-soutenir-energies-renouvelables-corse-zones-non-interconnectees","status":"publish","type":"post","link":"https:\/\/batijournal.com\/index.php\/appels-doffres-soutenir-energies-renouvelables-corse-zones-non-interconnectees\/94513\/","title":{"rendered":"Appels d\u2019offres pour soutenir les \u00e9nergies renouvelables en Corse et dans les zones non interconnect\u00e9es"},"content":{"rendered":"<p><strong>\u00c0 l\u2019occasion de son d\u00e9placement en Corse, le jour anniversaire de l\u2019adoption de l\u2019Accord de Paris sur le climat, S\u00e9gol\u00e8ne Royal a lanc\u00e9 deux appels d\u2019offres pour le d\u00e9veloppement des \u00e9nergies renouvelables en Corse et dans les zones non interconnect\u00e9es.<\/strong><\/p>\n<p>Appel d\u2019offres pour la r\u00e9alisation d\u2019installations solaires de moins de 100 kW.<br \/>\nvolume r\u00e9parti \u00e0 parts \u00e9gales entre les installations sur b\u00e2timents ou ombri\u00e8res de parking (25 MW), et les installations au sol (25 MW). D\u00e9ploiement de l\u2019\u00e9nergie solaire, particuli\u00e8rement adapt\u00e9e aux syst\u00e8mes \u00e9lectriques insulaires, en mettant en \u0153uvre des projets innovants qui comprennent des technologies de stockage (batteries associ\u00e9es aux panneaux photovolta\u00efques par exemple). Pour encourager la participation des citoyens et des territoires, les projets financ\u00e9s selon des modes participatifs pourront b\u00e9n\u00e9ficier d\u2019une majoration tarifaire.<\/p>\n<p>Premier appel d\u2019offres pour installations renouvelables en autoconsommation.<br \/>\nOuvert aux consommateurs des secteurs industriels, tertiaires et agricoles, en particulier aux centres commerciaux, pour lesquels l\u2019autoconsommation peut apporter les b\u00e9n\u00e9fices les plus importants. L\u2019appel d\u2019offres porte sur des installations de 100 \u00e0 500 kW, pour un volume total de 20 MW. Toutes les technologies renouvelables sont admises (solaire, petite-hydro, moulins, etc.). Les laur\u00e9ats pourront consommer eux-m\u00eames l\u2019\u00e9lectricit\u00e9 qu\u2019ils produisent ou la valoriser aupr\u00e8s de tiers. Ils recevront un tarif d\u2019achat r\u00e9mun\u00e9rant \u00e0 la fois l\u2019\u00e9lectricit\u00e9 autoconsomm\u00e9e (sous la forme d\u2019une prime) et l\u2019\u00e9lectricit\u00e9 inject\u00e9e sur le r\u00e9seau. Les projets financ\u00e9s selon des modes participatifs pourront \u00e9galement b\u00e9n\u00e9ficier d\u2019une majoration tarifaire, permettant un v\u00e9ritable ancrage territorial des projets.<\/p>\n","protected":false},"excerpt":{"rendered":"<p>\u00c0 l\u2019occasion de son d\u00e9placement en Corse, le jour anniversaire de l\u2019adoption de l\u2019Accord de Paris sur le climat, S\u00e9gol\u00e8ne Royal a lanc\u00e9 deux appels d\u2019offres pour le d\u00e9veloppement des \u00e9nergies renouvelables en Corse et dans les zones non interconnect\u00e9es. Appel d\u2019offres pour la r\u00e9alisation d\u2019installations solaires de moins de 100 kW. volume r\u00e9parti \u00e0 [&hellip;]<\/p>\n","protected":false},"author":17,"featured_media":87322,"comment_status":"closed","ping_status":"closed","sticky":false,"template":"","format":"standard","meta":{"_et_pb_use_builder":"","_et_pb_old_content":"","_et_gb_content_width":"","footnotes":""},"categories":[10530,6351],"tags":[7294],"class_list":["post-94513","post","type-post","status-publish","format-standard","has-post-thumbnail","hentry","category-actualites","category-energie-environnement","tag-energie-photovoltaique"],"yoast_head":"<!-- This site is optimized with the Yoast SEO plugin v27.4 - https:\/\/yoast.com\/product\/yoast-seo-wordpress\/ -->\n<title>Appels d\u2019offres pour soutenir les \u00e9nergies renouvelables en Corse et dans les zones non interconnect\u00e9es<\/title>\n<meta name=\"robots\" content=\"index, follow, max-snippet:-1, max-image-preview:large, max-video-preview:-1\" \/>\n<link rel=\"canonical\" href=\"https:\/\/batijournal.com\/index.php\/appels-doffres-soutenir-energies-renouvelables-corse-zones-non-interconnectees\/94513\/\" \/>\n<meta property=\"og:locale\" content=\"fr_FR\" \/>\n<meta property=\"og:type\" content=\"article\" \/>\n<meta property=\"og:title\" content=\"Appels d\u2019offres pour soutenir les \u00e9nergies renouvelables en Corse et dans les zones non interconnect\u00e9es\" \/>\n<meta property=\"og:description\" content=\"\u00c0 l\u2019occasion de son d\u00e9placement en Corse, le jour anniversaire de l\u2019adoption de l\u2019Accord de Paris sur le climat, S\u00e9gol\u00e8ne Royal a lanc\u00e9 deux appels d\u2019offres pour le d\u00e9veloppement des \u00e9nergies renouvelables en Corse et dans les zones non interconnect\u00e9es. Appel d\u2019offres pour la r\u00e9alisation d\u2019installations solaires de moins de 100 kW. volume r\u00e9parti \u00e0 [&hellip;]\" \/>\n<meta property=\"og:url\" content=\"https:\/\/batijournal.com\/index.php\/appels-doffres-soutenir-energies-renouvelables-corse-zones-non-interconnectees\/94513\/\" \/>\n<meta property=\"og:site_name\" content=\"Batijournal\" \/>\n<meta property=\"article:published_time\" content=\"2016-12-13T08:03:54+00:00\" \/>\n<meta property=\"article:modified_time\" content=\"2019-07-15T10:22:04+00:00\" \/>\n<meta property=\"og:image\" content=\"https:\/\/batijournal.com\/wp-content\/uploads\/2015\/05\/99857159.jpg\" \/>\n\t<meta property=\"og:image:width\" content=\"600\" \/>\n\t<meta property=\"og:image:height\" content=\"399\" \/>\n\t<meta property=\"og:image:type\" content=\"image\/jpeg\" \/>\n<meta name=\"author\" content=\"St\u00e9phane Miget\" \/>\n<meta name=\"twitter:card\" content=\"summary_large_image\" \/>\n<meta name=\"twitter:creator\" content=\"@bati_journal\" \/>\n<meta name=\"twitter:site\" content=\"@bati_journal\" \/>\n<meta name=\"twitter:label1\" content=\"\u00c9crit par\" \/>\n\t<meta name=\"twitter:data1\" content=\"St\u00e9phane Miget\" \/>\n\t<meta name=\"twitter:label2\" content=\"Dur\u00e9e de lecture estim\u00e9e\" \/>\n\t<meta name=\"twitter:data2\" content=\"1 minute\" \/>\n<script type=\"application\/ld+json\" class=\"yoast-schema-graph\">{\"@context\":\"https:\\\/\\\/schema.org\",\"@graph\":[{\"@type\":\"Article\",\"@id\":\"https:\\\/\\\/batijournal.com\\\/index.php\\\/appels-doffres-soutenir-energies-renouvelables-corse-zones-non-interconnectees\\\/94513\\\/#article\",\"isPartOf\":{\"@id\":\"https:\\\/\\\/batijournal.com\\\/index.php\\\/appels-doffres-soutenir-energies-renouvelables-corse-zones-non-interconnectees\\\/94513\\\/\"},\"author\":{\"name\":\"St\u00e9phane Miget\",\"@id\":\"https:\\\/\\\/batijournal.com\\\/#\\\/schema\\\/person\\\/1dc96ec6957aa1ccb25ebe78bb19f100\"},\"headline\":\"Appels d\u2019offres pour soutenir les \u00e9nergies renouvelables en Corse et dans les zones non interconnect\u00e9es\",\"datePublished\":\"2016-12-13T08:03:54+00:00\",\"dateModified\":\"2019-07-15T10:22:04+00:00\",\"mainEntityOfPage\":{\"@id\":\"https:\\\/\\\/batijournal.com\\\/index.php\\\/appels-doffres-soutenir-energies-renouvelables-corse-zones-non-interconnectees\\\/94513\\\/\"},\"wordCount\":300,\"image\":{\"@id\":\"https:\\\/\\\/batijournal.com\\\/index.php\\\/appels-doffres-soutenir-energies-renouvelables-corse-zones-non-interconnectees\\\/94513\\\/#primaryimage\"},\"thumbnailUrl\":\"https:\\\/\\\/batijournal.com\\\/wp-content\\\/uploads\\\/2015\\\/05\\\/99857159.jpg\",\"keywords\":[\"energie photovoltaique\"],\"articleSection\":[\"Actualit\u00e9s\",\"\u00c9nergie &amp; Environnement\"],\"inLanguage\":\"fr-FR\"},{\"@type\":\"WebPage\",\"@id\":\"https:\\\/\\\/batijournal.com\\\/index.php\\\/appels-doffres-soutenir-energies-renouvelables-corse-zones-non-interconnectees\\\/94513\\\/\",\"url\":\"https:\\\/\\\/batijournal.com\\\/index.php\\\/appels-doffres-soutenir-energies-renouvelables-corse-zones-non-interconnectees\\\/94513\\\/\",\"name\":\"Appels d\u2019offres pour soutenir les \u00e9nergies renouvelables en Corse et dans les zones non interconnect\u00e9es\",\"isPartOf\":{\"@id\":\"https:\\\/\\\/batijournal.com\\\/#website\"},\"primaryImageOfPage\":{\"@id\":\"https:\\\/\\\/batijournal.com\\\/index.php\\\/appels-doffres-soutenir-energies-renouvelables-corse-zones-non-interconnectees\\\/94513\\\/#primaryimage\"},\"image\":{\"@id\":\"https:\\\/\\\/batijournal.com\\\/index.php\\\/appels-doffres-soutenir-energies-renouvelables-corse-zones-non-interconnectees\\\/94513\\\/#primaryimage\"},\"thumbnailUrl\":\"https:\\\/\\\/batijournal.com\\\/wp-content\\\/uploads\\\/2015\\\/05\\\/99857159.jpg\",\"datePublished\":\"2016-12-13T08:03:54+00:00\",\"dateModified\":\"2019-07-15T10:22:04+00:00\",\"author\":{\"@id\":\"https:\\\/\\\/batijournal.com\\\/#\\\/schema\\\/person\\\/1dc96ec6957aa1ccb25ebe78bb19f100\"},\"breadcrumb\":{\"@id\":\"https:\\\/\\\/batijournal.com\\\/index.php\\\/appels-doffres-soutenir-energies-renouvelables-corse-zones-non-interconnectees\\\/94513\\\/#breadcrumb\"},\"inLanguage\":\"fr-FR\",\"potentialAction\":[{\"@type\":\"ReadAction\",\"target\":[\"https:\\\/\\\/batijournal.com\\\/index.php\\\/appels-doffres-soutenir-energies-renouvelables-corse-zones-non-interconnectees\\\/94513\\\/\"]}]},{\"@type\":\"ImageObject\",\"inLanguage\":\"fr-FR\",\"@id\":\"https:\\\/\\\/batijournal.com\\\/index.php\\\/appels-doffres-soutenir-energies-renouvelables-corse-zones-non-interconnectees\\\/94513\\\/#primaryimage\",\"url\":\"https:\\\/\\\/batijournal.com\\\/wp-content\\\/uploads\\\/2015\\\/05\\\/99857159.jpg\",\"contentUrl\":\"https:\\\/\\\/batijournal.com\\\/wp-content\\\/uploads\\\/2015\\\/05\\\/99857159.jpg\",\"width\":600,\"height\":399,\"caption\":\"panneaux photovolta\u00efques\"},{\"@type\":\"BreadcrumbList\",\"@id\":\"https:\\\/\\\/batijournal.com\\\/index.php\\\/appels-doffres-soutenir-energies-renouvelables-corse-zones-non-interconnectees\\\/94513\\\/#breadcrumb\",\"itemListElement\":[{\"@type\":\"ListItem\",\"position\":1,\"name\":\"Accueil\",\"item\":\"https:\\\/\\\/batijournal.com\\\/\"},{\"@type\":\"ListItem\",\"position\":2,\"name\":\"Actualit\u00e9s\",\"item\":\"https:\\\/\\\/batijournal.com\\\/index.php\\\/category\\\/actualites\\\/\"},{\"@type\":\"ListItem\",\"position\":3,\"name\":\"Appels d\u2019offres pour soutenir les \u00e9nergies renouvelables en Corse et dans les zones non interconnect\u00e9es\"}]},{\"@type\":\"WebSite\",\"@id\":\"https:\\\/\\\/batijournal.com\\\/#website\",\"url\":\"https:\\\/\\\/batijournal.com\\\/\",\"name\":\"Batijournal\",\"description\":\"L&#039;actualit\u00e9 du b\u00e2timent\",\"potentialAction\":[{\"@type\":\"SearchAction\",\"target\":{\"@type\":\"EntryPoint\",\"urlTemplate\":\"https:\\\/\\\/batijournal.com\\\/?s={search_term_string}\"},\"query-input\":{\"@type\":\"PropertyValueSpecification\",\"valueRequired\":true,\"valueName\":\"search_term_string\"}}],\"inLanguage\":\"fr-FR\"},{\"@type\":\"Person\",\"@id\":\"https:\\\/\\\/batijournal.com\\\/#\\\/schema\\\/person\\\/1dc96ec6957aa1ccb25ebe78bb19f100\",\"name\":\"St\u00e9phane Miget\",\"image\":{\"@type\":\"ImageObject\",\"inLanguage\":\"fr-FR\",\"@id\":\"https:\\\/\\\/secure.gravatar.com\\\/avatar\\\/89915563d925342126b8ef0281b93d9d7fc337043e8df017f780908eb9644451?s=96&d=mm&r=g\",\"url\":\"https:\\\/\\\/secure.gravatar.com\\\/avatar\\\/89915563d925342126b8ef0281b93d9d7fc337043e8df017f780908eb9644451?s=96&d=mm&r=g\",\"contentUrl\":\"https:\\\/\\\/secure.gravatar.com\\\/avatar\\\/89915563d925342126b8ef0281b93d9d7fc337043e8df017f780908eb9644451?s=96&d=mm&r=g\",\"caption\":\"St\u00e9phane Miget\"},\"url\":\"https:\\\/\\\/batijournal.com\\\/index.php\\\/author\\\/stephane\\\/\"}]}<\/script>\n<!-- \/ Yoast SEO plugin. -->","yoast_head_json":{"title":"Appels d\u2019offres pour soutenir les \u00e9nergies renouvelables en Corse et dans les zones non interconnect\u00e9es","robots":{"index":"index","follow":"follow","max-snippet":"max-snippet:-1","max-image-preview":"max-image-preview:large","max-video-preview":"max-video-preview:-1"},"canonical":"https:\/\/batijournal.com\/index.php\/appels-doffres-soutenir-energies-renouvelables-corse-zones-non-interconnectees\/94513\/","og_locale":"fr_FR","og_type":"article","og_title":"Appels d\u2019offres pour soutenir les \u00e9nergies renouvelables en Corse et dans les zones non interconnect\u00e9es","og_description":"\u00c0 l\u2019occasion de son d\u00e9placement en Corse, le jour anniversaire de l\u2019adoption de l\u2019Accord de Paris sur le climat, S\u00e9gol\u00e8ne Royal a lanc\u00e9 deux appels d\u2019offres pour le d\u00e9veloppement des \u00e9nergies renouvelables en Corse et dans les zones non interconnect\u00e9es. Appel d\u2019offres pour la r\u00e9alisation d\u2019installations solaires de moins de 100 kW. volume r\u00e9parti \u00e0 [&hellip;]","og_url":"https:\/\/batijournal.com\/index.php\/appels-doffres-soutenir-energies-renouvelables-corse-zones-non-interconnectees\/94513\/","og_site_name":"Batijournal","article_published_time":"2016-12-13T08:03:54+00:00","article_modified_time":"2019-07-15T10:22:04+00:00","og_image":[{"width":600,"height":399,"url":"https:\/\/batijournal.com\/wp-content\/uploads\/2015\/05\/99857159.jpg","type":"image\/jpeg"}],"author":"St\u00e9phane Miget","twitter_card":"summary_large_image","twitter_creator":"@bati_journal","twitter_site":"@bati_journal","twitter_misc":{"\u00c9crit par":"St\u00e9phane Miget","Dur\u00e9e de lecture estim\u00e9e":"1 minute"},"schema":{"@context":"https:\/\/schema.org","@graph":[{"@type":"Article","@id":"https:\/\/batijournal.com\/index.php\/appels-doffres-soutenir-energies-renouvelables-corse-zones-non-interconnectees\/94513\/#article","isPartOf":{"@id":"https:\/\/batijournal.com\/index.php\/appels-doffres-soutenir-energies-renouvelables-corse-zones-non-interconnectees\/94513\/"},"author":{"name":"St\u00e9phane Miget","@id":"https:\/\/batijournal.com\/#\/schema\/person\/1dc96ec6957aa1ccb25ebe78bb19f100"},"headline":"Appels d\u2019offres pour soutenir les \u00e9nergies renouvelables en Corse et dans les zones non interconnect\u00e9es","datePublished":"2016-12-13T08:03:54+00:00","dateModified":"2019-07-15T10:22:04+00:00","mainEntityOfPage":{"@id":"https:\/\/batijournal.com\/index.php\/appels-doffres-soutenir-energies-renouvelables-corse-zones-non-interconnectees\/94513\/"},"wordCount":300,"image":{"@id":"https:\/\/batijournal.com\/index.php\/appels-doffres-soutenir-energies-renouvelables-corse-zones-non-interconnectees\/94513\/#primaryimage"},"thumbnailUrl":"https:\/\/batijournal.com\/wp-content\/uploads\/2015\/05\/99857159.jpg","keywords":["energie photovoltaique"],"articleSection":["Actualit\u00e9s","\u00c9nergie &amp; Environnement"],"inLanguage":"fr-FR"},{"@type":"WebPage","@id":"https:\/\/batijournal.com\/index.php\/appels-doffres-soutenir-energies-renouvelables-corse-zones-non-interconnectees\/94513\/","url":"https:\/\/batijournal.com\/index.php\/appels-doffres-soutenir-energies-renouvelables-corse-zones-non-interconnectees\/94513\/","name":"Appels d\u2019offres pour soutenir les \u00e9nergies renouvelables en Corse et dans les zones non interconnect\u00e9es","isPartOf":{"@id":"https:\/\/batijournal.com\/#website"},"primaryImageOfPage":{"@id":"https:\/\/batijournal.com\/index.php\/appels-doffres-soutenir-energies-renouvelables-corse-zones-non-interconnectees\/94513\/#primaryimage"},"image":{"@id":"https:\/\/batijournal.com\/index.php\/appels-doffres-soutenir-energies-renouvelables-corse-zones-non-interconnectees\/94513\/#primaryimage"},"thumbnailUrl":"https:\/\/batijournal.com\/wp-content\/uploads\/2015\/05\/99857159.jpg","datePublished":"2016-12-13T08:03:54+00:00","dateModified":"2019-07-15T10:22:04+00:00","author":{"@id":"https:\/\/batijournal.com\/#\/schema\/person\/1dc96ec6957aa1ccb25ebe78bb19f100"},"breadcrumb":{"@id":"https:\/\/batijournal.com\/index.php\/appels-doffres-soutenir-energies-renouvelables-corse-zones-non-interconnectees\/94513\/#breadcrumb"},"inLanguage":"fr-FR","potentialAction":[{"@type":"ReadAction","target":["https:\/\/batijournal.com\/index.php\/appels-doffres-soutenir-energies-renouvelables-corse-zones-non-interconnectees\/94513\/"]}]},{"@type":"ImageObject","inLanguage":"fr-FR","@id":"https:\/\/batijournal.com\/index.php\/appels-doffres-soutenir-energies-renouvelables-corse-zones-non-interconnectees\/94513\/#primaryimage","url":"https:\/\/batijournal.com\/wp-content\/uploads\/2015\/05\/99857159.jpg","contentUrl":"https:\/\/batijournal.com\/wp-content\/uploads\/2015\/05\/99857159.jpg","width":600,"height":399,"caption":"panneaux photovolta\u00efques"},{"@type":"BreadcrumbList","@id":"https:\/\/batijournal.com\/index.php\/appels-doffres-soutenir-energies-renouvelables-corse-zones-non-interconnectees\/94513\/#breadcrumb","itemListElement":[{"@type":"ListItem","position":1,"name":"Accueil","item":"https:\/\/batijournal.com\/"},{"@type":"ListItem","position":2,"name":"Actualit\u00e9s","item":"https:\/\/batijournal.com\/index.php\/category\/actualites\/"},{"@type":"ListItem","position":3,"name":"Appels d\u2019offres pour soutenir les \u00e9nergies renouvelables en Corse et dans les zones non interconnect\u00e9es"}]},{"@type":"WebSite","@id":"https:\/\/batijournal.com\/#website","url":"https:\/\/batijournal.com\/","name":"Batijournal","description":"L&#039;actualit\u00e9 du b\u00e2timent","potentialAction":[{"@type":"SearchAction","target":{"@type":"EntryPoint","urlTemplate":"https:\/\/batijournal.com\/?s={search_term_string}"},"query-input":{"@type":"PropertyValueSpecification","valueRequired":true,"valueName":"search_term_string"}}],"inLanguage":"fr-FR"},{"@type":"Person","@id":"https:\/\/batijournal.com\/#\/schema\/person\/1dc96ec6957aa1ccb25ebe78bb19f100","name":"St\u00e9phane Miget","image":{"@type":"ImageObject","inLanguage":"fr-FR","@id":"https:\/\/secure.gravatar.com\/avatar\/89915563d925342126b8ef0281b93d9d7fc337043e8df017f780908eb9644451?s=96&d=mm&r=g","url":"https:\/\/secure.gravatar.com\/avatar\/89915563d925342126b8ef0281b93d9d7fc337043e8df017f780908eb9644451?s=96&d=mm&r=g","contentUrl":"https:\/\/secure.gravatar.com\/avatar\/89915563d925342126b8ef0281b93d9d7fc337043e8df017f780908eb9644451?s=96&d=mm&r=g","caption":"St\u00e9phane Miget"},"url":"https:\/\/batijournal.com\/index.php\/author\/stephane\/"}]}},"_links":{"self":[{"href":"https:\/\/batijournal.com\/index.php\/wp-json\/wp\/v2\/posts\/94513","targetHints":{"allow":["GET"]}}],"collection":[{"href":"https:\/\/batijournal.com\/index.php\/wp-json\/wp\/v2\/posts"}],"about":[{"href":"https:\/\/batijournal.com\/index.php\/wp-json\/wp\/v2\/types\/post"}],"author":[{"embeddable":true,"href":"https:\/\/batijournal.com\/index.php\/wp-json\/wp\/v2\/users\/17"}],"replies":[{"embeddable":true,"href":"https:\/\/batijournal.com\/index.php\/wp-json\/wp\/v2\/comments?post=94513"}],"version-history":[{"count":0,"href":"https:\/\/batijournal.com\/index.php\/wp-json\/wp\/v2\/posts\/94513\/revisions"}],"wp:featuredmedia":[{"embeddable":true,"href":"https:\/\/batijournal.com\/index.php\/wp-json\/wp\/v2\/media\/87322"}],"wp:attachment":[{"href":"https:\/\/batijournal.com\/index.php\/wp-json\/wp\/v2\/media?parent=94513"}],"wp:term":[{"taxonomy":"category","embeddable":true,"href":"https:\/\/batijournal.com\/index.php\/wp-json\/wp\/v2\/categories?post=94513"},{"taxonomy":"post_tag","embeddable":true,"href":"https:\/\/batijournal.com\/index.php\/wp-json\/wp\/v2\/tags?post=94513"}],"curies":[{"name":"wp","href":"https:\/\/api.w.org\/{rel}","templated":true}]}}