{"id":94518,"date":"2016-12-14T07:32:24","date_gmt":"2016-12-14T06:32:24","guid":{"rendered":"http:\/\/batijournal.com\/?p=94518"},"modified":"2019-07-15T11:16:12","modified_gmt":"2019-07-15T09:16:12","slug":"inventaire-vestiges-de-seconde-guerre-mondiale-normandie","status":"publish","type":"post","link":"https:\/\/batijournal.com\/index.php\/inventaire-vestiges-de-seconde-guerre-mondiale-normandie\/94518\/","title":{"rendered":"Inventaire des vestiges de la Seconde Guerre mondiale en Normandie"},"content":{"rendered":"<p><strong>Un programme collectif de recherche vise \u00e0 inventorier de mani\u00e8re exhaustive les vestiges de la Seconde Guerre mondiale en Normandie. Si les ouvrages allemands du Mur de l&rsquo;Atlantique font prioritairement l\u2019objet d\u2019un travail intensif, ce programme vise aussi \u00e0 relever les traces des infrastructures laiss\u00e9es par les Alli\u00e9s lors de la lib\u00e9ration de la Normandie, mais aussi celles qui t\u00e9moignent de la vie des civils lors de cette sombre p\u00e9riode.<\/strong><\/p>\n<p>Sur la fa\u00e7ade Atlantique, les vestiges issus du conflit de la Seconde Guerre mondiale ont longtemps \u00e9t\u00e9 v\u00e9cus n\u00e9gativement et sont encore difficilement assimil\u00e9s au patrimoine arch\u00e9ologique ou historique. La Normandie \u00e9chappe toutefois partiellement \u00e0 ce ph\u00e9nom\u00e8ne par le fait que le territoire est celui o\u00f9 s&rsquo;est d\u00e9roul\u00e9 l&rsquo;un des principaux \u00e9pisodes \u00e0 l&rsquo;origine de la lib\u00e9ration de l&rsquo;Europe. Assez rapidement, les Normands ont \u0153uvr\u00e9 \u00e0 la comm\u00e9moration du D\u00e9barquement.<\/p>\n<p>Initi\u00e9 par des chercheurs de la direction r\u00e9gionale des affaires culturelles de Normandie, du centre de recherche d\u2019histoire quantitative de l&rsquo;universit\u00e9 de Caen, de l&rsquo;Inrap ainsi que des D\u00e9partements du Calvados et de la Manche, le programme collectif de recherche veut inventorier les \u00e9l\u00e9ments conserv\u00e9s, disparus ou enfouis, formant des ensembles coh\u00e9rents, sans se limiter aux seules \u00e9l\u00e9vations ; il permettra ainsi d\u2019appr\u00e9hender la place des diff\u00e9rents \u00e9l\u00e9ments inventori\u00e9s dans le dispositif d\u00e9fensif et dans l\u2019histoire du conflit. Pour cela, il s&rsquo;appuie \u00e0 la fois sur des \u00e9tudes documentaires et des recherches de terrain, ainsi que sur une base de donn\u00e9es coupl\u00e9e \u00e0 un syst\u00e8me d\u2019information g\u00e9ographique.<\/p>\n<p>Ce projet r\u00e9pond \u00e0 un besoin urgent de gestion de ce patrimoine rencontr\u00e9 quotidiennement par les acteurs du patrimoine et les arch\u00e9ologues de Normandie. Il s&rsquo;articule \u00e9troitement avec la d\u00e9marche partenariale port\u00e9e par la R\u00e9gion Normandie visant \u00e0 obtenir l&rsquo;inscription des Plages du D\u00e9barquement au Patrimoine mondial.<\/p>\n<p>Photo : Carri\u00e8res-refuge de Fleury-sur-Orne &#8211; DRAC Normandie &#8211; Inrap &#8211; C. Marcigny.<\/p>\n","protected":false},"excerpt":{"rendered":"<p>Un programme collectif de recherche vise \u00e0 inventorier de mani\u00e8re exhaustive les vestiges de la Seconde Guerre mondiale en Normandie. Si les ouvrages allemands du Mur de l&rsquo;Atlantique font prioritairement l\u2019objet d\u2019un travail intensif, ce programme vise aussi \u00e0 relever les traces des infrastructures laiss\u00e9es par les Alli\u00e9s lors de la lib\u00e9ration de la Normandie, [&hellip;]<\/p>\n","protected":false},"author":17,"featured_media":94519,"comment_status":"closed","ping_status":"closed","sticky":false,"template":"","format":"standard","meta":{"_et_pb_use_builder":"","_et_pb_old_content":"","_et_gb_content_width":"","footnotes":""},"categories":[10530,6340],"tags":[916],"class_list":["post-94518","post","type-post","status-publish","format-standard","has-post-thumbnail","hentry","category-actualites","category-architecture-conception","tag-preservation"],"yoast_head":"<!-- This site is optimized with the Yoast SEO plugin v27.4 - https:\/\/yoast.com\/product\/yoast-seo-wordpress\/ -->\n<title>Inventaire des vestiges de la Seconde Guerre mondiale en Normandie<\/title>\n<meta name=\"robots\" content=\"index, follow, max-snippet:-1, max-image-preview:large, max-video-preview:-1\" \/>\n<link rel=\"canonical\" href=\"https:\/\/batijournal.com\/index.php\/inventaire-vestiges-de-seconde-guerre-mondiale-normandie\/94518\/\" \/>\n<meta property=\"og:locale\" content=\"fr_FR\" \/>\n<meta property=\"og:type\" content=\"article\" \/>\n<meta property=\"og:title\" content=\"Inventaire des vestiges de la Seconde Guerre mondiale en Normandie\" \/>\n<meta property=\"og:description\" content=\"Un programme collectif de recherche vise \u00e0 inventorier de mani\u00e8re exhaustive les vestiges de la Seconde Guerre mondiale en Normandie. Si les ouvrages allemands du Mur de l&rsquo;Atlantique font prioritairement l\u2019objet d\u2019un travail intensif, ce programme vise aussi \u00e0 relever les traces des infrastructures laiss\u00e9es par les Alli\u00e9s lors de la lib\u00e9ration de la Normandie, [&hellip;]\" \/>\n<meta property=\"og:url\" content=\"https:\/\/batijournal.com\/index.php\/inventaire-vestiges-de-seconde-guerre-mondiale-normandie\/94518\/\" \/>\n<meta property=\"og:site_name\" content=\"Batijournal\" \/>\n<meta property=\"article:published_time\" content=\"2016-12-14T06:32:24+00:00\" \/>\n<meta property=\"article:modified_time\" content=\"2019-07-15T09:16:12+00:00\" \/>\n<meta property=\"og:image\" content=\"https:\/\/batijournal.com\/wp-content\/uploads\/2016\/12\/Carrieres-refuge-de-Fleury-sur-Orne.jpg\" \/>\n\t<meta property=\"og:image:width\" content=\"1600\" \/>\n\t<meta property=\"og:image:height\" content=\"1070\" \/>\n\t<meta property=\"og:image:type\" content=\"image\/jpeg\" \/>\n<meta name=\"author\" content=\"St\u00e9phane Miget\" \/>\n<meta name=\"twitter:card\" content=\"summary_large_image\" \/>\n<meta name=\"twitter:creator\" content=\"@bati_journal\" \/>\n<meta name=\"twitter:site\" content=\"@bati_journal\" \/>\n<meta name=\"twitter:label1\" content=\"\u00c9crit par\" \/>\n\t<meta name=\"twitter:data1\" content=\"St\u00e9phane Miget\" \/>\n\t<meta name=\"twitter:label2\" content=\"Dur\u00e9e de lecture estim\u00e9e\" \/>\n\t<meta name=\"twitter:data2\" content=\"2 minutes\" \/>\n<script type=\"application\/ld+json\" class=\"yoast-schema-graph\">{\"@context\":\"https:\\\/\\\/schema.org\",\"@graph\":[{\"@type\":\"Article\",\"@id\":\"https:\\\/\\\/batijournal.com\\\/index.php\\\/inventaire-vestiges-de-seconde-guerre-mondiale-normandie\\\/94518\\\/#article\",\"isPartOf\":{\"@id\":\"https:\\\/\\\/batijournal.com\\\/index.php\\\/inventaire-vestiges-de-seconde-guerre-mondiale-normandie\\\/94518\\\/\"},\"author\":{\"name\":\"St\u00e9phane Miget\",\"@id\":\"https:\\\/\\\/batijournal.com\\\/#\\\/schema\\\/person\\\/1dc96ec6957aa1ccb25ebe78bb19f100\"},\"headline\":\"Inventaire des vestiges de la Seconde Guerre mondiale en Normandie\",\"datePublished\":\"2016-12-14T06:32:24+00:00\",\"dateModified\":\"2019-07-15T09:16:12+00:00\",\"mainEntityOfPage\":{\"@id\":\"https:\\\/\\\/batijournal.com\\\/index.php\\\/inventaire-vestiges-de-seconde-guerre-mondiale-normandie\\\/94518\\\/\"},\"wordCount\":361,\"image\":{\"@id\":\"https:\\\/\\\/batijournal.com\\\/index.php\\\/inventaire-vestiges-de-seconde-guerre-mondiale-normandie\\\/94518\\\/#primaryimage\"},\"thumbnailUrl\":\"https:\\\/\\\/batijournal.com\\\/wp-content\\\/uploads\\\/2016\\\/12\\\/Carrieres-refuge-de-Fleury-sur-Orne.jpg\",\"keywords\":[\"pr\u00e9servation\"],\"articleSection\":[\"Actualit\u00e9s\",\"Architecture &amp; Conception\"],\"inLanguage\":\"fr-FR\"},{\"@type\":\"WebPage\",\"@id\":\"https:\\\/\\\/batijournal.com\\\/index.php\\\/inventaire-vestiges-de-seconde-guerre-mondiale-normandie\\\/94518\\\/\",\"url\":\"https:\\\/\\\/batijournal.com\\\/index.php\\\/inventaire-vestiges-de-seconde-guerre-mondiale-normandie\\\/94518\\\/\",\"name\":\"Inventaire des vestiges de la Seconde Guerre mondiale en Normandie\",\"isPartOf\":{\"@id\":\"https:\\\/\\\/batijournal.com\\\/#website\"},\"primaryImageOfPage\":{\"@id\":\"https:\\\/\\\/batijournal.com\\\/index.php\\\/inventaire-vestiges-de-seconde-guerre-mondiale-normandie\\\/94518\\\/#primaryimage\"},\"image\":{\"@id\":\"https:\\\/\\\/batijournal.com\\\/index.php\\\/inventaire-vestiges-de-seconde-guerre-mondiale-normandie\\\/94518\\\/#primaryimage\"},\"thumbnailUrl\":\"https:\\\/\\\/batijournal.com\\\/wp-content\\\/uploads\\\/2016\\\/12\\\/Carrieres-refuge-de-Fleury-sur-Orne.jpg\",\"datePublished\":\"2016-12-14T06:32:24+00:00\",\"dateModified\":\"2019-07-15T09:16:12+00:00\",\"author\":{\"@id\":\"https:\\\/\\\/batijournal.com\\\/#\\\/schema\\\/person\\\/1dc96ec6957aa1ccb25ebe78bb19f100\"},\"breadcrumb\":{\"@id\":\"https:\\\/\\\/batijournal.com\\\/index.php\\\/inventaire-vestiges-de-seconde-guerre-mondiale-normandie\\\/94518\\\/#breadcrumb\"},\"inLanguage\":\"fr-FR\",\"potentialAction\":[{\"@type\":\"ReadAction\",\"target\":[\"https:\\\/\\\/batijournal.com\\\/index.php\\\/inventaire-vestiges-de-seconde-guerre-mondiale-normandie\\\/94518\\\/\"]}]},{\"@type\":\"ImageObject\",\"inLanguage\":\"fr-FR\",\"@id\":\"https:\\\/\\\/batijournal.com\\\/index.php\\\/inventaire-vestiges-de-seconde-guerre-mondiale-normandie\\\/94518\\\/#primaryimage\",\"url\":\"https:\\\/\\\/batijournal.com\\\/wp-content\\\/uploads\\\/2016\\\/12\\\/Carrieres-refuge-de-Fleury-sur-Orne.jpg\",\"contentUrl\":\"https:\\\/\\\/batijournal.com\\\/wp-content\\\/uploads\\\/2016\\\/12\\\/Carrieres-refuge-de-Fleury-sur-Orne.jpg\",\"width\":1600,\"height\":1070,\"caption\":\"Yvette Lethimonnier, carri\u00e8re Saingt, chantier INRAP, Fleury-sur-Orne, France\"},{\"@type\":\"BreadcrumbList\",\"@id\":\"https:\\\/\\\/batijournal.com\\\/index.php\\\/inventaire-vestiges-de-seconde-guerre-mondiale-normandie\\\/94518\\\/#breadcrumb\",\"itemListElement\":[{\"@type\":\"ListItem\",\"position\":1,\"name\":\"Accueil\",\"item\":\"https:\\\/\\\/batijournal.com\\\/\"},{\"@type\":\"ListItem\",\"position\":2,\"name\":\"Actualit\u00e9s\",\"item\":\"https:\\\/\\\/batijournal.com\\\/index.php\\\/category\\\/actualites\\\/\"},{\"@type\":\"ListItem\",\"position\":3,\"name\":\"Inventaire des vestiges de la Seconde Guerre mondiale en Normandie\"}]},{\"@type\":\"WebSite\",\"@id\":\"https:\\\/\\\/batijournal.com\\\/#website\",\"url\":\"https:\\\/\\\/batijournal.com\\\/\",\"name\":\"Batijournal\",\"description\":\"L&#039;actualit\u00e9 du b\u00e2timent\",\"potentialAction\":[{\"@type\":\"SearchAction\",\"target\":{\"@type\":\"EntryPoint\",\"urlTemplate\":\"https:\\\/\\\/batijournal.com\\\/?s={search_term_string}\"},\"query-input\":{\"@type\":\"PropertyValueSpecification\",\"valueRequired\":true,\"valueName\":\"search_term_string\"}}],\"inLanguage\":\"fr-FR\"},{\"@type\":\"Person\",\"@id\":\"https:\\\/\\\/batijournal.com\\\/#\\\/schema\\\/person\\\/1dc96ec6957aa1ccb25ebe78bb19f100\",\"name\":\"St\u00e9phane Miget\",\"image\":{\"@type\":\"ImageObject\",\"inLanguage\":\"fr-FR\",\"@id\":\"https:\\\/\\\/secure.gravatar.com\\\/avatar\\\/89915563d925342126b8ef0281b93d9d7fc337043e8df017f780908eb9644451?s=96&d=mm&r=g\",\"url\":\"https:\\\/\\\/secure.gravatar.com\\\/avatar\\\/89915563d925342126b8ef0281b93d9d7fc337043e8df017f780908eb9644451?s=96&d=mm&r=g\",\"contentUrl\":\"https:\\\/\\\/secure.gravatar.com\\\/avatar\\\/89915563d925342126b8ef0281b93d9d7fc337043e8df017f780908eb9644451?s=96&d=mm&r=g\",\"caption\":\"St\u00e9phane Miget\"},\"url\":\"https:\\\/\\\/batijournal.com\\\/index.php\\\/author\\\/stephane\\\/\"}]}<\/script>\n<!-- \/ Yoast SEO plugin. -->","yoast_head_json":{"title":"Inventaire des vestiges de la Seconde Guerre mondiale en Normandie","robots":{"index":"index","follow":"follow","max-snippet":"max-snippet:-1","max-image-preview":"max-image-preview:large","max-video-preview":"max-video-preview:-1"},"canonical":"https:\/\/batijournal.com\/index.php\/inventaire-vestiges-de-seconde-guerre-mondiale-normandie\/94518\/","og_locale":"fr_FR","og_type":"article","og_title":"Inventaire des vestiges de la Seconde Guerre mondiale en Normandie","og_description":"Un programme collectif de recherche vise \u00e0 inventorier de mani\u00e8re exhaustive les vestiges de la Seconde Guerre mondiale en Normandie. Si les ouvrages allemands du Mur de l&rsquo;Atlantique font prioritairement l\u2019objet d\u2019un travail intensif, ce programme vise aussi \u00e0 relever les traces des infrastructures laiss\u00e9es par les Alli\u00e9s lors de la lib\u00e9ration de la Normandie, [&hellip;]","og_url":"https:\/\/batijournal.com\/index.php\/inventaire-vestiges-de-seconde-guerre-mondiale-normandie\/94518\/","og_site_name":"Batijournal","article_published_time":"2016-12-14T06:32:24+00:00","article_modified_time":"2019-07-15T09:16:12+00:00","og_image":[{"width":1600,"height":1070,"url":"https:\/\/batijournal.com\/wp-content\/uploads\/2016\/12\/Carrieres-refuge-de-Fleury-sur-Orne.jpg","type":"image\/jpeg"}],"author":"St\u00e9phane Miget","twitter_card":"summary_large_image","twitter_creator":"@bati_journal","twitter_site":"@bati_journal","twitter_misc":{"\u00c9crit par":"St\u00e9phane Miget","Dur\u00e9e de lecture estim\u00e9e":"2 minutes"},"schema":{"@context":"https:\/\/schema.org","@graph":[{"@type":"Article","@id":"https:\/\/batijournal.com\/index.php\/inventaire-vestiges-de-seconde-guerre-mondiale-normandie\/94518\/#article","isPartOf":{"@id":"https:\/\/batijournal.com\/index.php\/inventaire-vestiges-de-seconde-guerre-mondiale-normandie\/94518\/"},"author":{"name":"St\u00e9phane Miget","@id":"https:\/\/batijournal.com\/#\/schema\/person\/1dc96ec6957aa1ccb25ebe78bb19f100"},"headline":"Inventaire des vestiges de la Seconde Guerre mondiale en Normandie","datePublished":"2016-12-14T06:32:24+00:00","dateModified":"2019-07-15T09:16:12+00:00","mainEntityOfPage":{"@id":"https:\/\/batijournal.com\/index.php\/inventaire-vestiges-de-seconde-guerre-mondiale-normandie\/94518\/"},"wordCount":361,"image":{"@id":"https:\/\/batijournal.com\/index.php\/inventaire-vestiges-de-seconde-guerre-mondiale-normandie\/94518\/#primaryimage"},"thumbnailUrl":"https:\/\/batijournal.com\/wp-content\/uploads\/2016\/12\/Carrieres-refuge-de-Fleury-sur-Orne.jpg","keywords":["pr\u00e9servation"],"articleSection":["Actualit\u00e9s","Architecture &amp; Conception"],"inLanguage":"fr-FR"},{"@type":"WebPage","@id":"https:\/\/batijournal.com\/index.php\/inventaire-vestiges-de-seconde-guerre-mondiale-normandie\/94518\/","url":"https:\/\/batijournal.com\/index.php\/inventaire-vestiges-de-seconde-guerre-mondiale-normandie\/94518\/","name":"Inventaire des vestiges de la Seconde Guerre mondiale en Normandie","isPartOf":{"@id":"https:\/\/batijournal.com\/#website"},"primaryImageOfPage":{"@id":"https:\/\/batijournal.com\/index.php\/inventaire-vestiges-de-seconde-guerre-mondiale-normandie\/94518\/#primaryimage"},"image":{"@id":"https:\/\/batijournal.com\/index.php\/inventaire-vestiges-de-seconde-guerre-mondiale-normandie\/94518\/#primaryimage"},"thumbnailUrl":"https:\/\/batijournal.com\/wp-content\/uploads\/2016\/12\/Carrieres-refuge-de-Fleury-sur-Orne.jpg","datePublished":"2016-12-14T06:32:24+00:00","dateModified":"2019-07-15T09:16:12+00:00","author":{"@id":"https:\/\/batijournal.com\/#\/schema\/person\/1dc96ec6957aa1ccb25ebe78bb19f100"},"breadcrumb":{"@id":"https:\/\/batijournal.com\/index.php\/inventaire-vestiges-de-seconde-guerre-mondiale-normandie\/94518\/#breadcrumb"},"inLanguage":"fr-FR","potentialAction":[{"@type":"ReadAction","target":["https:\/\/batijournal.com\/index.php\/inventaire-vestiges-de-seconde-guerre-mondiale-normandie\/94518\/"]}]},{"@type":"ImageObject","inLanguage":"fr-FR","@id":"https:\/\/batijournal.com\/index.php\/inventaire-vestiges-de-seconde-guerre-mondiale-normandie\/94518\/#primaryimage","url":"https:\/\/batijournal.com\/wp-content\/uploads\/2016\/12\/Carrieres-refuge-de-Fleury-sur-Orne.jpg","contentUrl":"https:\/\/batijournal.com\/wp-content\/uploads\/2016\/12\/Carrieres-refuge-de-Fleury-sur-Orne.jpg","width":1600,"height":1070,"caption":"Yvette Lethimonnier, carri\u00e8re Saingt, chantier INRAP, Fleury-sur-Orne, France"},{"@type":"BreadcrumbList","@id":"https:\/\/batijournal.com\/index.php\/inventaire-vestiges-de-seconde-guerre-mondiale-normandie\/94518\/#breadcrumb","itemListElement":[{"@type":"ListItem","position":1,"name":"Accueil","item":"https:\/\/batijournal.com\/"},{"@type":"ListItem","position":2,"name":"Actualit\u00e9s","item":"https:\/\/batijournal.com\/index.php\/category\/actualites\/"},{"@type":"ListItem","position":3,"name":"Inventaire des vestiges de la Seconde Guerre mondiale en Normandie"}]},{"@type":"WebSite","@id":"https:\/\/batijournal.com\/#website","url":"https:\/\/batijournal.com\/","name":"Batijournal","description":"L&#039;actualit\u00e9 du b\u00e2timent","potentialAction":[{"@type":"SearchAction","target":{"@type":"EntryPoint","urlTemplate":"https:\/\/batijournal.com\/?s={search_term_string}"},"query-input":{"@type":"PropertyValueSpecification","valueRequired":true,"valueName":"search_term_string"}}],"inLanguage":"fr-FR"},{"@type":"Person","@id":"https:\/\/batijournal.com\/#\/schema\/person\/1dc96ec6957aa1ccb25ebe78bb19f100","name":"St\u00e9phane Miget","image":{"@type":"ImageObject","inLanguage":"fr-FR","@id":"https:\/\/secure.gravatar.com\/avatar\/89915563d925342126b8ef0281b93d9d7fc337043e8df017f780908eb9644451?s=96&d=mm&r=g","url":"https:\/\/secure.gravatar.com\/avatar\/89915563d925342126b8ef0281b93d9d7fc337043e8df017f780908eb9644451?s=96&d=mm&r=g","contentUrl":"https:\/\/secure.gravatar.com\/avatar\/89915563d925342126b8ef0281b93d9d7fc337043e8df017f780908eb9644451?s=96&d=mm&r=g","caption":"St\u00e9phane Miget"},"url":"https:\/\/batijournal.com\/index.php\/author\/stephane\/"}]}},"_links":{"self":[{"href":"https:\/\/batijournal.com\/index.php\/wp-json\/wp\/v2\/posts\/94518","targetHints":{"allow":["GET"]}}],"collection":[{"href":"https:\/\/batijournal.com\/index.php\/wp-json\/wp\/v2\/posts"}],"about":[{"href":"https:\/\/batijournal.com\/index.php\/wp-json\/wp\/v2\/types\/post"}],"author":[{"embeddable":true,"href":"https:\/\/batijournal.com\/index.php\/wp-json\/wp\/v2\/users\/17"}],"replies":[{"embeddable":true,"href":"https:\/\/batijournal.com\/index.php\/wp-json\/wp\/v2\/comments?post=94518"}],"version-history":[{"count":0,"href":"https:\/\/batijournal.com\/index.php\/wp-json\/wp\/v2\/posts\/94518\/revisions"}],"wp:featuredmedia":[{"embeddable":true,"href":"https:\/\/batijournal.com\/index.php\/wp-json\/wp\/v2\/media\/94519"}],"wp:attachment":[{"href":"https:\/\/batijournal.com\/index.php\/wp-json\/wp\/v2\/media?parent=94518"}],"wp:term":[{"taxonomy":"category","embeddable":true,"href":"https:\/\/batijournal.com\/index.php\/wp-json\/wp\/v2\/categories?post=94518"},{"taxonomy":"post_tag","embeddable":true,"href":"https:\/\/batijournal.com\/index.php\/wp-json\/wp\/v2\/tags?post=94518"}],"curies":[{"name":"wp","href":"https:\/\/api.w.org\/{rel}","templated":true}]}}