{"id":94520,"date":"2016-12-14T14:06:50","date_gmt":"2016-12-14T13:06:50","guid":{"rendered":"http:\/\/batijournal.com\/?p=94520"},"modified":"2019-07-15T12:03:58","modified_gmt":"2019-07-15T10:03:58","slug":"batiment-reprend-couleurs","status":"publish","type":"post","link":"https:\/\/batijournal.com\/index.php\/batiment-reprend-couleurs\/94520\/","title":{"rendered":"Le b\u00e2timent reprend des couleurs"},"content":{"rendered":"<p><strong>Jacques Chanut, Pr\u00e9sident de la FFB, vient de pr\u00e9senter des chiffres encourageants pour la fili\u00e8re du b\u00e2timent. Apr\u00e8s huit ann\u00e9es de crise, la croissance du secteur s\u2019\u00e9tablit \u00e0 1,9\u00a0% en volume en 2016. Une v\u00e9ritable inversion de la courbe, d&rsquo;autant que les chiffres de vente dans le neuf laissent pr\u00e9sager une ann\u00e9e 2017 encore meilleure.<\/strong><\/p>\n<p>La croissance de 2017 devrait donc \u00eatre de 3,4\u00a0%. Cependant, le march\u00e9 de l\u2019am\u00e9lioration-entretien restera peu dynamique avec seulement 0,9\u00a0%). Le niveau d\u2019activit\u00e9 ressortira encore inf\u00e9rieur \u00e0 celui enregistr\u00e9 en 2013 et les disparit\u00e9s resteront importantes au sein des territoires et des m\u00e9tiers. De fa\u00e7on plus d\u00e9taill\u00e9e, pr\u00e8s de 410\u00a0000 logements seront commenc\u00e9s en 2017, permettant un accroissement d\u2019activit\u00e9 de 8,6\u00a0% en volume. Apr\u00e8s neuf ann\u00e9es cons\u00e9cutives de repli, le non r\u00e9sidentiel neuf renouera enfin avec une activit\u00e9 orient\u00e9e \u00e0 la hausse gr\u00e2ce aux b\u00e2timents industriels et aux commerces qui afficheront chacun des progressions d\u2019environ 10\u00a0%. Dans le m\u00eame temps, l\u2019activit\u00e9 en bureaux et en b\u00e2timents administratifs se stabilisera. En cons\u00e9quence, le b\u00e2timent devrait enfin cr\u00e9er de l\u2019emploi : 10\u00a0000 postes, dont 6\u00a0000 salari\u00e9s et 4\u00a0000 int\u00e9rimaires.<\/p>\n","protected":false},"excerpt":{"rendered":"<p>Jacques Chanut, Pr\u00e9sident de la FFB, vient de pr\u00e9senter des chiffres encourageants pour la fili\u00e8re du b\u00e2timent. Apr\u00e8s huit ann\u00e9es de crise, la croissance du secteur s\u2019\u00e9tablit \u00e0 1,9\u00a0% en volume en 2016. Une v\u00e9ritable inversion de la courbe, d&rsquo;autant que les chiffres de vente dans le neuf laissent pr\u00e9sager une ann\u00e9e 2017 encore meilleure. [&hellip;]<\/p>\n","protected":false},"author":17,"featured_media":90551,"comment_status":"closed","ping_status":"closed","sticky":false,"template":"","format":"standard","meta":{"_et_pb_use_builder":"","_et_pb_old_content":"","_et_gb_content_width":"","footnotes":""},"categories":[10736,10530,6345],"tags":[373],"class_list":["post-94520","post","type-post","status-publish","format-standard","has-post-thumbnail","hentry","category-a-la-une","category-actualites","category-economie-marches","tag-ffb"],"yoast_head":"<!-- This site is optimized with the Yoast SEO plugin v27.4 - https:\/\/yoast.com\/product\/yoast-seo-wordpress\/ -->\n<title>Le b\u00e2timent reprend des couleurs<\/title>\n<meta name=\"robots\" content=\"index, follow, max-snippet:-1, max-image-preview:large, max-video-preview:-1\" \/>\n<link rel=\"canonical\" href=\"https:\/\/batijournal.com\/index.php\/batiment-reprend-couleurs\/94520\/\" \/>\n<meta property=\"og:locale\" content=\"fr_FR\" \/>\n<meta property=\"og:type\" content=\"article\" \/>\n<meta property=\"og:title\" content=\"Le b\u00e2timent reprend des couleurs\" \/>\n<meta property=\"og:description\" content=\"Jacques Chanut, Pr\u00e9sident de la FFB, vient de pr\u00e9senter des chiffres encourageants pour la fili\u00e8re du b\u00e2timent. Apr\u00e8s huit ann\u00e9es de crise, la croissance du secteur s\u2019\u00e9tablit \u00e0 1,9\u00a0% en volume en 2016. Une v\u00e9ritable inversion de la courbe, d&rsquo;autant que les chiffres de vente dans le neuf laissent pr\u00e9sager une ann\u00e9e 2017 encore meilleure. [&hellip;]\" \/>\n<meta property=\"og:url\" content=\"https:\/\/batijournal.com\/index.php\/batiment-reprend-couleurs\/94520\/\" \/>\n<meta property=\"og:site_name\" content=\"Batijournal\" \/>\n<meta property=\"article:published_time\" content=\"2016-12-14T13:06:50+00:00\" \/>\n<meta property=\"article:modified_time\" content=\"2019-07-15T10:03:58+00:00\" \/>\n<meta property=\"og:image\" content=\"https:\/\/batijournal.com\/wp-content\/uploads\/2015\/11\/chantier.jpg\" \/>\n\t<meta property=\"og:image:width\" content=\"1200\" \/>\n\t<meta property=\"og:image:height\" content=\"800\" \/>\n\t<meta property=\"og:image:type\" content=\"image\/jpeg\" \/>\n<meta name=\"author\" content=\"St\u00e9phane Miget\" \/>\n<meta name=\"twitter:card\" content=\"summary_large_image\" \/>\n<meta name=\"twitter:creator\" content=\"@bati_journal\" \/>\n<meta name=\"twitter:site\" content=\"@bati_journal\" \/>\n<meta name=\"twitter:label1\" content=\"\u00c9crit par\" \/>\n\t<meta name=\"twitter:data1\" content=\"St\u00e9phane Miget\" \/>\n\t<meta name=\"twitter:label2\" content=\"Dur\u00e9e de lecture estim\u00e9e\" \/>\n\t<meta name=\"twitter:data2\" content=\"1 minute\" \/>\n<script type=\"application\/ld+json\" class=\"yoast-schema-graph\">{\"@context\":\"https:\\\/\\\/schema.org\",\"@graph\":[{\"@type\":\"Article\",\"@id\":\"https:\\\/\\\/batijournal.com\\\/index.php\\\/batiment-reprend-couleurs\\\/94520\\\/#article\",\"isPartOf\":{\"@id\":\"https:\\\/\\\/batijournal.com\\\/index.php\\\/batiment-reprend-couleurs\\\/94520\\\/\"},\"author\":{\"name\":\"St\u00e9phane Miget\",\"@id\":\"https:\\\/\\\/batijournal.com\\\/#\\\/schema\\\/person\\\/1dc96ec6957aa1ccb25ebe78bb19f100\"},\"headline\":\"Le b\u00e2timent reprend des couleurs\",\"datePublished\":\"2016-12-14T13:06:50+00:00\",\"dateModified\":\"2019-07-15T10:03:58+00:00\",\"mainEntityOfPage\":{\"@id\":\"https:\\\/\\\/batijournal.com\\\/index.php\\\/batiment-reprend-couleurs\\\/94520\\\/\"},\"wordCount\":210,\"image\":{\"@id\":\"https:\\\/\\\/batijournal.com\\\/index.php\\\/batiment-reprend-couleurs\\\/94520\\\/#primaryimage\"},\"thumbnailUrl\":\"https:\\\/\\\/batijournal.com\\\/wp-content\\\/uploads\\\/2015\\\/11\\\/chantier.jpg\",\"keywords\":[\"ffb\"],\"articleSection\":[\"A la Une\",\"Actualit\u00e9s\",\"\u00c9conomie &amp; March\u00e9s\"],\"inLanguage\":\"fr-FR\"},{\"@type\":\"WebPage\",\"@id\":\"https:\\\/\\\/batijournal.com\\\/index.php\\\/batiment-reprend-couleurs\\\/94520\\\/\",\"url\":\"https:\\\/\\\/batijournal.com\\\/index.php\\\/batiment-reprend-couleurs\\\/94520\\\/\",\"name\":\"Le b\u00e2timent reprend des couleurs\",\"isPartOf\":{\"@id\":\"https:\\\/\\\/batijournal.com\\\/#website\"},\"primaryImageOfPage\":{\"@id\":\"https:\\\/\\\/batijournal.com\\\/index.php\\\/batiment-reprend-couleurs\\\/94520\\\/#primaryimage\"},\"image\":{\"@id\":\"https:\\\/\\\/batijournal.com\\\/index.php\\\/batiment-reprend-couleurs\\\/94520\\\/#primaryimage\"},\"thumbnailUrl\":\"https:\\\/\\\/batijournal.com\\\/wp-content\\\/uploads\\\/2015\\\/11\\\/chantier.jpg\",\"datePublished\":\"2016-12-14T13:06:50+00:00\",\"dateModified\":\"2019-07-15T10:03:58+00:00\",\"author\":{\"@id\":\"https:\\\/\\\/batijournal.com\\\/#\\\/schema\\\/person\\\/1dc96ec6957aa1ccb25ebe78bb19f100\"},\"breadcrumb\":{\"@id\":\"https:\\\/\\\/batijournal.com\\\/index.php\\\/batiment-reprend-couleurs\\\/94520\\\/#breadcrumb\"},\"inLanguage\":\"fr-FR\",\"potentialAction\":[{\"@type\":\"ReadAction\",\"target\":[\"https:\\\/\\\/batijournal.com\\\/index.php\\\/batiment-reprend-couleurs\\\/94520\\\/\"]}]},{\"@type\":\"ImageObject\",\"inLanguage\":\"fr-FR\",\"@id\":\"https:\\\/\\\/batijournal.com\\\/index.php\\\/batiment-reprend-couleurs\\\/94520\\\/#primaryimage\",\"url\":\"https:\\\/\\\/batijournal.com\\\/wp-content\\\/uploads\\\/2015\\\/11\\\/chantier.jpg\",\"contentUrl\":\"https:\\\/\\\/batijournal.com\\\/wp-content\\\/uploads\\\/2015\\\/11\\\/chantier.jpg\",\"width\":1200,\"height\":800},{\"@type\":\"BreadcrumbList\",\"@id\":\"https:\\\/\\\/batijournal.com\\\/index.php\\\/batiment-reprend-couleurs\\\/94520\\\/#breadcrumb\",\"itemListElement\":[{\"@type\":\"ListItem\",\"position\":1,\"name\":\"Accueil\",\"item\":\"https:\\\/\\\/batijournal.com\\\/\"},{\"@type\":\"ListItem\",\"position\":2,\"name\":\"Actualit\u00e9s\",\"item\":\"https:\\\/\\\/batijournal.com\\\/index.php\\\/category\\\/actualites\\\/\"},{\"@type\":\"ListItem\",\"position\":3,\"name\":\"Le b\u00e2timent reprend des couleurs\"}]},{\"@type\":\"WebSite\",\"@id\":\"https:\\\/\\\/batijournal.com\\\/#website\",\"url\":\"https:\\\/\\\/batijournal.com\\\/\",\"name\":\"Batijournal\",\"description\":\"L&#039;actualit\u00e9 du b\u00e2timent\",\"potentialAction\":[{\"@type\":\"SearchAction\",\"target\":{\"@type\":\"EntryPoint\",\"urlTemplate\":\"https:\\\/\\\/batijournal.com\\\/?s={search_term_string}\"},\"query-input\":{\"@type\":\"PropertyValueSpecification\",\"valueRequired\":true,\"valueName\":\"search_term_string\"}}],\"inLanguage\":\"fr-FR\"},{\"@type\":\"Person\",\"@id\":\"https:\\\/\\\/batijournal.com\\\/#\\\/schema\\\/person\\\/1dc96ec6957aa1ccb25ebe78bb19f100\",\"name\":\"St\u00e9phane Miget\",\"image\":{\"@type\":\"ImageObject\",\"inLanguage\":\"fr-FR\",\"@id\":\"https:\\\/\\\/secure.gravatar.com\\\/avatar\\\/89915563d925342126b8ef0281b93d9d7fc337043e8df017f780908eb9644451?s=96&d=mm&r=g\",\"url\":\"https:\\\/\\\/secure.gravatar.com\\\/avatar\\\/89915563d925342126b8ef0281b93d9d7fc337043e8df017f780908eb9644451?s=96&d=mm&r=g\",\"contentUrl\":\"https:\\\/\\\/secure.gravatar.com\\\/avatar\\\/89915563d925342126b8ef0281b93d9d7fc337043e8df017f780908eb9644451?s=96&d=mm&r=g\",\"caption\":\"St\u00e9phane Miget\"},\"url\":\"https:\\\/\\\/batijournal.com\\\/index.php\\\/author\\\/stephane\\\/\"}]}<\/script>\n<!-- \/ Yoast SEO plugin. -->","yoast_head_json":{"title":"Le b\u00e2timent reprend des couleurs","robots":{"index":"index","follow":"follow","max-snippet":"max-snippet:-1","max-image-preview":"max-image-preview:large","max-video-preview":"max-video-preview:-1"},"canonical":"https:\/\/batijournal.com\/index.php\/batiment-reprend-couleurs\/94520\/","og_locale":"fr_FR","og_type":"article","og_title":"Le b\u00e2timent reprend des couleurs","og_description":"Jacques Chanut, Pr\u00e9sident de la FFB, vient de pr\u00e9senter des chiffres encourageants pour la fili\u00e8re du b\u00e2timent. Apr\u00e8s huit ann\u00e9es de crise, la croissance du secteur s\u2019\u00e9tablit \u00e0 1,9\u00a0% en volume en 2016. Une v\u00e9ritable inversion de la courbe, d&rsquo;autant que les chiffres de vente dans le neuf laissent pr\u00e9sager une ann\u00e9e 2017 encore meilleure. [&hellip;]","og_url":"https:\/\/batijournal.com\/index.php\/batiment-reprend-couleurs\/94520\/","og_site_name":"Batijournal","article_published_time":"2016-12-14T13:06:50+00:00","article_modified_time":"2019-07-15T10:03:58+00:00","og_image":[{"width":1200,"height":800,"url":"https:\/\/batijournal.com\/wp-content\/uploads\/2015\/11\/chantier.jpg","type":"image\/jpeg"}],"author":"St\u00e9phane Miget","twitter_card":"summary_large_image","twitter_creator":"@bati_journal","twitter_site":"@bati_journal","twitter_misc":{"\u00c9crit par":"St\u00e9phane Miget","Dur\u00e9e de lecture estim\u00e9e":"1 minute"},"schema":{"@context":"https:\/\/schema.org","@graph":[{"@type":"Article","@id":"https:\/\/batijournal.com\/index.php\/batiment-reprend-couleurs\/94520\/#article","isPartOf":{"@id":"https:\/\/batijournal.com\/index.php\/batiment-reprend-couleurs\/94520\/"},"author":{"name":"St\u00e9phane Miget","@id":"https:\/\/batijournal.com\/#\/schema\/person\/1dc96ec6957aa1ccb25ebe78bb19f100"},"headline":"Le b\u00e2timent reprend des couleurs","datePublished":"2016-12-14T13:06:50+00:00","dateModified":"2019-07-15T10:03:58+00:00","mainEntityOfPage":{"@id":"https:\/\/batijournal.com\/index.php\/batiment-reprend-couleurs\/94520\/"},"wordCount":210,"image":{"@id":"https:\/\/batijournal.com\/index.php\/batiment-reprend-couleurs\/94520\/#primaryimage"},"thumbnailUrl":"https:\/\/batijournal.com\/wp-content\/uploads\/2015\/11\/chantier.jpg","keywords":["ffb"],"articleSection":["A la Une","Actualit\u00e9s","\u00c9conomie &amp; March\u00e9s"],"inLanguage":"fr-FR"},{"@type":"WebPage","@id":"https:\/\/batijournal.com\/index.php\/batiment-reprend-couleurs\/94520\/","url":"https:\/\/batijournal.com\/index.php\/batiment-reprend-couleurs\/94520\/","name":"Le b\u00e2timent reprend des couleurs","isPartOf":{"@id":"https:\/\/batijournal.com\/#website"},"primaryImageOfPage":{"@id":"https:\/\/batijournal.com\/index.php\/batiment-reprend-couleurs\/94520\/#primaryimage"},"image":{"@id":"https:\/\/batijournal.com\/index.php\/batiment-reprend-couleurs\/94520\/#primaryimage"},"thumbnailUrl":"https:\/\/batijournal.com\/wp-content\/uploads\/2015\/11\/chantier.jpg","datePublished":"2016-12-14T13:06:50+00:00","dateModified":"2019-07-15T10:03:58+00:00","author":{"@id":"https:\/\/batijournal.com\/#\/schema\/person\/1dc96ec6957aa1ccb25ebe78bb19f100"},"breadcrumb":{"@id":"https:\/\/batijournal.com\/index.php\/batiment-reprend-couleurs\/94520\/#breadcrumb"},"inLanguage":"fr-FR","potentialAction":[{"@type":"ReadAction","target":["https:\/\/batijournal.com\/index.php\/batiment-reprend-couleurs\/94520\/"]}]},{"@type":"ImageObject","inLanguage":"fr-FR","@id":"https:\/\/batijournal.com\/index.php\/batiment-reprend-couleurs\/94520\/#primaryimage","url":"https:\/\/batijournal.com\/wp-content\/uploads\/2015\/11\/chantier.jpg","contentUrl":"https:\/\/batijournal.com\/wp-content\/uploads\/2015\/11\/chantier.jpg","width":1200,"height":800},{"@type":"BreadcrumbList","@id":"https:\/\/batijournal.com\/index.php\/batiment-reprend-couleurs\/94520\/#breadcrumb","itemListElement":[{"@type":"ListItem","position":1,"name":"Accueil","item":"https:\/\/batijournal.com\/"},{"@type":"ListItem","position":2,"name":"Actualit\u00e9s","item":"https:\/\/batijournal.com\/index.php\/category\/actualites\/"},{"@type":"ListItem","position":3,"name":"Le b\u00e2timent reprend des couleurs"}]},{"@type":"WebSite","@id":"https:\/\/batijournal.com\/#website","url":"https:\/\/batijournal.com\/","name":"Batijournal","description":"L&#039;actualit\u00e9 du b\u00e2timent","potentialAction":[{"@type":"SearchAction","target":{"@type":"EntryPoint","urlTemplate":"https:\/\/batijournal.com\/?s={search_term_string}"},"query-input":{"@type":"PropertyValueSpecification","valueRequired":true,"valueName":"search_term_string"}}],"inLanguage":"fr-FR"},{"@type":"Person","@id":"https:\/\/batijournal.com\/#\/schema\/person\/1dc96ec6957aa1ccb25ebe78bb19f100","name":"St\u00e9phane Miget","image":{"@type":"ImageObject","inLanguage":"fr-FR","@id":"https:\/\/secure.gravatar.com\/avatar\/89915563d925342126b8ef0281b93d9d7fc337043e8df017f780908eb9644451?s=96&d=mm&r=g","url":"https:\/\/secure.gravatar.com\/avatar\/89915563d925342126b8ef0281b93d9d7fc337043e8df017f780908eb9644451?s=96&d=mm&r=g","contentUrl":"https:\/\/secure.gravatar.com\/avatar\/89915563d925342126b8ef0281b93d9d7fc337043e8df017f780908eb9644451?s=96&d=mm&r=g","caption":"St\u00e9phane Miget"},"url":"https:\/\/batijournal.com\/index.php\/author\/stephane\/"}]}},"_links":{"self":[{"href":"https:\/\/batijournal.com\/index.php\/wp-json\/wp\/v2\/posts\/94520","targetHints":{"allow":["GET"]}}],"collection":[{"href":"https:\/\/batijournal.com\/index.php\/wp-json\/wp\/v2\/posts"}],"about":[{"href":"https:\/\/batijournal.com\/index.php\/wp-json\/wp\/v2\/types\/post"}],"author":[{"embeddable":true,"href":"https:\/\/batijournal.com\/index.php\/wp-json\/wp\/v2\/users\/17"}],"replies":[{"embeddable":true,"href":"https:\/\/batijournal.com\/index.php\/wp-json\/wp\/v2\/comments?post=94520"}],"version-history":[{"count":0,"href":"https:\/\/batijournal.com\/index.php\/wp-json\/wp\/v2\/posts\/94520\/revisions"}],"wp:featuredmedia":[{"embeddable":true,"href":"https:\/\/batijournal.com\/index.php\/wp-json\/wp\/v2\/media\/90551"}],"wp:attachment":[{"href":"https:\/\/batijournal.com\/index.php\/wp-json\/wp\/v2\/media?parent=94520"}],"wp:term":[{"taxonomy":"category","embeddable":true,"href":"https:\/\/batijournal.com\/index.php\/wp-json\/wp\/v2\/categories?post=94520"},{"taxonomy":"post_tag","embeddable":true,"href":"https:\/\/batijournal.com\/index.php\/wp-json\/wp\/v2\/tags?post=94520"}],"curies":[{"name":"wp","href":"https:\/\/api.w.org\/{rel}","templated":true}]}}