{"id":94521,"date":"2016-12-14T14:13:03","date_gmt":"2016-12-14T13:13:03","guid":{"rendered":"http:\/\/batijournal.com\/?p=94521"},"modified":"2019-07-15T12:11:00","modified_gmt":"2019-07-15T10:11:00","slug":"agora-grand-evenement-2017-a-bordeaux","status":"publish","type":"post","link":"https:\/\/batijournal.com\/index.php\/agora-grand-evenement-2017-a-bordeaux\/94521\/","title":{"rendered":"AGORA : le grand \u00e9v\u00e9nement 2017 \u00e0 Bordeaux"},"content":{"rendered":"<p>AGORA, la biennale architecture-urbanisme-design sera autour du th\u00e8me \u00ab Paysages Augment\u00e9s \u00bb. C\u2019est bien le paysage urbain historique qui fait l\u2019exceptionnalit\u00e9 de Bordeaux et il s\u2019agit bien avant tout de valeurs culturelles : le paysage \u00e9tant en effet d\u2019abord une cr\u00e9ation culturelle, il ne fait que s\u2019appuyer sur le natureI. D\u00e8s la cl\u00f4ture de son \u00e9dition 2014, le contexte m\u00e9tropolitain et l\u2019identit\u00e9 commune \u00e0 forger pour Bordeaux-m\u00e9tropole, conduisaient tout naturellement Agora \u00e0 choisir le th\u00e8me des paysages comme vecteurs d\u2019identit\u00e9 de culture, mais \u00e9galement de d\u00e9veloppement et d\u2019adaptation aux changements climatiques.<\/p>\n<p>Agora, biennale de Bordeaux M\u00e9tropole \u2013 architecture, urbanisme et design se d\u00e9roulera du 15 au 25 septembre 2017 au Hangar 14 et partout en ville.<\/p>\n<p><a href=\"http:\/\/www.agorabordeaux.fr\" target=\"_blank\" rel=\"noopener noreferrer\">www.agorabordeaux.fr<\/a><\/p>\n","protected":false},"excerpt":{"rendered":"<p>AGORA, la biennale architecture-urbanisme-design sera autour du th\u00e8me \u00ab Paysages Augment\u00e9s \u00bb. C\u2019est bien le paysage urbain historique qui fait l\u2019exceptionnalit\u00e9 de Bordeaux et il s\u2019agit bien avant tout de valeurs culturelles : le paysage \u00e9tant en effet d\u2019abord une cr\u00e9ation culturelle, il ne fait que s\u2019appuyer sur le natureI. D\u00e8s la cl\u00f4ture de son [&hellip;]<\/p>\n","protected":false},"author":17,"featured_media":94523,"comment_status":"closed","ping_status":"closed","sticky":false,"template":"","format":"standard","meta":{"_et_pb_use_builder":"","_et_pb_old_content":"","_et_gb_content_width":"","footnotes":""},"categories":[10530,6340],"tags":[],"class_list":["post-94521","post","type-post","status-publish","format-standard","has-post-thumbnail","hentry","category-actualites","category-architecture-conception"],"yoast_head":"<!-- This site is optimized with the Yoast SEO plugin v27.4 - https:\/\/yoast.com\/product\/yoast-seo-wordpress\/ -->\n<title>AGORA : le grand \u00e9v\u00e9nement 2017 \u00e0 Bordeaux<\/title>\n<meta name=\"robots\" content=\"index, follow, max-snippet:-1, max-image-preview:large, max-video-preview:-1\" \/>\n<link rel=\"canonical\" href=\"https:\/\/batijournal.com\/index.php\/agora-grand-evenement-2017-a-bordeaux\/94521\/\" \/>\n<meta property=\"og:locale\" content=\"fr_FR\" \/>\n<meta property=\"og:type\" content=\"article\" \/>\n<meta property=\"og:title\" content=\"AGORA : le grand \u00e9v\u00e9nement 2017 \u00e0 Bordeaux\" \/>\n<meta property=\"og:description\" content=\"AGORA, la biennale architecture-urbanisme-design sera autour du th\u00e8me \u00ab Paysages Augment\u00e9s \u00bb. C\u2019est bien le paysage urbain historique qui fait l\u2019exceptionnalit\u00e9 de Bordeaux et il s\u2019agit bien avant tout de valeurs culturelles : le paysage \u00e9tant en effet d\u2019abord une cr\u00e9ation culturelle, il ne fait que s\u2019appuyer sur le natureI. D\u00e8s la cl\u00f4ture de son [&hellip;]\" \/>\n<meta property=\"og:url\" content=\"https:\/\/batijournal.com\/index.php\/agora-grand-evenement-2017-a-bordeaux\/94521\/\" \/>\n<meta property=\"og:site_name\" content=\"Batijournal\" \/>\n<meta property=\"article:published_time\" content=\"2016-12-14T13:13:03+00:00\" \/>\n<meta property=\"article:modified_time\" content=\"2019-07-15T10:11:00+00:00\" \/>\n<meta property=\"og:image\" content=\"https:\/\/batijournal.com\/wp-content\/uploads\/2016\/12\/agora-bordeaux-2017.jpg\" \/>\n\t<meta property=\"og:image:width\" content=\"2438\" \/>\n\t<meta property=\"og:image:height\" content=\"1019\" \/>\n\t<meta property=\"og:image:type\" content=\"image\/jpeg\" \/>\n<meta name=\"author\" content=\"St\u00e9phane Miget\" \/>\n<meta name=\"twitter:card\" content=\"summary_large_image\" \/>\n<meta name=\"twitter:creator\" content=\"@bati_journal\" \/>\n<meta name=\"twitter:site\" content=\"@bati_journal\" \/>\n<meta name=\"twitter:label1\" content=\"\u00c9crit par\" \/>\n\t<meta name=\"twitter:data1\" content=\"St\u00e9phane Miget\" \/>\n\t<meta name=\"twitter:label2\" content=\"Dur\u00e9e de lecture estim\u00e9e\" \/>\n\t<meta name=\"twitter:data2\" content=\"1 minute\" \/>\n<script type=\"application\/ld+json\" class=\"yoast-schema-graph\">{\"@context\":\"https:\\\/\\\/schema.org\",\"@graph\":[{\"@type\":\"Article\",\"@id\":\"https:\\\/\\\/batijournal.com\\\/index.php\\\/agora-grand-evenement-2017-a-bordeaux\\\/94521\\\/#article\",\"isPartOf\":{\"@id\":\"https:\\\/\\\/batijournal.com\\\/index.php\\\/agora-grand-evenement-2017-a-bordeaux\\\/94521\\\/\"},\"author\":{\"name\":\"St\u00e9phane Miget\",\"@id\":\"https:\\\/\\\/batijournal.com\\\/#\\\/schema\\\/person\\\/1dc96ec6957aa1ccb25ebe78bb19f100\"},\"headline\":\"AGORA : le grand \u00e9v\u00e9nement 2017 \u00e0 Bordeaux\",\"datePublished\":\"2016-12-14T13:13:03+00:00\",\"dateModified\":\"2019-07-15T10:11:00+00:00\",\"mainEntityOfPage\":{\"@id\":\"https:\\\/\\\/batijournal.com\\\/index.php\\\/agora-grand-evenement-2017-a-bordeaux\\\/94521\\\/\"},\"wordCount\":133,\"image\":{\"@id\":\"https:\\\/\\\/batijournal.com\\\/index.php\\\/agora-grand-evenement-2017-a-bordeaux\\\/94521\\\/#primaryimage\"},\"thumbnailUrl\":\"https:\\\/\\\/batijournal.com\\\/wp-content\\\/uploads\\\/2016\\\/12\\\/agora-bordeaux-2017.jpg\",\"articleSection\":[\"Actualit\u00e9s\",\"Architecture &amp; Conception\"],\"inLanguage\":\"fr-FR\"},{\"@type\":\"WebPage\",\"@id\":\"https:\\\/\\\/batijournal.com\\\/index.php\\\/agora-grand-evenement-2017-a-bordeaux\\\/94521\\\/\",\"url\":\"https:\\\/\\\/batijournal.com\\\/index.php\\\/agora-grand-evenement-2017-a-bordeaux\\\/94521\\\/\",\"name\":\"AGORA : le grand \u00e9v\u00e9nement 2017 \u00e0 Bordeaux\",\"isPartOf\":{\"@id\":\"https:\\\/\\\/batijournal.com\\\/#website\"},\"primaryImageOfPage\":{\"@id\":\"https:\\\/\\\/batijournal.com\\\/index.php\\\/agora-grand-evenement-2017-a-bordeaux\\\/94521\\\/#primaryimage\"},\"image\":{\"@id\":\"https:\\\/\\\/batijournal.com\\\/index.php\\\/agora-grand-evenement-2017-a-bordeaux\\\/94521\\\/#primaryimage\"},\"thumbnailUrl\":\"https:\\\/\\\/batijournal.com\\\/wp-content\\\/uploads\\\/2016\\\/12\\\/agora-bordeaux-2017.jpg\",\"datePublished\":\"2016-12-14T13:13:03+00:00\",\"dateModified\":\"2019-07-15T10:11:00+00:00\",\"author\":{\"@id\":\"https:\\\/\\\/batijournal.com\\\/#\\\/schema\\\/person\\\/1dc96ec6957aa1ccb25ebe78bb19f100\"},\"breadcrumb\":{\"@id\":\"https:\\\/\\\/batijournal.com\\\/index.php\\\/agora-grand-evenement-2017-a-bordeaux\\\/94521\\\/#breadcrumb\"},\"inLanguage\":\"fr-FR\",\"potentialAction\":[{\"@type\":\"ReadAction\",\"target\":[\"https:\\\/\\\/batijournal.com\\\/index.php\\\/agora-grand-evenement-2017-a-bordeaux\\\/94521\\\/\"]}]},{\"@type\":\"ImageObject\",\"inLanguage\":\"fr-FR\",\"@id\":\"https:\\\/\\\/batijournal.com\\\/index.php\\\/agora-grand-evenement-2017-a-bordeaux\\\/94521\\\/#primaryimage\",\"url\":\"https:\\\/\\\/batijournal.com\\\/wp-content\\\/uploads\\\/2016\\\/12\\\/agora-bordeaux-2017.jpg\",\"contentUrl\":\"https:\\\/\\\/batijournal.com\\\/wp-content\\\/uploads\\\/2016\\\/12\\\/agora-bordeaux-2017.jpg\",\"width\":2438,\"height\":1019},{\"@type\":\"BreadcrumbList\",\"@id\":\"https:\\\/\\\/batijournal.com\\\/index.php\\\/agora-grand-evenement-2017-a-bordeaux\\\/94521\\\/#breadcrumb\",\"itemListElement\":[{\"@type\":\"ListItem\",\"position\":1,\"name\":\"Accueil\",\"item\":\"https:\\\/\\\/batijournal.com\\\/\"},{\"@type\":\"ListItem\",\"position\":2,\"name\":\"Actualit\u00e9s\",\"item\":\"https:\\\/\\\/batijournal.com\\\/index.php\\\/category\\\/actualites\\\/\"},{\"@type\":\"ListItem\",\"position\":3,\"name\":\"AGORA : le grand \u00e9v\u00e9nement 2017 \u00e0 Bordeaux\"}]},{\"@type\":\"WebSite\",\"@id\":\"https:\\\/\\\/batijournal.com\\\/#website\",\"url\":\"https:\\\/\\\/batijournal.com\\\/\",\"name\":\"Batijournal\",\"description\":\"L&#039;actualit\u00e9 du b\u00e2timent\",\"potentialAction\":[{\"@type\":\"SearchAction\",\"target\":{\"@type\":\"EntryPoint\",\"urlTemplate\":\"https:\\\/\\\/batijournal.com\\\/?s={search_term_string}\"},\"query-input\":{\"@type\":\"PropertyValueSpecification\",\"valueRequired\":true,\"valueName\":\"search_term_string\"}}],\"inLanguage\":\"fr-FR\"},{\"@type\":\"Person\",\"@id\":\"https:\\\/\\\/batijournal.com\\\/#\\\/schema\\\/person\\\/1dc96ec6957aa1ccb25ebe78bb19f100\",\"name\":\"St\u00e9phane Miget\",\"image\":{\"@type\":\"ImageObject\",\"inLanguage\":\"fr-FR\",\"@id\":\"https:\\\/\\\/secure.gravatar.com\\\/avatar\\\/89915563d925342126b8ef0281b93d9d7fc337043e8df017f780908eb9644451?s=96&d=mm&r=g\",\"url\":\"https:\\\/\\\/secure.gravatar.com\\\/avatar\\\/89915563d925342126b8ef0281b93d9d7fc337043e8df017f780908eb9644451?s=96&d=mm&r=g\",\"contentUrl\":\"https:\\\/\\\/secure.gravatar.com\\\/avatar\\\/89915563d925342126b8ef0281b93d9d7fc337043e8df017f780908eb9644451?s=96&d=mm&r=g\",\"caption\":\"St\u00e9phane Miget\"},\"url\":\"https:\\\/\\\/batijournal.com\\\/index.php\\\/author\\\/stephane\\\/\"}]}<\/script>\n<!-- \/ Yoast SEO plugin. -->","yoast_head_json":{"title":"AGORA : le grand \u00e9v\u00e9nement 2017 \u00e0 Bordeaux","robots":{"index":"index","follow":"follow","max-snippet":"max-snippet:-1","max-image-preview":"max-image-preview:large","max-video-preview":"max-video-preview:-1"},"canonical":"https:\/\/batijournal.com\/index.php\/agora-grand-evenement-2017-a-bordeaux\/94521\/","og_locale":"fr_FR","og_type":"article","og_title":"AGORA : le grand \u00e9v\u00e9nement 2017 \u00e0 Bordeaux","og_description":"AGORA, la biennale architecture-urbanisme-design sera autour du th\u00e8me \u00ab Paysages Augment\u00e9s \u00bb. C\u2019est bien le paysage urbain historique qui fait l\u2019exceptionnalit\u00e9 de Bordeaux et il s\u2019agit bien avant tout de valeurs culturelles : le paysage \u00e9tant en effet d\u2019abord une cr\u00e9ation culturelle, il ne fait que s\u2019appuyer sur le natureI. D\u00e8s la cl\u00f4ture de son [&hellip;]","og_url":"https:\/\/batijournal.com\/index.php\/agora-grand-evenement-2017-a-bordeaux\/94521\/","og_site_name":"Batijournal","article_published_time":"2016-12-14T13:13:03+00:00","article_modified_time":"2019-07-15T10:11:00+00:00","og_image":[{"width":2438,"height":1019,"url":"https:\/\/batijournal.com\/wp-content\/uploads\/2016\/12\/agora-bordeaux-2017.jpg","type":"image\/jpeg"}],"author":"St\u00e9phane Miget","twitter_card":"summary_large_image","twitter_creator":"@bati_journal","twitter_site":"@bati_journal","twitter_misc":{"\u00c9crit par":"St\u00e9phane Miget","Dur\u00e9e de lecture estim\u00e9e":"1 minute"},"schema":{"@context":"https:\/\/schema.org","@graph":[{"@type":"Article","@id":"https:\/\/batijournal.com\/index.php\/agora-grand-evenement-2017-a-bordeaux\/94521\/#article","isPartOf":{"@id":"https:\/\/batijournal.com\/index.php\/agora-grand-evenement-2017-a-bordeaux\/94521\/"},"author":{"name":"St\u00e9phane Miget","@id":"https:\/\/batijournal.com\/#\/schema\/person\/1dc96ec6957aa1ccb25ebe78bb19f100"},"headline":"AGORA : le grand \u00e9v\u00e9nement 2017 \u00e0 Bordeaux","datePublished":"2016-12-14T13:13:03+00:00","dateModified":"2019-07-15T10:11:00+00:00","mainEntityOfPage":{"@id":"https:\/\/batijournal.com\/index.php\/agora-grand-evenement-2017-a-bordeaux\/94521\/"},"wordCount":133,"image":{"@id":"https:\/\/batijournal.com\/index.php\/agora-grand-evenement-2017-a-bordeaux\/94521\/#primaryimage"},"thumbnailUrl":"https:\/\/batijournal.com\/wp-content\/uploads\/2016\/12\/agora-bordeaux-2017.jpg","articleSection":["Actualit\u00e9s","Architecture &amp; Conception"],"inLanguage":"fr-FR"},{"@type":"WebPage","@id":"https:\/\/batijournal.com\/index.php\/agora-grand-evenement-2017-a-bordeaux\/94521\/","url":"https:\/\/batijournal.com\/index.php\/agora-grand-evenement-2017-a-bordeaux\/94521\/","name":"AGORA : le grand \u00e9v\u00e9nement 2017 \u00e0 Bordeaux","isPartOf":{"@id":"https:\/\/batijournal.com\/#website"},"primaryImageOfPage":{"@id":"https:\/\/batijournal.com\/index.php\/agora-grand-evenement-2017-a-bordeaux\/94521\/#primaryimage"},"image":{"@id":"https:\/\/batijournal.com\/index.php\/agora-grand-evenement-2017-a-bordeaux\/94521\/#primaryimage"},"thumbnailUrl":"https:\/\/batijournal.com\/wp-content\/uploads\/2016\/12\/agora-bordeaux-2017.jpg","datePublished":"2016-12-14T13:13:03+00:00","dateModified":"2019-07-15T10:11:00+00:00","author":{"@id":"https:\/\/batijournal.com\/#\/schema\/person\/1dc96ec6957aa1ccb25ebe78bb19f100"},"breadcrumb":{"@id":"https:\/\/batijournal.com\/index.php\/agora-grand-evenement-2017-a-bordeaux\/94521\/#breadcrumb"},"inLanguage":"fr-FR","potentialAction":[{"@type":"ReadAction","target":["https:\/\/batijournal.com\/index.php\/agora-grand-evenement-2017-a-bordeaux\/94521\/"]}]},{"@type":"ImageObject","inLanguage":"fr-FR","@id":"https:\/\/batijournal.com\/index.php\/agora-grand-evenement-2017-a-bordeaux\/94521\/#primaryimage","url":"https:\/\/batijournal.com\/wp-content\/uploads\/2016\/12\/agora-bordeaux-2017.jpg","contentUrl":"https:\/\/batijournal.com\/wp-content\/uploads\/2016\/12\/agora-bordeaux-2017.jpg","width":2438,"height":1019},{"@type":"BreadcrumbList","@id":"https:\/\/batijournal.com\/index.php\/agora-grand-evenement-2017-a-bordeaux\/94521\/#breadcrumb","itemListElement":[{"@type":"ListItem","position":1,"name":"Accueil","item":"https:\/\/batijournal.com\/"},{"@type":"ListItem","position":2,"name":"Actualit\u00e9s","item":"https:\/\/batijournal.com\/index.php\/category\/actualites\/"},{"@type":"ListItem","position":3,"name":"AGORA : le grand \u00e9v\u00e9nement 2017 \u00e0 Bordeaux"}]},{"@type":"WebSite","@id":"https:\/\/batijournal.com\/#website","url":"https:\/\/batijournal.com\/","name":"Batijournal","description":"L&#039;actualit\u00e9 du b\u00e2timent","potentialAction":[{"@type":"SearchAction","target":{"@type":"EntryPoint","urlTemplate":"https:\/\/batijournal.com\/?s={search_term_string}"},"query-input":{"@type":"PropertyValueSpecification","valueRequired":true,"valueName":"search_term_string"}}],"inLanguage":"fr-FR"},{"@type":"Person","@id":"https:\/\/batijournal.com\/#\/schema\/person\/1dc96ec6957aa1ccb25ebe78bb19f100","name":"St\u00e9phane Miget","image":{"@type":"ImageObject","inLanguage":"fr-FR","@id":"https:\/\/secure.gravatar.com\/avatar\/89915563d925342126b8ef0281b93d9d7fc337043e8df017f780908eb9644451?s=96&d=mm&r=g","url":"https:\/\/secure.gravatar.com\/avatar\/89915563d925342126b8ef0281b93d9d7fc337043e8df017f780908eb9644451?s=96&d=mm&r=g","contentUrl":"https:\/\/secure.gravatar.com\/avatar\/89915563d925342126b8ef0281b93d9d7fc337043e8df017f780908eb9644451?s=96&d=mm&r=g","caption":"St\u00e9phane Miget"},"url":"https:\/\/batijournal.com\/index.php\/author\/stephane\/"}]}},"_links":{"self":[{"href":"https:\/\/batijournal.com\/index.php\/wp-json\/wp\/v2\/posts\/94521","targetHints":{"allow":["GET"]}}],"collection":[{"href":"https:\/\/batijournal.com\/index.php\/wp-json\/wp\/v2\/posts"}],"about":[{"href":"https:\/\/batijournal.com\/index.php\/wp-json\/wp\/v2\/types\/post"}],"author":[{"embeddable":true,"href":"https:\/\/batijournal.com\/index.php\/wp-json\/wp\/v2\/users\/17"}],"replies":[{"embeddable":true,"href":"https:\/\/batijournal.com\/index.php\/wp-json\/wp\/v2\/comments?post=94521"}],"version-history":[{"count":0,"href":"https:\/\/batijournal.com\/index.php\/wp-json\/wp\/v2\/posts\/94521\/revisions"}],"wp:featuredmedia":[{"embeddable":true,"href":"https:\/\/batijournal.com\/index.php\/wp-json\/wp\/v2\/media\/94523"}],"wp:attachment":[{"href":"https:\/\/batijournal.com\/index.php\/wp-json\/wp\/v2\/media?parent=94521"}],"wp:term":[{"taxonomy":"category","embeddable":true,"href":"https:\/\/batijournal.com\/index.php\/wp-json\/wp\/v2\/categories?post=94521"},{"taxonomy":"post_tag","embeddable":true,"href":"https:\/\/batijournal.com\/index.php\/wp-json\/wp\/v2\/tags?post=94521"}],"curies":[{"name":"wp","href":"https:\/\/api.w.org\/{rel}","templated":true}]}}