{"id":94524,"date":"2016-12-14T17:26:53","date_gmt":"2016-12-14T16:26:53","guid":{"rendered":"http:\/\/batijournal.com\/?p=94524"},"modified":"2016-12-14T17:26:53","modified_gmt":"2016-12-14T16:26:53","slug":"legion-dhonneur-frank-mathis","status":"publish","type":"post","link":"https:\/\/batijournal.com\/index.php\/legion-dhonneur-frank-mathis\/94524\/","title":{"rendered":"L\u00e9gion d&rsquo;honneur pour Frank Mathis"},"content":{"rendered":"<p><!-- @page { margin: 2cm } P { margin-bottom: 0.21cm } --><\/p>\n<p align=\"JUSTIFY\"><span style=\"color: #000000\"><span style=\"font-family: Arial, sans-serif\"><span style=\"font-size: medium\">Le 13 d\u00e9cembre 2016, en pr\u00e9sence d\u2019une centaine de professionnels et d\u2019institutionnels du secteur de la construction et de l\u2019environnement, Emmanuelle Cosse, ministre du Logement et de l\u2019Habitat durable, a remis les insignes de Chevalier de la L\u00e9gion d&rsquo;honneur \u00e0 Frank Mathis, P-DG de la soci\u00e9t\u00e9 Mathis SA. \u00c2g\u00e9 de 53 ans, Frank Mathis a \u00e9t\u00e9 nomm\u00e9, en 2013, pilote du plan gouvernemental Industries du bois, lequel vise \u00e0 d\u00e9velopper des d\u00e9bouch\u00e9s nouveaux pour la fili\u00e8re bois fran\u00e7aise lui permettant de se restructurer et d\u2019investir pour faire face \u00e0 la concurrence \u00e9trang\u00e8re. Il pr\u00e9side depuis 2014 l\u2019Association pour le d\u00e9veloppement des immeubles \u00e0 vivre bois (Adivbois). Pour assurer son d\u00e9veloppement au travers d\u2019\u00e9tudes, d\u2019essais et d\u2019actions de promotion, il a r\u00e9uni un financement mixte, public priv\u00e9, de 8 M\u20ac et anim\u00e9 plus d\u2019une centaine de conf\u00e9rences et interviews.<\/span><\/span><\/span><\/p>\n","protected":false},"excerpt":{"rendered":"<p>Le 13 d\u00e9cembre 2016, en pr\u00e9sence d\u2019une centaine de professionnels et d\u2019institutionnels du secteur de la construction et de l\u2019environnement, Emmanuelle Cosse, ministre du Logement et de l\u2019Habitat durable, a remis les insignes de Chevalier de la L\u00e9gion d&rsquo;honneur \u00e0 Frank Mathis, P-DG de la soci\u00e9t\u00e9 Mathis SA. \u00c2g\u00e9 de 53 ans, Frank Mathis a [&hellip;]<\/p>\n","protected":false},"author":17,"featured_media":94525,"comment_status":"closed","ping_status":"closed","sticky":false,"template":"","format":"standard","meta":{"_et_pb_use_builder":"","_et_pb_old_content":"","_et_gb_content_width":"","footnotes":""},"categories":[10530,10764],"tags":[],"class_list":["post-94524","post","type-post","status-publish","format-standard","has-post-thumbnail","hentry","category-actualites","category-woodsurfer"],"yoast_head":"<!-- This site is optimized with the Yoast SEO plugin v27.4 - https:\/\/yoast.com\/product\/yoast-seo-wordpress\/ -->\n<title>L\u00e9gion d&#039;honneur pour Frank Mathis<\/title>\n<meta name=\"robots\" content=\"index, follow, max-snippet:-1, max-image-preview:large, max-video-preview:-1\" \/>\n<link rel=\"canonical\" href=\"https:\/\/batijournal.com\/index.php\/legion-dhonneur-frank-mathis\/94524\/\" \/>\n<meta property=\"og:locale\" content=\"fr_FR\" \/>\n<meta property=\"og:type\" content=\"article\" \/>\n<meta property=\"og:title\" content=\"L\u00e9gion d&#039;honneur pour Frank Mathis\" \/>\n<meta property=\"og:description\" content=\"Le 13 d\u00e9cembre 2016, en pr\u00e9sence d\u2019une centaine de professionnels et d\u2019institutionnels du secteur de la construction et de l\u2019environnement, Emmanuelle Cosse, ministre du Logement et de l\u2019Habitat durable, a remis les insignes de Chevalier de la L\u00e9gion d&rsquo;honneur \u00e0 Frank Mathis, P-DG de la soci\u00e9t\u00e9 Mathis SA. \u00c2g\u00e9 de 53 ans, Frank Mathis a [&hellip;]\" \/>\n<meta property=\"og:url\" content=\"https:\/\/batijournal.com\/index.php\/legion-dhonneur-frank-mathis\/94524\/\" \/>\n<meta property=\"og:site_name\" content=\"Batijournal\" \/>\n<meta property=\"article:published_time\" content=\"2016-12-14T16:26:53+00:00\" \/>\n<meta property=\"og:image\" content=\"https:\/\/batijournal.com\/wp-content\/uploads\/2016\/12\/F.Mathis-et-E.Cosse_.jpg\" \/>\n\t<meta property=\"og:image:width\" content=\"5760\" \/>\n\t<meta property=\"og:image:height\" content=\"3521\" \/>\n\t<meta property=\"og:image:type\" content=\"image\/jpeg\" \/>\n<meta name=\"author\" content=\"St\u00e9phane Miget\" \/>\n<meta name=\"twitter:card\" content=\"summary_large_image\" \/>\n<meta name=\"twitter:creator\" content=\"@bati_journal\" \/>\n<meta name=\"twitter:site\" content=\"@bati_journal\" \/>\n<meta name=\"twitter:label1\" content=\"\u00c9crit par\" \/>\n\t<meta name=\"twitter:data1\" content=\"St\u00e9phane Miget\" \/>\n\t<meta name=\"twitter:label2\" content=\"Dur\u00e9e de lecture estim\u00e9e\" \/>\n\t<meta name=\"twitter:data2\" content=\"1 minute\" \/>\n<script type=\"application\/ld+json\" class=\"yoast-schema-graph\">{\"@context\":\"https:\\\/\\\/schema.org\",\"@graph\":[{\"@type\":\"Article\",\"@id\":\"https:\\\/\\\/batijournal.com\\\/index.php\\\/legion-dhonneur-frank-mathis\\\/94524\\\/#article\",\"isPartOf\":{\"@id\":\"https:\\\/\\\/batijournal.com\\\/index.php\\\/legion-dhonneur-frank-mathis\\\/94524\\\/\"},\"author\":{\"name\":\"St\u00e9phane Miget\",\"@id\":\"https:\\\/\\\/batijournal.com\\\/#\\\/schema\\\/person\\\/1dc96ec6957aa1ccb25ebe78bb19f100\"},\"headline\":\"L\u00e9gion d&rsquo;honneur pour Frank Mathis\",\"datePublished\":\"2016-12-14T16:26:53+00:00\",\"mainEntityOfPage\":{\"@id\":\"https:\\\/\\\/batijournal.com\\\/index.php\\\/legion-dhonneur-frank-mathis\\\/94524\\\/\"},\"wordCount\":161,\"image\":{\"@id\":\"https:\\\/\\\/batijournal.com\\\/index.php\\\/legion-dhonneur-frank-mathis\\\/94524\\\/#primaryimage\"},\"thumbnailUrl\":\"https:\\\/\\\/batijournal.com\\\/wp-content\\\/uploads\\\/2016\\\/12\\\/F.Mathis-et-E.Cosse_.jpg\",\"articleSection\":[\"Actualit\u00e9s\",\"zz_Woodsurfer\"],\"inLanguage\":\"fr-FR\"},{\"@type\":\"WebPage\",\"@id\":\"https:\\\/\\\/batijournal.com\\\/index.php\\\/legion-dhonneur-frank-mathis\\\/94524\\\/\",\"url\":\"https:\\\/\\\/batijournal.com\\\/index.php\\\/legion-dhonneur-frank-mathis\\\/94524\\\/\",\"name\":\"L\u00e9gion d'honneur pour Frank Mathis\",\"isPartOf\":{\"@id\":\"https:\\\/\\\/batijournal.com\\\/#website\"},\"primaryImageOfPage\":{\"@id\":\"https:\\\/\\\/batijournal.com\\\/index.php\\\/legion-dhonneur-frank-mathis\\\/94524\\\/#primaryimage\"},\"image\":{\"@id\":\"https:\\\/\\\/batijournal.com\\\/index.php\\\/legion-dhonneur-frank-mathis\\\/94524\\\/#primaryimage\"},\"thumbnailUrl\":\"https:\\\/\\\/batijournal.com\\\/wp-content\\\/uploads\\\/2016\\\/12\\\/F.Mathis-et-E.Cosse_.jpg\",\"datePublished\":\"2016-12-14T16:26:53+00:00\",\"author\":{\"@id\":\"https:\\\/\\\/batijournal.com\\\/#\\\/schema\\\/person\\\/1dc96ec6957aa1ccb25ebe78bb19f100\"},\"breadcrumb\":{\"@id\":\"https:\\\/\\\/batijournal.com\\\/index.php\\\/legion-dhonneur-frank-mathis\\\/94524\\\/#breadcrumb\"},\"inLanguage\":\"fr-FR\",\"potentialAction\":[{\"@type\":\"ReadAction\",\"target\":[\"https:\\\/\\\/batijournal.com\\\/index.php\\\/legion-dhonneur-frank-mathis\\\/94524\\\/\"]}]},{\"@type\":\"ImageObject\",\"inLanguage\":\"fr-FR\",\"@id\":\"https:\\\/\\\/batijournal.com\\\/index.php\\\/legion-dhonneur-frank-mathis\\\/94524\\\/#primaryimage\",\"url\":\"https:\\\/\\\/batijournal.com\\\/wp-content\\\/uploads\\\/2016\\\/12\\\/F.Mathis-et-E.Cosse_.jpg\",\"contentUrl\":\"https:\\\/\\\/batijournal.com\\\/wp-content\\\/uploads\\\/2016\\\/12\\\/F.Mathis-et-E.Cosse_.jpg\",\"width\":5760,\"height\":3521},{\"@type\":\"BreadcrumbList\",\"@id\":\"https:\\\/\\\/batijournal.com\\\/index.php\\\/legion-dhonneur-frank-mathis\\\/94524\\\/#breadcrumb\",\"itemListElement\":[{\"@type\":\"ListItem\",\"position\":1,\"name\":\"Accueil\",\"item\":\"https:\\\/\\\/batijournal.com\\\/\"},{\"@type\":\"ListItem\",\"position\":2,\"name\":\"Actualit\u00e9s\",\"item\":\"https:\\\/\\\/batijournal.com\\\/index.php\\\/category\\\/actualites\\\/\"},{\"@type\":\"ListItem\",\"position\":3,\"name\":\"L\u00e9gion d&rsquo;honneur pour Frank Mathis\"}]},{\"@type\":\"WebSite\",\"@id\":\"https:\\\/\\\/batijournal.com\\\/#website\",\"url\":\"https:\\\/\\\/batijournal.com\\\/\",\"name\":\"Batijournal\",\"description\":\"L&#039;actualit\u00e9 du b\u00e2timent\",\"potentialAction\":[{\"@type\":\"SearchAction\",\"target\":{\"@type\":\"EntryPoint\",\"urlTemplate\":\"https:\\\/\\\/batijournal.com\\\/?s={search_term_string}\"},\"query-input\":{\"@type\":\"PropertyValueSpecification\",\"valueRequired\":true,\"valueName\":\"search_term_string\"}}],\"inLanguage\":\"fr-FR\"},{\"@type\":\"Person\",\"@id\":\"https:\\\/\\\/batijournal.com\\\/#\\\/schema\\\/person\\\/1dc96ec6957aa1ccb25ebe78bb19f100\",\"name\":\"St\u00e9phane Miget\",\"image\":{\"@type\":\"ImageObject\",\"inLanguage\":\"fr-FR\",\"@id\":\"https:\\\/\\\/secure.gravatar.com\\\/avatar\\\/89915563d925342126b8ef0281b93d9d7fc337043e8df017f780908eb9644451?s=96&d=mm&r=g\",\"url\":\"https:\\\/\\\/secure.gravatar.com\\\/avatar\\\/89915563d925342126b8ef0281b93d9d7fc337043e8df017f780908eb9644451?s=96&d=mm&r=g\",\"contentUrl\":\"https:\\\/\\\/secure.gravatar.com\\\/avatar\\\/89915563d925342126b8ef0281b93d9d7fc337043e8df017f780908eb9644451?s=96&d=mm&r=g\",\"caption\":\"St\u00e9phane Miget\"},\"url\":\"https:\\\/\\\/batijournal.com\\\/index.php\\\/author\\\/stephane\\\/\"}]}<\/script>\n<!-- \/ Yoast SEO plugin. -->","yoast_head_json":{"title":"L\u00e9gion d'honneur pour Frank Mathis","robots":{"index":"index","follow":"follow","max-snippet":"max-snippet:-1","max-image-preview":"max-image-preview:large","max-video-preview":"max-video-preview:-1"},"canonical":"https:\/\/batijournal.com\/index.php\/legion-dhonneur-frank-mathis\/94524\/","og_locale":"fr_FR","og_type":"article","og_title":"L\u00e9gion d'honneur pour Frank Mathis","og_description":"Le 13 d\u00e9cembre 2016, en pr\u00e9sence d\u2019une centaine de professionnels et d\u2019institutionnels du secteur de la construction et de l\u2019environnement, Emmanuelle Cosse, ministre du Logement et de l\u2019Habitat durable, a remis les insignes de Chevalier de la L\u00e9gion d&rsquo;honneur \u00e0 Frank Mathis, P-DG de la soci\u00e9t\u00e9 Mathis SA. \u00c2g\u00e9 de 53 ans, Frank Mathis a [&hellip;]","og_url":"https:\/\/batijournal.com\/index.php\/legion-dhonneur-frank-mathis\/94524\/","og_site_name":"Batijournal","article_published_time":"2016-12-14T16:26:53+00:00","og_image":[{"width":5760,"height":3521,"url":"https:\/\/batijournal.com\/wp-content\/uploads\/2016\/12\/F.Mathis-et-E.Cosse_.jpg","type":"image\/jpeg"}],"author":"St\u00e9phane Miget","twitter_card":"summary_large_image","twitter_creator":"@bati_journal","twitter_site":"@bati_journal","twitter_misc":{"\u00c9crit par":"St\u00e9phane Miget","Dur\u00e9e de lecture estim\u00e9e":"1 minute"},"schema":{"@context":"https:\/\/schema.org","@graph":[{"@type":"Article","@id":"https:\/\/batijournal.com\/index.php\/legion-dhonneur-frank-mathis\/94524\/#article","isPartOf":{"@id":"https:\/\/batijournal.com\/index.php\/legion-dhonneur-frank-mathis\/94524\/"},"author":{"name":"St\u00e9phane Miget","@id":"https:\/\/batijournal.com\/#\/schema\/person\/1dc96ec6957aa1ccb25ebe78bb19f100"},"headline":"L\u00e9gion d&rsquo;honneur pour Frank Mathis","datePublished":"2016-12-14T16:26:53+00:00","mainEntityOfPage":{"@id":"https:\/\/batijournal.com\/index.php\/legion-dhonneur-frank-mathis\/94524\/"},"wordCount":161,"image":{"@id":"https:\/\/batijournal.com\/index.php\/legion-dhonneur-frank-mathis\/94524\/#primaryimage"},"thumbnailUrl":"https:\/\/batijournal.com\/wp-content\/uploads\/2016\/12\/F.Mathis-et-E.Cosse_.jpg","articleSection":["Actualit\u00e9s","zz_Woodsurfer"],"inLanguage":"fr-FR"},{"@type":"WebPage","@id":"https:\/\/batijournal.com\/index.php\/legion-dhonneur-frank-mathis\/94524\/","url":"https:\/\/batijournal.com\/index.php\/legion-dhonneur-frank-mathis\/94524\/","name":"L\u00e9gion d'honneur pour Frank Mathis","isPartOf":{"@id":"https:\/\/batijournal.com\/#website"},"primaryImageOfPage":{"@id":"https:\/\/batijournal.com\/index.php\/legion-dhonneur-frank-mathis\/94524\/#primaryimage"},"image":{"@id":"https:\/\/batijournal.com\/index.php\/legion-dhonneur-frank-mathis\/94524\/#primaryimage"},"thumbnailUrl":"https:\/\/batijournal.com\/wp-content\/uploads\/2016\/12\/F.Mathis-et-E.Cosse_.jpg","datePublished":"2016-12-14T16:26:53+00:00","author":{"@id":"https:\/\/batijournal.com\/#\/schema\/person\/1dc96ec6957aa1ccb25ebe78bb19f100"},"breadcrumb":{"@id":"https:\/\/batijournal.com\/index.php\/legion-dhonneur-frank-mathis\/94524\/#breadcrumb"},"inLanguage":"fr-FR","potentialAction":[{"@type":"ReadAction","target":["https:\/\/batijournal.com\/index.php\/legion-dhonneur-frank-mathis\/94524\/"]}]},{"@type":"ImageObject","inLanguage":"fr-FR","@id":"https:\/\/batijournal.com\/index.php\/legion-dhonneur-frank-mathis\/94524\/#primaryimage","url":"https:\/\/batijournal.com\/wp-content\/uploads\/2016\/12\/F.Mathis-et-E.Cosse_.jpg","contentUrl":"https:\/\/batijournal.com\/wp-content\/uploads\/2016\/12\/F.Mathis-et-E.Cosse_.jpg","width":5760,"height":3521},{"@type":"BreadcrumbList","@id":"https:\/\/batijournal.com\/index.php\/legion-dhonneur-frank-mathis\/94524\/#breadcrumb","itemListElement":[{"@type":"ListItem","position":1,"name":"Accueil","item":"https:\/\/batijournal.com\/"},{"@type":"ListItem","position":2,"name":"Actualit\u00e9s","item":"https:\/\/batijournal.com\/index.php\/category\/actualites\/"},{"@type":"ListItem","position":3,"name":"L\u00e9gion d&rsquo;honneur pour Frank Mathis"}]},{"@type":"WebSite","@id":"https:\/\/batijournal.com\/#website","url":"https:\/\/batijournal.com\/","name":"Batijournal","description":"L&#039;actualit\u00e9 du b\u00e2timent","potentialAction":[{"@type":"SearchAction","target":{"@type":"EntryPoint","urlTemplate":"https:\/\/batijournal.com\/?s={search_term_string}"},"query-input":{"@type":"PropertyValueSpecification","valueRequired":true,"valueName":"search_term_string"}}],"inLanguage":"fr-FR"},{"@type":"Person","@id":"https:\/\/batijournal.com\/#\/schema\/person\/1dc96ec6957aa1ccb25ebe78bb19f100","name":"St\u00e9phane Miget","image":{"@type":"ImageObject","inLanguage":"fr-FR","@id":"https:\/\/secure.gravatar.com\/avatar\/89915563d925342126b8ef0281b93d9d7fc337043e8df017f780908eb9644451?s=96&d=mm&r=g","url":"https:\/\/secure.gravatar.com\/avatar\/89915563d925342126b8ef0281b93d9d7fc337043e8df017f780908eb9644451?s=96&d=mm&r=g","contentUrl":"https:\/\/secure.gravatar.com\/avatar\/89915563d925342126b8ef0281b93d9d7fc337043e8df017f780908eb9644451?s=96&d=mm&r=g","caption":"St\u00e9phane Miget"},"url":"https:\/\/batijournal.com\/index.php\/author\/stephane\/"}]}},"_links":{"self":[{"href":"https:\/\/batijournal.com\/index.php\/wp-json\/wp\/v2\/posts\/94524","targetHints":{"allow":["GET"]}}],"collection":[{"href":"https:\/\/batijournal.com\/index.php\/wp-json\/wp\/v2\/posts"}],"about":[{"href":"https:\/\/batijournal.com\/index.php\/wp-json\/wp\/v2\/types\/post"}],"author":[{"embeddable":true,"href":"https:\/\/batijournal.com\/index.php\/wp-json\/wp\/v2\/users\/17"}],"replies":[{"embeddable":true,"href":"https:\/\/batijournal.com\/index.php\/wp-json\/wp\/v2\/comments?post=94524"}],"version-history":[{"count":0,"href":"https:\/\/batijournal.com\/index.php\/wp-json\/wp\/v2\/posts\/94524\/revisions"}],"wp:featuredmedia":[{"embeddable":true,"href":"https:\/\/batijournal.com\/index.php\/wp-json\/wp\/v2\/media\/94525"}],"wp:attachment":[{"href":"https:\/\/batijournal.com\/index.php\/wp-json\/wp\/v2\/media?parent=94524"}],"wp:term":[{"taxonomy":"category","embeddable":true,"href":"https:\/\/batijournal.com\/index.php\/wp-json\/wp\/v2\/categories?post=94524"},{"taxonomy":"post_tag","embeddable":true,"href":"https:\/\/batijournal.com\/index.php\/wp-json\/wp\/v2\/tags?post=94524"}],"curies":[{"name":"wp","href":"https:\/\/api.w.org\/{rel}","templated":true}]}}