{"id":94534,"date":"2016-12-16T09:02:46","date_gmt":"2016-12-16T08:02:46","guid":{"rendered":"http:\/\/batijournal.com\/?p=94534"},"modified":"2019-07-15T12:23:38","modified_gmt":"2019-07-15T10:23:38","slug":"nouvelle-charte-foret-communale","status":"publish","type":"post","link":"https:\/\/batijournal.com\/index.php\/nouvelle-charte-foret-communale\/94534\/","title":{"rendered":"Une nouvelle charte pour la for\u00eat communale"},"content":{"rendered":"<p><strong>La F\u00e9d\u00e9ration nationale des communes foresti\u00e8res (FNCOFOR) et l\u2019Office national des for\u00eats (ONF) ont sign\u00e9 hier, en pr\u00e9sence de St\u00e9phane Le Foll, ministre de l\u2019Agriculture, de l\u2019Agroalimentaire et de la For\u00eat, la nouvelle charte de la for\u00eat communale. Mise en \u0153uvre concr\u00e8te du contrat d\u2019objectifs et de performance Etat-ONF-FNCOFOR pour 2016-2020, la charte pr\u00e9cise les r\u00f4les et les interventions entre les collectivit\u00e9s propri\u00e9taires de for\u00eats et l\u2019ONF, leur gestionnaire unique.<\/strong><\/p>\n<p>Fruit d&rsquo;un important travail collectif de concertation et de r\u00e9daction entre les communes foresti\u00e8res et l&rsquo;ONF, la charte est le document de r\u00e9f\u00e9rence des relations au quotidien entre les \u00e9lus et les personnels de l&rsquo;ONF. En 38 articles, elle distingue les missions de l&rsquo;ONF relevant du r\u00e9gime forestier et celles qui rel\u00e8vent de conventions avec les collectivit\u00e9s et par cons\u00e9quent, donnent lieu \u00e0 r\u00e9mun\u00e9ration. Elle s&rsquo;applique \u00e0 l&rsquo;ensemble du territoire, avec des adaptations aux r\u00e9alit\u00e9s et aux sp\u00e9cificit\u00e9s de la gestion foresti\u00e8re des r\u00e9gions : for\u00eats de montagne, du littoral et m\u00e9diterran\u00e9ennes.<\/p>\n<p><strong>Une gouvernance partag\u00e9e<\/strong><br \/>\nLa charte reconna\u00eet le r\u00f4le des \u00e9lus forestiers dans toute prise de d\u00e9cision relative \u00e0 la gestion du patrimoine forestier de leurs collectivit\u00e9s. Elle \u00e9tablit une transversalit\u00e9 de la communication et du dialogue entre les instances nationales et territoriales. Les rencontres entre les 320 unit\u00e9s territoriales de l&rsquo;ONF et les repr\u00e9sentants des collectivit\u00e9s foresti\u00e8res sont \u00e9galement remises au c\u0153ur de la concertation.<\/p>\n<p><strong>Un r\u00e9gime forestier r\u00e9affirm\u00e9<\/strong><br \/>\nLa charte affirme l\u2019attachement des collectivit\u00e9s foresti\u00e8res au r\u00e9gime forestier mis en \u0153uvre par l\u2019ONF. Cadre juridique commun, le r\u00e9gime forestier garantit une gestion de qualit\u00e9 \u00e9gale, durable et multifonctionnelle, pour toutes les for\u00eats publiques. L\u2019Etat a lui aussi r\u00e9affirm\u00e9 son soutien au r\u00e9gime forestier en garantissant le versement compensateur pendant la dur\u00e9e du contrat en compl\u00e9ment des frais de garderie pay\u00e9s par les collectivit\u00e9s et de la taxe \u00e0 l\u2019hectare g\u00e9r\u00e9.<\/p>\n<p><strong>L\u2019am\u00e9nagement forestier adapt\u00e9<\/strong><br \/>\nDocument fondateur de la gestion foresti\u00e8re, il organise les interventions en for\u00eat sur une p\u00e9riode de 20 ans en g\u00e9n\u00e9ral. Il est le r\u00e9sultat d\u2019une concertation entre les \u00e9lus et les repr\u00e9sentants de l\u2019ONF au plus pr\u00e8s du terrain. Pour tenir compte des r\u00e9alit\u00e9s territoriales des for\u00eats, des \u00e9volutions des documents de gestion ont \u00e9t\u00e9 propos\u00e9es avec des formules plus adapt\u00e9es : le r\u00e8glement type de gestion (RTG) pour les for\u00eats \u00e0 faible enjeu dont la surface est inf\u00e9rieure \u00e0 25 hectares ; l\u2019am\u00e9nagement synth\u00e9tique pour les for\u00eats entre 25 et 200 hectares et l\u2019am\u00e9nagement classique r\u00e9serv\u00e9 aux for\u00eats de plus de 200 hectares. L\u2019objectif est clair, il est li\u00e9 \u00e0 l\u2019engagement des collectivit\u00e9s foresti\u00e8res de mobiliser plus et mieux la ressource bois.<\/p>\n<p>Photo : \u00a9 Pascal Xicluna \u2013 Min Agri<\/p>\n<p>&nbsp;<\/p>\n","protected":false},"excerpt":{"rendered":"<p>La F\u00e9d\u00e9ration nationale des communes foresti\u00e8res (FNCOFOR) et l\u2019Office national des for\u00eats (ONF) ont sign\u00e9 hier, en pr\u00e9sence de St\u00e9phane Le Foll, ministre de l\u2019Agriculture, de l\u2019Agroalimentaire et de la For\u00eat, la nouvelle charte de la for\u00eat communale. Mise en \u0153uvre concr\u00e8te du contrat d\u2019objectifs et de performance Etat-ONF-FNCOFOR pour 2016-2020, la charte pr\u00e9cise les [&hellip;]<\/p>\n","protected":false},"author":17,"featured_media":94535,"comment_status":"closed","ping_status":"closed","sticky":false,"template":"","format":"standard","meta":{"_et_pb_use_builder":"","_et_pb_old_content":"","_et_gb_content_width":"","footnotes":""},"categories":[10530,6351],"tags":[11710,1017,2122],"class_list":["post-94534","post","type-post","status-publish","format-standard","has-post-thumbnail","hentry","category-actualites","category-energie-environnement","tag-communes-forestieres","tag-filiere-bois","tag-onf"],"yoast_head":"<!-- This site is optimized with the Yoast SEO plugin v27.4 - https:\/\/yoast.com\/product\/yoast-seo-wordpress\/ -->\n<title>Une nouvelle charte pour la for\u00eat communale<\/title>\n<meta name=\"robots\" content=\"index, follow, max-snippet:-1, max-image-preview:large, max-video-preview:-1\" \/>\n<link rel=\"canonical\" href=\"https:\/\/batijournal.com\/index.php\/nouvelle-charte-foret-communale\/94534\/\" \/>\n<meta property=\"og:locale\" content=\"fr_FR\" \/>\n<meta property=\"og:type\" content=\"article\" \/>\n<meta property=\"og:title\" content=\"Une nouvelle charte pour la for\u00eat communale\" \/>\n<meta property=\"og:description\" content=\"La F\u00e9d\u00e9ration nationale des communes foresti\u00e8res (FNCOFOR) et l\u2019Office national des for\u00eats (ONF) ont sign\u00e9 hier, en pr\u00e9sence de St\u00e9phane Le Foll, ministre de l\u2019Agriculture, de l\u2019Agroalimentaire et de la For\u00eat, la nouvelle charte de la for\u00eat communale. Mise en \u0153uvre concr\u00e8te du contrat d\u2019objectifs et de performance Etat-ONF-FNCOFOR pour 2016-2020, la charte pr\u00e9cise les [&hellip;]\" \/>\n<meta property=\"og:url\" content=\"https:\/\/batijournal.com\/index.php\/nouvelle-charte-foret-communale\/94534\/\" \/>\n<meta property=\"og:site_name\" content=\"Batijournal\" \/>\n<meta property=\"article:published_time\" content=\"2016-12-16T08:02:46+00:00\" \/>\n<meta property=\"article:modified_time\" content=\"2019-07-15T10:23:38+00:00\" \/>\n<meta property=\"og:image\" content=\"https:\/\/batijournal.com\/wp-content\/uploads\/2016\/12\/charte-forestiere-onf.jpeg\" \/>\n\t<meta property=\"og:image:width\" content=\"533\" \/>\n\t<meta property=\"og:image:height\" content=\"355\" \/>\n\t<meta property=\"og:image:type\" content=\"image\/jpeg\" \/>\n<meta name=\"author\" content=\"St\u00e9phane Miget\" \/>\n<meta name=\"twitter:card\" content=\"summary_large_image\" \/>\n<meta name=\"twitter:creator\" content=\"@bati_journal\" \/>\n<meta name=\"twitter:site\" content=\"@bati_journal\" \/>\n<meta name=\"twitter:label1\" content=\"\u00c9crit par\" \/>\n\t<meta name=\"twitter:data1\" content=\"St\u00e9phane Miget\" \/>\n\t<meta name=\"twitter:label2\" content=\"Dur\u00e9e de lecture estim\u00e9e\" \/>\n\t<meta name=\"twitter:data2\" content=\"3 minutes\" \/>\n<script type=\"application\/ld+json\" class=\"yoast-schema-graph\">{\"@context\":\"https:\\\/\\\/schema.org\",\"@graph\":[{\"@type\":\"Article\",\"@id\":\"https:\\\/\\\/batijournal.com\\\/index.php\\\/nouvelle-charte-foret-communale\\\/94534\\\/#article\",\"isPartOf\":{\"@id\":\"https:\\\/\\\/batijournal.com\\\/index.php\\\/nouvelle-charte-foret-communale\\\/94534\\\/\"},\"author\":{\"name\":\"St\u00e9phane Miget\",\"@id\":\"https:\\\/\\\/batijournal.com\\\/#\\\/schema\\\/person\\\/1dc96ec6957aa1ccb25ebe78bb19f100\"},\"headline\":\"Une nouvelle charte pour la for\u00eat communale\",\"datePublished\":\"2016-12-16T08:02:46+00:00\",\"dateModified\":\"2019-07-15T10:23:38+00:00\",\"mainEntityOfPage\":{\"@id\":\"https:\\\/\\\/batijournal.com\\\/index.php\\\/nouvelle-charte-foret-communale\\\/94534\\\/\"},\"wordCount\":531,\"image\":{\"@id\":\"https:\\\/\\\/batijournal.com\\\/index.php\\\/nouvelle-charte-foret-communale\\\/94534\\\/#primaryimage\"},\"thumbnailUrl\":\"https:\\\/\\\/batijournal.com\\\/wp-content\\\/uploads\\\/2016\\\/12\\\/charte-forestiere-onf.jpeg\",\"keywords\":[\"communes foresti\u00e8res\",\"fili\u00e8re bois\",\"onf\"],\"articleSection\":[\"Actualit\u00e9s\",\"\u00c9nergie &amp; Environnement\"],\"inLanguage\":\"fr-FR\"},{\"@type\":\"WebPage\",\"@id\":\"https:\\\/\\\/batijournal.com\\\/index.php\\\/nouvelle-charte-foret-communale\\\/94534\\\/\",\"url\":\"https:\\\/\\\/batijournal.com\\\/index.php\\\/nouvelle-charte-foret-communale\\\/94534\\\/\",\"name\":\"Une nouvelle charte pour la for\u00eat communale\",\"isPartOf\":{\"@id\":\"https:\\\/\\\/batijournal.com\\\/#website\"},\"primaryImageOfPage\":{\"@id\":\"https:\\\/\\\/batijournal.com\\\/index.php\\\/nouvelle-charte-foret-communale\\\/94534\\\/#primaryimage\"},\"image\":{\"@id\":\"https:\\\/\\\/batijournal.com\\\/index.php\\\/nouvelle-charte-foret-communale\\\/94534\\\/#primaryimage\"},\"thumbnailUrl\":\"https:\\\/\\\/batijournal.com\\\/wp-content\\\/uploads\\\/2016\\\/12\\\/charte-forestiere-onf.jpeg\",\"datePublished\":\"2016-12-16T08:02:46+00:00\",\"dateModified\":\"2019-07-15T10:23:38+00:00\",\"author\":{\"@id\":\"https:\\\/\\\/batijournal.com\\\/#\\\/schema\\\/person\\\/1dc96ec6957aa1ccb25ebe78bb19f100\"},\"breadcrumb\":{\"@id\":\"https:\\\/\\\/batijournal.com\\\/index.php\\\/nouvelle-charte-foret-communale\\\/94534\\\/#breadcrumb\"},\"inLanguage\":\"fr-FR\",\"potentialAction\":[{\"@type\":\"ReadAction\",\"target\":[\"https:\\\/\\\/batijournal.com\\\/index.php\\\/nouvelle-charte-foret-communale\\\/94534\\\/\"]}]},{\"@type\":\"ImageObject\",\"inLanguage\":\"fr-FR\",\"@id\":\"https:\\\/\\\/batijournal.com\\\/index.php\\\/nouvelle-charte-foret-communale\\\/94534\\\/#primaryimage\",\"url\":\"https:\\\/\\\/batijournal.com\\\/wp-content\\\/uploads\\\/2016\\\/12\\\/charte-forestiere-onf.jpeg\",\"contentUrl\":\"https:\\\/\\\/batijournal.com\\\/wp-content\\\/uploads\\\/2016\\\/12\\\/charte-forestiere-onf.jpeg\",\"width\":533,\"height\":355},{\"@type\":\"BreadcrumbList\",\"@id\":\"https:\\\/\\\/batijournal.com\\\/index.php\\\/nouvelle-charte-foret-communale\\\/94534\\\/#breadcrumb\",\"itemListElement\":[{\"@type\":\"ListItem\",\"position\":1,\"name\":\"Accueil\",\"item\":\"https:\\\/\\\/batijournal.com\\\/\"},{\"@type\":\"ListItem\",\"position\":2,\"name\":\"Actualit\u00e9s\",\"item\":\"https:\\\/\\\/batijournal.com\\\/index.php\\\/category\\\/actualites\\\/\"},{\"@type\":\"ListItem\",\"position\":3,\"name\":\"Une nouvelle charte pour la for\u00eat communale\"}]},{\"@type\":\"WebSite\",\"@id\":\"https:\\\/\\\/batijournal.com\\\/#website\",\"url\":\"https:\\\/\\\/batijournal.com\\\/\",\"name\":\"Batijournal\",\"description\":\"L&#039;actualit\u00e9 du b\u00e2timent\",\"potentialAction\":[{\"@type\":\"SearchAction\",\"target\":{\"@type\":\"EntryPoint\",\"urlTemplate\":\"https:\\\/\\\/batijournal.com\\\/?s={search_term_string}\"},\"query-input\":{\"@type\":\"PropertyValueSpecification\",\"valueRequired\":true,\"valueName\":\"search_term_string\"}}],\"inLanguage\":\"fr-FR\"},{\"@type\":\"Person\",\"@id\":\"https:\\\/\\\/batijournal.com\\\/#\\\/schema\\\/person\\\/1dc96ec6957aa1ccb25ebe78bb19f100\",\"name\":\"St\u00e9phane Miget\",\"image\":{\"@type\":\"ImageObject\",\"inLanguage\":\"fr-FR\",\"@id\":\"https:\\\/\\\/secure.gravatar.com\\\/avatar\\\/89915563d925342126b8ef0281b93d9d7fc337043e8df017f780908eb9644451?s=96&d=mm&r=g\",\"url\":\"https:\\\/\\\/secure.gravatar.com\\\/avatar\\\/89915563d925342126b8ef0281b93d9d7fc337043e8df017f780908eb9644451?s=96&d=mm&r=g\",\"contentUrl\":\"https:\\\/\\\/secure.gravatar.com\\\/avatar\\\/89915563d925342126b8ef0281b93d9d7fc337043e8df017f780908eb9644451?s=96&d=mm&r=g\",\"caption\":\"St\u00e9phane Miget\"},\"url\":\"https:\\\/\\\/batijournal.com\\\/index.php\\\/author\\\/stephane\\\/\"}]}<\/script>\n<!-- \/ Yoast SEO plugin. -->","yoast_head_json":{"title":"Une nouvelle charte pour la for\u00eat communale","robots":{"index":"index","follow":"follow","max-snippet":"max-snippet:-1","max-image-preview":"max-image-preview:large","max-video-preview":"max-video-preview:-1"},"canonical":"https:\/\/batijournal.com\/index.php\/nouvelle-charte-foret-communale\/94534\/","og_locale":"fr_FR","og_type":"article","og_title":"Une nouvelle charte pour la for\u00eat communale","og_description":"La F\u00e9d\u00e9ration nationale des communes foresti\u00e8res (FNCOFOR) et l\u2019Office national des for\u00eats (ONF) ont sign\u00e9 hier, en pr\u00e9sence de St\u00e9phane Le Foll, ministre de l\u2019Agriculture, de l\u2019Agroalimentaire et de la For\u00eat, la nouvelle charte de la for\u00eat communale. Mise en \u0153uvre concr\u00e8te du contrat d\u2019objectifs et de performance Etat-ONF-FNCOFOR pour 2016-2020, la charte pr\u00e9cise les [&hellip;]","og_url":"https:\/\/batijournal.com\/index.php\/nouvelle-charte-foret-communale\/94534\/","og_site_name":"Batijournal","article_published_time":"2016-12-16T08:02:46+00:00","article_modified_time":"2019-07-15T10:23:38+00:00","og_image":[{"width":533,"height":355,"url":"https:\/\/batijournal.com\/wp-content\/uploads\/2016\/12\/charte-forestiere-onf.jpeg","type":"image\/jpeg"}],"author":"St\u00e9phane Miget","twitter_card":"summary_large_image","twitter_creator":"@bati_journal","twitter_site":"@bati_journal","twitter_misc":{"\u00c9crit par":"St\u00e9phane Miget","Dur\u00e9e de lecture estim\u00e9e":"3 minutes"},"schema":{"@context":"https:\/\/schema.org","@graph":[{"@type":"Article","@id":"https:\/\/batijournal.com\/index.php\/nouvelle-charte-foret-communale\/94534\/#article","isPartOf":{"@id":"https:\/\/batijournal.com\/index.php\/nouvelle-charte-foret-communale\/94534\/"},"author":{"name":"St\u00e9phane Miget","@id":"https:\/\/batijournal.com\/#\/schema\/person\/1dc96ec6957aa1ccb25ebe78bb19f100"},"headline":"Une nouvelle charte pour la for\u00eat communale","datePublished":"2016-12-16T08:02:46+00:00","dateModified":"2019-07-15T10:23:38+00:00","mainEntityOfPage":{"@id":"https:\/\/batijournal.com\/index.php\/nouvelle-charte-foret-communale\/94534\/"},"wordCount":531,"image":{"@id":"https:\/\/batijournal.com\/index.php\/nouvelle-charte-foret-communale\/94534\/#primaryimage"},"thumbnailUrl":"https:\/\/batijournal.com\/wp-content\/uploads\/2016\/12\/charte-forestiere-onf.jpeg","keywords":["communes foresti\u00e8res","fili\u00e8re bois","onf"],"articleSection":["Actualit\u00e9s","\u00c9nergie &amp; Environnement"],"inLanguage":"fr-FR"},{"@type":"WebPage","@id":"https:\/\/batijournal.com\/index.php\/nouvelle-charte-foret-communale\/94534\/","url":"https:\/\/batijournal.com\/index.php\/nouvelle-charte-foret-communale\/94534\/","name":"Une nouvelle charte pour la for\u00eat communale","isPartOf":{"@id":"https:\/\/batijournal.com\/#website"},"primaryImageOfPage":{"@id":"https:\/\/batijournal.com\/index.php\/nouvelle-charte-foret-communale\/94534\/#primaryimage"},"image":{"@id":"https:\/\/batijournal.com\/index.php\/nouvelle-charte-foret-communale\/94534\/#primaryimage"},"thumbnailUrl":"https:\/\/batijournal.com\/wp-content\/uploads\/2016\/12\/charte-forestiere-onf.jpeg","datePublished":"2016-12-16T08:02:46+00:00","dateModified":"2019-07-15T10:23:38+00:00","author":{"@id":"https:\/\/batijournal.com\/#\/schema\/person\/1dc96ec6957aa1ccb25ebe78bb19f100"},"breadcrumb":{"@id":"https:\/\/batijournal.com\/index.php\/nouvelle-charte-foret-communale\/94534\/#breadcrumb"},"inLanguage":"fr-FR","potentialAction":[{"@type":"ReadAction","target":["https:\/\/batijournal.com\/index.php\/nouvelle-charte-foret-communale\/94534\/"]}]},{"@type":"ImageObject","inLanguage":"fr-FR","@id":"https:\/\/batijournal.com\/index.php\/nouvelle-charte-foret-communale\/94534\/#primaryimage","url":"https:\/\/batijournal.com\/wp-content\/uploads\/2016\/12\/charte-forestiere-onf.jpeg","contentUrl":"https:\/\/batijournal.com\/wp-content\/uploads\/2016\/12\/charte-forestiere-onf.jpeg","width":533,"height":355},{"@type":"BreadcrumbList","@id":"https:\/\/batijournal.com\/index.php\/nouvelle-charte-foret-communale\/94534\/#breadcrumb","itemListElement":[{"@type":"ListItem","position":1,"name":"Accueil","item":"https:\/\/batijournal.com\/"},{"@type":"ListItem","position":2,"name":"Actualit\u00e9s","item":"https:\/\/batijournal.com\/index.php\/category\/actualites\/"},{"@type":"ListItem","position":3,"name":"Une nouvelle charte pour la for\u00eat communale"}]},{"@type":"WebSite","@id":"https:\/\/batijournal.com\/#website","url":"https:\/\/batijournal.com\/","name":"Batijournal","description":"L&#039;actualit\u00e9 du b\u00e2timent","potentialAction":[{"@type":"SearchAction","target":{"@type":"EntryPoint","urlTemplate":"https:\/\/batijournal.com\/?s={search_term_string}"},"query-input":{"@type":"PropertyValueSpecification","valueRequired":true,"valueName":"search_term_string"}}],"inLanguage":"fr-FR"},{"@type":"Person","@id":"https:\/\/batijournal.com\/#\/schema\/person\/1dc96ec6957aa1ccb25ebe78bb19f100","name":"St\u00e9phane Miget","image":{"@type":"ImageObject","inLanguage":"fr-FR","@id":"https:\/\/secure.gravatar.com\/avatar\/89915563d925342126b8ef0281b93d9d7fc337043e8df017f780908eb9644451?s=96&d=mm&r=g","url":"https:\/\/secure.gravatar.com\/avatar\/89915563d925342126b8ef0281b93d9d7fc337043e8df017f780908eb9644451?s=96&d=mm&r=g","contentUrl":"https:\/\/secure.gravatar.com\/avatar\/89915563d925342126b8ef0281b93d9d7fc337043e8df017f780908eb9644451?s=96&d=mm&r=g","caption":"St\u00e9phane Miget"},"url":"https:\/\/batijournal.com\/index.php\/author\/stephane\/"}]}},"_links":{"self":[{"href":"https:\/\/batijournal.com\/index.php\/wp-json\/wp\/v2\/posts\/94534","targetHints":{"allow":["GET"]}}],"collection":[{"href":"https:\/\/batijournal.com\/index.php\/wp-json\/wp\/v2\/posts"}],"about":[{"href":"https:\/\/batijournal.com\/index.php\/wp-json\/wp\/v2\/types\/post"}],"author":[{"embeddable":true,"href":"https:\/\/batijournal.com\/index.php\/wp-json\/wp\/v2\/users\/17"}],"replies":[{"embeddable":true,"href":"https:\/\/batijournal.com\/index.php\/wp-json\/wp\/v2\/comments?post=94534"}],"version-history":[{"count":0,"href":"https:\/\/batijournal.com\/index.php\/wp-json\/wp\/v2\/posts\/94534\/revisions"}],"wp:featuredmedia":[{"embeddable":true,"href":"https:\/\/batijournal.com\/index.php\/wp-json\/wp\/v2\/media\/94535"}],"wp:attachment":[{"href":"https:\/\/batijournal.com\/index.php\/wp-json\/wp\/v2\/media?parent=94534"}],"wp:term":[{"taxonomy":"category","embeddable":true,"href":"https:\/\/batijournal.com\/index.php\/wp-json\/wp\/v2\/categories?post=94534"},{"taxonomy":"post_tag","embeddable":true,"href":"https:\/\/batijournal.com\/index.php\/wp-json\/wp\/v2\/tags?post=94534"}],"curies":[{"name":"wp","href":"https:\/\/api.w.org\/{rel}","templated":true}]}}