{"id":94541,"date":"2016-12-19T08:51:10","date_gmt":"2016-12-19T07:51:10","guid":{"rendered":"http:\/\/batijournal.com\/?p=94541"},"modified":"2016-12-19T08:51:10","modified_gmt":"2016-12-19T07:51:10","slug":"150-m2-nouveau-seuil-de-recours-a-architecte","status":"publish","type":"post","link":"https:\/\/batijournal.com\/index.php\/150-m2-nouveau-seuil-de-recours-a-architecte\/94541\/","title":{"rendered":"150 m2 : nouveau seuil de recours \u00e0 un architecte"},"content":{"rendered":"<p>Un d\u00e9cret paru le 16 d\u00e9cembre 2016 fixe \u00e0 150 m2 le seuil au-del\u00e0 duquel les personnes physiques sont tenues de recourir \u00e0 un architecte lorsqu&rsquo;elles \u00e9difient ou modifient des constructions, \u00e0 l&rsquo;exception des constructions \u00e0 usage agricole. Ce nouveau seuil s&rsquo;appliquera aux demandes de permis de construire d\u00e9pos\u00e9es \u00e0 compter du 1er mars 2017.<br \/>\n<a href=\"https:\/\/www.legifrance.gouv.fr\/eli\/decret\/2016\/12\/14\/MCCB1625185D\/jo\/texte\" target=\"_blank\">Lire le d\u00e9cret&#8230;<\/a><\/p>\n<p>&nbsp;<\/p>\n","protected":false},"excerpt":{"rendered":"<p>Un d\u00e9cret paru le 16 d\u00e9cembre 2016 fixe \u00e0 150 m2 le seuil au-del\u00e0 duquel les personnes physiques sont tenues de recourir \u00e0 un architecte lorsqu&rsquo;elles \u00e9difient ou modifient des constructions, \u00e0 l&rsquo;exception des constructions \u00e0 usage agricole. Ce nouveau seuil s&rsquo;appliquera aux demandes de permis de construire d\u00e9pos\u00e9es \u00e0 compter du 1er mars 2017. [&hellip;]<\/p>\n","protected":false},"author":17,"featured_media":92997,"comment_status":"closed","ping_status":"closed","sticky":false,"template":"","format":"standard","meta":{"_et_pb_use_builder":"","_et_pb_old_content":"","_et_gb_content_width":"","footnotes":""},"categories":[10530,6340],"tags":[1285],"class_list":["post-94541","post","type-post","status-publish","format-standard","has-post-thumbnail","hentry","category-actualites","category-architecture-conception","tag-permis-de-construire"],"yoast_head":"<!-- This site is optimized with the Yoast SEO plugin v27.4 - https:\/\/yoast.com\/product\/yoast-seo-wordpress\/ -->\n<title>150 m2 : nouveau seuil de recours \u00e0 un architecte<\/title>\n<meta name=\"robots\" content=\"index, follow, max-snippet:-1, max-image-preview:large, max-video-preview:-1\" \/>\n<link rel=\"canonical\" href=\"https:\/\/batijournal.com\/index.php\/150-m2-nouveau-seuil-de-recours-a-architecte\/94541\/\" \/>\n<meta property=\"og:locale\" content=\"fr_FR\" \/>\n<meta property=\"og:type\" content=\"article\" \/>\n<meta property=\"og:title\" content=\"150 m2 : nouveau seuil de recours \u00e0 un architecte\" \/>\n<meta property=\"og:description\" content=\"Un d\u00e9cret paru le 16 d\u00e9cembre 2016 fixe \u00e0 150 m2 le seuil au-del\u00e0 duquel les personnes physiques sont tenues de recourir \u00e0 un architecte lorsqu&rsquo;elles \u00e9difient ou modifient des constructions, \u00e0 l&rsquo;exception des constructions \u00e0 usage agricole. Ce nouveau seuil s&rsquo;appliquera aux demandes de permis de construire d\u00e9pos\u00e9es \u00e0 compter du 1er mars 2017. [&hellip;]\" \/>\n<meta property=\"og:url\" content=\"https:\/\/batijournal.com\/index.php\/150-m2-nouveau-seuil-de-recours-a-architecte\/94541\/\" \/>\n<meta property=\"og:site_name\" content=\"Batijournal\" \/>\n<meta property=\"article:published_time\" content=\"2016-12-19T07:51:10+00:00\" \/>\n<meta property=\"og:image\" content=\"https:\/\/batijournal.com\/wp-content\/uploads\/2016\/06\/cadastre-urbanisme.jpg\" \/>\n\t<meta property=\"og:image:width\" content=\"1037\" \/>\n\t<meta property=\"og:image:height\" content=\"548\" \/>\n\t<meta property=\"og:image:type\" content=\"image\/jpeg\" \/>\n<meta name=\"author\" content=\"St\u00e9phane Miget\" \/>\n<meta name=\"twitter:card\" content=\"summary_large_image\" \/>\n<meta name=\"twitter:creator\" content=\"@bati_journal\" \/>\n<meta name=\"twitter:site\" content=\"@bati_journal\" \/>\n<meta name=\"twitter:label1\" content=\"\u00c9crit par\" \/>\n\t<meta name=\"twitter:data1\" content=\"St\u00e9phane Miget\" \/>\n<script type=\"application\/ld+json\" class=\"yoast-schema-graph\">{\"@context\":\"https:\\\/\\\/schema.org\",\"@graph\":[{\"@type\":\"Article\",\"@id\":\"https:\\\/\\\/batijournal.com\\\/index.php\\\/150-m2-nouveau-seuil-de-recours-a-architecte\\\/94541\\\/#article\",\"isPartOf\":{\"@id\":\"https:\\\/\\\/batijournal.com\\\/index.php\\\/150-m2-nouveau-seuil-de-recours-a-architecte\\\/94541\\\/\"},\"author\":{\"name\":\"St\u00e9phane Miget\",\"@id\":\"https:\\\/\\\/batijournal.com\\\/#\\\/schema\\\/person\\\/1dc96ec6957aa1ccb25ebe78bb19f100\"},\"headline\":\"150 m2 : nouveau seuil de recours \u00e0 un architecte\",\"datePublished\":\"2016-12-19T07:51:10+00:00\",\"mainEntityOfPage\":{\"@id\":\"https:\\\/\\\/batijournal.com\\\/index.php\\\/150-m2-nouveau-seuil-de-recours-a-architecte\\\/94541\\\/\"},\"wordCount\":65,\"image\":{\"@id\":\"https:\\\/\\\/batijournal.com\\\/index.php\\\/150-m2-nouveau-seuil-de-recours-a-architecte\\\/94541\\\/#primaryimage\"},\"thumbnailUrl\":\"https:\\\/\\\/batijournal.com\\\/wp-content\\\/uploads\\\/2016\\\/06\\\/cadastre-urbanisme.jpg\",\"keywords\":[\"permis de construire\"],\"articleSection\":[\"Actualit\u00e9s\",\"Architecture &amp; Conception\"],\"inLanguage\":\"fr-FR\"},{\"@type\":\"WebPage\",\"@id\":\"https:\\\/\\\/batijournal.com\\\/index.php\\\/150-m2-nouveau-seuil-de-recours-a-architecte\\\/94541\\\/\",\"url\":\"https:\\\/\\\/batijournal.com\\\/index.php\\\/150-m2-nouveau-seuil-de-recours-a-architecte\\\/94541\\\/\",\"name\":\"150 m2 : nouveau seuil de recours \u00e0 un architecte\",\"isPartOf\":{\"@id\":\"https:\\\/\\\/batijournal.com\\\/#website\"},\"primaryImageOfPage\":{\"@id\":\"https:\\\/\\\/batijournal.com\\\/index.php\\\/150-m2-nouveau-seuil-de-recours-a-architecte\\\/94541\\\/#primaryimage\"},\"image\":{\"@id\":\"https:\\\/\\\/batijournal.com\\\/index.php\\\/150-m2-nouveau-seuil-de-recours-a-architecte\\\/94541\\\/#primaryimage\"},\"thumbnailUrl\":\"https:\\\/\\\/batijournal.com\\\/wp-content\\\/uploads\\\/2016\\\/06\\\/cadastre-urbanisme.jpg\",\"datePublished\":\"2016-12-19T07:51:10+00:00\",\"author\":{\"@id\":\"https:\\\/\\\/batijournal.com\\\/#\\\/schema\\\/person\\\/1dc96ec6957aa1ccb25ebe78bb19f100\"},\"breadcrumb\":{\"@id\":\"https:\\\/\\\/batijournal.com\\\/index.php\\\/150-m2-nouveau-seuil-de-recours-a-architecte\\\/94541\\\/#breadcrumb\"},\"inLanguage\":\"fr-FR\",\"potentialAction\":[{\"@type\":\"ReadAction\",\"target\":[\"https:\\\/\\\/batijournal.com\\\/index.php\\\/150-m2-nouveau-seuil-de-recours-a-architecte\\\/94541\\\/\"]}]},{\"@type\":\"ImageObject\",\"inLanguage\":\"fr-FR\",\"@id\":\"https:\\\/\\\/batijournal.com\\\/index.php\\\/150-m2-nouveau-seuil-de-recours-a-architecte\\\/94541\\\/#primaryimage\",\"url\":\"https:\\\/\\\/batijournal.com\\\/wp-content\\\/uploads\\\/2016\\\/06\\\/cadastre-urbanisme.jpg\",\"contentUrl\":\"https:\\\/\\\/batijournal.com\\\/wp-content\\\/uploads\\\/2016\\\/06\\\/cadastre-urbanisme.jpg\",\"width\":1037,\"height\":548},{\"@type\":\"BreadcrumbList\",\"@id\":\"https:\\\/\\\/batijournal.com\\\/index.php\\\/150-m2-nouveau-seuil-de-recours-a-architecte\\\/94541\\\/#breadcrumb\",\"itemListElement\":[{\"@type\":\"ListItem\",\"position\":1,\"name\":\"Accueil\",\"item\":\"https:\\\/\\\/batijournal.com\\\/\"},{\"@type\":\"ListItem\",\"position\":2,\"name\":\"Actualit\u00e9s\",\"item\":\"https:\\\/\\\/batijournal.com\\\/index.php\\\/category\\\/actualites\\\/\"},{\"@type\":\"ListItem\",\"position\":3,\"name\":\"150 m2 : nouveau seuil de recours \u00e0 un architecte\"}]},{\"@type\":\"WebSite\",\"@id\":\"https:\\\/\\\/batijournal.com\\\/#website\",\"url\":\"https:\\\/\\\/batijournal.com\\\/\",\"name\":\"Batijournal\",\"description\":\"L&#039;actualit\u00e9 du b\u00e2timent\",\"potentialAction\":[{\"@type\":\"SearchAction\",\"target\":{\"@type\":\"EntryPoint\",\"urlTemplate\":\"https:\\\/\\\/batijournal.com\\\/?s={search_term_string}\"},\"query-input\":{\"@type\":\"PropertyValueSpecification\",\"valueRequired\":true,\"valueName\":\"search_term_string\"}}],\"inLanguage\":\"fr-FR\"},{\"@type\":\"Person\",\"@id\":\"https:\\\/\\\/batijournal.com\\\/#\\\/schema\\\/person\\\/1dc96ec6957aa1ccb25ebe78bb19f100\",\"name\":\"St\u00e9phane Miget\",\"image\":{\"@type\":\"ImageObject\",\"inLanguage\":\"fr-FR\",\"@id\":\"https:\\\/\\\/secure.gravatar.com\\\/avatar\\\/89915563d925342126b8ef0281b93d9d7fc337043e8df017f780908eb9644451?s=96&d=mm&r=g\",\"url\":\"https:\\\/\\\/secure.gravatar.com\\\/avatar\\\/89915563d925342126b8ef0281b93d9d7fc337043e8df017f780908eb9644451?s=96&d=mm&r=g\",\"contentUrl\":\"https:\\\/\\\/secure.gravatar.com\\\/avatar\\\/89915563d925342126b8ef0281b93d9d7fc337043e8df017f780908eb9644451?s=96&d=mm&r=g\",\"caption\":\"St\u00e9phane Miget\"},\"url\":\"https:\\\/\\\/batijournal.com\\\/index.php\\\/author\\\/stephane\\\/\"}]}<\/script>\n<!-- \/ Yoast SEO plugin. -->","yoast_head_json":{"title":"150 m2 : nouveau seuil de recours \u00e0 un architecte","robots":{"index":"index","follow":"follow","max-snippet":"max-snippet:-1","max-image-preview":"max-image-preview:large","max-video-preview":"max-video-preview:-1"},"canonical":"https:\/\/batijournal.com\/index.php\/150-m2-nouveau-seuil-de-recours-a-architecte\/94541\/","og_locale":"fr_FR","og_type":"article","og_title":"150 m2 : nouveau seuil de recours \u00e0 un architecte","og_description":"Un d\u00e9cret paru le 16 d\u00e9cembre 2016 fixe \u00e0 150 m2 le seuil au-del\u00e0 duquel les personnes physiques sont tenues de recourir \u00e0 un architecte lorsqu&rsquo;elles \u00e9difient ou modifient des constructions, \u00e0 l&rsquo;exception des constructions \u00e0 usage agricole. Ce nouveau seuil s&rsquo;appliquera aux demandes de permis de construire d\u00e9pos\u00e9es \u00e0 compter du 1er mars 2017. [&hellip;]","og_url":"https:\/\/batijournal.com\/index.php\/150-m2-nouveau-seuil-de-recours-a-architecte\/94541\/","og_site_name":"Batijournal","article_published_time":"2016-12-19T07:51:10+00:00","og_image":[{"width":1037,"height":548,"url":"https:\/\/batijournal.com\/wp-content\/uploads\/2016\/06\/cadastre-urbanisme.jpg","type":"image\/jpeg"}],"author":"St\u00e9phane Miget","twitter_card":"summary_large_image","twitter_creator":"@bati_journal","twitter_site":"@bati_journal","twitter_misc":{"\u00c9crit par":"St\u00e9phane Miget"},"schema":{"@context":"https:\/\/schema.org","@graph":[{"@type":"Article","@id":"https:\/\/batijournal.com\/index.php\/150-m2-nouveau-seuil-de-recours-a-architecte\/94541\/#article","isPartOf":{"@id":"https:\/\/batijournal.com\/index.php\/150-m2-nouveau-seuil-de-recours-a-architecte\/94541\/"},"author":{"name":"St\u00e9phane Miget","@id":"https:\/\/batijournal.com\/#\/schema\/person\/1dc96ec6957aa1ccb25ebe78bb19f100"},"headline":"150 m2 : nouveau seuil de recours \u00e0 un architecte","datePublished":"2016-12-19T07:51:10+00:00","mainEntityOfPage":{"@id":"https:\/\/batijournal.com\/index.php\/150-m2-nouveau-seuil-de-recours-a-architecte\/94541\/"},"wordCount":65,"image":{"@id":"https:\/\/batijournal.com\/index.php\/150-m2-nouveau-seuil-de-recours-a-architecte\/94541\/#primaryimage"},"thumbnailUrl":"https:\/\/batijournal.com\/wp-content\/uploads\/2016\/06\/cadastre-urbanisme.jpg","keywords":["permis de construire"],"articleSection":["Actualit\u00e9s","Architecture &amp; Conception"],"inLanguage":"fr-FR"},{"@type":"WebPage","@id":"https:\/\/batijournal.com\/index.php\/150-m2-nouveau-seuil-de-recours-a-architecte\/94541\/","url":"https:\/\/batijournal.com\/index.php\/150-m2-nouveau-seuil-de-recours-a-architecte\/94541\/","name":"150 m2 : nouveau seuil de recours \u00e0 un architecte","isPartOf":{"@id":"https:\/\/batijournal.com\/#website"},"primaryImageOfPage":{"@id":"https:\/\/batijournal.com\/index.php\/150-m2-nouveau-seuil-de-recours-a-architecte\/94541\/#primaryimage"},"image":{"@id":"https:\/\/batijournal.com\/index.php\/150-m2-nouveau-seuil-de-recours-a-architecte\/94541\/#primaryimage"},"thumbnailUrl":"https:\/\/batijournal.com\/wp-content\/uploads\/2016\/06\/cadastre-urbanisme.jpg","datePublished":"2016-12-19T07:51:10+00:00","author":{"@id":"https:\/\/batijournal.com\/#\/schema\/person\/1dc96ec6957aa1ccb25ebe78bb19f100"},"breadcrumb":{"@id":"https:\/\/batijournal.com\/index.php\/150-m2-nouveau-seuil-de-recours-a-architecte\/94541\/#breadcrumb"},"inLanguage":"fr-FR","potentialAction":[{"@type":"ReadAction","target":["https:\/\/batijournal.com\/index.php\/150-m2-nouveau-seuil-de-recours-a-architecte\/94541\/"]}]},{"@type":"ImageObject","inLanguage":"fr-FR","@id":"https:\/\/batijournal.com\/index.php\/150-m2-nouveau-seuil-de-recours-a-architecte\/94541\/#primaryimage","url":"https:\/\/batijournal.com\/wp-content\/uploads\/2016\/06\/cadastre-urbanisme.jpg","contentUrl":"https:\/\/batijournal.com\/wp-content\/uploads\/2016\/06\/cadastre-urbanisme.jpg","width":1037,"height":548},{"@type":"BreadcrumbList","@id":"https:\/\/batijournal.com\/index.php\/150-m2-nouveau-seuil-de-recours-a-architecte\/94541\/#breadcrumb","itemListElement":[{"@type":"ListItem","position":1,"name":"Accueil","item":"https:\/\/batijournal.com\/"},{"@type":"ListItem","position":2,"name":"Actualit\u00e9s","item":"https:\/\/batijournal.com\/index.php\/category\/actualites\/"},{"@type":"ListItem","position":3,"name":"150 m2 : nouveau seuil de recours \u00e0 un architecte"}]},{"@type":"WebSite","@id":"https:\/\/batijournal.com\/#website","url":"https:\/\/batijournal.com\/","name":"Batijournal","description":"L&#039;actualit\u00e9 du b\u00e2timent","potentialAction":[{"@type":"SearchAction","target":{"@type":"EntryPoint","urlTemplate":"https:\/\/batijournal.com\/?s={search_term_string}"},"query-input":{"@type":"PropertyValueSpecification","valueRequired":true,"valueName":"search_term_string"}}],"inLanguage":"fr-FR"},{"@type":"Person","@id":"https:\/\/batijournal.com\/#\/schema\/person\/1dc96ec6957aa1ccb25ebe78bb19f100","name":"St\u00e9phane Miget","image":{"@type":"ImageObject","inLanguage":"fr-FR","@id":"https:\/\/secure.gravatar.com\/avatar\/89915563d925342126b8ef0281b93d9d7fc337043e8df017f780908eb9644451?s=96&d=mm&r=g","url":"https:\/\/secure.gravatar.com\/avatar\/89915563d925342126b8ef0281b93d9d7fc337043e8df017f780908eb9644451?s=96&d=mm&r=g","contentUrl":"https:\/\/secure.gravatar.com\/avatar\/89915563d925342126b8ef0281b93d9d7fc337043e8df017f780908eb9644451?s=96&d=mm&r=g","caption":"St\u00e9phane Miget"},"url":"https:\/\/batijournal.com\/index.php\/author\/stephane\/"}]}},"_links":{"self":[{"href":"https:\/\/batijournal.com\/index.php\/wp-json\/wp\/v2\/posts\/94541","targetHints":{"allow":["GET"]}}],"collection":[{"href":"https:\/\/batijournal.com\/index.php\/wp-json\/wp\/v2\/posts"}],"about":[{"href":"https:\/\/batijournal.com\/index.php\/wp-json\/wp\/v2\/types\/post"}],"author":[{"embeddable":true,"href":"https:\/\/batijournal.com\/index.php\/wp-json\/wp\/v2\/users\/17"}],"replies":[{"embeddable":true,"href":"https:\/\/batijournal.com\/index.php\/wp-json\/wp\/v2\/comments?post=94541"}],"version-history":[{"count":0,"href":"https:\/\/batijournal.com\/index.php\/wp-json\/wp\/v2\/posts\/94541\/revisions"}],"wp:featuredmedia":[{"embeddable":true,"href":"https:\/\/batijournal.com\/index.php\/wp-json\/wp\/v2\/media\/92997"}],"wp:attachment":[{"href":"https:\/\/batijournal.com\/index.php\/wp-json\/wp\/v2\/media?parent=94541"}],"wp:term":[{"taxonomy":"category","embeddable":true,"href":"https:\/\/batijournal.com\/index.php\/wp-json\/wp\/v2\/categories?post=94541"},{"taxonomy":"post_tag","embeddable":true,"href":"https:\/\/batijournal.com\/index.php\/wp-json\/wp\/v2\/tags?post=94541"}],"curies":[{"name":"wp","href":"https:\/\/api.w.org\/{rel}","templated":true}]}}